{"id":28351,"date":"2021-12-13T04:03:01","date_gmt":"2021-12-13T04:03:01","guid":{"rendered":"http:\/\/archivum.eloszekelyfold.ro\/2021\/12\/13\/1956-erdelyben-es-ami-utana-kovetkezett\/"},"modified":"2021-12-13T04:03:01","modified_gmt":"2021-12-13T04:03:01","slug":"1956-erdelyben-es-ami-utana-kovetkezett","status":"publish","type":"post","link":"https:\/\/archivum.eloszekelyfold.ro\/index.php\/2021\/12\/13\/1956-erdelyben-es-ami-utana-kovetkezett\/","title":{"rendered":"1956 Erd\u00e9lyben &#8211; \u00e9s ami ut\u00e1na k\u00f6vetkezett"},"content":{"rendered":"<p><\/p>\n<div style=\"color:#666666; font-family:inherit; font-size:14px;font-style: normal;text-align:left;line-height:24px;\">\n<div style=\"float:left\"><img decoding=\"async\" src=\"http:\/\/archivum.eloszekelyfold.ro\/wp-content\/uploads\/2021\/12\/578_david_gyula_portre.jpg\" alt=\"1956 Erd\u00e9lyben - \u00e9s ami ut\u00e1na k\u00f6vetkezett\" style=\"padding-right:14px; padding-bottom:6px; padding-top:6px;\" width=\"320px\"><\/div>\n<p>                              D\u00e1vid Gyula (1928) irodalomt\u00f6rt\u00e9n\u00e9sz 1956-ban a Bolyai Egyetem tan\u00e1rseg\u00e9dje volt, akit fiatal \u00e9rtelmis\u00e9gik\u00e9nt igencsak meg\u00e9rintettek az 1956-os esem\u00e9nyek. <\/p>\n<p>A Magyarorsz\u00e1gon zajl\u00f3 folyamatok &#8211; m\u00e1r 1956 nyar\u00e1n &#8211; \u00e9reztett\u00e9k hat\u00e1sukat Kolozsv\u00e1ron is. A reformok, a v\u00e1ltoztat\u00e1s v\u00e1gy\u00e1t m\u00e1r itt is megfogalmazt\u00e1k n\u00e9h\u00e1nyan. <\/p>\n<p>&#8222;Ezekbe a programokba, amiket k\u00fcl\u00f6nb\u00f6z\u0151 helyeken kidolgoztak, k\u00fcl\u00f6nb\u00f6z\u0151 egyetemeken \u00e9s fakult\u00e1sokon, beker\u00fcltek a di\u00e1ks\u00e1gnak olyan k\u00edv\u00e1ns\u00e1gai, elv\u00e1r\u00e1sai, k\u00f6vetel\u00e9sei is, amelyek m\u00e1r az egyetemi rendszernek a megreform\u00e1l\u00e1s\u00e1ra, megv\u00e1ltoztat\u00e1s\u00e1ra vonatkoztak, s\u0151t, az \u00e1ltal\u00e1nos politikai helyzettel is kapcsolatban voltak&#8221; &#8211; mondotta az id\u0151s irodalomt\u00f6rt\u00e9n\u00e9sz egy megeml\u00e9kez\u00e9sen, amelyet a 60. \u00e9vfordul\u00f3 kapcs\u00e1n tartottak.<\/p>\n<div style=\"text-align: left;\">D\u00e1vid Gyula &#8222;b\u0171ne&#8221; az volt, hogy nyiltan rokonszenvezett 1956 okt\u00f3ber\u00e9ben a magyarorsz\u00e1gi forradalommal, \u00e9s november 1-\u00e9n di\u00e1kjaival gyerty\u00e1t gy\u00fajtott a H\u00e1zsong\u00e1rdi temet\u0151ben jeles magyar t\u00f6rt\u00e9nelmi \u00e9s irodalmi szem\u00e9lyis\u00e9gek s\u00edrj\u00e1n, ami\u00e9rt 1957 \u00e9s 1964 k\u00f6z\u00f6tt b\u00f6rt\u00f6nt szenvedett. Szabadul\u00e1sa ut\u00e1n egy \u00e9vig v\u00edzvezet\u00e9k-szerel\u0151k\u00e9nt, majd 1969-id szabad\u00fasz\u00f3 publicistak\u00e9nt dolgozott, majd Domokos G\u00e9za alkalmazta a Kriterion K\u00f6nyvkiad\u00f3n\u00e1l, amelynek kolozsv\u00e1ri irod\u00e1j\u00e1t 1992-ig vezethette. Jelent\u0151s kult\u00fart\u00f6rt\u00e9neti jelent\u0151s\u00e9g\u0171 kiadv\u00e1nyokat gondozott ezekben az \u00e9vtizedekben, t\u00f6bbek k\u00f6z\u00f6tt \u0151 volt a Rom\u00e1niai Magyar Irodalmi Lexikon f\u0151szerkeszt\u0151je. F\u0151 kutat\u00e1si ter\u00fclete a reformkor irodalma, illetve a transzilvanizmus f\u00e9nykora, az 1920 \u00e9s 1944 k\u00f6z\u00f6tti erd\u00e9lyi leterat\u00fara. T\u00f6bb k\u00f6tete is megjelent ebben a t\u00e9mak\u00f6rben. Munk\u00e1ss\u00e1g\u00e1t Tam\u00e1si \u00c1ron-, Kem\u00e9ny Zsigmond- \u00e9s Arany J\u00e1nos-d\u00edjjak, valamint a Magyar \u00c9rdemrend m\u00f6z\u00e9pkeresztj\u00e9vel ismert\u00e9k el.<\/div>\n<div style=\"text-align: center;\">\n<img loading=\"lazy\" decoding=\"async\" src=\"http:\/\/archivum.eloszekelyfold.ro\/wp-content\/uploads\/2021\/12\/KelemenKalman_KissBela_NagyBenedek_DavidGyula_DomokosMiklos.jpg\" width=\"500\" height=\"326\" alt=\"\"><\/div>\n<div style=\"text-align: center;\"><em>Kelemen K\u00e1lm\u00e1n, Kiss B\u00e9la, Nagy Benedek, D\u00e1vid Gyula \u00e9s Domokos Mikl\u00f3s <br \/>\naz 1956-os forradalom 60. \u00e9vfordul\u00f3ja alkalm\u00e1b\u00f3l Szabads\u00e1g-szobor Eml\u00e9k\u00e9rmet<br \/>\nvehetett \u00e1t az RMDSZ eln\u00f6k\u00e9t\u0151l &#8211;\u00a0<br \/>\nFot\u00f3: Banga El\u0151d Ern\u0151\/ www.maszol.ro<\/em>\u00a0<\/div>\n<p>\nA jeles irodalomt\u00f6rt\u00e9n\u00e9sz \u00e9s k\u00f6nyvkiad\u00f3 t\u00f6bb k\u00f6tetben eml\u00e9kezett meg az \u00e9let\u00e9t annyira meghat\u00e1roz\u00f3 1956-hoz k\u00f6thet\u0151 esem\u00e9nyekr\u0151l. <\/p>\n<p>Erd\u00e9lyben a hat \u00e9vtizeddel ezel\u0151tti forradalom \u00e9s szabads\u00e1gharc kr\u00f3nik\u00e1sak\u00e9nt, \u00e9l\u0151 lelkiismeretk\u00e9nt \u00e9s az eml\u00e9kezet szolg\u00e1latos \u00e9brentart\u00f3jak\u00e9nt ismerj\u00fck D\u00e1vid Gyul\u00e1t.<\/p>\n<div>&#8222;Ennek a k\u00f6tetnek az \u00edr\u00e1sai az 1956-os magyar forradalom erd\u00e9lyi\/rom\u00e1niai esem\u00e9nyei \u00e9s a forradalom lever\u00e9s\u00e9t k\u00f6vet\u0151\u00a0rom\u00e1niai megtorl\u00e1sok t\u00e9m\u00e1ja k\u00f6r\u00e9 szervez\u0151dnek. Nem vagyok t\u00f6rt\u00e9n\u00e9sz, szem\u00e9lyes \u00e9rintetts\u00e9g r\u00e9v\u00e9n van k\u00f6z\u00f6m a\u00a0t\u00f6rt\u00e9n\u00e9sekhez: a m\u00e1sodik Bolyai-per f\u0151v\u00e1dlottjak\u00e9nt h\u00e9t \u00e9vet kaptam \u00e9s \u00fcltem le Rom\u00e1nia k\u00fcl\u00f6nb\u00f6z\u0151 b\u00f6rt\u00f6neiben \u00e9s\u00a0k\u00e9nyszermunkatelepein. 1989 ut\u00e1n ugyancsak ebben a min\u0151s\u00e9gben k\u00e9rtek megsz\u00f3lal\u00e1sra nemegyszer \u00edr\u00e1sban is, a\u00a0forradalom \u00e9vfordul\u00f3in, vagy azokt\u00f3l f\u00fcggetlen\u00fcl, \u00fcnneps\u00e9geken, konferenci\u00e1kon, n\u00e9ha azokon k\u00edv\u00fcl is.\u00a0A t\u00f6rt\u00e9net\u00edr\u00e1s ter\u00fcleteire val\u00f3 betolakod\u00e1som legfontosabb eredm\u00e9nye az <em>1956 Erd\u00e9lyben. Politikai el\u00edt\u00e9ltek\u00a0\u00e9letrajzi adatt\u00e1ra. 1956-1964<\/em> (Kolozsv\u00e1r, 2006), amelyet munkat\u00e1rsakkal siker\u00fclt tet\u0151 al\u00e1 hozni, els\u0151 &#8211; b\u00e1r kor\u00e1ntsem\u00a0teljes &#8211; sz\u00e1mbav\u00e9telek\u00e9nt a forradalom lever\u00e9s\u00e9t k\u00f6vet\u0151 rom\u00e1niai megtorl\u00e1soknak. Akkor m\u00e9g csak igen korl\u00e1tozottak\u00a0voltak a lehet\u0151s\u00e9geink a perek iratanyag\u00e1hoz val\u00f3 hozz\u00e1f\u00e9r\u00e9st illet\u0151en, innen ad\u00f3dik, hogy amikor az\u00a0\u00e1llambiztons\u00e1gi lev\u00e9lt\u00e1rak v\u00e9gre sz\u00e1munkra is megny\u00edltak, nem tudtam lemondani arr\u00f3l, hogy n\u00e9h\u00e1ny, azokb\u00f3l ad\u00f3d\u00f3\u00a0r\u00e9szlet felt\u00e1r\u00e1s\u00e1val, n\u00e9h\u00e1ny szerepl\u0151vel vagy mozzanattal kapcsolatban, ne j\u00e1ruljak hozz\u00e1 k\u00f6zelm\u00faltunk e s\u00f6t\u00e9t\u00a0id\u0151szak\u00e1nak jobb megismer\u00e9s\u00e9hez.\u00a0Nek\u00fcnk, akik meg\u00e9lt\u00fck \u00e9s \u00e1t\u00e9lt\u00fck azokat az id\u0151ket, nem lehet m\u00e1s feladatunk, mint tov\u00e1bbadni az unok\u00e1knak a meg\u00e9lt\u00a0t\u00f6rt\u00e9nelmet. Mert t\u00fal azon, amit a t\u00f6rt\u00e9net\u00edr\u00f3k ilyen vagy olyan be\u00e1ll\u00edt\u00e1sban arr\u00f3l a korszakr\u00f3l meg\u00edrnak,\u00a0nemzet\u00fcnk t\u00f6rt\u00e9nelemtudat\u00e1hoz elv\u00e1laszthatatlanul hozz\u00e1tartozik a nemzed\u00e9kr\u0151l nemzed\u00e9kre \u00e1t\u00f6r\u00f6k\u00edtett m\u00falt. S\u0151t\u00a0tal\u00e1n ez az igazi, amely benn\u00fcnket megtart, b\u00e1rmilyen t\u00f6rt\u00e9nelmi viszontags\u00e1gok k\u00f6z\u00f6tt&#8221; &#8211; \u00edrja a szerz\u0151 a k\u00f6nyv f\u00fclsz\u00f6veg\u00e9ben.<br \/>\n\u00a0<\/div>\n<div style=\"text-align: center;\"><em><img loading=\"lazy\" decoding=\"async\" src=\"http:\/\/archivum.eloszekelyfold.ro\/wp-content\/uploads\/2021\/12\/1956_Nap_Kiado.jpg\" width=\"200\" height=\"321\" alt=\"\"><br \/>\nD\u00e1vid Gyula: <br \/>\n1956 Erd\u00e9lyben \u00e9s ami ut\u00e1na k\u00f6vetkezett.<br \/>\nNap Kiad\u00f3, Budapest, 2016. <br \/>\n288 old., kem\u00e9nyt\u00e1bl\u00e1s, c\u00e9rnaf\u0171z\u00f6tt.<br \/>\nAj\u00e1nlott \u00e1ra: 3500 HUF\/11 EUR\/50 RON<\/em><\/div>\n<div>\u00a0<\/div>\n<p>K\u00e9t helysz\u00ednen mutatj\u00e1k be D\u00e1vid Gyula k\u00f6nyv\u00e9t a hatvan \u00e9vvel ezel\u0151tti esem\u00e9nyekr\u0151l. Kolozsv\u00e1ron a Minerva H\u00e1zban, november 9-\u00e9n, szerd\u00e1n 16.30-t\u00f3l, illetve Marosv\u00e1s\u00e1rhelyen, november 10-\u00e9n, cs\u00fct\u00f6rt\u00f6k\u00f6n 15.30 \u00f3r\u00e1t\u00f3l, a Bern\u00e1dy H\u00e1zban. A k\u00f6nyvet bemutatja \u00e9s a szerz\u0151vel besz\u00e9lget P\u00e9csi Gy\u00f6rgyi irodalomt\u00f6rt\u00e9n\u00e9sz. Az est h\u00e1ziasszonya Sebesty\u00e9n Ilona. <\/p>\n<p>A k\u00e9t program az 1956-os forradalom \u00e9s szabads\u00e1gharc 60. \u00e9vfordul\u00f3j\u00e1ra l\u00e9trehozott eml\u00e9kbizotts\u00e1g t\u00e1mogatta.<\/p>\n<div style=\"text-align: center;\"><img loading=\"lazy\" decoding=\"async\" src=\"http:\/\/archivum.eloszekelyfold.ro\/wp-content\/uploads\/2021\/12\/1956_logo.jpg\" width=\"100\" height=\"100\" alt=\"\"><\/div>\n<p>\n<em>Sim\u00f3 M\u00e1rton\/ \u00c9l\u0151 Sz\u00e9kelyf\u00f6ld Munkacsoport<\/em><\/p>\n<p>\u00a0\n                        <\/p><\/div>\n","protected":false},"excerpt":{"rendered":"<p>D\u00e1vid Gyula (1928) irodalomt\u00f6rt\u00e9n\u00e9sz 1956-ban a Bolyai Egyetem tan\u00e1rseg\u00e9dje volt, akit fiatal \u00e9rtelmis\u00e9gik\u00e9nt igencsak meg\u00e9rintettek az 1956-os esem\u00e9nyek. A Magyarorsz\u00e1gon zajl\u00f3 folyamatok &#8211; m\u00e1r 1956 nyar\u00e1n &#8211; \u00e9reztett\u00e9k hat\u00e1sukat Kolozsv\u00e1ron is. A reformok, a v\u00e1ltoztat\u00e1s v\u00e1gy\u00e1t m\u00e1r itt is megfogalmazt\u00e1k n\u00e9h\u00e1nyan. &#8222;Ezekbe a programokba, amiket k\u00fcl\u00f6nb\u00f6z\u0151 helyeken kidolgoztak, k\u00fcl\u00f6nb\u00f6z\u0151 egyetemeken \u00e9s fakult\u00e1sokon, beker\u00fcltek a di\u00e1ks\u00e1gnak [&hellip;]<\/p>\n","protected":false},"author":1,"featured_media":28352,"comment_status":"open","ping_status":"open","sticky":false,"template":"","format":"standard","meta":{"footnotes":""},"categories":[],"tags":[],"class_list":["post-28351","post","type-post","status-publish","format-standard","has-post-thumbnail","hentry"],"_links":{"self":[{"href":"https:\/\/archivum.eloszekelyfold.ro\/index.php\/wp-json\/wp\/v2\/posts\/28351","targetHints":{"allow":["GET"]}}],"collection":[{"href":"https:\/\/archivum.eloszekelyfold.ro\/index.php\/wp-json\/wp\/v2\/posts"}],"about":[{"href":"https:\/\/archivum.eloszekelyfold.ro\/index.php\/wp-json\/wp\/v2\/types\/post"}],"author":[{"embeddable":true,"href":"https:\/\/archivum.eloszekelyfold.ro\/index.php\/wp-json\/wp\/v2\/users\/1"}],"replies":[{"embeddable":true,"href":"https:\/\/archivum.eloszekelyfold.ro\/index.php\/wp-json\/wp\/v2\/comments?post=28351"}],"version-history":[{"count":0,"href":"https:\/\/archivum.eloszekelyfold.ro\/index.php\/wp-json\/wp\/v2\/posts\/28351\/revisions"}],"wp:featuredmedia":[{"embeddable":true,"href":"https:\/\/archivum.eloszekelyfold.ro\/index.php\/wp-json\/wp\/v2\/media\/28352"}],"wp:attachment":[{"href":"https:\/\/archivum.eloszekelyfold.ro\/index.php\/wp-json\/wp\/v2\/media?parent=28351"}],"wp:term":[{"taxonomy":"category","embeddable":true,"href":"https:\/\/archivum.eloszekelyfold.ro\/index.php\/wp-json\/wp\/v2\/categories?post=28351"},{"taxonomy":"post_tag","embeddable":true,"href":"https:\/\/archivum.eloszekelyfold.ro\/index.php\/wp-json\/wp\/v2\/tags?post=28351"}],"curies":[{"name":"wp","href":"https:\/\/api.w.org\/{rel}","templated":true}]}}