{"id":28349,"date":"2021-12-13T04:01:01","date_gmt":"2021-12-13T04:01:01","guid":{"rendered":"http:\/\/archivum.eloszekelyfold.ro\/2021\/12\/13\/dul-a-valasztasi-kampany-romaniaban\/"},"modified":"2021-12-13T04:01:01","modified_gmt":"2021-12-13T04:01:01","slug":"dul-a-valasztasi-kampany-romaniaban","status":"publish","type":"post","link":"https:\/\/archivum.eloszekelyfold.ro\/index.php\/2021\/12\/13\/dul-a-valasztasi-kampany-romaniaban\/","title":{"rendered":"D\u00fal a v\u00e1laszt\u00e1si kamp\u00e1ny Rom\u00e1ni\u00e1ban"},"content":{"rendered":"<p><\/p>\n<div style=\"color:#666666; font-family:inherit; font-size:14px;font-style: normal;text-align:left;line-height:24px;\">\n<div style=\"float:left\"><img decoding=\"async\" src=\"http:\/\/archivum.eloszekelyfold.ro\/wp-content\/uploads\/2021\/12\/579_sztriptiz_bar.jpg\" alt=\"D\u00fal a v\u00e1laszt\u00e1si kamp\u00e1ny Rom\u00e1ni\u00e1ban\" style=\"padding-right:14px; padding-bottom:6px; padding-top:6px;\" width=\"320px\"><\/div>\n<p>                              Olyan ez az orsz\u00e1g, ahol a politikum kik\u00e9ri, kik\u00f6veteli mag\u00e1nak, hogy egy pillanatra se feledkezzenek meg arr\u00f3l az \u00e1llampolg\u00e1rok, hogy a k\u00f6zp\u00e9nzen \u00fczemeltetett k\u00e9tkamar\u00e1s parlament \u00e9s a korm\u00e1ny mire k\u00e9pes. <\/p>\n<p>Egy meg nem v\u00e1lasztott minisztereln\u00f6k \u00e9s t\u00f6bbsz\u00f6r \u00e1tszabott, toldozott-foltozott korm\u00e1ny ut\u00e1n, egy parlament \u00e9s \u00e1llameln\u00f6k \u00e1ltal kinevezett, csak \u00e1tmenetinek tudott, \u00fcgyvezet\u0151 minisztereln\u00f6k \u00fcl a nyakunkon. <\/p>\n<p>Ez a szak\u00e9rt\u0151inek mondott \u00e9s minden tetszet\u0151s EU-h\u00e1jjal megkent gr\u00e9mium &#8211; b\u00e1r tagadja &#8211; sz\u00edvesen maradna m\u00e9g egy ideig funkci\u00f3ban. Vannak olyan nagy projektek, amelyeket sz\u00edvesen v\u00e1llaln\u00e1nak \u00e9s vinn\u00e9nek jobb h\u00edj\u00e1n v\u00e9gig az illet\u0151 h\u00f6lgyek \u00e9s urak. Nem ipari beruh\u00e1z\u00e1sokr\u00f3l, nem a t\u00falburj\u00e1nzott b\u00fcrokr\u00e1cia megnyirb\u00e1l\u00e1sr\u00f3l, nem az IT-szektor b\u0151v\u00edt\u00e9s\u00e9r\u0151l, nem a mez\u0151gazdas\u00e1g presztizs\u00e9nek jav\u00edt\u00e1s\u00e1r\u00f3l, m\u00e9gcsak nem is aut\u00f3sztr\u00e1d\u00e1k \u00e9p\u00edt\u00e9s\u00e9r\u0151l van sz\u00f3, hanem az 1918-as orsz\u00e1gb\u0151v\u00edt\u00e9s sz\u00e1z\u00e9ves \u00e9vfordul\u00f3j\u00e1r\u00f3l, a Moldovai K\u00f6zt\u00e1rsas\u00e1ggal val\u00f3 egyes\u00fcl\u00e9s hangoztat\u00e1s\u00e1r\u00f3l \u00e9s a k\u00f6zigazgat\u00e1si \u00e1trendez\u00e9s esetleges kivitelez\u00e9s\u00e9r\u0151l.<\/p>\n<p>A sz\u00e1munkra megal\u00e1z\u00f3 rom\u00e1n ter\u00fcletgyarap\u00edt\u00e1s \u00e9s a soha be nem teljes\u00edtett gyulafeh\u00e9rv\u00e1ri \u00edg\u00e9retek n\u00e9gy gener\u00e1ci\u00f3 m\u00falt\u00e1n is f\u00e1jdalmat okoznak minden hat\u00e1ron bel\u00fcl \u00e9s k\u00edv\u00fcl \u00e9l\u0151 norm\u00e1lis magyarnak. <\/p>\n<div style=\"text-align: center;\"><img loading=\"lazy\" decoding=\"async\" src=\"http:\/\/archivum.eloszekelyfold.ro\/wp-content\/uploads\/2021\/12\/nagy_romania.jpg\" width=\"500\" height=\"375\" alt=\"\"><\/div>\n<div style=\"text-align: center;\"><em>Nagy-Rom\u00e1nia a k\u00e9t vil\u00e1gh\u00e1bor\u00fa k\u00f6z\u00f6tt<\/em><\/div>\n<p>\nTudjuk, j\u00f3l l\u00e1tjuk, hogy a t\u00f6bbnemzetis\u00e9g\u0171 orsz\u00e1g lebont\u00e1sa folyamatos. N\u00e9met helyett jobb a romaniz\u00e1lt roma. Magyar helyett jobb a magyar sz\u00e1rmaz\u00e1s\u00fa rom\u00e1n \u00e1llampolg\u00e1r. <\/p>\n<p>Sz\u00e1sz eredet\u0171 eln\u00f6ke van ugyan az \u00e1llamnak, amelyben \u00e9l\u00fcnk, de Iohannis olyan el\u00f6lj\u00e1r\u00f3, aki t\u00f6k\u00e9letesen illeszkedik a mioritikus t\u00e1jhoz. <\/p>\n<p>Teljesen term\u00e9szetes lenne, hogyha Rom\u00e1nia olyan (fejleszt\u00e9si \u00e9s kultur\u00e1lis) r\u00e9gi\u00f3kra osztan\u00e1k, amelyek t\u00fckr\u00f6znek egyfajta folyamatoss\u00e1got \u00e9s hagyom\u00e1nyt. de ezt nem teszik, mert \u00fagy t\u0171nik, hogy a profi politikumnak nem \u00e9rdeke, hiszen a jogok \u00e9s ter\u00fcletek norm\u00e1lis rendez\u00e9se ut\u00e1n okafogyott\u00e1 v\u00e1lna a nagy korm\u00e1nyzati k\u00f6zrem\u0171k\u00f6d\u00e9s \u00e9s fontoskod\u00e1s a sz\u00e1lak \u00f6sszegabaly\u00edt\u00e1s\u00e1ban \u00e9s a folyamatos maszatol\u00e1sban. \u00a0<\/p>\n<p>M\u00e9g szerencse, hogy a h\u00e1rom erd\u00e9lyi magyar p\u00e1rtb\u00f3l kett\u0151 v\u00e1laszt\u00e1si sz\u00f6vets\u00e9gre l\u00e9pett, s a harmadik &#8211; a legkisebb, de ann\u00e1l v\u00e9rmesebb &#8211; meg\u00edg\u00e9rte, hogy nem fog sok vizet zavarni. B\u00e1r ez megt\u00f6rt\u00e9nne, hogy parlamenti k\u00e9pviselet\u00fcnk \u00e1tl\u00e9phesse az 5%-ot, azt a l\u00e9lektani k\u00fcsz\u00f6b\u00f6t, amely k\u00f6r\u00fcl oly sokszor lebegt\u00fcnk az ut\u00f3bbi \u00e9vekben, s amelyt\u0151l annyira tartottunk, hisz ett\u0151l f\u00fcgg\u00f6tt mindig a parlamenti frakci\u00f3 l\u00e9trej\u00f6tte.<\/p>\n<div style=\"text-align: center;\"><img loading=\"lazy\" decoding=\"async\" src=\"http:\/\/archivum.eloszekelyfold.ro\/wp-content\/uploads\/2021\/12\/svajc_erdely.jpg\" width=\"500\" height=\"207\" alt=\"\"><\/div>\n<div style=\"text-align: center;\"><em>Forr\u00e1s: www.korkep.sk<\/em><\/div>\n<p>\n<strong>V\u00e1ls\u00e1gos helyzetben er\u0151s\u00f6dik az \u00f6sszetart\u00e1s<\/strong><\/p>\n<p>Hogy az RMDSZ-MPP alkotta tandem 5% f\u00f6l\u00e9 torn\u00e1ssza mag\u00e1t, az most is elk\u00e9pzelhet\u0151. <\/p>\n<p>Vannak olyan rosszul id\u0151z\u00edtett botr\u00e1nyai az \u00fcgyvezet\u0151 korm\u00e1nyzatnak, mint a marosv\u00e1s\u00e1rhelyi iskola\u00fcgy, amely m\u00e9g r\u00e1tesz egy lap\u00e1ttal azokra a jogs\u00e9rt\u00e9sekre, amelynek elszenved\u0151i vagyunk. Gyakorlatilag minden kulcspoz\u00edci\u00f3ban lev\u0151 magyar vezet\u0151t &#8211; megyei tan\u00e1csln\u00f6k\u00f6t, megyesz\u00e9khely- \u00e9s megyei jog\u00fa v\u00e1ros polg\u00e1rmester\u00e9t &#8211; meggyan\u00fas\u00edtottak. Tette ezt egy olyan nyomoz\u00f3\u00fcgy\u00e9szs\u00e9g, amely ugyanakkor &#8211; amellett, hogy p\u00e1r nagykuty\u00e1t lecsukatott &#8211; futni \u00e9s tiszts\u00e9gben hagyott olyan ron\u00e1n \u00e1llampolg\u00e1rs\u00e1g\u00fa, a rom\u00e1n nemzeti t\u00f6bbs\u00e9ghez tartoz\u00f3 b\u0171n\u00f6z\u0151ket, akiknek r\u00e9g\u00f3ta r\u00e1csok m\u00f6g\u00f6tt a helye. Az ilyen hat\u00f3s\u00e1gi t\u00falkap\u00e1sok, mint most a marosv\u00e1s\u00e1rhelyi, vagy a sepsiszentgy\u00f6rgyi Mik\u00f3-\u00fcgy, a sz\u00e9kely szimb\u00f3lumok \u00e9s a magyar nyelv haszn\u00e1lata ellen ind\u00edtott elj\u00e1r\u00e1ssorozat &#8211; v\u00e9gs\u0151 soron &#8211; azt is szolg\u00e1lj\u00e1k, hogy a rom\u00e1niai magyarok \u00e9szbekapjanak \u00e9s megn\u00f6vekedj\u00e9k benn\u00fck a szavaz\u00e1si hajland\u00f3s\u00e1g.<\/p>\n<div style=\"text-align: center;\"><img loading=\"lazy\" decoding=\"async\" src=\"http:\/\/archivum.eloszekelyfold.ro\/wp-content\/uploads\/2021\/12\/bukovina_zaszlaja2.jpg\" width=\"500\" height=\"375\" alt=\"\"><\/div>\n<div style=\"text-align: center;\"><em>R\u00e9gi\u00f3k m\u00e1rpedig vannak &#8211; Bukovina z\u00e1szlaj\u00e1nak \u00fcnnep\u00e9lyes felvon\u00e1sa<br \/>\n\u00e9s felszentel\u00e9se &#8211; egyh\u00e1zi \u00e9s vil\u00e1gi, civil \u00e9s katonai egyet\u00e9rt\u00e9sben,<br \/>\nahogy illik\u00a0(Forr\u00e1s: www.svnews.ro)<\/em><\/div>\n<p>\nElk\u00e9pzelhet\u0151, hogy a magyar szavaz\u00f3k az \u00e1tlagosn\u00e1l aktivabbak lesznek december 11-\u00e9n. Elk\u00e9pzelhet\u0151 az is, hogy a jelenlegi parlamenti k\u00e9pviselet\u00fcnk ar\u00e1nyaiban megmarad, de &#8211; t\u00f6bb mint val\u00f3sz\u00edn\u0171, hogy &#8211; az RMDSZ-MPP sz\u00ednekben bejut\u00f3 honaty\u00e1knak fel kell k\u00e9sz\u00fclni\u00fck az ellenz\u00e9kben val\u00f3 politiz\u00e1l\u00e1sra. Nincsen a jelenlegi rom\u00e1n politikai palett\u00e1n olyan sz\u00e1mottev\u0151 er\u0151, amely \u00fagy k\u00e9pes jelent\u00e9keny szerephez jutni, hogy visszavesz a nemzeti retorik\u00e1b\u00f3l.<\/p>\n<p><strong>Csak a nacionalizmus k\u00e9pes mozg\u00f3s\u00edtani a rom\u00e1n v\u00e1laszt\u00f3kat<\/strong><\/p>\n<p>\u00dagy kell a nemzeti \u00e9rzelem ebben a pillanatban, mint a leveg\u0151. <\/p>\n<p>Az eur\u00f3pai gondolatnak, a szolidarit\u00e1snak, a mulitkultinak most nincs helye \u00e9s es\u00e9lye Rom\u00e1ni\u00e1ban. <\/p>\n<p>Arra val\u00f3 tekintettel, hogy mintegy 3,9 milli\u00f3 \u00e1llampolg\u00e1r az ut\u00f3bbi \u00e9vekben elhagyta az orsz\u00e1got, sz\u00e1molni kell egy helyben maradt, kev\u00e9sb\u00e9 kultur\u00e1lt \u00e9s id\u0151sebb r\u00e9teggel, amelynek jelent\u0151s r\u00e9sze nyugd\u00edjas, aki \u00fagy szocializ\u00e1l\u00f3dott, hogy fenntartotta folyamatos f\u00fcgg\u0151s\u00e9gi \u00e1llapot\u00e1t a minden szinten gondoskod\u00f3 \u00e1llammal; a m\u00e1sik jelent\u00e9keny er\u0151vel b\u00edr\u00f3 szavaz\u00f3g\u00e9pezet pedig maga az \u00e1llami szektor appar\u00e1tusaiban dolgoz\u00f3k n\u00e9pes csoportja, akiket a k\u00f6lts\u00e9gvet\u00e9sb\u0151l fizetnek.<\/p>\n<p>Rom\u00e1ni\u00e1ban &#8211; az \u00e9letvitlszer\u0171en idehaza \u00e9l\u0151, \u00f6nmagukr\u00f3l gondoskodni k\u00e9pes (kis)v\u00e1llalkoz\u00f3k \u00e9s szuver\u00e9n, t\u00e9nylegesen produkt\u00edv munk\u00e1t v\u00e9gz\u0151k \u00e9s szabad \u00e9rtelmis\u00e9gik\u00e9nt gondolkod\u00f3k \u00e9s cselekv\u0151k sz\u0171k t\u00e1bora &#8211; nagyj\u00e1b\u00f3l 1 milli\u00f3 f\u0151, amely &#8211; ha van is benne hajland\u00f3s\u00e1g az \u00e1llam oszlopainak lebont\u00e1s\u00e1ra &#8211; egymag\u00e1ban nem k\u00e9pes a v\u00e1ltoztat\u00e1sra. <\/p>\n<p>A mindenkori rom\u00e1n vezet\u00e9s elk\u00f6vette azt a hib\u00e1t, amelyet r\u00e1ad\u00e1sul tudatosan \u00e9s akad\u00e9miai szinteken is v\u00e1llalt, hogy a nemzeti \u00e9rt\u00e9keket torz t\u00fck\u00f6rbe helyezve, \u00f6n\u00f6s \u00e9rdekek ment\u00e9n sug\u00e1rozta vissza a feln\u00f6vekv\u0151 nemzed\u00e9kek tudat\u00e1ba. <\/p>\n<p>Hazugs\u00e1g n\u00e9lk\u00fcl ez az \u00e1llapot nem tarthat\u00f3 fenn. A t\u00falf\u0171t\u00f6tt nemzeti retorika ebben a kontextusban l\u00e9tsz\u00fcks\u00e9glet, s a folytonosan l\u00e1ttatott magyar ellens\u00e9gk\u00e9p \u00edgy n\u00e9mik\u00e9pp hiteles a manipul\u00e1lt m\u00e9di\u00e1b\u00f3l \u00e9s a m\u0171vi &#8222;szakirodalomb\u00f3l&#8221; t\u00e1pl\u00e1lkoz\u00f3 \u00e1tlagnak.<\/p>\n<div style=\"text-align: center;\"><img loading=\"lazy\" decoding=\"async\" src=\"http:\/\/archivum.eloszekelyfold.ro\/wp-content\/uploads\/2021\/12\/buk_zaszlaja.jpg\" width=\"500\" height=\"375\" alt=\"\"><\/div>\n<div style=\"text-align: center;\"><em>2015. november 28. &#8211; Bukovina napja, Gura Humorului v\u00e1ros\u00e1ban <br \/>\n(Forr\u00e1s: www.svnews.ro)<br \/>\n<br type=\"_moz\"><br \/>\n<\/em><\/div>\n<p>Hogy \u00fcdv\u00f6z\u00edt\u0151-e az ellenz\u00e9ki politiz\u00e1l\u00e1s, azt l\u00e1thattuk a 90-es \u00e9vek elej\u00e9n. Nem volt ir\u00edgyl\u00e9sre m\u00e9lt\u00f3 helyzet, az egy helyben val\u00f3 toporg\u00e1s jellemzte azt a korszakot. <\/p>\n<p>Ut\u00e1na k\u00f6vetkezett egy el\u00e9g hosszas korm\u00e1nyp\u00e1rti szerepv\u00e1llal\u00e1s. Volt halad\u00e1s: k\u00e9t l\u00e9p\u00e9st el\u0151re, egyet h\u00e1tra. Azt\u00e1n egyet el\u0151re, s h\u00e1rmat vissza. Voltak bizonyos eredm\u00e9nyek, de azok csak Rom\u00e1nia EU-csatlakoz\u00e1sa pillanat\u00e1ig hatott\u00e1k meg a Dambovita-partj\u00e1n \u00e9l\u0151 politikai garnit\u00far\u00e1t. 2008 \u00f3ta &#8211; b\u00e1r az RMDSZ-t a politikai tehetetlens\u00e9g a korm\u00e1nyok k\u00f6zel\u00e9ben tartotta &#8211; gyakorlatilag mindent lebontatott, amit Br\u00fcsszel a belpolitika t\u00e1rgyk\u00f6r\u00e9ben, a megtartott \u00e1llami szuverenit\u00e1s keretein bel\u00fclre rendelt. <\/p>\n<p>Menet k\u00f6zben kider\u00fclt, hogy az Eur\u00f3pai Uni\u00f3 a maga ter\u00fclet\u00e9n, Schengen err\u0151l, s t\u00fal, a r\u00e9gi tag\u00e1llamok k\u00f6r\u00e9n bel\u00fcl sem k\u00e9pes kezelni bizonyos probl\u00e9m\u00e1kat, \u00e9s a brexit \u00f3ta a tart\u00f3snak v\u00e9lt szerkezet maga is roskadozik.<\/p>\n<p><strong>Van-e ki\u00fat a rom\u00e1niai magyars\u00e1g sz\u00e1m\u00e1ra?<\/strong><\/p>\n<p>Tulajdonk\u00e9ppen nincsen megold\u00e1s. Vagy csak a t\u00e1voli j\u00f6v\u0151ben. Ez a harc nem lesz a v\u00e9gs\u0151. <\/p>\n<p>Akkor van l\u00e9tjogosults\u00e1ga a politikai \u00e9s a k\u00f6z\u00e9leti k\u00fczdelemnek, ha megvan hozz\u00e1 a kell\u0151 hanger\u0151. <\/p>\n<p>H\u00e1tha a k\u00f3rus most egyazon harm\u00f3ni\u00e1ban sz\u00f3lal meg&#8230;<\/p>\n<div style=\"text-align: center;\"><img loading=\"lazy\" decoding=\"async\" src=\"http:\/\/archivum.eloszekelyfold.ro\/wp-content\/uploads\/2021\/12\/szekely_szabadsag.jpg\" width=\"500\" height=\"333\" alt=\"\"><\/div>\n<div style=\"text-align: center;\"><em>A &#8222;nem l\u00e9tez\u0151&#8221; Sz\u00e9kelyf\u00f6ld\u00e9rt t\u00fcnt\u0151kkel &#8222;fraterniz\u00e1l\u00f3&#8221; k\u00f6zegek<br \/>\negy 2016 m\u00e1rcius\u00e1ban tartott marosv\u00e1s\u00e1rhelyi \u00fcnneps\u00e9gen &#8211; a h\u00e1tt\u00e9rben <br \/>\naz elkobzott\u00a0z\u00e1szl\u00f3rudak l\u00e1that\u00f3k (Fot\u00f3: www.maszol.ro)<\/em><br \/>\n\u00a0<\/div>\n<p>Egy\u00e9bk\u00e9nt olyan a politikai \u00e9let, mint az \u00edg\u00e9retes sztript\u00edzb\u00e1rok, ahol a biztons\u00e1gi \u0151r azt mondja az ajt\u00f3ban, hogy odabent minden lehets\u00e9ges. A begerjedt f\u00e9rfi\u00fa csak holmi fedetlen kebleket l\u00e1t, ha l\u00e1t, s a nagy csillog\u00e1s ut\u00e1n a placcon tal\u00e1lja mag\u00e1t \u00e9jf\u00e9lt\u00e1jt, ahol helyben, az utcasarkon is hozz\u00e1juthat az \u00e1ruhoz. Nincsen semmi talmi f\u00e9nye a marad\u00e9k p\u00e9nzen vett valaminek, de csak olyan is, nincs \u00f6r\u00f6m benne, s m\u00e1snap az ember m\u00e1r er\u0151sen sz\u00e9gyelli, de menni kell, tov\u00e1bb, tagadva a b\u0171n\u00f6s v\u00e1gyat, hiszen tulajdonk\u00e9ppen szerelemmel k\u00e9ne megszerezni azt a csod\u00e1s valamit.<\/p>\n<p>Csod\u00e1k m\u00e1rpedig vannak. Itt is, ott is. Szerelem is van. Csak hinni kell benne.<\/p>\n<p>Rom\u00e1ni\u00e1ban minden lehets\u00e9ges.<\/p>\n<p><em>(Folyt. k\u00f6v. december 11. ut\u00e1n!)<\/em><\/p>\n<p><em>Sim\u00f3 M\u00e1rton\/ \u00c9l\u0151 Sz\u00e9kelyf\u00f6ld Munkacsoport<\/em><\/p>\n<p><br type=\"_moz\">\n                        <\/div>\n","protected":false},"excerpt":{"rendered":"<p>Olyan ez az orsz\u00e1g, ahol a politikum kik\u00e9ri, kik\u00f6veteli mag\u00e1nak, hogy egy pillanatra se feledkezzenek meg arr\u00f3l az \u00e1llampolg\u00e1rok, hogy a k\u00f6zp\u00e9nzen \u00fczemeltetett k\u00e9tkamar\u00e1s parlament \u00e9s a korm\u00e1ny mire k\u00e9pes. Egy meg nem v\u00e1lasztott minisztereln\u00f6k \u00e9s t\u00f6bbsz\u00f6r \u00e1tszabott, toldozott-foltozott korm\u00e1ny ut\u00e1n, egy parlament \u00e9s \u00e1llameln\u00f6k \u00e1ltal kinevezett, csak \u00e1tmenetinek tudott, \u00fcgyvezet\u0151 minisztereln\u00f6k \u00fcl a nyakunkon. [&hellip;]<\/p>\n","protected":false},"author":1,"featured_media":28350,"comment_status":"open","ping_status":"open","sticky":false,"template":"","format":"standard","meta":{"footnotes":""},"categories":[],"tags":[],"class_list":["post-28349","post","type-post","status-publish","format-standard","has-post-thumbnail","hentry"],"_links":{"self":[{"href":"https:\/\/archivum.eloszekelyfold.ro\/index.php\/wp-json\/wp\/v2\/posts\/28349","targetHints":{"allow":["GET"]}}],"collection":[{"href":"https:\/\/archivum.eloszekelyfold.ro\/index.php\/wp-json\/wp\/v2\/posts"}],"about":[{"href":"https:\/\/archivum.eloszekelyfold.ro\/index.php\/wp-json\/wp\/v2\/types\/post"}],"author":[{"embeddable":true,"href":"https:\/\/archivum.eloszekelyfold.ro\/index.php\/wp-json\/wp\/v2\/users\/1"}],"replies":[{"embeddable":true,"href":"https:\/\/archivum.eloszekelyfold.ro\/index.php\/wp-json\/wp\/v2\/comments?post=28349"}],"version-history":[{"count":0,"href":"https:\/\/archivum.eloszekelyfold.ro\/index.php\/wp-json\/wp\/v2\/posts\/28349\/revisions"}],"wp:featuredmedia":[{"embeddable":true,"href":"https:\/\/archivum.eloszekelyfold.ro\/index.php\/wp-json\/wp\/v2\/media\/28350"}],"wp:attachment":[{"href":"https:\/\/archivum.eloszekelyfold.ro\/index.php\/wp-json\/wp\/v2\/media?parent=28349"}],"wp:term":[{"taxonomy":"category","embeddable":true,"href":"https:\/\/archivum.eloszekelyfold.ro\/index.php\/wp-json\/wp\/v2\/categories?post=28349"},{"taxonomy":"post_tag","embeddable":true,"href":"https:\/\/archivum.eloszekelyfold.ro\/index.php\/wp-json\/wp\/v2\/tags?post=28349"}],"curies":[{"name":"wp","href":"https:\/\/api.w.org\/{rel}","templated":true}]}}