{"id":28347,"date":"2021-12-13T03:59:01","date_gmt":"2021-12-13T03:59:01","guid":{"rendered":"http:\/\/archivum.eloszekelyfold.ro\/2021\/12\/13\/a-tomcsa-sandor-szinhaz-novemberi-musorrendje\/"},"modified":"2021-12-13T03:59:01","modified_gmt":"2021-12-13T03:59:01","slug":"a-tomcsa-sandor-szinhaz-novemberi-musorrendje","status":"publish","type":"post","link":"https:\/\/archivum.eloszekelyfold.ro\/index.php\/2021\/12\/13\/a-tomcsa-sandor-szinhaz-novemberi-musorrendje\/","title":{"rendered":"A Tomcsa S\u00e1ndor Sz\u00ednh\u00e1z novemberi m\u0171sorrendje"},"content":{"rendered":"<p><\/p>\n<div style=\"color:#666666; font-family:inherit; font-size:14px;font-style: normal;text-align:left;line-height:24px;\">\n<div style=\"float:left\"><img decoding=\"async\" src=\"http:\/\/archivum.eloszekelyfold.ro\/wp-content\/uploads\/2021\/12\/580_Backup_of_november_musor_plakat1.jpg\" alt=\"A Tomcsa S\u00e1ndor Sz\u00ednh\u00e1z novemberi m\u0171sorrendje\" style=\"padding-right:14px; padding-bottom:6px; padding-top:6px;\" width=\"320px\"><\/div>\n<div style=\"text-align: center;\">\n<div style=\"text-align: left;\">A sz\u00e9kelyudvarhelyi Tomcsa S\u00e1ndor Sz\u00ednh\u00e1z \u00f6t \u00faj darabot mutat be a 2016\/2017-es \u00e9vadban, n\u00e9gy kor\u00e1bbi el\u0151ad\u00e1st pedig tov\u00e1bbra is m\u0171soron tart.\u00a0<\/p>\n<p>A sz\u00ednj\u00e1tsz\u00f3 m\u0171hely vezet\u0151i tov\u00e1bbra is nagy figyelmet szentelnek a k\u00fcl\u00f6nb\u00f6z\u0151 koroszt\u00e1lyok ig\u00e9nyeinek, ily m\u00f3don megtekinthet\u00fcnk itt komoly dr\u00e1mai el\u0151ad\u00e1sok mellett k\u00f6nnyedebb m\u0171faj\u00fa produkci\u00f3kat is, a fiatalabb koroszt\u00e1lyok pedig mese- \u00e9s b\u00e1bsz\u00ednh\u00e1zi el\u0151ad\u00e1sok r\u00e9v\u00e9n gyakorolhatj\u00e1k a sz\u00ednh\u00e1zl\u00e1togat\u00e1st.<\/p><\/div>\n<div>\u00a0<\/div>\n<div style=\"text-align: left;\"><strong>\u00daj bemutat\u00f3k<\/strong><br \/>\n\u00a0<\/div>\n<div style=\"text-align: left;\">William Shakespeare: Szentiv\u00e1n\u00e9ji \u00e1lom &#8211; v\u00edgj\u00e1t\u00e9k &#8211; r.: Zakari\u00e1s Zal\u00e1n<\/div>\n<div style=\"text-align: left;\">Legendaadapt\u00e1ci\u00f3: Csicser &#8211; meseel\u0151ad\u00e1s &#8211; r.: Csurulya Csongor<\/div>\n<div style=\"text-align: left;\">Parti Nagy Lajos &#8211; Darvas Ferenc: Ibus\u00e1r &#8211; zen\u00e9s huszerett &#8211; r.: Barab\u00e1s \u00c1rp\u00e1d<\/div>\n<div style=\"text-align: left;\">V\u00f6r\u00f6smarty Mih\u00e1ly: Csongor \u00e9s T\u00fcnde &#8211; sz\u00ednj\u00e1t\u00e9k &#8211; r.: Csurulya Csongor<\/div>\n<div style=\"text-align: left;\">Mika Myllyaho: K\u00e1osz &#8211; fekete kom\u00e9dia &#8211; r.: Kat\u00f3 Zsolt m.v.<\/div>\n<div style=\"text-align: left;\"><strong><br \/>\nTov\u00e1bbra is m\u0171soron<\/strong><br \/>\n\u00a0<\/div>\n<div style=\"text-align: left;\">\u00d6rk\u00e9ny Istv\u00e1n: T\u00f3t\u00e9k &#8211; tragikom\u00e9dia &#8211; r.: Hars\u00e1nyi Zsolt m.v.<\/div>\n<div style=\"text-align: left;\">Garaczi L\u00e1szl\u00f3: Brahms \u00e9s a macsk\u00e1k &#8211; sz\u00ednj\u00e1t\u00e9k 17 k\u00e9pben &#8211; r.: Hath\u00e1zi Andr\u00e1s m.v.<\/div>\n<div style=\"text-align: left;\">Slawomir Mrozek: Ny\u00edlt tengeren &#8211; abszurd kom\u00e9dia &#8211; r.: Csurulya Csongor (st\u00fadi\u00f3)<\/div>\n<div style=\"text-align: left;\">Bernard &#8211; Marie Koltes: Roberto Zucco &#8211; dr\u00e1ma &#8211; r.: Zakari\u00e1s Zal\u00e1n<\/div>\n<div style=\"text-align: left;\">B\u00e1bel\u0151ad\u00e1sok:<\/div>\n<div style=\"text-align: left;\">Nagy Regina n\u00e9pmese-adapt\u00e1ci\u00f3ja: Az \u00e9gig \u00e9r\u0151 fa &#8211; b\u00e1bel\u0151ad\u00e1s &#8211; r.: Nagy Regina<\/div>\n<div style=\"text-align: left;\">Anga M\u00e1ria: A n\u00e9ma cip\u0151 t\u00f6rt\u00e9nete &#8211; b\u00e1bel\u0151ad\u00e1s &#8211; r.: Csurulya Csongor<\/div>\n<div style=\"text-align: left;\">\u00a0<\/div>\n<div style=\"text-align: left;\"><strong>B\u00e9rletben megtekinthet\u0151 el\u0151ad\u00e1sok<\/p>\n<p><\/strong>William Shakespeare: Szetiv\u00e1n\u00e9ji \u00e1lom &#8211; v\u00edgj\u00e1t\u00e9k &#8211; r.: Zakari\u00e1s Zal\u00e1n<\/div>\n<div style=\"text-align: left;\">Parti Nagy Lajos &#8211; Darvas Ferenc: Ibus\u00e1r &#8211; zen\u00e9s huszerett &#8211; r.: Barab\u00e1s \u00c1rp\u00e1d<\/div>\n<div style=\"text-align: left;\">V\u00f6r\u00f6smarty Mih\u00e1ly: Csongor \u00e9s T\u00fcnde &#8211; sz\u00ednj\u00e1t\u00e9k &#8211; r.: Csurulya Csongor<\/div>\n<div style=\"text-align: left;\">plusz egy v\u00e1laszthat\u00f3 el\u0151ad\u00e1s:\u00a0<\/div>\n<div style=\"text-align: left;\">vend\u00e9gel\u0151ad\u00e1s<\/div>\n<div style=\"text-align: left;\">Mika Myllyaho: K\u00e1osz &#8211; fekete kom\u00e9dia &#8211; r.: Kat\u00f3 Zsolt m.v.<\/div>\n<div style=\"text-align: left;\">\u00a0<\/div>\n<div style=\"text-align: left;\"><strong>Gyerekel\u0151ad\u00e1sok<\/strong><\/div>\n<div style=\"text-align: left;\">\nLegendaadapt\u00e1ci\u00f3: Csicser &#8211; meseel\u0151ad\u00e1s &#8211; r.: Csurulya Csongor<\/div>\n<div style=\"text-align: left;\">a gyergy\u00f3szentmikl\u00f3si Figura St\u00fadi\u00f3 Sz\u00ednh\u00e1z gyerekel\u0151ad\u00e1sa<\/div>\n<div style=\"text-align: left;\">Pallai Mara: Hanyist\u00f3k &#8211; r.: Budah\u00e1zi Attila, a Cs\u00edki J\u00e1t\u00e9ksz\u00edn gyerekel\u0151ad\u00e1sa.<\/p>\n<p><strong>A novemberi m\u0171sorrend<\/strong><br \/>\n\u00a0<\/div>\n<p>\n\u00a0<img loading=\"lazy\" decoding=\"async\" src=\"http:\/\/archivum.eloszekelyfold.ro\/wp-content\/uploads\/2021\/12\/november_musor_plakat(4).jpg\" width=\"500\" height=\"759\" alt=\"\"><\/p>\n<p>\n<img loading=\"lazy\" decoding=\"async\" src=\"http:\/\/archivum.eloszekelyfold.ro\/wp-content\/uploads\/2021\/12\/udvarhely_tomcsa_sandor.jpg\" width=\"100\" height=\"101\" alt=\"\"><br \/>\nSz\u00e9kelyudvarhely<br \/>\n<span style=\"text-align: left;\">Tam\u00e1si \u00c1ron utca 15.<\/span><\/p>\n<div style=\"text-align: center;\">\u00a0<\/div>\n<div style=\"text-align: center;\">Tel.\/Fax: 0266-212131<br \/>\nMobil: 0743-212131<\/div>\n<div style=\"text-align: center;\">E-mail: office@szinhaz.ro<\/p>\n<p>A sz\u00ednh\u00e1z fenntart\u00f3ja<br \/>\nSz\u00e9kelyudvarhely <br \/>\nMegyei Jog\u00fa V\u00e1ros<br \/>\n<img loading=\"lazy\" decoding=\"async\" src=\"http:\/\/archivum.eloszekelyfold.ro\/wp-content\/uploads\/2021\/12\/udvarhely_cimer(2).jpg\" width=\"100\" height=\"100\" alt=\"\"><br \/>\nPolg\u00e1rmesteri Hivatala<\/div>\n<p>\n<a href=\"http:\/\/www.szinhaz.ro\/\"><strong><span style=\"color: rgb(255, 0, 0);\">www.szinhaz.ro<\/span><\/strong><\/a><\/div>\n<\/p><\/div>\n","protected":false},"excerpt":{"rendered":"<p>A sz\u00e9kelyudvarhelyi Tomcsa S\u00e1ndor Sz\u00ednh\u00e1z \u00f6t \u00faj darabot mutat be a 2016\/2017-es \u00e9vadban, n\u00e9gy kor\u00e1bbi el\u0151ad\u00e1st pedig tov\u00e1bbra is m\u0171soron tart.\u00a0 A sz\u00ednj\u00e1tsz\u00f3 m\u0171hely vezet\u0151i tov\u00e1bbra is nagy figyelmet szentelnek a k\u00fcl\u00f6nb\u00f6z\u0151 koroszt\u00e1lyok ig\u00e9nyeinek, ily m\u00f3don megtekinthet\u00fcnk itt komoly dr\u00e1mai el\u0151ad\u00e1sok mellett k\u00f6nnyedebb m\u0171faj\u00fa produkci\u00f3kat is, a fiatalabb koroszt\u00e1lyok pedig mese- \u00e9s b\u00e1bsz\u00ednh\u00e1zi el\u0151ad\u00e1sok r\u00e9v\u00e9n [&hellip;]<\/p>\n","protected":false},"author":1,"featured_media":28348,"comment_status":"open","ping_status":"open","sticky":false,"template":"","format":"standard","meta":{"footnotes":""},"categories":[],"tags":[],"class_list":["post-28347","post","type-post","status-publish","format-standard","has-post-thumbnail","hentry"],"_links":{"self":[{"href":"https:\/\/archivum.eloszekelyfold.ro\/index.php\/wp-json\/wp\/v2\/posts\/28347","targetHints":{"allow":["GET"]}}],"collection":[{"href":"https:\/\/archivum.eloszekelyfold.ro\/index.php\/wp-json\/wp\/v2\/posts"}],"about":[{"href":"https:\/\/archivum.eloszekelyfold.ro\/index.php\/wp-json\/wp\/v2\/types\/post"}],"author":[{"embeddable":true,"href":"https:\/\/archivum.eloszekelyfold.ro\/index.php\/wp-json\/wp\/v2\/users\/1"}],"replies":[{"embeddable":true,"href":"https:\/\/archivum.eloszekelyfold.ro\/index.php\/wp-json\/wp\/v2\/comments?post=28347"}],"version-history":[{"count":0,"href":"https:\/\/archivum.eloszekelyfold.ro\/index.php\/wp-json\/wp\/v2\/posts\/28347\/revisions"}],"wp:featuredmedia":[{"embeddable":true,"href":"https:\/\/archivum.eloszekelyfold.ro\/index.php\/wp-json\/wp\/v2\/media\/28348"}],"wp:attachment":[{"href":"https:\/\/archivum.eloszekelyfold.ro\/index.php\/wp-json\/wp\/v2\/media?parent=28347"}],"wp:term":[{"taxonomy":"category","embeddable":true,"href":"https:\/\/archivum.eloszekelyfold.ro\/index.php\/wp-json\/wp\/v2\/categories?post=28347"},{"taxonomy":"post_tag","embeddable":true,"href":"https:\/\/archivum.eloszekelyfold.ro\/index.php\/wp-json\/wp\/v2\/tags?post=28347"}],"curies":[{"name":"wp","href":"https:\/\/api.w.org\/{rel}","templated":true}]}}