{"id":28345,"date":"2021-12-13T03:57:01","date_gmt":"2021-12-13T03:57:01","guid":{"rendered":"http:\/\/archivum.eloszekelyfold.ro\/2021\/12\/13\/latogatoban-ugron-gabor-uramnal\/"},"modified":"2021-12-13T03:57:01","modified_gmt":"2021-12-13T03:57:01","slug":"latogatoban-ugron-gabor-uramnal","status":"publish","type":"post","link":"https:\/\/archivum.eloszekelyfold.ro\/index.php\/2021\/12\/13\/latogatoban-ugron-gabor-uramnal\/","title":{"rendered":"L\u00e1togat\u00f3ban Ugron G\u00e1bor uramn\u00e1l"},"content":{"rendered":"<p><\/p>\n<div style=\"color:#666666; font-family:inherit; font-size:14px;font-style: normal;text-align:left;line-height:24px;\">\n<div style=\"float:left\"><img decoding=\"async\" src=\"http:\/\/archivum.eloszekelyfold.ro\/wp-content\/uploads\/2021\/12\/581_id_Ugron_Gabor.jpg\" alt=\"L\u00e1togat\u00f3ban Ugron G\u00e1bor uramn\u00e1l\" style=\"padding-right:14px; padding-bottom:6px; padding-top:6px;\" width=\"320px\"><\/div>\n<p>                              Lapozom a r\u00e9gi \u00fajs\u00e1gokat. Szeretek egy-egy kicsit visszal\u00e9pni az id\u0151ben. <\/p>\n<p>Most \u00e9ppen az Ugronok \u00e9rdekelnek. Mivel szombatfalviv\u00e1 lettem, illik tudni, hogy kik voltak az egykori szomsz\u00e9dok. <\/p>\n<p>Egy biztos, az Ugron nevet a sz\u00e9kely kr\u00f3nika m\u00e1r a rabonb\u00e1nok kor\u00e1ban eml\u00edti. Az \u00e9n h\u0151s\u00f6m k\u00e9pvisel\u0151 volt \u00e9s h\u00edres ember.<\/p>\n<p>Ha \u00e9lne az id\u0151sebb Ugron G\u00e1bor &#8211; milyen k\u00e1r, hogy nem ismerhettem -, igazi c\u00edmlaph\u0151s lehetne. <\/p>\n<p>Ahogy olvasom \u00edr\u00e1sait, illetve a r\u00f3la sz\u00f3l\u00f3 besz\u00e1mol\u00f3kat, mindj\u00e1rt gyan\u00edtom, hogy kem\u00e9nyf\u00e1b\u00f3l faraghatt\u00e1k. Ha meg kellene \u0151t v\u00e1lasztanom, minden bizonnyal r\u00e1 szavazn\u00e9k, ez nem vit\u00e1s!<\/p>\n<p>Azt mondj\u00e1k, a sz\u00e9kelyg\u0151z\u00f6s els\u0151 talpf\u00e1it is a saj\u00e1t erdej\u00e9b\u0151l v\u00e1gatta ki, annyira lelkes vas\u00fatp\u00e1rtol\u00f3 volt, s nem v\u00e9letlen\u00fcl kapaszkodott fel az els\u0151 mozdonyra az \u00e9rkez\u00e9st meg\u00f6r\u00f6k\u00edt\u0151 f\u00e9nyk\u00e9pen. A sz\u00e9kely virtus sem hi\u00e1nyzott bel\u0151le. <\/p>\n<p>Azt \u00edrja Az \u00dajs\u00e1g 1883-ban, hogy Ugron G\u00e1bor orsz\u00e1ggy\u0171l\u00e9si k\u00e9pvisel\u0151 \u00e9s D\u00e1niel Elek szombaton (?) reggel a sz\u00e9kelyudvarhelyi hat\u00e1rban, s\u00falyos felt\u00e9telekkel pisztolyp\u00e1rbajt v\u00edvtak, mely Ugron megsebes\u00fcl\u00e9s\u00e9vel v\u00e9gz\u0151d\u00f6tt. D\u00e1niel goly\u00f3ja karj\u00e1t f\u00farta kereszt\u00fcl; a seb mindazon\u00e1ltal nem vesz\u00e9lyes. A p\u00e1rbajra Ugronnak egy h\u00edrlapi nyilatkozata adott okot, melyben D\u00e1niel egy kijelent\u00e9s\u00e9t r\u00e1galomnak nyilv\u00e1n\u00edtotta. A p\u00e1rbaj ok\u00e1ul a kolozsv\u00e1ron megjelen\u0151 Erd\u00e9lyi H\u00edrad\u00f3 egyik sz\u00e9kelyudvarhelyi levele szolg\u00e1lt, melyet D\u00e1niel Elek k\u00fcld\u00f6tt a nevezett lapnak. A lev\u00e9lben a legut\u00f3bbi megyei k\u00f6zgy\u0171l\u00e9s volt le \u00edrva, s abban t\u00f6bbek k\u00f6zt Simon Gyula erd\u0151mester jelent\u00e9se alapj\u00e1n az is, hogy az udvarhelyi j\u00e1r\u00e1s f\u0151szolgabir\u00e1j\u00e1n\u00e1l az \u00e1llami erd\u00e9szeti hivatal t\u00f6bb ezer erdei kih\u00e1g\u00e1st jelentett be, de a f\u0151szolgab\u00edr\u00f3 semmit sem\u00a0tett a kih\u00e1g\u00e1st elk\u00f6vet\u0151 sz\u00e9kelyek ellen. <\/p>\n<p>\u201eEzen a lanyha elj\u00e1r\u00e1son &#8211; \u00edgy sz\u00f3l az inkrimin\u00e1lt tud\u00f3s\u00edt\u00e1s &#8211; az illet\u0151k v\u00e9rszemet kapva, az erd\u0151lop\u00e1s m\u00e1r annyira elharap\u00f3dzott, hogy Oroszhegy k\u00f6zbirtokoss\u00e1gi erdej\u00e9b\u0151l a helybeli hetiv\u00e1s\u00e1rokra sz\u00e1zezerekre men\u0151 lopott f\u00e1b\u00f3l k\u00e9sz\u00fclt zsindelyt sz\u00e1ll\u00edtanak be hetenk\u00e9nt. K\u00f6zelebbr\u0151l az erd\u0151\u0151r ez erd\u00e9szeti hivatalb\u00f3l csend\u0151r\u00f6k kik\u00fcld\u00e9s\u00e9t k\u00e9rte, kik azonnal mozg\u00f3s\u00edtva lettek,de ezen id\u0151k\u00f6zben &#8211; reggel 6 \u00f3r\u00e1t\u00f3l d\u00e9lel\u0151tt 10 \u00f3r\u00e1ig &#8211; e lopott f\u00e1b\u00f3l k\u00e9sz\u00edtett \u00e9s az erd\u0151\u0151r \u00e1ltal lefoglalni akart, t\u00f6bb sz\u00e1zezer zsindelyt az illet\u0151k besz\u00e1ll\u00edtott\u00e1k, illet\u0151leg a csend\u0151r\u00f6k kirendel\u00e9s\u00e9t megsejtve, \u00fatk\u00f6zben Kadicsfalv\u00e1n v\u00e9letlen\u00fcl \u00e9ppen a f\u0151isp\u00e1n cs\u0171r\u00e9be rakt\u00e1k le \u00e9s z\u00e1rt\u00e1k el, hogy a csend\u0151r\u00f6k \u00e1ltal lefoglalhat\u00f3 ne legyen, mir\u0151l a csend\u0151r\u00f6k azonnal jelent\u00e9st is tettek.\u201c<\/p>\n<div style=\"text-align: center;\"><em><img loading=\"lazy\" decoding=\"async\" src=\"http:\/\/archivum.eloszekelyfold.ro\/wp-content\/uploads\/2021\/12\/Ugron_korabeli_karikatura.jpg\" width=\"500\" height=\"364\" alt=\"\"><\/em><\/div>\n<div style=\"text-align: center;\"><em>Ugron G\u00e1bor az Orsz\u00e1ggy\u0171l\u00e9sben (Korabeli karikat\u00fara)<\/em><\/div>\n<p>\nEzzel szemben Ugron G\u00e1bor orsz\u00e1ggy\u0171l\u00e9si k\u00e9pvisel\u0151 az Erd\u00e9lyi H\u00edrad\u00f3-nak a k\u00f6vetkez\u0151 t\u00e1virati nyilatkozatot k\u00fcld\u00f6tte: \u201eKadicsfalv\u00e1n T\u00f6r\u00f6k f\u0151isp\u00e1n \u00e9p\u00fclet\u00e9t haszonb\u00e9rbe \u00e9n b\u00edrom, g\u00e9p\u00e9szem lakja, a zsindelyt oda erd\u0151gazdas\u00e1gom v\u00e1s\u00e1rolta a hetiv\u00e1s\u00e1r napj\u00e1n \u00e9s rakt\u00e1rozta el. Minden ellenkez\u0151 \u00e1ll\u00edt\u00e1s r\u00e1galom.&#8221; <\/p>\n<p>Miut\u00e1n a tud\u00f3s\u00edt\u00e1st D\u00e1niel Elek \u00edrta, Ugront provok\u00e1lta, s \u00edgy t\u00f6rt\u00e9nt meg a p\u00e1rbaj. <\/p>\n<p>Vajon ki lehetett ez a sz\u00e1momra ismeretlen D\u00e1niel? <\/p>\n<p>Ut\u00e1nan\u00e9ztem, \u00e9s hamar kider\u00fclt, hogy D\u00e1niel G\u00e1bor orsz\u00e1ggy\u0171l\u00e9si k\u00e9pvisel\u0151 testv\u00e9r\u0151ccse, aki a k\u00e9tszeri goly\u00f3v\u00e1lt\u00e1ssal t\u00f6rt\u00e9nt pisztolyp\u00e1rbajban Ugronnak jobb felkarj\u00e1t l\u0151tte kereszt\u00fcl, m\u00edg \u0151 maga s\u00e9rtetlen maradt. <\/p>\n<p>\u201eA p\u00e1rbaj f\u00f6lt\u00e9telei voltak: k\u00e9tszeri goly\u00f3v\u00e1lt\u00e1s 25 l\u00e9p\u00e9sr\u0151l 5-5 l\u00e9p\u00e9s avansz-szal. Ugron G\u00e1bor l\u0151tt el\u0151sz\u0151r, de pisztolya cs\u00fct\u00f6rt\u00f6k\u00f6t mondott, mire D\u00e1niel Elek l\u0151tt, \u00e9s goly\u00f3ja Ugron jobb fels\u0151 karj\u00e1nak izmain hatolt \u00e1t, a n\u00e9lk\u00fcl, hogy csontot tal\u00e1lt volna. Ugron G\u00e1bor \u00e1llapota teljesen j\u00f3, este m\u00e1r k\u00fcnn j\u00e1rt az utc\u00e1n \u00e9s ma (?) d\u00e9lut\u00e1n elutazott Sz\u00e9kelyudvarhelyr\u0151l Budapestre.\u201d <\/p>\n<p>&#8222;Kolosv\u00e1ron, \u00e1tutaz\u00f3ban m\u00e9g kikacsintott a h\u00e1l\u00f3kocsib\u00f3l, felk\u00f6t\u00f6tt jobb karral is azt \u00fczente, \u201ehogy haz\u00e1j\u00e1nak \u00fcgye mellett k\u00f6teles megv\u00e9deni a saj\u00e1t becs\u00fclet\u00e9t is. A gondv\u00edsel\u00e9s, mely \u00f6t m\u00e1r annyiszor megmentette, ez\u00fattal is csod\u00e1latosan megtartotta, a miben \u00fatmutat\u00e1st l\u00e1t arra, hogy ezut\u00e1n js szolg\u00e1lja haz\u00e1j\u00e1t \u00e9s v\u00e9dje becs\u00fclet\u00e9t.&#8221;\u00a0<\/p>\n<div>\u00a0<\/div>\n<div>&#8222;Ugron kijelentette, hogy j\u00f3l \u00e9rzi mag\u00e1t, b\u00e1r seb\u00e9t jelent\u00e9kenynek tartja. A p\u00e1rbajoz\u00f3 felek tegnap (?) m\u00e1r a f\u0151v\u00e1rosba\u00a0\u00e9rkeztek&#8221; &#8211; olvashat\u00f3 a tud\u00f3s\u00edt\u00e1sban.<\/p>\n<p>\u00a0<\/p><\/div>\n<div style=\"text-align: center;\">\u00a0<img loading=\"lazy\" decoding=\"async\" src=\"http:\/\/archivum.eloszekelyfold.ro\/wp-content\/uploads\/2021\/12\/a_szekelygozos_megerkezese_udvarhelyre.jpg\" width=\"400\" height=\"226\" alt=\"\"><\/div>\n<div style=\"text-align: center;\"><em>A sz\u00e9kelyg\u0151z\u00f6s meg\u00e9rkez\u00e9se Sz\u00e9kelyudvarhelyre 1888. m\u00e1rcius 15-\u00e9n<\/em><\/div>\n<div>\n<strong>Egyszer Feny\u00e9den is r\u00e1l\u0151ttek<\/strong><br \/>\n\u00a0<\/div>\n<div>Nem ez volt az utols\u00f3 revolveres aff\u00e9rja, n\u00e9h\u00e1ny \u00e9vvel k\u00e9s\u0151bb, pontosabban 1904. okt\u00f3ber 18-\u00e1n, egy keddi napon\u00a0t\u00f6rt\u00e9nt, hogy az orsz\u00e1ggy\u0171l\u00e9si k\u00e9pvisel\u0151 a Feny\u00e9d k\u00f6zs\u00e9gben, \u00e9desanyja, \u00f6zvegy Ugron L\u00e1z\u00e1rn\u00e9 birtok\u00e1n, t\u00f6r\u00f6kb\u00faza\u00a0szed\u00e9se k\u00f6zben rendreutas\u00edtotta Demeter Zakari\u00e1s b\u00e9resb\u00edr\u00f3t. A b\u00e9res visszafeleselt \u00e9s megtagadta az engedelmess\u00e9get,\u00a0ami\u00e9rt azt\u00e1n Ugron arcul \u00fct\u00f6tte. Demeter Zakari\u00e1s ekkor fejsz\u00e9t ragadott, s azzal t\u00e1madt r\u00e1 Ugron G\u00e1borra, akinek\u00a0elt\u00f6rte a bal karj\u00e1t. Demeter azut\u00e1n a hazat\u00e9r\u0151 Ugronra m\u00e9g revolverb\u0151l h\u00e1romszor r\u00e1 is l\u0151tt, de szerencs\u00e9re\u00a0egyik l\u0151v\u00e9s sem tal\u00e1lt. A t\u00f6rv\u00e9nysz\u00e9k Demeter Zakari\u00e1st, aki k\u00fcl\u00f6nben m\u00e1r ember\u00f6l\u00e9s\u00e9rt egy \u00edzben tizenk\u00e9t \u00e9vi\u00a0fegyh\u00e1zat \u00fclt, k\u00e9t napig tart\u00f3 t\u00e1rgyal\u00e1s ut\u00e1n, \u00f6t \u00e9vi fegyh\u00e1zra \u00edt\u00e9lte.\u00a0<br \/>\n\u00a0<\/div>\n<div><strong>Szomor\u00fa jelent\u00e9s<\/strong><br \/>\n\u00a0<\/div>\n<div>A h\u00edrt ez\u00fattal a Tolnai Vil\u00e1glapja hozza 1911 janu\u00e1rj\u00e1ban: Ugron G\u00e1bor orsz\u00e1ggy\u0171l\u00e9si k\u00e9pvisel\u0151, 3 magyar\u00a0parlamentnek egyik legmark\u00e1nsabb alakja, a m\u00falt h\u00e9ten 64 \u00e9ves kor\u00e1ban Budapesten meghalt. Ugronr\u00f3l m\u00e9g ellens\u00e9gei\u00a0is elismert\u00e9k, hogy jelent\u00e9keny ember volt s ez\u00e9rt hal\u00e1la vesztes\u00e9get jelent a magyar parlamenti \u00e9letben. Fiatal\u00a0\u00e9veiben szoros bar\u00e1ts\u00e1gban \u00e1llott Bartha Mikl\u00f3ssal, a kivel egy humoros ellenz\u00e9ki lapot szerkesztett. Nyugtalan\u00a0v\u00e9r\u0171 ember volt eg\u00e9sz \u00e9let\u00e9ben. Csakhamar elhagyta sz\u00fcl\u0151hely\u00e9t \u00e9s 1871-ben m\u00e1r a franczia-n\u00e9met h\u00e1bor\u00fa idej\u00e9ben\u00a0Francziaorsz\u00e1gba sietett, hogy ott a k\u00f6zt\u00e1rsas\u00e1gnak aj\u00e1nlja fel kardj\u00e1t. Majd k\u00e9s\u0151bb Olaszorsz\u00e1gba ment, a hol\u00a0Garibaldi t\u00e1bor\u00e1ban t\u00f6bb csat\u00e1ban vett r\u00e9szt. A b\u00e9ke megk\u00f6t\u00e9se ut\u00e1n ism\u00e9t P\u00e1rizsba siet, s ott marad a komm\u00fcn eg\u00e9sz\u00a0uralma alatt. A mikor k\u00fclf\u00f6ldr\u0151l hazaj\u00f6tt, Udvarhelysz\u00e9k k\u00e9pvisel\u0151j\u00e9v\u00e9 v\u00e1lasztotta. Ett\u0151l fogva, r\u00f6vid id\u0151\u00a0kiv\u00e9tel\u00e9vel, hal\u00e1l\u00e1ig tagja volt a k\u00e9pvisel\u0151h\u00e1znak. Az ut\u00f3bbi hetekben gyeng\u00e9lkedett, de baj\u00e1t nem vette komolyan.\u00a0Vas\u00e1rnap hirtelen rosszul lett \u00e9s karossz\u00e9k\u00e9ben \u00fclve meghalt.\u00a0<\/p>\n<p><strong>Ugron G\u00e1bor temet\u00e9se<\/strong><br \/>\n\u00a0<\/div>\n<div>A Budapesti H\u00edrlapb\u00f3l tudjuk meg, hogy a halottat hoz\u00f3 kopors\u00f3 \u00e9jjel \u00e9rkezett meg Sz\u00e9kelyudvarhelyre \u00e9s egyidej\u0171leg utazott feles\u00e9ge, gyermekei \u00e9s a rokons\u00e1g. <\/p>\n<p>\u201eAz \u00e9jjel a holttest a p\u00e1lyaudvaron volt. A temet\u00e9sre a v\u00e1rosi\u00a0hivatalok \u00e9s ipartest\u00fcletek z\u00e1szl\u00f3k alatt jelentek meg \u00e9s a zivataros t\u00e9li id\u0151j\u00e1r\u00e1s ellen\u00e9re t\u00f6bb ezer sz\u00e9kely\u00a0gy\u0171lt \u00f6ssze a temet\u00e9sre. Kora reggel megindult a n\u00e9pv\u00e1ndorl\u00e1s a vas\u00fati \u00e1llom\u00e1shoz \u00e9s az utc\u00e1k hossz\u00e1ban, ahol a\u00a0gy\u00e1szmenet elvonult, a r\u00e9sztvev\u0151k ezrei \u00e1llottak sorfalat. A p\u00e1lyaudvaron a d\u00edszes \u00e9rckopors\u00f3t elhelyezt\u00e9k a\u00a0gy\u00e1szkocsira \u00e9s a gy\u00e1szmenet megindult a szent-ferencrendiek templom\u00e1hoz. A koszor\u00fak sz\u00e1zait t\u00f6bb kocsi vitte. A\u00a0v\u00e1rosi ipartest\u00fcletek nyitott\u00e1k meg a menetet, amely ut\u00e1n a v\u00e1rmegye z\u00e1szl\u00f3viv\u0151je k\u00f6vetkezett, akit a\u00a0t\u00f6rv\u00e9nyhat\u00f3s\u00e1gi bizotts\u00e1g tagjai k\u00f6vettek. Ezut\u00e1n a falvakb\u00f3l be\u00f6z\u00f6nl\u00f6tt sz\u00e9kelyek haladtak, majd a kopors\u00f3t \u00e9s\u00a0koszor\u00fakat viv\u0151 kocsik k\u00f6vetkeztek, ezt pedig a csal\u00e1d k\u00f6vette. A szentferencrendiek templom\u00e1hoz \u00e9rve a halottat\u00a0viv\u0151 kocsi a templom ajtaja el\u0151tt meg\u00e1llt, a csal\u00e1d tagjai bevonultak a templomba, ahol gr\u00f3f Mikes J\u00e1nos f\u0151esperes\u00a0rekviemet mondott. Ennek v\u00e9gezt\u00e9vel \u00fajra megindult a menet Szombatfalv\u00e1ra, ahol az Ugron-csal\u00e1d s\u00edrboltja van.\u00a0M\u00e1sf\u00e9l \u00f3r\u00e1t tartott, m\u00edg a menet a hegytet\u0151re \u00e9rt. A hegy alj\u00e1ban nagy t\u00e1rszek\u00e9rre tett\u00e9k a kopors\u00f3t \u00e9s azon vitt\u00e9k\u00a0fel a hegyre. A gy\u00e1szszertart\u00e1s el\u0151tt Sebesi J\u00e1nos Udvarhelymegye alisp\u00e1nja b\u00facs\u00faztatta el a megye nagy fi\u00e1t, majd\u00a0gr\u00f3f Mikes \u00fajra beszentelte a holttestet, mire a kripta gyerty\u00e1inak lobog\u00f3 f\u00e9nye mellett lebocs\u00e1tott\u00e1k a kopors\u00f3t.\u201d\u00a0<\/p>\n<p>Heves v\u00e9ralkatu, szenved\u00e9lyes politikus volt, olyan, milyent nem tal\u00e1lunk ma az olvad\u00f3 Sz\u00e9kelyf\u00f6ld\u00f6n, pedig nagy\u00a0sz\u00fcks\u00e9g lenne, hogy gaty\u00e1ba r\u00e1zza a sok m\u00e1l\u00e9sz\u00e1j\u00fa mag\u00e1t politikusnak nevez\u0151 parlamentert.<\/p><\/div>\n<div style=\"text-align: center;\"><img loading=\"lazy\" decoding=\"async\" src=\"http:\/\/archivum.eloszekelyfold.ro\/wp-content\/uploads\/2021\/12\/Id__Ugron_Gabor.jpg\" width=\"200\" height=\"216\" alt=\"\"><\/div>\n<div style=\"text-align: right;\"><em><br \/>\nId\u0151sebb Ugron G\u00e1bor (Szombatfalva, 1847. \u00e1prilis 15. &#8211; Budapest, 1911. janu\u00e1r 23.) jogi tanulm\u00e1nyokat v\u00e9gzett Pesten \u00e9s B\u00e9csben. Eg\u00e9szen fiatalon r\u00e9szt vett az Alm\u00e1sy-f\u00e9le \u00f6sszeesk\u00fcv\u00e9sben. 1869-ben \u00f6nk\u00e9ntesnek \u00e1llt a J\u00f3zsef f\u0151herceg nev\u00e9t visel\u0151 gyalogezredbe, k\u00e9s\u0151bb a porosz-framcia h\u00e1bor\u00fa idej\u00e9n (1871) Franciaorsz\u00e1gban tart\u00f3zkodott, majd Olaszorsz\u00e1gban Garibaldi sereg\u00e9ben szolg\u00e1lt. K\u00e9s\u0151bb ism\u00e9t P\u00e1rizsban tart\u00f3zkodott, ahonnan t\u00e1rgyilagos besz\u00e1mol\u00f3kat k\u00fcld\u00f6tt magyar lapoknak a komm\u00fcn esem\u00e9nyeir\u0151l. Politikai p\u00e1lyafut\u00e1sa idehaza 1872-t\u0151l kezd\u0151d\u00f6tt &#8211; ekkor v\u00e1lasztj\u00e1k meg el\u0151sz\u00f6r orsz\u00e1ggy\u0171l\u00e9si k\u00e9pvisel\u0151nek -, de nyugtalan term\u00e9szete ism\u00e9t k\u00fcl\u00f6nleges szerpv\u00e1llal\u00e1sra k\u00e9szteti. Bartha Mikl\u00f3ssal \u00e9s Orb\u00e1n Bal\u00e1zzsal &#8211; n\u00e9mi brit t\u00e1mogat\u00e1ssal &#8211; szabadcsapatot szerveznek azzal a c\u00e9llal, hogy akad\u00e1lyozz\u00e1k a c\u00e1ri csapatok T\u00f6r\u00f6korsz\u00e1g fel\u00e9 val\u00f3 el\u0151renyomul\u00e1s\u00e1t. Ekkor zajlott a t\u00f6r\u00f6k-orosz h\u00e1bor\u00fa, amelyben v\u00e9g\u00fcl T\u00f6r\u00f6korsz\u00e1g veres\u00e9get szenvedett &#8211; ekkor nyerte el f\u00fcggetlens\u00e9g\u00e9t Rom\u00e1nia \u00e9s Bulg\u00e1ria -, a konfliktusban semleges Osztr\u00e1k-Magyar Monarchia hat\u00f3s\u00e1gai leleplezt\u00e9k a szervez\u0151d\u00e9st, form\u00e1lisan elj\u00e1r\u00e1st ind\u00edtottak ugyan a r\u00e9sztvev\u0151 szervez\u0151k ellen, de vizsg\u00e1lat v\u00e9g\u00fcl enyhe \u00edt\u00e9letekkel \u00e9s felment\u00e9sekkl z\u00e1rult. Id. Ugron G\u00e1bor er\u0151s fizikum\u00fa, kort\u00e1rsain\u00e1l fejjel magasabb f\u00e9rfi\u00fa volt. Intellektu\u00e1lis kapacit\u00e1sa, romantikus lelkialkata kicsit sok volt a sz\u00e9kelyeknek, akiket \u00e9lete v\u00e9g\u00e9ig politikusk\u00e9nt szolg\u00e1lt az orsz\u00e1ggy\u0171l\u00e9sben. T\u00f6bbsz\u00f6r v\u00e1ltott politikai ir\u00e1nyvonalat az 1874 \u00e9s 1911 k\u00f6z\u00f6tt befutott p\u00e1ly\u00e1n, de mindv\u00e9gig a v\u00e1laszt\u00f3k \u00e9rdekeit k\u00e9pviselte \u00fagy, hogy k\u00f6zben orsz\u00e1gos h\u00edr\u0171 \u00e9s megbecs\u00fclts\u00e9g\u0171 szem\u00e9lyis\u00e9gk\u00e9nt tisztelt\u00e9k (vagy ut\u00e1lt\u00e1k). Olyan politikus volt, aki a &#8222;k\u00f6zj\u00f3ra val\u00f3 t\u00f6rkev\u00e9s&#8221; sor\u00e1n 7000 hold birtokot vesz\u00edtett. Fia, ifjabb Ugron G\u00e1bor (1880-1960) ugyancsak politikusk\u00e9nt v\u00e1lt ismertt\u00e9, 1918-ban Erd\u00e9ly korm\u00e1nybiztosa. Id. Ugron G\u00e1bor alakja ma m\u00e1r alig \u00e9l a k\u00f6ztudatban. Eml\u00e9k\u00e9t Bud\u00e1n (Sashegyen) utcan\u00e9v \u0151rzi, tisztel\u0151i \u00e9s lesz\u00e1rmaozattai f\u0151k\u00e9nt Udvarhelysz\u00e9ken igyekeznek kultusz\u00e1t fenntartani. \u00a0<\/em>\u00a0<\/div>\n<div>\n<em>Bal\u00e1zs \u00c1rp\u00e1d\/ \u00c9l\u0151 Sz\u00e9kelyf\u00f6ld Munkacsoport<\/em><\/div>\n<\/p><\/div>\n","protected":false},"excerpt":{"rendered":"<p>Lapozom a r\u00e9gi \u00fajs\u00e1gokat. Szeretek egy-egy kicsit visszal\u00e9pni az id\u0151ben. Most \u00e9ppen az Ugronok \u00e9rdekelnek. Mivel szombatfalviv\u00e1 lettem, illik tudni, hogy kik voltak az egykori szomsz\u00e9dok. Egy biztos, az Ugron nevet a sz\u00e9kely kr\u00f3nika m\u00e1r a rabonb\u00e1nok kor\u00e1ban eml\u00edti. Az \u00e9n h\u0151s\u00f6m k\u00e9pvisel\u0151 volt \u00e9s h\u00edres ember. Ha \u00e9lne az id\u0151sebb Ugron G\u00e1bor &#8211; milyen [&hellip;]<\/p>\n","protected":false},"author":1,"featured_media":28346,"comment_status":"open","ping_status":"open","sticky":false,"template":"","format":"standard","meta":{"footnotes":""},"categories":[],"tags":[],"class_list":["post-28345","post","type-post","status-publish","format-standard","has-post-thumbnail","hentry"],"_links":{"self":[{"href":"https:\/\/archivum.eloszekelyfold.ro\/index.php\/wp-json\/wp\/v2\/posts\/28345","targetHints":{"allow":["GET"]}}],"collection":[{"href":"https:\/\/archivum.eloszekelyfold.ro\/index.php\/wp-json\/wp\/v2\/posts"}],"about":[{"href":"https:\/\/archivum.eloszekelyfold.ro\/index.php\/wp-json\/wp\/v2\/types\/post"}],"author":[{"embeddable":true,"href":"https:\/\/archivum.eloszekelyfold.ro\/index.php\/wp-json\/wp\/v2\/users\/1"}],"replies":[{"embeddable":true,"href":"https:\/\/archivum.eloszekelyfold.ro\/index.php\/wp-json\/wp\/v2\/comments?post=28345"}],"version-history":[{"count":0,"href":"https:\/\/archivum.eloszekelyfold.ro\/index.php\/wp-json\/wp\/v2\/posts\/28345\/revisions"}],"wp:featuredmedia":[{"embeddable":true,"href":"https:\/\/archivum.eloszekelyfold.ro\/index.php\/wp-json\/wp\/v2\/media\/28346"}],"wp:attachment":[{"href":"https:\/\/archivum.eloszekelyfold.ro\/index.php\/wp-json\/wp\/v2\/media?parent=28345"}],"wp:term":[{"taxonomy":"category","embeddable":true,"href":"https:\/\/archivum.eloszekelyfold.ro\/index.php\/wp-json\/wp\/v2\/categories?post=28345"},{"taxonomy":"post_tag","embeddable":true,"href":"https:\/\/archivum.eloszekelyfold.ro\/index.php\/wp-json\/wp\/v2\/tags?post=28345"}],"curies":[{"name":"wp","href":"https:\/\/api.w.org\/{rel}","templated":true}]}}