{"id":28343,"date":"2021-12-13T03:55:00","date_gmt":"2021-12-13T03:55:00","guid":{"rendered":"http:\/\/archivum.eloszekelyfold.ro\/2021\/12\/13\/itc-minikonferencia\/"},"modified":"2021-12-13T03:55:00","modified_gmt":"2021-12-13T03:55:00","slug":"itc-minikonferencia","status":"publish","type":"post","link":"https:\/\/archivum.eloszekelyfold.ro\/index.php\/2021\/12\/13\/itc-minikonferencia\/","title":{"rendered":"IT&#038;C minikonferencia"},"content":{"rendered":"<p><\/p>\n<div style=\"color:#666666; font-family:inherit; font-size:14px;font-style: normal;text-align:left;line-height:24px;\">\n<div style=\"float:left\"><img decoding=\"async\" src=\"http:\/\/archivum.eloszekelyfold.ro\/wp-content\/uploads\/2021\/12\/582_IT&#038;T.jpg\" alt=\" IT&#038;C minikonferencia\" style=\"padding-right:14px; padding-bottom:6px; padding-top:6px;\" width=\"320px\"><\/div>\n<p>                              Sz\u00e9kelyudvarhely Polg\u00e1rmesteri Hivatala \u00e9s a Bethlen G\u00e1bor Alap\u00edtv\u00e1ny tal\u00e1lkoz\u00f3ra h\u00edvja a sz\u00e9kelyudvarhelyi IT&#038;C v\u00e1llalkoz\u00e1sok k\u00e9pvisel\u0151it, illetve a ter\u00fcleten dolgoz\u00f3 szakembereket. <\/p>\n<p>2016. november 12-\u00e9n egy minikonferenci\u00e1n bemutatj\u00e1k a Sz\u00e9kelyudvarhelyi Inform\u00e1ci\u00f3technol\u00f3giai Park Projekt el\u0151k\u00e9sz\u00edt\u00e9s\u00e9vel kapcsolatos elk\u00e9pzel\u00e9seket, illetve a jelenlegi tev\u00e9kenys\u00e9geket. <\/p>\n<p>A sz\u00e9kelyf\u00f6ldi IT Plus Cluster vezet\u0151s\u00e9gi tagjai besz\u00e1molnak a ter\u00fclet aktu\u00e1lis helyzet\u00e9r\u0151l \u00e9s a lehet\u0151s\u00e9gekr\u0151l, a klaszter jelenlegi tev\u00e9kenys\u00e9geir\u0151l, illetve a sz\u00e9kelyudvarhelyi c\u00e9gek kapcsol\u00f3d\u00e1si lehet\u0151s\u00e9geir\u0151l. Az eml\u00edtett t\u00e9m\u00e1kr\u00f3l r\u00f6vid bemutat\u00f3kat tart Hajd\u00f3 Csaba (az IT Park Projekt\u00e9rt felel\u0151s sz\u00e9kelyudvarhelyi \u00f6nkorm\u00e1nyzati k\u00e9pvisel\u0151), dr.Simon K\u00e1roly (az IT Park Projekt szakmai koordin\u00e1tora), Bihari B\u00e9la (az IT Plus Cluster eln\u00f6ke) \u00e9s Kozma Istv\u00e1n (az IT Plus Cluster vezet\u0151s\u00e9gi tagja). <\/p>\n<p>A szervez\u0151k azt szeretn\u00e9k, hogy ez a tal\u00e1lkoz\u00f3 egyben egy sz\u00e9kelyudvarhelyi IT k\u00f6z\u00f6ss\u00e9g kialakul\u00e1s\u00e1nak kiindul\u00f3pontja is legyen. Egy k\u00f6z\u00f6s kommunik\u00e1ci\u00f3s f\u00f3rumot k\u00edv\u00e1nnak l\u00e9trehozni ennek a k\u00f6z\u00f6ss\u00e9gnek \u00e9s rendszeres\u00edteni (egyel\u0151re havonta) a tal\u00e1lkoz\u00f3kat \u00e9s besz\u00e9lget\u00e9seket. <\/p>\n<p>Sok szeretettel v\u00e1rj\u00e1k azokat, akik sz\u00edvesen csatlakozn\u00e1nak ehhez a k\u00f6z\u00f6ss\u00e9ghez!<\/p>\n<p>A r\u00e9szv\u00e9tel ingyenes, de regisztr\u00e1ci\u00f3ra van sz\u00fcks\u00e9g <a href=\"https:\/\/docs.google.com\/forms\/d\/e\/1FAIpQLSe4VRiR_PPJMOUYij9CmdVoyLeCXY2dZLNOEQiluwW28IVedg\/viewform?c=0&#038;w=1\">ITT<\/a>\u00a0&#8211; hat\u00e1rid\u0151: 2016. november 10.\u00a0<\/p>\n<p><em>\u00c9l\u0151 Sz\u00e9kelyf\u00f6ld Munkacsoport<\/em>\n                        <\/div>\n","protected":false},"excerpt":{"rendered":"<p>Sz\u00e9kelyudvarhely Polg\u00e1rmesteri Hivatala \u00e9s a Bethlen G\u00e1bor Alap\u00edtv\u00e1ny tal\u00e1lkoz\u00f3ra h\u00edvja a sz\u00e9kelyudvarhelyi IT&#038;C v\u00e1llalkoz\u00e1sok k\u00e9pvisel\u0151it, illetve a ter\u00fcleten dolgoz\u00f3 szakembereket. 2016. november 12-\u00e9n egy minikonferenci\u00e1n bemutatj\u00e1k a Sz\u00e9kelyudvarhelyi Inform\u00e1ci\u00f3technol\u00f3giai Park Projekt el\u0151k\u00e9sz\u00edt\u00e9s\u00e9vel kapcsolatos elk\u00e9pzel\u00e9seket, illetve a jelenlegi tev\u00e9kenys\u00e9geket. A sz\u00e9kelyf\u00f6ldi IT Plus Cluster vezet\u0151s\u00e9gi tagjai besz\u00e1molnak a ter\u00fclet aktu\u00e1lis helyzet\u00e9r\u0151l \u00e9s a lehet\u0151s\u00e9gekr\u0151l, a klaszter [&hellip;]<\/p>\n","protected":false},"author":1,"featured_media":28344,"comment_status":"open","ping_status":"open","sticky":false,"template":"","format":"standard","meta":{"footnotes":""},"categories":[],"tags":[],"class_list":["post-28343","post","type-post","status-publish","format-standard","has-post-thumbnail","hentry"],"_links":{"self":[{"href":"https:\/\/archivum.eloszekelyfold.ro\/index.php\/wp-json\/wp\/v2\/posts\/28343","targetHints":{"allow":["GET"]}}],"collection":[{"href":"https:\/\/archivum.eloszekelyfold.ro\/index.php\/wp-json\/wp\/v2\/posts"}],"about":[{"href":"https:\/\/archivum.eloszekelyfold.ro\/index.php\/wp-json\/wp\/v2\/types\/post"}],"author":[{"embeddable":true,"href":"https:\/\/archivum.eloszekelyfold.ro\/index.php\/wp-json\/wp\/v2\/users\/1"}],"replies":[{"embeddable":true,"href":"https:\/\/archivum.eloszekelyfold.ro\/index.php\/wp-json\/wp\/v2\/comments?post=28343"}],"version-history":[{"count":0,"href":"https:\/\/archivum.eloszekelyfold.ro\/index.php\/wp-json\/wp\/v2\/posts\/28343\/revisions"}],"wp:featuredmedia":[{"embeddable":true,"href":"https:\/\/archivum.eloszekelyfold.ro\/index.php\/wp-json\/wp\/v2\/media\/28344"}],"wp:attachment":[{"href":"https:\/\/archivum.eloszekelyfold.ro\/index.php\/wp-json\/wp\/v2\/media?parent=28343"}],"wp:term":[{"taxonomy":"category","embeddable":true,"href":"https:\/\/archivum.eloszekelyfold.ro\/index.php\/wp-json\/wp\/v2\/categories?post=28343"},{"taxonomy":"post_tag","embeddable":true,"href":"https:\/\/archivum.eloszekelyfold.ro\/index.php\/wp-json\/wp\/v2\/tags?post=28343"}],"curies":[{"name":"wp","href":"https:\/\/api.w.org\/{rel}","templated":true}]}}