{"id":28341,"date":"2021-12-13T03:53:00","date_gmt":"2021-12-13T03:53:00","guid":{"rendered":"http:\/\/archivum.eloszekelyfold.ro\/2021\/12\/13\/biztosnak-tunik-clinton-gyozelme-vagy-megsem\/"},"modified":"2021-12-13T03:53:00","modified_gmt":"2021-12-13T03:53:00","slug":"biztosnak-tunik-clinton-gyozelme-vagy-megsem","status":"publish","type":"post","link":"https:\/\/archivum.eloszekelyfold.ro\/index.php\/2021\/12\/13\/biztosnak-tunik-clinton-gyozelme-vagy-megsem\/","title":{"rendered":"Biztosnak t\u0171nik Clinton gy\u0151zelme. Vagy m\u00e9gsem?"},"content":{"rendered":"<p><\/p>\n<div style=\"color:#666666; font-family:inherit; font-size:14px;font-style: normal;text-align:left;line-height:24px;\">\n<div style=\"float:left\"><img decoding=\"async\" src=\"http:\/\/archivum.eloszekelyfold.ro\/wp-content\/uploads\/2021\/12\/583_AP_hillary_clinton_jt_151030_12x5_1600.jpg\" alt=\"Biztosnak t\u0171nik Clinton gy\u0151zelme. Vagy m\u00e9gsem?\" style=\"padding-right:14px; padding-bottom:6px; padding-top:6px;\" width=\"320px\"><\/div>\n<p>                              A h\u00e9tf\u0151 este nyilv\u00e1noss\u00e1gra hozott, a keddi v\u00e1laszt\u00e1s el\u0151tti utols\u00f3 felm\u00e9r\u00e9s szerint kilencven sz\u00e1zal\u00e9k az es\u00e9lye annak, hogy Hillary Clinton lesz az Egyes\u00fclt \u00c1llamok k\u00f6vetkez\u0151 eln\u00f6ke. A felm\u00e9r\u00e9st a Reuters brit h\u00edr\u00fcgyn\u00f6ks\u00e9g \u00e9s az Ipsos k\u00f6zv\u00e9lem\u00e9ny-kutat\u00f3 k\u00f6z\u00f6sen k\u00e9sz\u00edtette, \u00e9s h\u00e9tf\u0151n, a k\u00e9s\u0151 esti \u00f3r\u00e1kban hozta nyilv\u00e1noss\u00e1gra, p\u00e1r \u00f3r\u00e1val a szavaz\u00e1s kezdete el\u0151tt. <\/p>\n<p>A k\u00f6zv\u00e9lem\u00e9ny-kutat\u00e1s eredm\u00e9nyei szerint Hillary Clinton 45:42 ar\u00e1nyban vezet a k\u00f6zvetlen voksokat (teh\u00e1t a polg\u00e1rok k\u00f6zvetlen szavazatait) illet\u0151n, \u00e9s az eln\u00f6ks\u00e9ghez sz\u00fcks\u00e9ges 270-n\u00e9l j\u00f3val t\u00f6bb, 303 elektor t\u00e1mogat\u00e1s\u00e1ra sz\u00e1m\u00edthat. Ezzel szemben Donald Trump v\u00e1rhat\u00f3an csup\u00e1n 235 elektor bizalm\u00e1t nyeri el. A republik\u00e1nus eln\u00f6kjel\u00f6lt es\u00e9lye &#8211; a felm\u00e9r\u00e9s szerint &#8211; att\u00f3l f\u00fcgg, hogy hogyan teljes\u00edt majd Florid\u00e1ban, Pennsylvani\u00e1ban \u00e9s Michiganben. Ha e h\u00e1rom \u00e1llam k\u00f6z\u00fcl kett\u0151ben vesz\u00edt, akkor senki nem veheti el az eln\u00f6ks\u00e9get a demokrata p\u00e1rti Hillary Clintont\u00f3l. <\/p>\n<p>Hillary Clinton h\u00e9tf\u0151n, helyi id\u0151 szerint \u00e9jf\u00e9lkor m\u00e9g \u00c9szak-Karolin\u00e1ban tartott kisebb kamp\u00e1nyrendezv\u00e9nyt, de el\u0151tte, m\u00e9g az esti \u00f3r\u00e1kban nagyszab\u00e1s\u00fa, koncerttel egybek\u00f6t\u00f6tt nagygy\u0171l\u00e9sen szerepelt a pennsylvaniai Philadelphi\u00e1ban. A rendezv\u00e9nyen jelen volt \u00e9s szenved\u00e9lyes besz\u00e9det mondott Barack Obama eln\u00f6k, Michelle Obama, a first lady \u00e9s term\u00e9szetesen Hillary Clinton. Obama eln\u00f6k ism\u00e9t felh\u00edvta a figyelmet arra, hogy Donald Trump m\u00e1r csak a v\u00e9rm\u00e9rs\u00e9klete miatt sem alkalmas arra, hogy az Egyes\u00fclt \u00c1llamok eln\u00f6ke legyen. Arra biztatta a jelenl\u00e9v\u0151, a philadelphiai rend\u0151rs\u00e9g adatai szerint t\u00f6bb mint harmincezer embert, hogy ne az\u00e9rt voksoljon Clintonra, mert nem akarja Trumpot, hanem az\u00e9rt, mert a demokrata p\u00e1rti eln\u00f6kjel\u00f6lt &#8222;kiv\u00e9teles k\u00e9pess\u00e9g\u0171&#8221; politikus. &#8222;\u0150 cselekszik majd, \u00e9s nem egyszer\u0171en Twitter-\u00fczeneteket k\u00fcld&#8221; &#8211; fogalmazott Obama arra c\u00e9lozva, hogy Donald Trump \u00e1lland\u00f3an Twitteren kommunik\u00e1l, ak\u00e1r m\u00e9g \u00e9jjel h\u00e1romkor is.<\/p>\n<p>Michelle Obama szint\u00e9n szenved\u00e9lyesen sz\u00f3lt arr\u00f3l, hogy kedden az amerikaiak arr\u00f3l d\u00f6nthetnek, hogy szembesz\u00e1llnak-e &#8222;azokkal, akik meg akarnak osztani benn\u00fcnket, \u00e9s azt akarj\u00e1k, hogy f\u00e9lj\u00fcnk&#8221;. <\/p>\n<p>Hillary Clinton azt tartotta fontosnak hangs\u00falyozni, hogy &#8222;mi \u00fagy d\u00f6nt\u00f6tt\u00fcnk, a rem\u00e9nyt sug\u00e1rz\u00f3, befogad\u00f3 \u00e9s melegsz\u00edv\u0171 Amerik\u00e1ban hisz\u00fcnk&#8221;. <\/p>\n<p>A besz\u00e9dek ut\u00e1n a rock k\u00e9t nagy\u00e1gy\u00faja, Bruce Springsteen \u00e9s Jon Bon Jovi adott koncertet. V\u00e1ratlanul f\u00e9l\u00f3r\u00e1s szabadt\u00e9ri koncertet tartott Madonna is New Yorkban, Manhattan sz\u00edv\u00e9ben. Az \u00e9nekesn\u0151 Hillary Clinton t\u00e1mogat\u00e1s\u00e1ra buzd\u00edtotta az egybegy\u0171lteket. <\/p>\n<p>K\u00e9rd\u00e9seket tett fel h\u00edveinek Donald Trump, aki h\u00e9tf\u0151 este New Hampshire legnagyobb v\u00e1ros\u00e1ban, Manchesterben kamp\u00e1nyolt. &#8222;Azt akarj\u00e1tok, hogy a korrupt politikai elit ir\u00e1ny\u00edtsa Amerik\u00e1t, vagy azt akarj\u00e1tok, hogy ism\u00e9t az emberek ir\u00e1ny\u00edts\u00e1k az orsz\u00e1got?&#8221; &#8211; fogalmazott a republik\u00e1nus jel\u00f6lt, akit ez\u00fattal nemcsak a l\u00e1nya, Ivanka Trump k\u00eds\u00e9rt el a rendezv\u00e9nyre, hanem fell\u00e9pett vele az amerikai futball egyik szt\u00e1rja, Tom Brady is. Trump azonban ez\u00fattal sem \u00e1llta meg, hogy ne s\u00e9rtegessen valakit. Elizabeth Warren demokrata p\u00e1rti szen\u00e1tort vette c\u00e9lba azon \u00e9lcel\u0151dve, hogy a politikusn\u0151 ereiben indi\u00e1n v\u00e9r is cs\u00f6rgedez. <\/p>\n<p>Helyi id\u0151 szerint h\u00e9tf\u0151n pontban \u00e9jf\u00e9lkor, k\u00f6z\u00e9p-eur\u00f3pai id\u0151 szerint kedd reggel hat \u00f3rakor New Hampshire \u00e1llam h\u00e1rom kisv\u00e1ros\u00e1ban megnyitott\u00e1k a szavaz\u00f3helyis\u00e9geket, \u00e9s elkezd\u0151d\u00f6tt a v\u00e1laszt\u00e1s.<\/p>\n<div>Ha nem t\u00e9vedtek a k\u00f6zv\u00e9lem\u00e9nykutat\u00f3k, akkor bej\u00f6het a &#8222;pap\u00edrforma&#8221;, b\u00e1r a hatalmas orsz\u00e1g t\u00f6rt\u00e9netlben voltak m\u00e9g v\u00e1ratlan v\u00e1laszt\u00e1si eredm\u00e9nyek.<\/p>\n<p><em>C\u00edmk\u00e9p\u00fcnk\u00f6n Hillary Clinton &#8211; Fot\u00f3: Associated Press<\/em><\/p>\n<p><em>Forr\u00e1s: MTI<\/p>\n<p>\u00c9l\u0151 Sz\u00e9kelyf\u00f6ld Munkacsoport<\/em><\/div>\n<div>\u00a0<\/div>\n<\/p><\/div>\n","protected":false},"excerpt":{"rendered":"<p>A h\u00e9tf\u0151 este nyilv\u00e1noss\u00e1gra hozott, a keddi v\u00e1laszt\u00e1s el\u0151tti utols\u00f3 felm\u00e9r\u00e9s szerint kilencven sz\u00e1zal\u00e9k az es\u00e9lye annak, hogy Hillary Clinton lesz az Egyes\u00fclt \u00c1llamok k\u00f6vetkez\u0151 eln\u00f6ke. A felm\u00e9r\u00e9st a Reuters brit h\u00edr\u00fcgyn\u00f6ks\u00e9g \u00e9s az Ipsos k\u00f6zv\u00e9lem\u00e9ny-kutat\u00f3 k\u00f6z\u00f6sen k\u00e9sz\u00edtette, \u00e9s h\u00e9tf\u0151n, a k\u00e9s\u0151 esti \u00f3r\u00e1kban hozta nyilv\u00e1noss\u00e1gra, p\u00e1r \u00f3r\u00e1val a szavaz\u00e1s kezdete el\u0151tt. A k\u00f6zv\u00e9lem\u00e9ny-kutat\u00e1s eredm\u00e9nyei [&hellip;]<\/p>\n","protected":false},"author":1,"featured_media":28342,"comment_status":"open","ping_status":"open","sticky":false,"template":"","format":"standard","meta":{"footnotes":""},"categories":[],"tags":[],"class_list":["post-28341","post","type-post","status-publish","format-standard","has-post-thumbnail","hentry"],"_links":{"self":[{"href":"https:\/\/archivum.eloszekelyfold.ro\/index.php\/wp-json\/wp\/v2\/posts\/28341","targetHints":{"allow":["GET"]}}],"collection":[{"href":"https:\/\/archivum.eloszekelyfold.ro\/index.php\/wp-json\/wp\/v2\/posts"}],"about":[{"href":"https:\/\/archivum.eloszekelyfold.ro\/index.php\/wp-json\/wp\/v2\/types\/post"}],"author":[{"embeddable":true,"href":"https:\/\/archivum.eloszekelyfold.ro\/index.php\/wp-json\/wp\/v2\/users\/1"}],"replies":[{"embeddable":true,"href":"https:\/\/archivum.eloszekelyfold.ro\/index.php\/wp-json\/wp\/v2\/comments?post=28341"}],"version-history":[{"count":0,"href":"https:\/\/archivum.eloszekelyfold.ro\/index.php\/wp-json\/wp\/v2\/posts\/28341\/revisions"}],"wp:featuredmedia":[{"embeddable":true,"href":"https:\/\/archivum.eloszekelyfold.ro\/index.php\/wp-json\/wp\/v2\/media\/28342"}],"wp:attachment":[{"href":"https:\/\/archivum.eloszekelyfold.ro\/index.php\/wp-json\/wp\/v2\/media?parent=28341"}],"wp:term":[{"taxonomy":"category","embeddable":true,"href":"https:\/\/archivum.eloszekelyfold.ro\/index.php\/wp-json\/wp\/v2\/categories?post=28341"},{"taxonomy":"post_tag","embeddable":true,"href":"https:\/\/archivum.eloszekelyfold.ro\/index.php\/wp-json\/wp\/v2\/tags?post=28341"}],"curies":[{"name":"wp","href":"https:\/\/api.w.org\/{rel}","templated":true}]}}