{"id":28339,"date":"2021-12-13T03:51:01","date_gmt":"2021-12-13T03:51:01","guid":{"rendered":"http:\/\/archivum.eloszekelyfold.ro\/2021\/12\/13\/ma-rajtol-a-22-marosvasarhelyi-nemzetkozi-konyvvasar\/"},"modified":"2021-12-13T03:51:01","modified_gmt":"2021-12-13T03:51:01","slug":"ma-rajtol-a-22-marosvasarhelyi-nemzetkozi-konyvvasar","status":"publish","type":"post","link":"https:\/\/archivum.eloszekelyfold.ro\/index.php\/2021\/12\/13\/ma-rajtol-a-22-marosvasarhelyi-nemzetkozi-konyvvasar\/","title":{"rendered":"Ma rajtol a 22. Marosv\u00e1s\u00e1rhelyi Nemzetk\u00f6zi K\u00f6nyvv\u00e1s\u00e1r"},"content":{"rendered":"<p><\/p>\n<div style=\"color:#666666; font-family:inherit; font-size:14px;font-style: normal;text-align:left;line-height:24px;\">\n<div style=\"float:left\"><img decoding=\"async\" src=\"http:\/\/archivum.eloszekelyfold.ro\/wp-content\/uploads\/2021\/12\/584_maroskonyv.jpg\" alt=\"Ma rajtol a 22. Marosv\u00e1s\u00e1rhelyi Nemzetk\u00f6zi K\u00f6nyvv\u00e1s\u00e1r\" style=\"padding-right:14px; padding-bottom:6px; padding-top:6px;\" width=\"320px\"><\/div>\n<p>                              K\u00e9t \u00e9vtizeddel ezel\u0151tt senki sem gondolta volna, hogy ily sok\u00e1ig meg\u00e9l a K\u00f6nyvv\u00e1s\u00e1r, s tal\u00e1n az sem fordult meg a fejekben, hogy \u00f6sszm\u0171v\u00e9szetiv\u00e9 tereb\u00e9lyesedik, amely rendezv\u00e9nysorozat azt\u00e1n term\u00e9szetes m\u00f3don be\u00e9p\u00fcl az erd\u00e9lyi magyar kult\u00fara sz\u00f6vet\u00e9be, de \u00fagy, mintha annak szerves r\u00e9sze lett volna m\u00e1r az id\u0151k kezdete \u00f3ta. <\/p>\n<p>Rendj\u00e9n van ez \u00edgy. Mi a magunk provinci\u00e1lis \u00e9szj\u00e1r\u00e1s\u00e1val szerencs\u00e9snek tartjuk, hogy p\u00e1r napon \u00e1t a Sz\u00e9kelyf\u00f6ld &#8222;frontv\u00e1ros\u00e1ban&#8221; van kult\u00far\u00e1nk f\u00f3kuszpontja.<\/p>\n<p>November 10. \u00e9s 14. k\u00f6z\u00f6tt &#8211; a mai nulladik napot nem is sz\u00e1m\u00edtva &#8211; t\u00f6bb sz\u00ednh\u00e1zi el\u0151ad\u00e1sra \u00e9s egy gyerekkoncertre is sor ker\u00fcl. K\u00fcl\u00f6nlegesen kiemelked\u0151 esem\u00e9ny a budapesti Nemzeti Sz\u00ednh\u00e1z vend\u00e9gszerepl\u00e9se Ingmar Bergman Szenved\u00e9ly c\u00edm\u0171 darabj\u00e1val. Az irodalom felolvas\u00f3sz\u00ednh\u00e1zi el\u0151ad\u00e1ssal is kapcsol\u00f3dik a te\u00e1trum vil\u00e1g\u00e1hoz.<\/p>\n<p>K\u00fcl\u00f6n figyelnek id\u00e9n is a gyermekekre &#8211; az olvas\u00f3i ut\u00e1np\u00f3tl\u00e1s-nevel\u00e9sre -, a szombati napon reggelt\u0151l-estig gyermek- \u00e9s ifj\u00fas\u00e1gi programokat szerveznek, amelyek k\u00f6z\u00fcl kiemelkedik a Varr\u00f3 D\u00e1niellel szervezett tal\u00e1lkoz\u00f3 &#8211; 11.00 \u00f3r\u00e1t\u00f3l -, illetve a Mesezenekar koncertje.<\/p>\n<p>Mivel id\u00e9n a Kov\u00e1szna Megyei Bod P\u00e9ter K\u00f6nyvt\u00e1r a v\u00e1s\u00e1r f\u0151v\u00e9dn\u00f6ke, a h\u00e1romsz\u00e9ki szerz\u0151kre is k\u00fcl\u00f6n figyelmet ford\u00edtanak, Fekete Vince, Dim\u00e9ny-Haszmann \u00c1rp\u00e1d, Tam\u00e1s Kincs\u0151 \u00e9s Szonda Szabolcs vesz r\u00e9szt egy\u00fcttes k\u00f6z\u00f6ns\u00e9gtal\u00e1lkoz\u00f3n.<\/p>\n<p>A Sz\u00e9kelyf\u00f6ld szerkeszt\u0151s\u00e9ge \u00e1ltal \u00e9letre h\u00edvott Hargita Kiad\u00f3hivatal \u00e1ltal kezdem\u00e9nyezett \u00e9s 100 k\u00f6tetesre tervezett Sz\u00e9kely K\u00f6nyvt\u00e1r sorozat az 50. c\u00edmhez \u00e9rkezett, a szerkeszt\u0151k \u00fagy l\u00e1tj\u00e1k j\u00f3nak, hogy f\u00e9l\u00fatr\u00f3l visszan\u00e9zzenek. Az Erd\u00e9lyi Sz\u00e9pm\u00edves C\u00e9h k\u00f6nyszakmai teljes\u00edtm\u00e9nye \u00f3ta kies vid\u00e9k\u00fcnk\u00f6n nem volt ehhez m\u00e9rhet\u0151 kiad\u00f3i v\u00e1llalkoz\u00e1s. <\/p>\n<div style=\"text-align: center;\"><img loading=\"lazy\" decoding=\"async\" src=\"http:\/\/archivum.eloszekelyfold.ro\/wp-content\/uploads\/2021\/12\/konyvvasar_prospektus.jpg\" width=\"300\" height=\"186\" alt=\"\"><\/div>\n<div style=\"text-align: center;\"><em>Fot\u00f3: www.maszol.ro<\/em><\/div>\n<p>\nId\u00e9n is lehet tal\u00e1lkozni, szem\u00e9lyesen besz\u00e9lgetni, dedik\u00e1ltatni az \u00f6sszmagyar irodalom legnagyobb \u00e9s legink\u00e1bb n\u00e9pszer\u0171 egy\u00e9nis\u00e9geivel. Jelen lesz Marosv\u00e1s\u00e1rhelyen &#8211; t\u00f6bbek k\u00f6z\u00f6tt &#8211; Parti Nagy Lajos, Kov\u00e1cs Andr\u00e1s Ferenc, Grecs\u00f3 Kriszti\u00e1n, Ny\u00e1ry Kriszti\u00e1n, Z\u00e1vada P\u00e1l \u00e9s Mark\u00f3 B\u00e9la is. Mivel ebben az esztend\u0151ben t\u00f6bb jelent\u0151s magyar \u00edr\u00f3 is az \u00f6r\u00f6kk\u00e9val\u00f3s\u00e1gba t\u00e1vozott &#8211; Esterh\u00e1zy P\u00e9ter, Cso\u00f3ri S\u00e1ndor, Kert\u00e9sz Imre &#8211; \u00fajabb &#8222;\u00e9l\u0151 klasszikusokhoz&#8221; kell igazodnia az olvas\u00f3k t\u00e1rsadalm\u00e1nak.<\/p>\n<p>A tov\u00e1bbiakban k\u00f6z\u00f6lj\u00fck a K\u00f6nyvv\u00e1s\u00e1r programj\u00e1t.<\/p>\n<div style=\"text-align: center;\"><img loading=\"lazy\" decoding=\"async\" src=\"http:\/\/archivum.eloszekelyfold.ro\/wp-content\/uploads\/2021\/12\/konyvvasar_maszol.JPG\" width=\"300\" height=\"225\" alt=\"\"><\/div>\n<div style=\"text-align: center;\"><em>Fot\u00f3: www.maszol.ro<\/em><\/div>\n<p>\n<strong>SZERDA, NOVEMBER 9.<\/strong><\/p>\n<div>\u00a0<\/div>\n<div>16.00 Marosv\u00e1s\u00e1rhelyi M\u0171v\u00e9szeti Egyetem \u2013 a St\u00fadi\u00f3terem El\u0151csarnoka \u2013 HARGITA Kiad\u00f3 \u00e9s SZ\u00c9KELYF\u00d6LD Foly\u00f3irat \u2013\u00a0<\/div>\n<div>K\u00f6nyvbemutat\u00f3 \u2013 Mark\u00f3 B\u00e9la: V\u00e1logatott versek. A Sz\u00e9kely K\u00f6nyvt\u00e1r 50. k\u00f6tete. A k\u00f6nyvsorozatr\u00f3l besz\u00e9lget, \u00e9s a\u00a0k\u00f6tetet bemutatja Elek Tibor, Fekete Vince, L\u00f6v\u00e9tei L\u00e1z\u00e1r L\u00e1szl\u00f3, Mark\u00f3 B\u00e9la.<br \/>\n\u00a0<\/div>\n<div style=\"text-align: center;\"><img loading=\"lazy\" decoding=\"async\" src=\"http:\/\/archivum.eloszekelyfold.ro\/wp-content\/uploads\/2021\/12\/konyvvasar_2015_megnyito_6_thumb.jpg\" width=\"400\" height=\"267\" alt=\"\"><\/div>\n<div style=\"text-align: center;\"><em>\u00a0Arch\u00edv felv\u00e9tel a tavalyi v\u00e1s\u00e1rr\u00f3l (Fot\u00f3: www.vasarhely.ro)<br \/>\n<br type=\"_moz\"><br \/>\n<\/em><\/div>\n<div><strong>CS\u00dcT\u00d6RT\u00d6K, NOVEMBER 10.<\/strong><\/p>\n<p>10.00 Sz\u00ednh\u00e1z t\u00e9r \u2013 Megnyit\u00f3<br \/>\n11.00\u20131400 Nemzeti Sz\u00ednh\u00e1z \u2013 L\u00c1T\u00d3 foly\u00f3irat standja (a f\u0151p\u00e1holy el\u0151tti gal\u00e9ri\u00e1n) \u2013 Dedik\u00e1l\u00e1s: 11.00 Vida G\u00e1bor,\u00a011.30 Lokodi Imre, 13.00 Sebesty\u00e9n Mih\u00e1ly.<br \/>\n11.00 Nemzeti Sz\u00ednh\u00e1z \u2013 Irodalmi K\u00e1v\u00e9h\u00e1z (a f\u0151p\u00e1holy el\u0151tti gal\u00e9ri\u00e1n) \u2013 A Magvet\u0151 Kiad\u00f3 bemutatkoz\u00e1sa \u2013 D\u00e1vid Anna\u00a0igazgat\u00f3, Szeg\u0151 J\u00e1nos szerkeszt\u0151, N\u00e9meth Barnab\u00e1s kereskedelmi vezet\u0151.<br \/>\n12.00 Nemzeti Sz\u00ednh\u00e1z \u2013 Irodalmi K\u00e1v\u00e9h\u00e1z (a f\u0151p\u00e1holy el\u0151tti gal\u00e9ri\u00e1n) \u2013 A Magvet\u0151 Kiad\u00f3 k\u00f6nyvbemutat\u00f3ja \u2013 Grecs\u00f3\u00a0Kriszti\u00e1n: Jelmezb\u00e1l.<br \/>\n13.00 Nemzeti Sz\u00ednh\u00e1z \u2013 Irodalmi K\u00e1v\u00e9h\u00e1z (a f\u0151p\u00e1holy el\u0151tti gal\u00e9ri\u00e1n) \u2013 Oktathat\u00f3-e a magyar irodalom? Bal\u00e1zs Imre\u00a0J\u00f3zsef \u00e9s Ny\u00e1ry Kriszti\u00e1n besz\u00e9lget\u00e9se, amelyet dedik\u00e1l\u00e1s k\u00f6vet.<br \/>\n13.00 Nemzeti Sz\u00ednh\u00e1z \u2013 Szil\u00e1gyi Domokos terem \u2013 PONT Kiad\u00f3\/Kulcslyuk K\u00f6nyvesbolt \u2013 K\u00f6nyvbemutat\u00f3 \u2013 Mes\u00e9kr\u0151l \u00e9s\u00a0mesemond\u00f3kr\u00f3l. Besz\u00e9lget\u00e9s sz\u00fcl\u0151kkel, pedag\u00f3gusokkal. Dr. K\u00e1d\u00e1r Annam\u00e1ria pszichol\u00f3gus \u00e9rzelmi intelligenci\u00e1t\u00a0fejleszt\u0151 mesek\u00f6tete \u00e9s a PONT Kiad\u00f3 k\u00f6nyvsorozata kapcs\u00e1n besz\u00e9lgetnek: Dr. K\u00e1d\u00e1r Annam\u00e1ria pszichol\u00f3gus \u00e9s Sz\u00e1vai\u00a0Ilona sorozatszerkeszt\u0151.<br \/>\n13.00 Nemzeti Sz\u00ednh\u00e1z \u2013 Bookart Kiad\u00f3 standja \u2013 Olvass, hogy hallja mindenki! \u2013 Szak\u00e1cs Istv\u00e1n P\u00e9ter Csemp\u00e9sz\u00e1ru\u00a0c\u00edm\u0171, a v\u00e1s\u00e1rra megjelent novell\u00e1sk\u00f6tet\u00e9b\u0151l olvas fel az erre jelentkez\u0151 vend\u00e9g. (Meglepet\u00e9s vend\u00e9ggel!)<br \/>\n13.00 Nemzeti Sz\u00ednh\u00e1z \u2013 Bookart Kiad\u00f3 standja \u2013 Dedik\u00e1l\u00e1s \u2013 Mark\u00f3 B\u00e9la: Csatolm\u00e1ny, Hasra esett a Maros,\u00a0Passi\u00f3j\u00e1t\u00e9k.<br \/>\n13.30 Nemzeti Sz\u00ednh\u00e1z \u2013 Irodalmi K\u00e1v\u00e9h\u00e1z (a f\u0151p\u00e1holy el\u0151tti gal\u00e9ri\u00e1n) \u2013 Lector Kiad\u00f3 \u2013 Dedik\u00e1l\u00e1s \u2013 Sebesty\u00e9n\u00a0Mih\u00e1ly: \u00c9let\u00e9rz\u00e9sek p\u00e9ldat\u00e1ra (pr\u00f3za).<br \/>\n14.00 Nemzeti Sz\u00ednh\u00e1z \u2013 L\u00c1T\u00d3 foly\u00f3irat standja (a f\u0151p\u00e1holy el\u0151tti gal\u00e9ri\u00e1n) \u2013 Polaroid-portr\u00e9k(r\u00f6gt\u00f6nz\u00f6tt versek)\u00a0Dem\u00e9ny P\u00e9terrel.<br \/>\n14.00 Nemzeti Sz\u00ednh\u00e1z \u2013 Bajor Andor terem \u00a0\u2013 EzVan Kiad\u00f3 \u2013 El\u0151ad\u00e1s \u2013 Hogyan l\u00e9pj\u00fcnk t\u00fal a f\u00e9lelmeinken a\u00a0h\u00e9tk\u00f6znapokban? (3 l\u00e9p\u00e9s a f\u00e9lelem n\u00e9lk\u00fcli \u00e9lethez)<br \/>\n14.00 Nemzeti Sz\u00ednh\u00e1z \u2013 PONT Kiad\u00f3 standja \u2013 Dedik\u00e1l\u00e1s \u2013 Sz\u00e1vai Ilona: Merre, magyar gyermekkult\u00fara?<br \/>\n14.30 Nemzeti Sz\u00ednh\u00e1z \u2013 PONT Kiad\u00f3 standja \u2013 Dedik\u00e1l\u00e1s \u2013 G\u00e1sp\u00e1rik Attila: A sz\u00ednh\u00e1z kiterjed\u00e9se.<br \/>\n15.00 Nemzeti Sz\u00ednh\u00e1z \u2013 Szil\u00e1gyi Domokos terem \u2013 Garabontzia Kiad\u00f3 \u2013 K\u00f6nyvbemutat\u00f3 \u2013 Kocsis Nagy No\u00e9mi Fenevadak\u00a0Erd\u00e9lyben c. kisreg\u00e9ny\u00e9t B\u00f3dizs Edit mutatja be.<br \/>\n15.00 Nemzeti Sz\u00ednh\u00e1z \u2013 Bookart Kiad\u00f3 standja \u2013 Olvass, hogy hallja mindenki! \u2013 Shumona Sinha \u00dcss\u00fck agyon a\u00a0szeg\u00e9nyeket! c., a v\u00e1s\u00e1rra megjelent novell\u00e1sk\u00f6tet\u00e9b\u0151l olvas fel az erre jelentkez\u0151 vend\u00e9g. (Meglepet\u00e9s vend\u00e9ggel!)<br \/>\n15.00 Nemzeti Sz\u00ednh\u00e1z \u2013 Irodalmi K\u00e1v\u00e9h\u00e1z (a f\u0151p\u00e1holy el\u0151tti gal\u00e9ri\u00e1n) \u2013 Ir\u00f3nia \u00e9s p\u00e1tosz a mai magyar k\u00f6lt\u00e9szetben.\u00a0K\u00e1ntor P\u00e9ter \u00e9s Mark\u00f3 B\u00e9la besz\u00e9lget\u00e9se, amelyet dedik\u00e1l\u00e1s k\u00f6vet.<br \/>\n15.00 Nemzeti Sz\u00ednh\u00e1z \u2013 Gutenberg Kiad\u00f3 standja \u2013 Dedik\u00e1l\u00e1s \u2013 Bal\u00e1zs Imre J\u00f3zsef: A tenger.<br \/>\n15.30 Nemzeti Sz\u00ednh\u00e1z \u2013 PONT Kiad\u00f3 standja \u2013 Dedik\u00e1l\u00e1s \u2013 Szonda Szabolcs: Ty\u00fakok a mennyben.<br \/>\n16.00 Nemzeti Sz\u00ednh\u00e1z \u2013 Irodalmi K\u00e1v\u00e9h\u00e1z (a f\u0151p\u00e1holy el\u0151tti gal\u00e9ri\u00e1n) \u2013 K\u00f6nyvbemutat\u00f3 \u2013K\u00e1ntor P\u00e9ter k\u00f6lt\u0151vel, a\u00a0Magvet\u0151 Kiad\u00f3 szerz\u0151j\u00e9vel versesk\u00f6teteir\u0151l, k\u00f6lt\u0151i munk\u00e1ss\u00e1g\u00e1r\u00f3l besz\u00e9lget Dem\u00e9ny P\u00e9ter.<br \/>\n16.00 Nemzeti Sz\u00ednh\u00e1z \u2013 PONT Kiad\u00f3 standja \u2013 Dedik\u00e1l\u00e1s \u2013 Sz\u00e1vai G\u00e9za: Mak\u00e1masz\u00fatra.<br \/>\n16.00 Nemzeti Sz\u00ednh\u00e1z \u2013 Szil\u00e1gyi Domokos terem \u2013 Gutenberg Kiad\u00f3 \u2013 K\u00f6nyvbemutat\u00f3 \u2013Fekete Vince: Sz\u00e9lh\u00e1rfa. 99+1\u00a0haiku k\u00f6tet\u00e9t a szerz\u0151 jelenl\u00e9t\u00e9ben L\u00f6v\u00e9tei L\u00e1z\u00e1r L\u00e1szl\u00f3 mutatja be.<br \/>\n17.00 Kult\u00farpalota \u2013 Kisterem \u2013 A Magvet\u0151 Kiad\u00f3 szerz\u0151inek estje: A mai magyar pr\u00f3za\u00e9rt\u00e9kei \u2013 Megh\u00edvottak: Grecs\u00f3\u00a0Kriszti\u00e1n, Ny\u00e1ry Kriszti\u00e1n, Parti Nagy Lajos, Z\u00e1vada P\u00e1l. Az est h\u00e1zigazd\u00e1ja Szeg\u0151 J\u00e1nos, a Magvet\u0151 Kiad\u00f3\u00a0szerkeszt\u0151je.<br \/>\n17.00 Nemzeti Sz\u00ednh\u00e1z \u2013 Bajor Andor terem \u2013 Bookyard Kiad\u00f3\/Kobak K\u00f6nyvesbolt \u2013 K\u00f6nyvbemutat\u00f3 \u2013 Hogyan tegy\u00fcnk le\u00a0sikeres ECL nyelvvizsg\u00e1t \u2013 a magyarorsz\u00e1gi Szab\u00f3 Nyelviskola bemutatkoz\u00e1sa.<br \/>\n17.00 Bern\u00e1dy H\u00e1z \u2013 A budapesti PONT Kiad\u00f3 \u201et\u00f6rt\u00e9netmond\u00f3\u201d estje \u2013 Kis- \u00e9s nagyreg\u00e9nyek hossz\u00fa t\u00e9li est\u00e9kre.\u00a0G\u00e1sp\u00e1rik Attila: A sz\u00ednh\u00e1z kiterjed\u00e9se, Sz\u00e1vai G\u00e9za: Mak\u00e1masz\u00fatra, Szonda Szabolcs m\u0171ford\u00edt\u00f3 \u2013 Dan Lungu: Ty\u00fakok a\u00a0mennyben. Moder\u00e1tor: Sz\u00e1vai Ilona kiad\u00f3vezet\u0151.<br \/>\n17.00 Nemzeti Sz\u00ednh\u00e1z \u2013 Nagyterem, sz\u00ednpadt\u00e9r \u2013 A Budapesti Nemzeti Sz\u00ednh\u00e1z vend\u00e9gj\u00e1t\u00e9ka \u2013 Ingmar Bergman:\u00a0Szenved\u00e9ly, Kiss Csaba rendez\u00e9s\u00e9ben.<br \/>\n20.00 Nemzeti Sz\u00ednh\u00e1z \u2013 Nagyterem, sz\u00ednpadt\u00e9r \u2013 A Budapesti Nemzeti Sz\u00ednh\u00e1z vend\u00e9gj\u00e1t\u00e9ka \u2013 Ingmar Bergman:\u00a0Szenved\u00e9ly, Kiss Csaba rendez\u00e9s\u00e9ben.<br \/>\n\u00a0<\/div>\n<div style=\"text-align: center;\"><img loading=\"lazy\" decoding=\"async\" src=\"http:\/\/archivum.eloszekelyfold.ro\/wp-content\/uploads\/2021\/12\/Grecso_Kallos_Bea_MTI.jpg\" width=\"400\" height=\"225\" alt=\"\"><\/div>\n<div style=\"text-align: center;\"><em>\u00a0Grecs\u00f3 Kriszti\u00e1n &#8211; Fot\u00f3: Kallos Bea\/ MTI<\/em><br \/>\n\u00a0<\/div>\n<div><strong>P\u00c9NTEK, NOVEMBER 11.<\/strong><\/p>\n<p>10.00 \u201313.00 Nemzeti Sz\u00ednh\u00e1z \u2013 L\u00c1T\u00d3 foly\u00f3irat standja (a f\u0151p\u00e1holy el\u0151tti gal\u00e9ri\u00e1n) \u2013 Dedik\u00e1l\u00e1s \u2013 10.00 Tam\u00e1s D\u00e9nes,\u00a0<br \/>\n11.00 Tam\u00e1s Kincs\u0151, 11.30 M\u00e1rton Evelin, 12.00 J\u00e1nk K\u00e1roly, 12.30 Szak\u00e1cs Istv\u00e1n P\u00e9ter.<br \/>\n11.00 Nemzeti Sz\u00ednh\u00e1z \u2013 Irodalmi K\u00e1v\u00e9h\u00e1z (a f\u0151p\u00e1holy el\u0151tti gal\u00e9ri\u00e1n) \u2013 Amit a n\u0151k adnak, \u00e9s amit \u0151k kapnak. Ny\u00e1ry\u00a0Kriszti\u00e1n \u00e9s M\u00e1rton Evelin besz\u00e9lget\u00e9se, amelyet dedik\u00e1l\u00e1s k\u00f6vet.<br \/>\n11.00 Nemzeti Sz\u00ednh\u00e1z \u2013 PONT Kiad\u00f3 standja \u2013 Dedik\u00e1l\u00e1s \u2013 Mark\u00f3 B\u00e9la: Sz\u00e1z m\u00e1zsa h\u00f3.<br \/>\n12.00 G. Caf\u00e9 \u2013 L\u00e1t\u00f3 Irodalmi j\u00e1t\u00e9kok \u2013 Els\u0151k\u00f6nyvesek d\u00e9lut\u00e1nja \u2013 Tam\u00e1s D\u00e9nes: Minden eg\u00e9sz (Lector Kiad\u00f3).\u00a0Besz\u00e9lget\u0151t\u00e1rsa: L\u00e1ng Zsolt.<br \/>\n12.00 Nemzeti Sz\u00ednh\u00e1z \u2013 Bajor Andor terem \u2013 EzVan Kiad\u00f3 \u2013 K\u00f6nyvbemutat\u00f3 \u2013 David I>1200 Nemzeti Sz\u00ednh\u00e1z \u2013 Irodalmi\u00a0K\u00e1v\u00e9h\u00e1z (a f\u0151p\u00e1holy el\u0151tti gal\u00e9ri\u00e1n) \u2013 Mit k\u00e9pviselnek, kihez sz\u00f3lnak ma az irodalmi lapok? Grecs\u00f3 Kriszti\u00e1n \u00e9s\u00a0Dem\u00e9ny P\u00e9ter besz\u00e9lget\u00e9se, amelyet dedik\u00e1l\u00e1s k\u00f6vet.<br \/>\n12.00 Nemzeti Sz\u00ednh\u00e1z \u2013 PONT Kiad\u00f3 standja \u2013 Dedik\u00e1l\u00e1s \u2013 Sz\u00e1vai G\u00e9za: Mak\u00e1masz\u00fatra.<br \/>\n13.00 Nemzeti Sz\u00ednh\u00e1z \u2013 Irodalmi K\u00e1v\u00e9h\u00e1z (a f\u0151p\u00e1holy el\u0151tti gal\u00e9ri\u00e1n) \u2013 \u00cdgy szerkeszt\u00fcnk mi. Fekete Vince \u00e9s\u00a0M\u00e9sz\u00e1ros S\u00e1ndor besz\u00e9lget\u00e9se, amelyet dedik\u00e1l\u00e1s k\u00f6vet.<br \/>\n13.00 Nemzeti Sz\u00ednh\u00e1z \u2013 Bookart Kiad\u00f3 standja \u2013 Olvass, hogy hallja mindenki! \u2013 J\u00e1nk K\u00e1roly \u00c1lomid\u0151 c., a v\u00e1s\u00e1rra\u00a0megjelent versesk\u00f6tet\u00e9b\u0151l olvas fel az erre jelentkez\u0151 vend\u00e9g. (Meglepet\u00e9s vend\u00e9ggel!) \u00a0<br \/>\n13.00 G. Caf\u00e9 \u2013 L\u00e1t\u00f3 Irodalmi j\u00e1t\u00e9kok \u2013 Els\u0151k\u00f6nyvesek d\u00e9lut\u00e1nja \u2013 L\u00e1ng Orsolya: Bordak\u00f6z (Erd\u00e9lyi H\u00edrad\u00f3 Kiad\u00f3).\u00a0Besz\u00e9lget\u0151t\u00e1rsa: Kov\u00e1cs Andr\u00e1s Ferenc.<br \/>\n13.00 Nemzeti Sz\u00ednh\u00e1z \u2013 L\u00c1T\u00d3 foly\u00f3irat standja (a f\u0151p\u00e1holy el\u0151tti gal\u00e9ri\u00e1n) \u2013 Polaroid-portr\u00e9k (r\u00f6gt\u00f6nz\u00f6tt versek)\u00a0Dem\u00e9ny P\u00e9terrel.<br \/>\n14.00 Nemzeti Sz\u00ednh\u00e1z \u2013 Bookart Kiad\u00f3 standja \u2013 Olvass, hogy hallja mindenki! \u2013 M\u00e1rton Evelin Szalamandr\u00e1k\u00a0\u00e9jszak\u00e1ja c. sikerreg\u00e9ny\u00e9b\u0151l olvas fel az erre jelentkez\u0151 vend\u00e9g. (Meglepet\u00e9s vend\u00e9ggel!)<br \/>\n14.00 G. Caf\u00e9 \u2013 \u00a0L\u00e1t\u00f3 Irodalmi j\u00e1t\u00e9kok \u2013 Els\u0151k\u00f6nyvesek d\u00e9lut\u00e1nja \u2013 K\u00e1ntor P\u00e9ter: Egy k\u00f6t\u00e9lt\u00e1ncos feljegyz\u00e9seib\u0151l\u00a0(Magvet\u0151 Kiad\u00f3). Besz\u00e9lget\u0151t\u00e1rsa: Kov\u00e1cs Andr\u00e1s Ferenc.<br \/>\n14.00 Nemzeti Sz\u00ednh\u00e1z \u2013 Bajor Andor terem \u2013 Garabontzia Kiad\u00f3 \u2013 K\u00f6nyvbemutat\u00f3 \u2013 Er\u0151ss Attila Sikoly c.\u00a0novell\u00e1sk\u00f6tet\u00e9t B\u00f3dizs Edit mutatja be.<br \/>\n15.00 Nemzeti Sz\u00ednh\u00e1z \u2013 Szil\u00e1gyi Domokos terem \u2013 Mentor K\u00f6nyvek Kiad\u00f3 \u2013 K\u00f6nyvbemutat\u00f3 \u2013 Kiss Csaba Hazat\u00e9r\u00e9s\u00a0D\u00e1ni\u00e1ba c. dr\u00e1mak\u00f6tet\u00e9r\u0151l a szerz\u0151vel Kir\u00e1ly Istv\u00e1n Attila, a k\u00f6tet szerkeszt\u0151je besz\u00e9lget.<br \/>\n15.00 G. Caf\u00e9 \u2013 L\u00e1t\u00f3 Irodalmi j\u00e1t\u00e9kok \u2013 Els\u0151k\u00f6nyvesek d\u00e9lut\u00e1nja \u2013 Tam\u00e1s Kincs\u0151: A Csin\u00e1lt-patak \u00e1llatkertje (Mentor\u00a0K\u00f6nyvek Kiad\u00f3). Besz\u00e9lget\u0151t\u00e1rsa: Vida G\u00e1bor.<br \/>\n15.00 Nemzeti Sz\u00ednh\u00e1z \u2013 Protokollterem \u2013 Felolvas\u00f3est \u2013 Gy\u00e9resi J\u00falia sz\u00ednm\u0171v\u00e9szn\u0151 olvassa fel Berzsenyi D\u00e1niel\u00a0\u00f6sszes vers\u00e9t.<br \/>\n15.00 Nemzeti Sz\u00ednh\u00e1z \u2013 Bookart Kiad\u00f3 standja \u2013 Olvass, hogy hallja mindenki! \u2013 Shumona Sinha \u00dcss\u00fck agyon a\u00a0szeg\u00e9nyeket! c., a v\u00e1s\u00e1rra megjelent novell\u00e1sk\u00f6tet\u00e9b\u0151l olvas fel az erre jelentkez\u0151 vend\u00e9g. (Meglepet\u00e9s vend\u00e9ggel!)<br \/>\n15.00 Nemzeti Sz\u00ednh\u00e1z \u2013 PONT Kiad\u00f3 standja \u2013 Dedik\u00e1l\u00e1s \u2013 G\u00e1sp\u00e1rik Attila: A sz\u00ednh\u00e1z kiterjed\u00e9se.<br \/>\n15.00 Nemzeti Sz\u00ednh\u00e1z \u2013 Bajor Andor terem \u2013 Exit Kiad\u00f3 \u2013 K\u00f6nyvbemutat\u00f3 \u2013 Laczk\u00f3 Vass R\u00f3bert: Nyitott szemmel II.<br \/>\n15.30 Nemzeti Sz\u00ednh\u00e1z \u2013 PONT Kiad\u00f3 standja \u2013 Dedik\u00e1l\u00e1s \u2013 Szonda Szabolcs: Ty\u00fakok a mennyben.<br \/>\n16.00 G. Caf\u00e9 \u2013 L\u00e1t\u00f3 Irodalmi j\u00e1t\u00e9kok \u2013 Els\u0151k\u00f6nyvesek d\u00e9lut\u00e1nja \u2013 Lokodi Imre: Nekul\u00e1j alm\u00e1ja (Mentor K\u00f6nyvek\u00a0Kiad\u00f3). Besz\u00e9lget\u0151t\u00e1rsa: Dem\u00e9ny P\u00e9ter.<br \/>\n16.00 Bern\u00e1dy H\u00e1z \u2013 Kalligram Kiad\u00f3 \u2013 K\u00f6nyvbemutat\u00f3 \u2013 Mark\u00f3 B\u00e9la Ker\u00edt\u00e9s c\u00edm\u0171 versesk\u00f6nyv\u00e9r\u0151l a szerz\u0151vel a kiad\u00f3\u00a0vezet\u0151je, M\u00e9sz\u00e1ros S\u00e1ndor besz\u00e9lget.<br \/>\n16.00 Nemzeti Sz\u00ednh\u00e1z \u2013 Lector Kiad\u00f3 standja \u2013 Dedik\u00e1l\u00e1s \u2013 Tam\u00e1s D\u00e9nes: Minden eg\u00e9sz (pr\u00f3za).<br \/>\n16.00 Nemzeti Sz\u00ednh\u00e1z \u2013 Szil\u00e1gyi Domokos terem \u2013 A Magvet\u0151 Kiad\u00f3 k\u00f6nyvbemutat\u00f3ja \u2013 Ny\u00e1ry Kriszti\u00e1n: Fest\u0151i\u00a0szerelmek (vet\u00edt\u00e9ssel egybek\u00f6tve).<br \/>\n17.00 Nemzeti Sz\u00ednh\u00e1z \u2013 Irodalmi K\u00e1v\u00e9h\u00e1z (a f\u0151p\u00e1holy el\u0151tti gal\u00e9ri\u00e1n) \u2013 A Magvet\u0151 Kiad\u00f3 k\u00f6nyvbemutat\u00f3ja \u2013 Z\u00e1vada\u00a0P\u00e1l: Egy piaci nap.<br \/>\n17.00 Nemzeti Sz\u00ednh\u00e1z \u2013 Mentor K\u00f6nyvek Kiad\u00f3 standja \u2013 Dedik\u00e1l\u00e1s \u2013 Lokodi Imre: Nekul\u00e1j alm\u00e1ja.<br \/>\n17.00 Nemzeti Sz\u00ednh\u00e1z \u2013 PONT Kiad\u00f3 standja \u2013 Dedik\u00e1l\u00e1s \u2013 Sz\u00e1vai G\u00e9za: Mak\u00e1maszutra.<br \/>\n17.00 Nemzeti Sz\u00ednh\u00e1z \u2013 Bajor Andor terem \u2013 Alutus Kiad\u00f3 \u2013 K\u00f6nyvbemutat\u00f3 \u2013 Borb\u00e9ly L\u00e1szl\u00f3 a politika sz\u00ednpad\u00e1n.\u00a0Besz\u00e9lget\u0151t\u00e1rs: \u00c1goston Hug\u00f3.<br \/>\n17.30 Nemzeti Sz\u00ednh\u00e1z \u2013 Kisterem \u2013 K\u00f6lt\u0151k estje: A mai magyar k\u00f6lt\u00e9szet k\u00f6z\u00e9letis\u00e9ge \u2013 Megh\u00edvottak: Dem\u00e9ny P\u00e9ter,\u00a0Fekete Vince, K\u00e1ntor P\u00e9ter, Kov\u00e1cs Andr\u00e1s Ferenc, L\u00e1szl\u00f3 No\u00e9mi, L\u00f6v\u00e9tei L\u00e1z\u00e1r L\u00e1szl\u00f3, Mark\u00f3 B\u00e9la, Parti Nagy Lajos.\u00a0Az est h\u00e1zigazd\u00e1ja M\u00e9sz\u00e1ros S\u00e1ndor, a Kalligram Kiad\u00f3 vezet\u0151je.<br \/>\n18.00 Bern\u00e1dy H\u00e1z \u2013 A Pallas-Akad\u00e9mia Kiad\u00f3 estje \u2013 Banner Zolt\u00e1n: K\u00e9p\u00edr\u00e1s \u2013 k\u00e9polvas\u00e1s. Az erd\u00e9lyi magyar\u00a0m\u0171v\u00e9szetr\u0151l, Borsodi L. L\u00e1szl\u00f3: Utol\u00e9r, szembej\u00f6n, Cseke P\u00e9ter: \u00d6r\u00f6khagy\u00f3k, \u00e9rt\u00e9kv\u00e9d\u0151k, Ferencz Imre: J\u00e1t\u00e9kid\u0151,\u00a0Ken\u00e9z Ferenc: Es\u0151ben k\u00f6nnyen r\u00e1mtal\u00e1ltok, Kozma M\u00e1ria: A Feh\u00e9r-patak \u00fatja, Nagy Mikl\u00f3s Kund: Orth Istv\u00e1n. \u00c9let-Jelek 8. Pomog\u00e1ts B\u00e9la: Erd\u00e9lyi m\u0171hely \u2013 Budapesten. Irodalmi tanulm\u00e1nyok. A szerz\u0151k jelenl\u00e9t\u00e9ben a k\u00f6nyveket\u00a0bemutatja Kozma M\u00e1ria \u00e9s Sar\u00e1ny Istv\u00e1n.<br \/>\n18.30 Nemzeti Sz\u00ednh\u00e1z \u2013 Bajor Andor terem \u2013 Garabontzia Kiad\u00f3 \u2013 K\u00f6nyvbemutat\u00f3 \u2013 Radu \u021auculescu: \u00d6regmama t\u00f6rt\u00e9netei\u00a0(reg\u00e9ny), Tarandus Kiad\u00f3, Budapest, ford\u00edtotta Sz\u0151cs Imre.<br \/>\n19.00 Nemzeti Sz\u00ednh\u00e1z \u2013 Irodalmi K\u00e1v\u00e9h\u00e1z (a f\u0151p\u00e1holy el\u0151tti gal\u00e9ri\u00e1n) \u2013 Mit\u0151l dr\u00e1ma, mit\u0151l epika? Kiss Csaba \u00e9s\u00a0Z\u00e1vada P\u00e1l besz\u00e9lget\u00e9se, amelyet dedik\u00e1l\u00e1s k\u00f6vet.<br \/>\n20.00 Nemzeti Sz\u00ednh\u00e1z \u2013 Kisterem \u2013 Felolvas\u00f3sz\u00ednh\u00e1z \u2013 Kiss Csaba: A f\u0151nyerem\u00e9ny.A K &#038; KaArt iroda produkci\u00f3ja, a Tompa Mikl\u00f3s T\u00e1rsulat el\u0151ad\u00e1sa, rendez\u0151 Kir\u00e1ly Istv\u00e1n.<br \/>\n\u00a0<\/div>\n<div style=\"text-align: center;\"><img loading=\"lazy\" decoding=\"async\" src=\"http:\/\/archivum.eloszekelyfold.ro\/wp-content\/uploads\/2021\/12\/marko 2.jpg\" width=\"400\" height=\"372\" alt=\"\"><\/div>\n<div style=\"text-align: center;\"><em>\u00a0Mark\u00f3 B\u00e9la (Fot\u00f3: www.litera.hu)<\/em><br \/>\n\u00a0<\/div>\n<div><strong>SZOMBAT, NOVEMBER 12.<\/strong><\/div>\n<div>\u00a0<\/div>\n<div>11.00 \u201314.00 Nemzeti Sz\u00ednh\u00e1z \u2013 L\u00c1T\u00d3 foly\u00f3irat standja (a f\u0151p\u00e1holy el\u0151tti gal\u00e9ri\u00e1n) \u2013 Dedik\u00e1l\u00e1s \u2013 11.00 Kov\u00e1cs\u00a0Andr\u00e1s Ferenc, 11.30 Szab\u00f3 R\u00f3bert Csaba, 12.00 Bod\u00f3 M\u00e1rta, 12.30 L\u00e1ng Orsolya, 13.00 Mark\u00f3 B\u00e9la, 13.30 Dem\u00e9ny\u00a0P\u00e9ter.<br \/>\n11.00 Nemzeti Sz\u00ednh\u00e1z \u2013 Nagyterem \u2013 Gyermekkoncert \u2013 Akinek a verse r\u00edmes, Az Eszter-l\u00e1nc Mesezenekar \u00e9s Varr\u00f3\u00a0D\u00e1niel el\u0151ad\u00e1s\u00e1ban. A K &#038; KaArt iroda produkci\u00f3ja.<br \/>\n11.00 Nemzeti Sz\u00ednh\u00e1z \u2013 Kisterem \u2013 A Magvet\u0151 Kiad\u00f3 k\u00f6nyvbemutat\u00f3ja \u2013 Parti Nagy Lajos:Moli\u00e9re-\u00e1tiratok.<br \/>\n11.00 Nemzeti Sz\u00ednh\u00e1z \u2013 PONT Kiad\u00f3 standja \u2013 Dedik\u00e1l\u00e1s \u2013 Szonda Szabolcs: Ty\u00fakok a mennyben.<br \/>\n12.00 Nemzeti Sz\u00ednh\u00e1z \u2013 Bookart Kiad\u00f3 standja \u2013 Dedik\u00e1l\u00e1s \u2013 Szak\u00e1cs Istv\u00e1n P\u00e9ter:Csemp\u00e9sz\u00e1ru.<br \/>\n12.00 Nemzeti Sz\u00ednh\u00e1z \u2013 PONT Kiad\u00f3 standja \u2013 Dedik\u00e1l\u00e1s \u2013 Sz\u00e1vai Ilona: Merre, magyar gyermekkult\u00fara?<br \/>\n12.30 Nemzeti Sz\u00ednh\u00e1z \u2013 Bookart Kiad\u00f3 standja \u2013 Dedik\u00e1l\u00e1s \u2013 J\u00e1nk K\u00e1roly: \u00c1lomid\u0151.<br \/>\n12.30 Nemzeti Sz\u00ednh\u00e1z \u2013 Lector Kiad\u00f3 standja \u2013 Dedik\u00e1l\u00e1s \u2013 Bod\u00f3 M\u00e1rta: N\u0151szirom(interj\u00fak\u00f6tet).<br \/>\n13.00 Nemzeti Sz\u00ednh\u00e1z \u2013 Irodalmi K\u00e1v\u00e9h\u00e1z (a f\u0151p\u00e1holy el\u0151tti gal\u00e9ri\u00e1n) \u2013 A m\u0171ford\u00edt\u00e1s \u2013 a legnemzetibb m\u0171faj. Kir\u00e1ly\u00a0Kinga J\u00falia \u00e9s Szonda Szabolcs besz\u00e9lget\u00e9se, amelyet dedik\u00e1l\u00e1sk\u00f6vet.<br \/>\n13.00 Nemzeti Sz\u00ednh\u00e1z \u2013 L\u00c1T\u00d3 foly\u00f3irat standja (a f\u0151p\u00e1holy el\u0151tti gal\u00e9ri\u00e1n) \u2013 Polaroid-portr\u00e9k(r\u00f6gt\u00f6nz\u00f6tt versek)\u00a0Dem\u00e9ny P\u00e9terrel.<br \/>\n13.00 Nemzeti Sz\u00ednh\u00e1z \u2013 Bajor Andor terem \u2013 Garabontzia Kiad\u00f3 \u2013 K\u00f6nyvbemutat\u00f3 \u2013 Babucs Zolt\u00e1n: Az igazs\u00e1got is meg\u00a0lehet szokni.<br \/>\n13.00 Nemzeti Sz\u00ednh\u00e1z \u2013 Szil\u00e1gyi Domokos terem \u2013 Mentor K\u00f6nyvek Kiad\u00f3 \u2013 K\u00f6nyvbemutat\u00f3 \u2013 Ady Andr\u00e1s Bogivil\u00e1g c.\u00a0versesk\u00f6tet\u00e9r\u0151l a szerz\u0151vel a szerkeszt\u0151, G\u00e1lfalvi \u00c1gnes besz\u00e9lget.<br \/>\n14.00 Nemzeti Sz\u00ednh\u00e1z \u2013 Mentor K\u00f6nyvek Kiad\u00f3 standja \u2013 Dedik\u00e1l\u00e1s \u2013 Ady Andr\u00e1s: Bogivil\u00e1g.<br \/>\n14.00 Nemzeti Sz\u00ednh\u00e1z \u2013 Irodalmi K\u00e1v\u00e9h\u00e1z (a f\u0151p\u00e1holy el\u0151tti gal\u00e9ri\u00e1n) \u2013 A nyelv var\u00e1zsig\u00e9i.Parti Nagy Lajos \u00e9s\u00a0Kov\u00e1cs Andr\u00e1s Ferenc besz\u00e9lget\u00e9se, amelyet dedik\u00e1l\u00e1s k\u00f6vet.<br \/>\n14.00 G. Caf\u00e9 \u2013 Bookart Kiad\u00f3 \u2013 K\u00f6nyvbemutat\u00f3 \u2013 J\u00e1nk K\u00e1roly: \u00c1lomid\u0151 \u00e9s Szak\u00e1cs Istv\u00e1n P\u00e9ter: Csemp\u00e9sz\u00e1ru. A\u00a0szerz\u0151kkel Vida G\u00e1bor besz\u00e9lget.<br \/>\n14.00 Nemzeti Sz\u00ednh\u00e1z \u2013 Bajor Andor terem \u2013 EzVan Kiad\u00f3 \u2013 K\u00f6nyvbemutat\u00f3 \u2013 Ghislain Lanctot: Mi a fen\u00e9t keresek \u00e9n\u00a0itt tulajdonk\u00e9ppen? A k\u00f6nyvet Sz\u0171cs Zsolt ismerteti.<br \/>\n14.00 Nemzeti Sz\u00ednh\u00e1z \u2013 PONT Kiad\u00f3 standja \u2013 Dedik\u00e1l\u00e1s \u2013 Sz\u00e1vai G\u00e9za: Mak\u00e1masz\u00fatra.<br \/>\n15.00 Nemzeti Sz\u00ednh\u00e1z \u2013 Irodalmi K\u00e1v\u00e9h\u00e1z (a f\u0151p\u00e1holy el\u0151tti gal\u00e9ri\u00e1n) \u2013 T\u00f6rt\u00e9nhetnek-e a t\u00f6rt\u00e9netek? Z\u00e1vada P\u00e1l \u00e9s\u00a0Szab\u00f3 R\u00f3bert Csaba besz\u00e9lget\u00e9se, amelyet dedik\u00e1l\u00e1s k\u00f6vet.<br \/>\n15.00 Nemzeti Sz\u00ednh\u00e1z \u2013 Erd\u00e9lyi H\u00edrad\u00f3 Kiad\u00f3 standja \u2013 Dedik\u00e1l\u00e1s \u2013 L\u00e1ng Orsolya:Bordak\u00f6z, \u00c1rmos L\u00f3r\u00e1nd: A\u00a0kilternani \u0151sz, Dim\u00e9ny H. \u00c1rp\u00e1d: Levelek a szomsz\u00e9d szob\u00e1ba, Zsid\u00f3 Ferenc: Csak egyenesen!<br \/>\n15.00 Nemzeti Sz\u00ednh\u00e1z \u2013 PONT Kiad\u00f3 standja \u2013 Dedik\u00e1l\u00e1s \u2013 G\u00e1sp\u00e1rik Attila: A sz\u00ednh\u00e1z kiterjed\u00e9se.<br \/>\n15.00 Nemzeti Sz\u00ednh\u00e1z \u2013 Mentor K\u00f6nyvek Kiad\u00f3 standja \u2013 Dedik\u00e1l\u00e1s \u2013 Tam\u00e1s Kincs\u0151: A Csin\u00e1lt-patak \u00e1llatkertje.<br \/>\n16.00 Nemzeti Sz\u00ednh\u00e1z \u2013 Kisterem \u2013 PONT Kiad\u00f3 \u2013 K\u00e9tnyelv\u0171 irodalmi est \u2013 \u00c9gi-f\u00f6ldi sz\u00f3besz\u00e9dek \u2013 Dan Lungu \u00edr\u00f3 \u00e9s\u00a0ford\u00edt\u00f3ja, Szonda Szabolcs tal\u00e1lkoznak a Raiul g\u0103inilor \/Ty\u00fakok a mennyben c. reg\u00e9ny olvas\u00f3ival. Moder\u00e1tor: Sz\u00e1vai\u00a0G\u00e9za, a PONT Kiad\u00f3 f\u0151szerkeszt\u0151je. K\u00f6zrem\u0171k\u00f6dik G\u00e1sp\u00e1rik Attila \u00e9s Luchian Pantea.<br \/>\n16.00 Nemzeti Sz\u00ednh\u00e1z \u2013 Bajor Andor terem \u2013 Koin\u00f3nia Kiad\u00f3 \u2013 K\u00f6nyvbemutat\u00f3 \u2013 Sz\u0151cs Margit:Madar\u00e1sz B\u00e9ni avagy az\u00a0\u0171rparitty\u00e1s aj\u00e1nd\u00e9ka, illusztr\u00e1lta K\u00fcrti Andrea \u00e9s Markus Majaluoma:Apa, mikor j\u00f6n a Mikul\u00e1s?, ford\u00edtotta Jank\u00f3-Sz\u00e9p Yvette.<br \/>\n16.00 Nemzeti Sz\u00ednh\u00e1z \u2013 Szil\u00e1gyi Domokos terem \u2013 Garabontzia Kiad\u00f3 \u2013 K\u00f6nyvbemutat\u00f3 \u2013 Sz\u00e1sz Andr\u00e1s Hat\u00e1ron \u00e1tfoly\u00f3\u00a0eml\u00e9kezet c. k\u00f6tet\u00e9t G\u00e1lfalvi Gy\u00f6rgy mutatja be.<br \/>\n16.00 G. Caf\u00e9 \u2013 L\u00e1t\u00f3 Irodalmi J\u00e1t\u00e9kok \u2013 Felolvas\u00f3est: Esterh\u00e1zy P\u00e9ter mosolya \u2013 Megh\u00edvottak:Grecs\u00f3 Kriszti\u00e1n,\u00a0K\u00e1ntor P\u00e9ter, Kov\u00e1cs Andr\u00e1s Ferenc, Parti Nagy Lajos, Z\u00e1vada P\u00e1l.<br \/>\n17.00 Nemzeti Sz\u00ednh\u00e1z \u2013 Szil\u00e1gyi Domokos terem \u2013 Mentor K\u00f6nyvek Kiad\u00f3 \u2013 K\u00f6nyvbemutat\u00f3 \u2013 Sebesty\u00e9n Mih\u00e1ly Penelop\u00e9\u00a0ruh\u00e1ja c., az erd\u00e9lyi zsid\u00f3s\u00e1g t\u00f6rt\u00e9net\u00e9r\u0151l sz\u00f3l\u00f3 tanulm\u00e1nyk\u00f6tet\u00e9r\u0151l a szerz\u0151vel K\u00e1li Kir\u00e1ly Istv\u00e1n besz\u00e9lget.<br \/>\n17.00 Nemzeti Sz\u00ednh\u00e1z \u2013 Bajor Andor terem \u2013 Koin\u00f3nia Kiad\u00f3 \u2013 K\u00f6nyvbemutat\u00f3 \u2013 Acz\u00e9l D\u00f3ra:F\u00e1jdallam \u00e9s Both\u00e1zi M\u00e1ria:\u00a0Boldogs\u00e1g juszt is a ti\u00e9d.<br \/>\n17.00 Nemzeti Sz\u00ednh\u00e1z \u2013 Irodalmi K\u00e1v\u00e9h\u00e1z (a f\u0151p\u00e1holy el\u0151tti gal\u00e9ri\u00e1n) \u2013 M\u00e1s-e a vers, ha\u2026?Szab\u00f3 T. Anna \u00e9s L\u00e1szl\u00f3\u00a0No\u00e9mi besz\u00e9lget\u00e9se, amelyet dedik\u00e1l\u00e1s k\u00f6vet.<br \/>\n17.30 Nemzeti Sz\u00ednh\u00e1z \u2013 Kisterem \u2013 H\u00e1romsz\u00e9ki szerz\u0151k estje \u2013 Dim\u00e9ny \u00c1rp\u00e1d, Fekete Vince, Szonda Szabolcs, Tam\u00e1s\u00a0Kincs\u0151.<br \/>\n18.00 Nemzeti Sz\u00ednh\u00e1z \u2013 Mentor K\u00f6nyvek Kiad\u00f3 standja \u2013 Dedik\u00e1l\u00e1s \u2013 Sebesty\u00e9n Mih\u00e1ly:Penelop\u00e9 ruh\u00e1ja.<br \/>\n18.00 Nemzeti Sz\u00ednh\u00e1z \u2013 Irodalmi K\u00e1v\u00e9h\u00e1z (a f\u0151p\u00e1holy el\u0151tti gal\u00e9ri\u00e1n) \u2013 A Magvet\u0151 Kiad\u00f3 k\u00f6nyvbemutat\u00f3ja \u2013 Szab\u00f3 T. \u00a0Anna: T\u00f6r\u00e9steszt (novell\u00e1k).<br \/>\n19.00 Nemzeti Sz\u00ednh\u00e1z \u2013 Nagyterem \u2013 A Marosv\u00e1s\u00e1rhelyi Nemzeti Sz\u00ednh\u00e1z Tompa Mikl\u00f3s t\u00e1rsulat\u00e1nak bemutat\u00f3ja \u2013\u00a0Retromad\u00e1r blokknak csap\u00f3dik, majd forr\u00f3 aszfaltra zuhan.\u00a0Rendezte Radu Afrim.<br \/>\n\u00a0<\/div>\n<div style=\"text-align: center;\"><img loading=\"lazy\" decoding=\"async\" src=\"http:\/\/archivum.eloszekelyfold.ro\/wp-content\/uploads\/2021\/12\/kaf_jegy_hu.jpg\" width=\"400\" height=\"283\" alt=\"\"><\/div>\n<div style=\"text-align: center;\"><em>\u00a0Kov\u00e1cs Andr\u00e1s Ferenc (Fot\u00f3: www.jegy.hu)<\/em><br \/>\n\u00a0<\/div>\n<div><strong>VAS\u00c1RNAP, NOVEMBER 13.<\/strong><\/div>\n<div>\u00a0<\/div>\n<div>10.00 Nemzeti Sz\u00ednh\u00e1z \u2013 PONT Kiad\u00f3 standja \u2013 Dedik\u00e1l\u00e1s \u2013 Sz\u00e1vai Ilona: Merre, magyar gyermekkult\u00fara?<br \/>\n11.00 \u201313.00 Nemzeti Sz\u00ednh\u00e1z \u2013 L\u00c1T\u00d3 foly\u00f3irat standja (a f\u0151p\u00e1holy el\u0151tti gal\u00e9ri\u00e1n) \u2013 Dedik\u00e1l\u00e1s \u2013 11.00 G\u00e1lfalvi\u00a0Gy\u00f6rgy, 11.30 Nagy Attila, 12.00 L\u00e1szl\u00f3 No\u00e9mi, 12.30 Kir\u00e1ly Kinga J\u00falia.<br \/>\n11.00 Nemzeti Sz\u00ednh\u00e1z \u2013 PONT Kiad\u00f3 standja \u2013 Dedik\u00e1l\u00e1s \u2013 Sz\u00e1vai G\u00e9za: Mak\u00e1masz\u00fatra.<br \/>\n12.00 Nemzeti Sz\u00ednh\u00e1z \u2013 L\u00c1T\u00d3 foly\u00f3irat standja (a f\u0151p\u00e1holy el\u0151tti gal\u00e9ri\u00e1n) \u2013 Polaroid-portr\u00e9k(r\u00f6gt\u00f6nz\u00f6tt versek)\u00a0Dem\u00e9ny P\u00e9terrel.<br \/>\n12.00 Nemzeti Sz\u00ednh\u00e1z \u2013 PONT Kiad\u00f3 standja \u2013 Dedik\u00e1l\u00e1s \u2013 G\u00e1sp\u00e1rik Attila: A sz\u00ednh\u00e1z kiterjed\u00e9se.<\/p>\n<p><em>\u00c9l\u0151 Sz\u00e9kelyf\u00f6ld Munkacsoport<\/em><\/div>\n<\/p><\/div>\n","protected":false},"excerpt":{"rendered":"<p>K\u00e9t \u00e9vtizeddel ezel\u0151tt senki sem gondolta volna, hogy ily sok\u00e1ig meg\u00e9l a K\u00f6nyvv\u00e1s\u00e1r, s tal\u00e1n az sem fordult meg a fejekben, hogy \u00f6sszm\u0171v\u00e9szetiv\u00e9 tereb\u00e9lyesedik, amely rendezv\u00e9nysorozat azt\u00e1n term\u00e9szetes m\u00f3don be\u00e9p\u00fcl az erd\u00e9lyi magyar kult\u00fara sz\u00f6vet\u00e9be, de \u00fagy, mintha annak szerves r\u00e9sze lett volna m\u00e1r az id\u0151k kezdete \u00f3ta. Rendj\u00e9n van ez \u00edgy. Mi a magunk [&hellip;]<\/p>\n","protected":false},"author":1,"featured_media":28340,"comment_status":"open","ping_status":"open","sticky":false,"template":"","format":"standard","meta":{"footnotes":""},"categories":[],"tags":[],"class_list":["post-28339","post","type-post","status-publish","format-standard","has-post-thumbnail","hentry"],"_links":{"self":[{"href":"https:\/\/archivum.eloszekelyfold.ro\/index.php\/wp-json\/wp\/v2\/posts\/28339","targetHints":{"allow":["GET"]}}],"collection":[{"href":"https:\/\/archivum.eloszekelyfold.ro\/index.php\/wp-json\/wp\/v2\/posts"}],"about":[{"href":"https:\/\/archivum.eloszekelyfold.ro\/index.php\/wp-json\/wp\/v2\/types\/post"}],"author":[{"embeddable":true,"href":"https:\/\/archivum.eloszekelyfold.ro\/index.php\/wp-json\/wp\/v2\/users\/1"}],"replies":[{"embeddable":true,"href":"https:\/\/archivum.eloszekelyfold.ro\/index.php\/wp-json\/wp\/v2\/comments?post=28339"}],"version-history":[{"count":0,"href":"https:\/\/archivum.eloszekelyfold.ro\/index.php\/wp-json\/wp\/v2\/posts\/28339\/revisions"}],"wp:featuredmedia":[{"embeddable":true,"href":"https:\/\/archivum.eloszekelyfold.ro\/index.php\/wp-json\/wp\/v2\/media\/28340"}],"wp:attachment":[{"href":"https:\/\/archivum.eloszekelyfold.ro\/index.php\/wp-json\/wp\/v2\/media?parent=28339"}],"wp:term":[{"taxonomy":"category","embeddable":true,"href":"https:\/\/archivum.eloszekelyfold.ro\/index.php\/wp-json\/wp\/v2\/categories?post=28339"},{"taxonomy":"post_tag","embeddable":true,"href":"https:\/\/archivum.eloszekelyfold.ro\/index.php\/wp-json\/wp\/v2\/tags?post=28339"}],"curies":[{"name":"wp","href":"https:\/\/api.w.org\/{rel}","templated":true}]}}