{"id":28337,"date":"2021-12-13T03:49:01","date_gmt":"2021-12-13T03:49:01","guid":{"rendered":"http:\/\/archivum.eloszekelyfold.ro\/2021\/12\/13\/korondi-feszbuk\/"},"modified":"2021-12-13T03:49:01","modified_gmt":"2021-12-13T03:49:01","slug":"korondi-feszbuk","status":"publish","type":"post","link":"https:\/\/archivum.eloszekelyfold.ro\/index.php\/2021\/12\/13\/korondi-feszbuk\/","title":{"rendered":"Korondi f\u00e9szb\u00fak"},"content":{"rendered":"<p><\/p>\n<div style=\"color:#666666; font-family:inherit; font-size:14px;font-style: normal;text-align:left;line-height:24px;\">\n<div style=\"float:left\"><img decoding=\"async\" src=\"http:\/\/archivum.eloszekelyfold.ro\/wp-content\/uploads\/2021\/12\/585_korond_butik.jpg\" alt=\"Korondi f\u00e9szb\u00fak\" style=\"padding-right:14px; padding-bottom:6px; padding-top:6px;\" width=\"320px\"><\/div>\n<p>                              Ha Korondon utazik \u00e1t az ember, akarva-akaratlanul is felfigyel az ottani szuven\u00edrkereskedelemre. <\/p>\n<p>M\u00e9g akkor is vonzza a szemet a sz\u00ednes k\u00edn\u00e1lat, ha imm\u00e1r t\u00f6bbsz\u00e1z vagy t\u00f6bbezer alkalommal j\u00e1rt arra \u00e9lete folyam\u00e1n, hiszen nem turista, hanem a k\u00f6rny\u00e9k lak\u00f3ja. <\/p>\n<p>Mivel nincsen k\u00f6zleked\u00e9si alternat\u00edva, az orsz\u00e1g\u00faton kell haladni k\u00f6zs\u00e9gt\u00e1bl\u00e1t\u00f3l k\u00f6zs\u00e9gt\u00e1bl\u00e1ig, s n\u00e9zni a felhozatalt, ha k\u00edv\u00e1nja a port\u00e9k\u00e1t az arraj\u00e1r\u00f3, ha nem.<\/p>\n<p>Nem v\u00e9letlen\u00fcl \u00edrtunk szuven\u00edrkereskedelmet. Korond m\u00e1r r\u00e9g\u00f3ta nem a fazekass\u00e1gr\u00f3l sz\u00f3l, hanem a boltr\u00f3l. <\/p>\n<p>Nem tudom, hogy mennyi h\u00e1z lehet a di\u00f3i borv\u00edz \u00e9s az \u00e1rcs\u00f3i benzink\u00fat k\u00f6z\u00f6tt &#8211; k\u00e9tsz\u00e1z biztosan van -, de merem \u00e1ll\u00edtani, hogy a f\u0151\u00fatra ny\u00edl\u00f3 kapuk mellett &#8211; mintegy kilencvensz\u00e1zal\u00e9kos tel\u00edtetts\u00e9gben &#8211; butikok sorakoznak, s\u0151t: m\u00e9g az egyh\u00e1zak is nyitottak a piac fel\u00e9, \u00e1rus\u00edt\u00f3helyeket \u00e9p\u00edttettek, amelyeket kiadnak a h\u00edveknek, vagy egyszer\u0171en azoknak, akik r\u00e1licit\u00e1lnak ezekre az \u00e9rt\u00e9kes\u00edt\u00e9si helyekre. Itt hatv\u00e1nyozottan igaz a mond\u00e1s mely szerint &#8222;Krisztus kopors\u00f3j\u00e1t sem \u0151rizt\u00e9k ingyen&#8221;, Krisztus k\u00e9s\u0151i tan\u00edtv\u00e1nyai is igyekeznek k\u00e9t l\u00e1bbal \u00e9s \u00e9p \u00e9sszel helyt\u00e1llni ezen a f\u00f6ld\u00f6n. <\/p>\n<p>Tal\u00e1n csak az \u00fat partj\u00e1n elhelyezked\u0151 helyi int\u00e9zm\u00e9nyek &#8211; a k\u00f6zs\u00e9gi tan\u00e1cs, az iskola, a rend\u0151rs\u00e9g, az \u00e1llatorvosi rendel\u0151, egy-k\u00e9t &#8222;k\u00f6z\u00f6ns\u00e9ges&#8221; vegyesbolt \u00e9s helyi szolg\u00e1ltat\u00f3 &#8211; nem rendelkezik ilyen utc\u00e1ra nyitott el\u00e1rus\u00edt\u00f3hellyel, \u00e9s p\u00e1r megsz\u00e1llott, aki semmik\u00e9pp nem hajland\u00f3 be\u00e1llni a sorba, holott strat\u00e9giailag fontos helyen lakik, mint Ambrus Lajos \u00e9s feles\u00e9ge, Judit, akik k\u00f6ztiszteletnek \u00f6rvend\u0151 nyugd\u00edjas tan\u00e1rok, s ink\u00e1bb a t\u00e1jh\u00e1zat \u00e9s a Hazan\u00e9z\u0151 foly\u00f3iratot \u00fczemeltetik, mindamellett, hogy folyamatosan azon gondolkodnak \u00e9s \u00fcgyk\u00f6dnek most is, hogy milyen kultur\u00e1lis programokat hozzanak tet\u0151 al\u00e1 ebben a nagyk\u00f6zs\u00e9gben.\u00a0<\/p>\n<div style=\"text-align: center;\"><img loading=\"lazy\" decoding=\"async\" src=\"http:\/\/archivum.eloszekelyfold.ro\/wp-content\/uploads\/2021\/12\/Korondi_sokadalomban.jpg\" width=\"450\" height=\"317\" alt=\"\"><\/div>\n<div style=\"text-align: center;\"><em>Korondi sokadalom<\/em><\/div>\n<p>\nS\u00fct\u0151 Levete, az \u00fajabban polg\u00e1rmesterr\u00e9 avanzs\u00e1lt, h\u00edres vargyasi b\u00fatorfest\u0151-mester mondta p\u00e1r \u00e9vvel ezel\u0151tt, hogy olyannak k\u00e9pzeli Korondot, mint a Magyarorsz\u00e1g \u00e9s Ausztria hat\u00e1r\u00e1n, Gy\u0151r \u00e9s Mosonmagyar\u00f3v\u00e1r k\u00f6zt fekv\u0151 Abda k\u00f6zs\u00e9get, amely &#8211; lesz\u00e1m\u00edtva azt, hogy \u00c1rp\u00e1d-kori telep\u00fcl\u00e9s, s gyakran v\u00e1lt hadak orsz\u00e1g\u00fatj\u00e1v\u00e1l \u00e9s arr\u00f3l a szomor\u00fa t\u00e9nyr\u0151l is nevezetes, hogy 1944. november 9-\u00e9n itt v\u00e9gezt\u00e9k ki a munkaszolg\u00e1latos Radn\u00f3ti Mikl\u00f3s k\u00f6lt\u0151t &#8211; a rendszerv\u00e1lt\u00e1s el\u0151tti \u00e9s ut\u00e1ni \u00e9vekben ugyancsak zsibv\u00e1s\u00e1rk\u00e9nt \u00fczemelt a vasf\u00fcgg\u00f6ny lebont\u00e1s\u00e1ig, de azt\u00e1n &#8222;mag\u00e1hoz t\u00e9rt&#8221;.<\/p>\n<div style=\"text-align: center;\"><img loading=\"lazy\" decoding=\"async\" src=\"http:\/\/archivum.eloszekelyfold.ro\/wp-content\/uploads\/2021\/12\/korond_arcso_fesztival 009.JPG\" width=\"450\" height=\"338\" alt=\"\"><\/div>\n<div style=\"text-align: center;\"><em>\u00c1rcs\u00f3i Fazekasv\u00e1s\u00e1r 2013<\/em><\/div>\n<p>\nKorond eset\u00e9ben nem besz\u00e9lhet\u00fcnk arr\u00f3l, hogy abbamaradna a n\u00e9pm\u0171v\u00e9szeti \u00e9s egy\u00e9b t\u00e1rgyak \u00e1rus\u00edt\u00e1sa, itt azt l\u00e1tni, hogy a nagyk\u00f6zs\u00e9g lakoss\u00e1g\u00e1nak jelent\u0151s r\u00e9sze tov\u00e1bbra is a tranztiforgalomb\u00f3l k\u00edv\u00e1n meg\u00e9lni, s az ig\u00e9nyeknek megfelel\u0151en folyamatos igaz\u00edt, alak\u00edt a m\u00f3dszereken \u00e9s a k\u00edn\u00e1laton. <\/p>\n<p>Hogy alak\u00edtanak-e a korondi \u00e1rusok ig\u00e9nyeket, azt egy\u00e9rtelm\u0171en nem lehet \u00e1ll\u00edtani, de annyi biztos, hogy kiv\u00e1l\u00f3an idomulnak a multikultur\u00e1lis elv\u00e1r\u00e1sokhoz, mert els\u0151sorban nem a bel- \u00e9s k\u00fclf\u00f6ldi magyart, hanem a rom\u00e1n, a mold\u00e1v, az osztr\u00e1k, a n\u00e9met \u00e9s a m\u00e1s orsz\u00e1gokb\u00f3l \u00e9rkez\u0151 turist\u00e1kat is ki kell szolg\u00e1lniuk.<\/p>\n<div style=\"text-align: center;\"><img loading=\"lazy\" decoding=\"async\" src=\"http:\/\/archivum.eloszekelyfold.ro\/wp-content\/uploads\/2021\/12\/szekely_csillagok_ba.jpg\" width=\"250\" height=\"359\" alt=\"\">\u00a0 \u00a0 \u00a0 \u00a0\u00a0<img loading=\"lazy\" decoding=\"async\" src=\"http:\/\/archivum.eloszekelyfold.ro\/wp-content\/uploads\/2021\/12\/szekely_csillagok_ba2.jpg\" width=\"250\" height=\"333\" alt=\"\"><\/div>\n<p>\nLegut\u00f3bb egy \u00e9rdekes megh\u00edv\u00e1snak tett\u00fcnk eleget. Munkat\u00e1rsunk, Bal\u00e1zs \u00c1rp\u00e1d \u00fajs\u00e1g\u00edr\u00f3 \u00e9s helyt\u00f6rt\u00e9n\u00e9sz hossz\u00fa \u00e9vek \u00f3ta kutatja a sz\u00e9kelyf\u00f6ldi sportt\u00f6rt\u00e9netet is. T\u00f6bbek k\u00f6z\u00f6tt az \u0151 kitart\u00f3 munk\u00e1ss\u00e1g\u00e1nak k\u00f6sz\u00f6nhet\u0151, hogy L\u0151rincz M\u00e1rton \u00e9s Keresztes Lajos olimpikonoknak a S\u00f3vid\u00e9ken kultusza lett. Egyik frissen megjelent k\u00f6nyve aprop\u00f3j\u00e1n jutottunk el Sz\u00e9kelymagyar\u00f3sra, Parajdra \u00e9s Korondra is, de mindig vitt\u00fcnk r\u00e9gebbi kiadv\u00e1nyokat is.<\/p>\n<p>Nem k\u00edv\u00e1ntunk itt sem nagyobb tal\u00e1lkoz\u00f3t szervezni, hiszen ahhoz nagyobb helyis\u00e9g kellene, szervez\u00e9s. Ezek ink\u00e1bb amolyan csal\u00e1dias jelleg\u0171 rendezv\u00e9nyek voltak, ahol t\u00f6bbnyire az egykori sportol\u00f3k lesz\u00e1rmazottait igyekezt\u00fcnk felkeresni, az eml\u00e9kek \u0151rz\u0151it, hogy tudatos\u00edtsuk az \u00e9rt\u00e9kek megtart\u00e1s\u00e1nak fontoss\u00e1g\u00e1t \u00e9s biztassuk \u0151ket a tov\u00e1bbi t\u00e1rgyak \u00e9s eml\u00e9kek \u00e1tad\u00e1s\u00e1ra.<\/p>\n<div style=\"text-align: center;\"><img loading=\"lazy\" decoding=\"async\" src=\"http:\/\/archivum.eloszekelyfold.ro\/wp-content\/uploads\/2021\/12\/vesztiek_udvara(1).jpg\" width=\"450\" height=\"326\" alt=\"\"><\/div>\n<p>\nIly\u00e9s-V\u00e9szti Mih\u00e1ly\u00e9khoz sz\u00f3lt a megh\u00edv\u00e1sunk, akik a falu k\u00f6zep\u00e9ben alak\u00edtott\u00e1k ki a Fazekash\u00e1zukat, s amely k\u00edv\u00fclr\u0151l nem is \u00e1rulja el titkait. L\u00e1tsz\u00f3lag ugyanolyan, mint a t\u00f6bbi. Ha a t\u00e1j\u00e9kozatlan turista csak \u00fagy b\u00f3kl\u00e1szni kezd a standok k\u00f6z\u00f6tt, kaput\u00f3l-kapuig haladva, tal\u00e1n be sem megy a nagy sz\u00e9kelykapuval ell\u00e1tott udvarba, \u00e1tugorja ezt a bennval\u00f3t, mert az Ily\u00e9s V\u00e9szti csal\u00e1d nem k\u00e9sz\u00edttetett hars\u00e1ny rekl\u00e1mot vagy c\u00e9gt\u00e1bl\u00e1t. <\/p>\n<p>Legt\u00f6bbsz\u00f6r azonban a nagykapu t\u00e1rva-nyitva. Ez a j\u00f3 h\u00edrnev\u0171 korondi csal\u00e1d \u00fagy \u00e9l \u00e9vtizedek \u00f3ta, hogy minden gener\u00e1ci\u00f3ja a fazekass\u00e1ggal \u00e9s a term\u00e9kek \u00e9rt\u00e9kes\u00edt\u00e9s\u00e9vel foglalkozik. <\/p>\n<p>Ha bel\u00e9pett az \u00e9rdekl\u0151d\u0151 az udvarba, akkor azonnal \u00e9szleli, hogy itt csak egy fogad\u00f3helyis\u00e9g van, s tov\u00e1bb lehet, \u00e9s minden bizonnyal tov\u00e1bb kell mennie, hiszen van egy k\u00f6vetkez\u0151 udvar. A hagyom\u00e1nyos sz\u00e9kely paraszti gazdas\u00e1gokn\u00e1l a baromfinak szokt\u00e1k az udvarok egy r\u00e9sz\u00e9t elker\u00edteni, de itt bennebb l\u00e9pve a k\u00e9zm\u0171vess\u00e9g egy k\u00f6vetkez\u0151 r\u00e9teg\u00e9t fedezz\u00fck fel. Itt m\u00e1r \u00fcl\u0151almatoss\u00e1g is van, \u00e1lland\u00f3 ker\u00e1miaki\u00e1ll\u00edt\u00e1s a falakon. <\/p>\n<p>Az udvart nem cs\u0171r z\u00e1rja, hanem \u00e9get\u0151katlan \u00e9s korongoz\u00f3m\u0171hely. Ha siker\u00fclt az \u00e9rdekl\u0151d\u0151nek megn\u00e9znie mindent, akkor m\u00e9g \u00e9rdekesebb sarok k\u00f6vetkezik: egybegy\u0171jt\u00f6tt\u00e9k a csal\u00e1d tulajdon\u00e1ban lev\u0151 r\u00e9gi haszn\u00e1lati t\u00e1rgyakat \u00e9s eszk\u00f6z\u00f6ket, sz\u0151tteseket, faragv\u00e1nyokat \u00e9s fotogr\u00e1fi\u00e1kat, amelyek r\u00e9v\u00e9n \u00edgy egy kisebb m\u00fazeumsarok j\u00f6hetett l\u00e9tre.<\/p>\n<div style=\"text-align: center;\"><img loading=\"lazy\" decoding=\"async\" src=\"http:\/\/archivum.eloszekelyfold.ro\/wp-content\/uploads\/2021\/12\/DSCN8717.JPG\" width=\"450\" height=\"600\" alt=\"\"><\/div>\n<p>\nMivel t\u00f6bb gener\u00e1ci\u00f3 \u00e9l egy\u00fctt a v\u00e1llalkoz\u00e1snak helyet biztos\u00edt\u00f3 dupla telken, lassan-lassan \u00e1tker\u00fclt\u00fcnk egy &#8222;m\u00e1sik vil\u00e1gba&#8221;; a k\u00f6vetkez\u0151(!) udvarban filag\u00f3ri\u00e1t tal\u00e1lunk, \u00edzl\u00e9sesen kialak\u00edtott keny\u00e9rs\u00fct\u0151-kemenc\u00e9t. <\/p>\n<p>Akik id\u00e1ig &#8222;behatoltak&#8221; az Ily\u00e9s-V\u00e9szti-f\u00e9le birodalomba, azok m\u00e1r nem egyszer\u0171 v\u00e1s\u00e1rl\u00f3k, hanem vend\u00e9gek. Be lehet tekinteni a vir\u00e1goz\u00f3-m\u0171helybe, a rakt\u00e1rba, ahol a polcokon a f\u00e9lk\u00e9sz term\u00e9kek sz\u00e1radnak. A k\u00f6vetkez\u0151 udvar azt\u00e1n m\u00e1r teljesen a sz\u00e1ll\u00f3vend\u00e9gek\u00e9, akik a h\u00e1tuls\u00f3 utc\u00e1ban parkolhatnak le, ha sz\u00e1ll\u00e1solni szeretn\u00e9nek az Ily\u00e9s-V\u00e9szti Mih\u00e1ly\u00e9k Fazekash\u00e1z\u00e1n\u00e1l.\u00a0<\/p>\n<div style=\"text-align: center;\"><img loading=\"lazy\" decoding=\"async\" src=\"http:\/\/archivum.eloszekelyfold.ro\/wp-content\/uploads\/2021\/12\/szerzo_es_haziasszony.jpg\" width=\"450\" height=\"326\" alt=\"\"><\/div>\n<div style=\"text-align: center;\"><em>Bal\u00e1zs \u00c1rp\u00e1d Ily\u00e9s-V\u00e9szti Mih\u00e1lyn\u00e9 S\u00fckei Roz\u00e1li\u00e1val<\/em><\/div>\n<p>\nMivel hivatalosak voltunk egy ad-hoc k\u00f6nyvbemutat\u00f3ra elfoglaltuk a hely\u00fcnket ebben a harmadik udvarban, s an\u00e9lk\u00fcl, hogy zavartuk volna a &#8222;kiszolg\u00e1l\u00e1st&#8221; beilleszkedt\u00fcnk a csal\u00e1d \u00e9let\u00e9be. R\u00e9szei voltunk mi is a boltnak.<\/p>\n<p>Igen hamar kider\u00fclt, hogy a h\u00e1z lelke tulajdonk\u00e9ppen a h\u00e1ziasszony, aki a norm\u00e1lis teend\u0151k mellett &#8211; f\u0151z\u00e9s, s\u00fct\u00e9s, mos\u00e1s, takar\u00edt\u00e1s &#8211; a lehet\u0151 legterm\u00e9szetesebb m\u00f3don v\u00e9gzi a bolt koordin\u00e1l\u00e1st is. Ily\u00e9s V\u00e9szti Mih\u00e1lyn\u00e9 S\u00fckei Roz\u00e1lia huszonn\u00e9gy \u00f3r\u00e1s szolg\u00e1latban dolgozik. Igaz, hogy feln\u0151tt fia \u00e9s le\u00e1nya is seg\u00edti \u0151t minden vonatkoz\u00e1sban, s\u0151t unoka is van, akit &#8222;befognak&#8221; a munk\u00e1ba.<\/p>\n<p>Zajlott a &#8222;k\u00f6nyvbemutat\u00f3&#8221;, s k\u00f6zben mi figyelt\u00fck az ottani \u00e9letet.<\/p>\n<div style=\"text-align: center;\"><img loading=\"lazy\" decoding=\"async\" src=\"http:\/\/archivum.eloszekelyfold.ro\/wp-content\/uploads\/2021\/12\/DSCN8745.JPG\" width=\"450\" height=\"337\" alt=\"\"><\/div>\n<p>\nNem volt egy er\u0151sen forgalmas nap, nem \u00e9rkeztek a h\u00e1zhoz szervezett csoportok, de az\u00e9rt a m\u00e1sf\u00e9l-k\u00e9t \u00f3ra alat legal\u00e1bb h\u00faszan megfordultak a bennval\u00f3ban. <\/p>\n<p>M\u00e1r az els\u0151 l\u00e1togat\u00f3n\u00e1l megfigyelt\u00fck, hogy R\u00f3zsika ismer\u0151sk\u00e9nt k\u00f6sz\u00f6nt\u00f6tte \u0151ket. \u00c9ppen Magyarorsz\u00e1gr\u00f3l j\u00f6tt egy h\u00e1zasp\u00e1r. N\u00e9h\u00e1ny mondat ut\u00e1n kider\u00fclt, hogy melyik telep\u00fcl\u00e9sr\u0151l \u00e9rkeztek. Sz\u00f3-sz\u00f3t k\u00f6vetett, \u00e9s hamarosan a pl\u00e9b\u00e1nosuk hogyl\u00e9t\u00e9r\u0151l \u00e9rdekl\u0151d\u00f6tt a h\u00e1zisszony, azt\u00e1n sz\u00f3 esett arr\u00f3l is, hogy megsz\u00fcletett a polg\u00e1rmester\u00fck fiacsk\u00e1ja. Egy h\u00f6lgy a kuty\u00e1j\u00e1val \u00e9rkezett. A kis daszkli nagyon szomjas volt. A gazdi nem. Tulajdonk\u00e9ppen v\u00e1s\u00e1rolni sem akart, de &#8211; mialatt a kutya szomj\u00e1t oltotta &#8211; el\u0151ker\u00fcltek &#8211; nem teljesen v\u00e9letlen\u00fcl &#8211; a k\u00e9zm\u0171ves sajtok&#8230; <\/p>\n<p>Nem avatkoztunk be, hiszen &#8211; mint mondtuk &#8211; nem akartunk zavarni. <\/p>\n<p>Izraeli h\u00f6lgyek j\u00f6ttek &#8211; \u0151k sem v\u00e9letlen\u00fcl, nem csak \u00fagy, hiszen Szov\u00e1t\u00e1ra ism\u00e9t szerveznek csoportokat Izraelb\u0151l, Sv\u00e9dorsz\u00e1gb\u00f3l, Finnorsz\u00e1gb\u00f3l is &#8211; akiket egy r\u00f6vid <em>Shalom, Izrael!<\/em> k\u00f6sz\u00f6nt\u00e9s ut\u00e1n az unoka fogadott, aki n\u00e9met\u00fcl \u00e9s angolul &#8211; sikeresen &#8211; el tudott t\u00e1rsaslogni a k\u00e9t n\u00e9nivel.<\/p>\n<p>K\u00f6zben Bal\u00e1zs \u00c1rp\u00e1d kis standot \u00e1ll\u00edtott fel az \u00e1rny\u00e9kban a k\u00f6nyvekb\u0151l. <\/p>\n<p>Mit mondjunk? V\u00e9letlen volt, hogy szentesi l\u00e1togat\u00f3k is \u00e9rkeztek b\u00e1r percen bel\u00fcl? Meglehet. A sportot is szeret\u0151 pedag\u00f3gusok tudt\u00e1k, hogy kicsoda volt L\u0151rincz M\u00e1rton, hiszen nagy tisztelettel \u00e1polj\u00e1k a v\u00e1rosuk egyik k\u00f6zponti hely\u00e9n el\u00fcltetett olimpiai t\u00f6lgyet.<\/p>\n<div style=\"text-align: center;\"><img loading=\"lazy\" decoding=\"async\" src=\"http:\/\/archivum.eloszekelyfold.ro\/wp-content\/uploads\/2021\/12\/DSCN8728.JPG\" width=\"450\" height=\"596\" alt=\"\"><\/div>\n<div style=\"text-align: center;\"><em>Ily\u00e9s-V\u00e9szti Mih\u00e1lyn\u00e9 S\u00fckei Roz\u00e1lia, a lelkes menedzser-h\u00e1ziasszony<\/em><\/div>\n<p>\nEgy\u00e9bk\u00e9nt el\u00e9g hosszasan b\u00facs\u00fazkodtunk S\u00fckei Roz\u00e1li\u00e1t\u00f3l, m\u00e1r s\u00f6t\u00e9tedett lassan, de m\u00e9g ezt is, m\u00e9g azt is megn\u00e9zt\u00fcnk, mik\u00f6zben lassan v\u00e9get\u00e9rt a r\u00f6gt\u00f6nz\u00f6tt, de nemzetk\u00f6ziv\u00e9 v\u00e1lt k\u00f6nyvbemutat\u00f3.<\/p>\n<p>Hogy csin\u00e1lja? &#8211; k\u00e9rdezt\u00fck b\u00facs\u00faz\u00f3ul &#8211; T\u00f6bbezer ismer\u0151sre kiterjed\u0151 facebook-oldala van? Elektronikus levelez\u00e9st folytat a r\u00e9gi \u00e9s \u00faj vend\u00e9gekkel? &#8211; Dehogy! &#8211; mondta szabadkozva &#8211; Nem is tudom rendesen haszn\u00e1lni az e-mail-t! Id\u0151m sincs ilyesmire! Az unok\u00e1m olvassa fel, hogy miket \u00edrnak. A f\u00e9szb\u00fak pedig itt van a fejemben, az ide bet\u00e9r\u0151k nyolcvan sz\u00e1zal\u00e9ka ismer\u0151s, vagy ismer\u0151s ismer\u0151se, s a marad\u00e9k h\u00fasz sz\u00e1zal\u00e9kkal pedig folyton b\u0151v\u00fcl az ismerets\u00e9gi k\u00f6r&#8230;<\/p>\n<div style=\"text-align: center;\"><img loading=\"lazy\" decoding=\"async\" src=\"http:\/\/archivum.eloszekelyfold.ro\/wp-content\/uploads\/2021\/12\/DSCN8718.JPG\" width=\"250\" height=\"165\" alt=\"\"><\/div>\n<p>\n<em>A szerz\u0151 felv\u00e9telei.<\/em><br \/>\n<em><br \/>\nSim\u00f3 M\u00e1rton\/ \u00c9l\u0151 Sz\u00e9kelyf\u00f6ld Munkacsoport<\/em>\n                        <\/div>\n","protected":false},"excerpt":{"rendered":"<p>Ha Korondon utazik \u00e1t az ember, akarva-akaratlanul is felfigyel az ottani szuven\u00edrkereskedelemre. M\u00e9g akkor is vonzza a szemet a sz\u00ednes k\u00edn\u00e1lat, ha imm\u00e1r t\u00f6bbsz\u00e1z vagy t\u00f6bbezer alkalommal j\u00e1rt arra \u00e9lete folyam\u00e1n, hiszen nem turista, hanem a k\u00f6rny\u00e9k lak\u00f3ja. Mivel nincsen k\u00f6zleked\u00e9si alternat\u00edva, az orsz\u00e1g\u00faton kell haladni k\u00f6zs\u00e9gt\u00e1bl\u00e1t\u00f3l k\u00f6zs\u00e9gt\u00e1bl\u00e1ig, s n\u00e9zni a felhozatalt, ha k\u00edv\u00e1nja a [&hellip;]<\/p>\n","protected":false},"author":1,"featured_media":28338,"comment_status":"open","ping_status":"open","sticky":false,"template":"","format":"standard","meta":{"footnotes":""},"categories":[],"tags":[],"class_list":["post-28337","post","type-post","status-publish","format-standard","has-post-thumbnail","hentry"],"_links":{"self":[{"href":"https:\/\/archivum.eloszekelyfold.ro\/index.php\/wp-json\/wp\/v2\/posts\/28337","targetHints":{"allow":["GET"]}}],"collection":[{"href":"https:\/\/archivum.eloszekelyfold.ro\/index.php\/wp-json\/wp\/v2\/posts"}],"about":[{"href":"https:\/\/archivum.eloszekelyfold.ro\/index.php\/wp-json\/wp\/v2\/types\/post"}],"author":[{"embeddable":true,"href":"https:\/\/archivum.eloszekelyfold.ro\/index.php\/wp-json\/wp\/v2\/users\/1"}],"replies":[{"embeddable":true,"href":"https:\/\/archivum.eloszekelyfold.ro\/index.php\/wp-json\/wp\/v2\/comments?post=28337"}],"version-history":[{"count":0,"href":"https:\/\/archivum.eloszekelyfold.ro\/index.php\/wp-json\/wp\/v2\/posts\/28337\/revisions"}],"wp:featuredmedia":[{"embeddable":true,"href":"https:\/\/archivum.eloszekelyfold.ro\/index.php\/wp-json\/wp\/v2\/media\/28338"}],"wp:attachment":[{"href":"https:\/\/archivum.eloszekelyfold.ro\/index.php\/wp-json\/wp\/v2\/media?parent=28337"}],"wp:term":[{"taxonomy":"category","embeddable":true,"href":"https:\/\/archivum.eloszekelyfold.ro\/index.php\/wp-json\/wp\/v2\/categories?post=28337"},{"taxonomy":"post_tag","embeddable":true,"href":"https:\/\/archivum.eloszekelyfold.ro\/index.php\/wp-json\/wp\/v2\/tags?post=28337"}],"curies":[{"name":"wp","href":"https:\/\/api.w.org\/{rel}","templated":true}]}}