{"id":28335,"date":"2021-12-13T03:47:00","date_gmt":"2021-12-13T03:47:00","guid":{"rendered":"http:\/\/archivum.eloszekelyfold.ro\/2021\/12\/13\/donald-trump-lesz-az-usa-45-elnoke\/"},"modified":"2021-12-13T03:47:00","modified_gmt":"2021-12-13T03:47:00","slug":"donald-trump-lesz-az-usa-45-elnoke","status":"publish","type":"post","link":"https:\/\/archivum.eloszekelyfold.ro\/index.php\/2021\/12\/13\/donald-trump-lesz-az-usa-45-elnoke\/","title":{"rendered":"Donald Trump lesz az USA 45. eln\u00f6ke"},"content":{"rendered":"<p><\/p>\n<div style=\"color:#666666; font-family:inherit; font-size:14px;font-style: normal;text-align:left;line-height:24px;\">\n<div style=\"float:left\"><img decoding=\"async\" src=\"http:\/\/archivum.eloszekelyfold.ro\/wp-content\/uploads\/2021\/12\/587_naggya_amerikat.jpg\" alt=\"Donald Trump lesz az USA 45. eln\u00f6ke\" style=\"padding-right:14px; padding-bottom:6px; padding-top:6px;\" width=\"320px\"><\/div>\n<p>                              Donald Trump republik\u00e1nus p\u00e1rti eln\u00f6kjel\u00f6lt bejelentette, hogy gy\u0151zelmet aratott az eln\u00f6kv\u00e1laszt\u00e1son, amihez demokrata p\u00e1rti vet\u00e9lyt\u00e1rsa, Hillary Clinton telefonon m\u00e1r gratul\u00e1lt neki. <\/p>\n<p>Megv\u00e1laszt\u00e1s\u00e1t k\u00f6vet\u0151 els\u0151, helyi id\u0151 szerint szerda hajnali h\u00e1romkor elhangzott besz\u00e9d\u00e9ben Trump gratul\u00e1lt Clintonnak, aki &#8211; mint fogalmazott &#8211; a kamp\u00e1nyban kem\u00e9ny harcot folytatott.<\/p>\n<div>\u00a0<\/div>\n<div>Trump hangs\u00falyozta: k\u00f6sz\u00f6nettel tartozunk Hillary Clintonnak mindazok\u00e9rt a szolg\u00e1latok\u00e9rt, amelyeket az elm\u00falt \u00a0\u00e9vekben az amerikai nemzet \u00e9rdek\u00e9ben \u00a0tett.<\/div>\n<div>\u00a0<\/div>\n<div>Merkovity Norbert politol\u00f3gus, a Szegedi Tudom\u00e1nyegyetem (SZTE) tudom\u00e1nyos munkat\u00e1rsa szerint Hillary Clinton az\u00e9rt\u00a0vesztette el a v\u00e1laszt\u00e1st, mert t\u00fals\u00e1gosan k\u00e9nyelmes volt, \u00e9s nem vette el\u00e9g komolyan a kev\u00e9sb\u00e9 iskol\u00e1zott r\u00e9teget,\u00a0az \u00fagynevezett k\u00e9kgall\u00e9rosokat. <\/p>\n<p>A szak\u00e9rt\u0151 az M1 aktu\u00e1lis csatorn\u00e1n azt mondta, Clinton most \u00e9s m\u00e1r 2008-ban is\u00a0t\u00fals\u00e1gosan k\u00e9nyelmes volt, amikor Barack Obama ellen elvesztette az el\u0151v\u00e1laszt\u00e1st. Emellett nem vette el\u00e9g komolyan\u00a0azokat a r\u00e9tegeket, \u00a0akik el\u00e9gedetlenek a washingtoni politik\u00e1val. Donald Trump viszont k\u00e9pes volt \u0151ket megsz\u00f3l\u00edtani\u00a0\u00e9s mozg\u00f3s\u00edtani &#8211; tette hozz\u00e1 Merkovity Norbert.<\/p><\/div>\n<div>\u00a0<\/div>\n<div>Hillary Clinton demokrata p\u00e1rti amerikai eln\u00f6kjel\u00f6lt elismerte v\u00e1laszt\u00e1si veres\u00e9g\u00e9t, \u00e9s helyi id\u0151 szerint szerd\u00e1n,\u00a0h\u00e1romnegyed h\u00e1romkor telefonon gratul\u00e1lt a republik\u00e1nus gy\u0151ztesnek, Donald Trumpnak.<\/div>\n<div>\u00a0<\/div>\n<div>Traian Basescu volt rom\u00e1n \u00e1llamf\u0151 az EU-b\u00f3l val\u00f3 kil\u00e9p\u00e9s mellett d\u00f6nt\u0151 brit n\u00e9pszavaz\u00e1shoz hasonl\u00edtotta szerda\u00a0reggel Donald Trump val\u00f3sz\u00edn\u0171s\u00edthet\u0151 gy\u0151zelm\u00e9t.\u00a0&#8222;A Brexit ut\u00e1n USA exit! T\u00fal sok ez a megcsontosodott Eur\u00f3pai Uni\u00f3nak, amelynek meg kell \u00e9rtenie egy alapvet\u0151\u00a0dolgot: vagy gyorsan megv\u00e1ltozik a politikusok azonnali cselekedetei r\u00e9v\u00e9n, vagy a n\u00e9peink fogj\u00e1k megv\u00e1ltoztatni,\u00a0\u00fagy. ahogy a britek \u00e9s amerikaiak tett\u00e9k&#8221; &#8211; \u00edrta Facebook-oldal\u00e1n a jobboldali politikus, aki t\u00edz \u00e9vig volt Rom\u00e1nia\u00a0eln\u00f6ke.<\/div>\n<div>\u00a0<\/div>\n<div>Martin Schulz, az Eur\u00f3pai Parlament (EP) eln\u00f6ke szerda reggeli sajt\u00f3t\u00e1j\u00e9koztat\u00f3j\u00e1n gratul\u00e1lt Donald Trump amerikai\u00a0republik\u00e1nus p\u00e1rti eln\u00f6kjel\u00f6ltnek a v\u00e1laszt\u00e1si gy\u0151zelme alkalm\u00e1b\u00f3l.\u00a0A n\u00e9met szoci\u00e1ldemokrata politikus kijelentette, hogy az amerikai eln\u00f6kv\u00e1laszt\u00e1s eredm\u00e9nye v\u00e1rhat\u00f3an\u00a0megnehez\u00edti az egy\u00fcttm\u0171k\u00f6d\u00e9st az Eur\u00f3pai Uni\u00f3 \u00e9s az Egyes\u00fclt \u00c1llamok k\u00f6z\u00f6tt, Trump azonban szabad v\u00e1laszt\u00e1sokon\u00a0gy\u0151zedelmeskedett, \u00edgy &#8222;meg\u00e9rdemli az uni\u00f3s int\u00e9zm\u00e9nyek teljes tisztelet\u00e9t&#8221;.<\/p>\n<p>Schulz rem\u00e9ny\u00e9t fejezte ki, hogy a felek egy\u00fctt tudnak majd m\u0171k\u00f6dni a k\u00f6z\u00f6s \u00e9rdekek \u00e9s felel\u0151ss\u00e9gek ment\u00e9n, s\u00a0elmondta, hogy tapasztalatai szerint a v\u00e1laszt\u00e1si kamp\u00e1nyok nagyban k\u00fcl\u00f6nb\u00f6znek a val\u00f3di politik\u00e1t\u00f3l. Hozz\u00e1tette,\u00a0hogy a Trump \u00e1ltal kor\u00e1bban tett, &#8222;aggodalmat kelt\u0151&#8221; kijelent\u00e9seket rem\u00e9lhet\u0151leg felv\u00e1ltja az &#8222;\u00e9sszer\u0171\u00a0egy\u00fcttm\u0171k\u00f6d\u00e9s&#8221;.<\/p><\/div>\n<div>\u00a0<\/div>\n<div>N\u00e9metorsz\u00e1gnak egy\u00fctt kell m\u0171k\u00f6dnie Donald Trump megv\u00e1lasztott amerikai eln\u00f6kkel &#8211; hangs\u00falyozta Volker Kauder, a\u00a0korm\u00e1nyz\u00f3 n\u00e9met jobboldali CDU\/CSU p\u00e1rtsz\u00f6vets\u00e9g parlamenti (Bundestag-) frakci\u00f3vezet\u0151je szerd\u00e1n.<\/div>\n<div style=\"text-align: left;\">A politikus k\u00f6zlem\u00e9ny\u00e9ben kiemelte, hogy a k\u00f6vetkez\u0151 \u00e9vekben is rendk\u00edv\u00fcl fontos lesz a szoros transzatlanti\u00a0partneri kapcsolat N\u00e9metorsz\u00e1gnak \u00e9s Eur\u00f3p\u00e1nak.\u00a0A n\u00e9meteket &#8222;\u00e9rt\u00e9kk\u00f6z\u00f6ss\u00e9g&#8221; k\u00f6ti \u00f6ssze az Egyes\u00fclt \u00c1llamokkal, \u00e9s &#8222;az \u00faj amerikai eln\u00f6knek is fel kell\u00a0ismernie, hogy a j\u00f3 viszony Eur\u00f3p\u00e1val \u00e9s N\u00e9metorsz\u00e1ggal csak hasznos lehet orsz\u00e1g\u00e1nak&#8221; &#8211; tette hozz\u00e1.\u00a0A CDU\/CSU-val korm\u00e1nyz\u00f3 szoci\u00e1ldemokrata p\u00e1rt (SPD) r\u00e9sz\u00e9r\u0151l Heiko Maas igazs\u00e1g\u00fcgyi miniszter Twitter-oldal\u00e1n\u00a0azt \u00edrta, hogy Donald Trump megv\u00e1laszt\u00e1s\u00e1val &#8222;nem d\u0151l \u00f6ssze a vil\u00e1g, csak m\u00e9g bolondabb lesz&#8221;.<br \/>\n\u00a0<\/div>\n<div style=\"text-align: center;\"><img loading=\"lazy\" decoding=\"async\" src=\"http:\/\/archivum.eloszekelyfold.ro\/wp-content\/uploads\/2021\/12\/trump_clinton_2.jpg\" width=\"600\" height=\"434\" alt=\"\"><\/div>\n<div style=\"text-align: center;\"><em>Clinton t\u00e1volod\u00f3ban. A nagyvil\u00e1gnak meg kell szoknia, hogy Donald Trump, egy shoman <br \/>\n\u00e9s milli\u00e1rdos \u00fczletember\u00a0pr\u00f3b\u00e1lja ism\u00e9t naggy\u00e1 tenni Amerik\u00e1t (Fot\u00f3: AB\/TASR)<\/em><\/div>\n<div>\nT\u00e1viratban gratul\u00e1lt az amerikai eln\u00f6kv\u00e1laszt\u00e1son el\u00e9rt gy\u0151zelm\u00e9hez Donald Trumpnak szerd\u00e1n Vlagyimir Putyin orosz\u00a0eln\u00f6k is.\u00a0A Kreml sajt\u00f3szolg\u00e1lata szerint Putyin kifejezte rem\u00e9ny\u00e9t, hogy a megv\u00e1lasztott republik\u00e1nus p\u00e1rti amerikai\u00a0eln\u00f6kkel egy\u00fctt tud majd m\u0171k\u00f6dni az\u00e9rt, hogy kivezess\u00e9k az orosz-amerikai kapcsolatokat a v\u00e1ls\u00e1g \u00e1llapot\u00e1b\u00f3l,\u00a0megoldj\u00e1k a nemzetk\u00f6zi politika aktu\u00e1lis k\u00e9rd\u00e9seit \u00e9s hat\u00e9kony v\u00e1laszokat tal\u00e1ljanak a glob\u00e1lis biztons\u00e1g elleni\u00a0kih\u00edv\u00e1sokra.<\/p>\n<p>Az orosz eln\u00f6k k\u00f6z\u00f6lte: biztos benne, hogy &#8222;a Moszkva \u00e9s Washington k\u00f6z\u00f6tti, az egyenl\u0151s\u00e9gre, a k\u00f6lcs\u00f6n\u00f6s\u00a0tiszteletre \u00e9s egym\u00e1s \u00e1ll\u00e1spontj\u00e1nak re\u00e1lis figyelembe v\u00e9tel\u00e9re \u00e9p\u00fcl\u0151, pozit\u00edv p\u00e1rbesz\u00e9d ki\u00e9p\u00edt\u00e9se megfelel\u00a0orsz\u00e1gaink n\u00e9pei \u00e9s az eg\u00e9sz nemzetk\u00f6zi k\u00f6z\u00f6ss\u00e9g \u00a0\u00e9rdekeinek&#8221;.<br \/>\n\u00a0<\/div>\n<div style=\"text-align: center;\"><img loading=\"lazy\" decoding=\"async\" src=\"http:\/\/archivum.eloszekelyfold.ro\/wp-content\/uploads\/2021\/12\/aea_mti.jpg\" width=\"600\" height=\"426\" alt=\"\"><\/div>\n<div>\u00a0<\/div>\n<div>Donald Trump apai nagyapja n\u00e9met bev\u00e1ndorl\u00f3k\u00e9nt 1885-ben \u00e9rkezett az Egyes\u00fclt \u00c1llamokba, \u00e9desanyja sk\u00f3t sz\u00e1rmaz\u00e1s\u00fa.\u00a0<\/div>\n<div>\u00a0<\/div>\n<div>A megv\u00e1laszott eln\u00f6k Fred Christ Trump \u00e9s Mary Trump gyermekek\u00e9nt 1946-ban New Yorkban, Queensben, \u00f6t testv\u00e9r k\u00f6z\u00fcl m\u00e1sodikk\u00e9nt\u00a0sz\u00fcletett. Tanult a Fordham Egyetemen, a Wharton Schoolban \u00e9s a Pennsylvania Egyetemen is. Apja c\u00e9g\u00e9n\u00e9l tanulta ki\u00a0az ingatlanos szakm\u00e1t, s jelent\u0151s ingatlanvagyon birtok\u00e1ban kezdett egyre nagyobb szab\u00e1s\u00fa v\u00e1llalkoz\u00e1sokba. 1971-ben\u00a0k\u00f6lt\u00f6z\u00f6tt Manhattanbe.\u00a01994-ben megszerezte az Empire State Building 50%-os tulajdonr\u00e9sz\u00e9t. 2000 \u00f3ta politikai karrierbe kezdett (el\u0151sz\u00f6r\u00a0demokrata, majd republik\u00e1nus sz\u00ednekben), \u00e9s fontolgatta m\u00e1r a 2012-es v\u00e1laszt\u00e1sokon is az amerikai eln\u00f6ki poszt\u00e9rt val\u00f3\u00a0indul\u00e1st. <\/p>\n<p>Trump Obama eln\u00f6k\u00e9vel ellent\u00e9tes n\u00e9zeteinek t\u00f6bbsz\u00f6r \u00e9lesen hangot adott, megk\u00e9rd\u0151jelezte Obama USA-\u00e1llampolg\u00e1rs\u00e1g\u00e1t, ami\u00e9rt sokan kritiz\u00e1lt\u00e1k, illetve parodiz\u00e1lt\u00e1k. <\/p>\n<p>Indult a republik\u00e1nus p\u00e1rt eln\u00f6kjel\u00f6lts\u00e9g\u00e9\u00e9rt a\u00a02016-os amerikai eln\u00f6kv\u00e1laszt\u00e1son, \u00e9s j\u00falius k\u00f6zep\u00e9n meg is szerezte azt, \u00edgy \u0151 lett a demokrata Hillary Clinton\u00a0kih\u00edv\u00f3ja.<\/p>\n<p>A 2016-os eln\u00f6kv\u00e1laszt\u00e1st Donald Trump nyerte, 2017. janu\u00e1r 20-\u00e1n l\u00e9p majd hivatalba, mint az Amerikai\u00a0Egyes\u00fclt \u00c1llamok 45. eln\u00f6ke.<br \/>\n<em><br \/>\nForr\u00e1sok: MTI, Agerpres<\/p>\n<p>\u00c9l\u0151 Sz\u00e9kelyf\u00f6ld Munkacsoport<\/em><\/div>\n<\/p><\/div>\n","protected":false},"excerpt":{"rendered":"<p>Donald Trump republik\u00e1nus p\u00e1rti eln\u00f6kjel\u00f6lt bejelentette, hogy gy\u0151zelmet aratott az eln\u00f6kv\u00e1laszt\u00e1son, amihez demokrata p\u00e1rti vet\u00e9lyt\u00e1rsa, Hillary Clinton telefonon m\u00e1r gratul\u00e1lt neki. Megv\u00e1laszt\u00e1s\u00e1t k\u00f6vet\u0151 els\u0151, helyi id\u0151 szerint szerda hajnali h\u00e1romkor elhangzott besz\u00e9d\u00e9ben Trump gratul\u00e1lt Clintonnak, aki &#8211; mint fogalmazott &#8211; a kamp\u00e1nyban kem\u00e9ny harcot folytatott. \u00a0 Trump hangs\u00falyozta: k\u00f6sz\u00f6nettel tartozunk Hillary Clintonnak mindazok\u00e9rt a szolg\u00e1latok\u00e9rt, [&hellip;]<\/p>\n","protected":false},"author":1,"featured_media":28336,"comment_status":"open","ping_status":"open","sticky":false,"template":"","format":"standard","meta":{"footnotes":""},"categories":[],"tags":[],"class_list":["post-28335","post","type-post","status-publish","format-standard","has-post-thumbnail","hentry"],"_links":{"self":[{"href":"https:\/\/archivum.eloszekelyfold.ro\/index.php\/wp-json\/wp\/v2\/posts\/28335","targetHints":{"allow":["GET"]}}],"collection":[{"href":"https:\/\/archivum.eloszekelyfold.ro\/index.php\/wp-json\/wp\/v2\/posts"}],"about":[{"href":"https:\/\/archivum.eloszekelyfold.ro\/index.php\/wp-json\/wp\/v2\/types\/post"}],"author":[{"embeddable":true,"href":"https:\/\/archivum.eloszekelyfold.ro\/index.php\/wp-json\/wp\/v2\/users\/1"}],"replies":[{"embeddable":true,"href":"https:\/\/archivum.eloszekelyfold.ro\/index.php\/wp-json\/wp\/v2\/comments?post=28335"}],"version-history":[{"count":0,"href":"https:\/\/archivum.eloszekelyfold.ro\/index.php\/wp-json\/wp\/v2\/posts\/28335\/revisions"}],"wp:featuredmedia":[{"embeddable":true,"href":"https:\/\/archivum.eloszekelyfold.ro\/index.php\/wp-json\/wp\/v2\/media\/28336"}],"wp:attachment":[{"href":"https:\/\/archivum.eloszekelyfold.ro\/index.php\/wp-json\/wp\/v2\/media?parent=28335"}],"wp:term":[{"taxonomy":"category","embeddable":true,"href":"https:\/\/archivum.eloszekelyfold.ro\/index.php\/wp-json\/wp\/v2\/categories?post=28335"},{"taxonomy":"post_tag","embeddable":true,"href":"https:\/\/archivum.eloszekelyfold.ro\/index.php\/wp-json\/wp\/v2\/tags?post=28335"}],"curies":[{"name":"wp","href":"https:\/\/api.w.org\/{rel}","templated":true}]}}