{"id":28333,"date":"2021-12-13T03:45:01","date_gmt":"2021-12-13T03:45:01","guid":{"rendered":"http:\/\/archivum.eloszekelyfold.ro\/2021\/12\/13\/ne-hagyjuk-az-iskolat-frissitve\/"},"modified":"2021-12-13T03:45:01","modified_gmt":"2021-12-13T03:45:01","slug":"ne-hagyjuk-az-iskolat-frissitve","status":"publish","type":"post","link":"https:\/\/archivum.eloszekelyfold.ro\/index.php\/2021\/12\/13\/ne-hagyjuk-az-iskolat-frissitve\/","title":{"rendered":"\u201eNe hagyjuk az iskol\u00e1t!\u201d &#8211; FRISS\u00cdTVE!"},"content":{"rendered":"<p><\/p>\n<div style=\"color:#666666; font-family:inherit; font-size:14px;font-style: normal;text-align:left;line-height:24px;\">\n<div style=\"float:left\"><img decoding=\"async\" src=\"http:\/\/archivum.eloszekelyfold.ro\/wp-content\/uploads\/2021\/12\/591_ne_hagyjuk_az_iskolat.jpg\" alt=\"\u201eNe hagyjuk az iskol\u00e1t!\u201d - FRISS\u00cdTVE!\" style=\"padding-right:14px; padding-bottom:6px; padding-top:6px;\" width=\"320px\"><\/div>\n<p>                              A marosv\u00e1s\u00e1rhelyi R\u00f3mai Katolikus F\u0151gimn\u00e1ziumot egykor a kommunist\u00e1k sz\u00fcntett\u00e9k meg, \u00e9s kobozt\u00e1k el ingatlanait, most pedig koholt v\u00e1dakkal \u00fajra el akarja venni a rom\u00e1n \u00e1llam. <\/p>\n<p>A gimn\u00e1ziumot a r\u00f3mai katolikus egyh\u00e1z \u00e9p\u00edttette az Erd\u00e9lyi R\u00f3mai Katolikus St\u00e1tus beruh\u00e1z\u00e1s\u00e1val 1903 \u00e9s 1905 k\u00f6z\u00f6tt, amelyet hamarosan koll\u00e9giumi bentlak\u00e1ssal is kieg\u00e9sz\u00edtettek (1908).<\/p>\n<p>Marosv\u00e1s\u00e1rhelyen a magyar nyelv\u0171 r\u00f3mai katolikus felekezeti oktat\u00e1s 600 \u00e9ves m\u00falttal rendelkezik, hiszen az 1316-ban itt megteleped\u0151 ferencesek m\u00e1r iskol\u00e1t tartottak fenn kolostorukban. <\/p>\n<p>A helyi magyar k\u00f6z\u00f6ss\u00e9g k\u00e9pvisel\u0151i \u00e9s a v\u00e1rosi tan\u00e1cs, az egyh\u00e1z \u00e9s az iskola, a megyei tanfel\u00f6gyel\u0151s\u00e9g az \u00e9rv\u00e9nyes t\u00f6rv\u00e9nyek ment\u00e9n haladva, szab\u00e1lyosan j\u00e1rt el 2015-ben, amikor a restit\u00faci\u00f3s t\u00f6rv\u00e9ny \u00e9rtelm\u00e9ben saj\u00e1t \u00e9p\u00fclet\u00e9ben helyezte el az \u00fajraalap\u00edtotta az iskol\u00e1t II. R\u00e1k\u00f3czi Ferenc R\u00f3mai Katolikus Teol\u00f3giai L\u00edceum n\u00e9ven.\u00a0<\/p>\n<div>A rendszerv\u00e1ltoz\u00e1st k\u00f6vet\u0151en &#8211; hosszas k\u00fczdelem ut\u00e1n &#8211; csak az 1998, janu\u00e1r 8-\u00e1n hozott 7\/1998-as t\u00f6rv\u00e9nnyel siker\u00fclt visszavonni az 1948-ban kelt \u00e1llamos\u00edt\u00e1si rendeletet. A gimn\u00e1ziumot az \u00e9p\u00fclet visszaszolg\u00e1ltat\u00e1sakor &#8211; 2004 \u0151sz\u00e9t\u0151l &#8211; tudt\u00e1k &#8222;t\u00e1rsb\u00e9rletben&#8221; \u00fajraind\u00edtani, de az a 2014\/2015-\u00f6s tan\u00e9vig csak a Bolyai Farkas Elm\u00e9leti L\u00edceum keret\u00e9n bel\u00fcl, azzal k\u00f6z\u00f6s ingatlanban m\u0171k\u00f6dhetett.<\/p>\n<p>Az Orsz\u00e1gos Korrupci\u00f3ellenes Igazgat\u00f3s\u00e1g (DNA) azzal, hogy \u0151rizetbe vette\u00a0\u015etefan Some\u015fant, Maros megye f\u0151tanfel\u00fcgyel\u0151j\u00e9t \u00e9s a vizsg\u00e1latot kiterjesztette Tam\u00e1si Zsolt J\u00f3zsef igazgat\u00f3ra is &#8211; akit hat\u00f3s\u00e1gi fel\u00fcgyelet alatt tartanak, korl\u00e1tozva munkak\u00f6ri jogait \u00e9s k\u00f6telezetts\u00e9geit -, s\u00falyosan megs\u00e9rtette a rom\u00e1niai magyar k\u00f6z\u00f6ss\u00e9get, vesz\u00e9lyeztetve azt a folyamatot, amelyet \u00e9rdekv\u00e9delmi szervezeteivel, egyh\u00e1zaival \u00e9s m\u00e1s int\u00e9zm\u00e9nyeivel egy\u00fctt folytat 1990 \u00f3ta annak \u00e9rdek\u00e9ben, hogy ez a m\u00e1sf\u00e9l milli\u00f3s nemzeti k\u00f6z\u00f6ss\u00e9g visszakapja az \u0151t megillet\u0151 anyagi javakat, amelyeket az el\u0151z\u0151 nemzed\u00e9kek felhalmoztak, \u00e9s v\u00e9gre olyan t\u00f6rv\u00e9nyi k\u00f6rnyezetben \u00e9lhessen, amely egyenrang\u00fav\u00e1 teszi a t\u00f6bbs\u00e9ggel.<\/p>\n<p>Az Eur\u00f3pai Uni\u00f3ba integr\u00e1l\u00f3dott \u00e1llamokban tov\u00e1bbra is bel\u00fcgy mindenfajta auton\u00f3miai \u00e9s kisebbs\u00e9gjogi k\u00e9rd\u00e9s. <\/p>\n<p>Azok a rem\u00e9nyek, amelyek \u00e9veken \u00e1t az Eur\u00f3pa Tan\u00e1cs 1993\/1201-es \u00e9s egy\u00e9b aj\u00e1nl\u00e1sai k\u00f6r\u00fcl, a szubszidiarit\u00e1s \u00e9s \u00f6nszervez\u0151d\u00e9s var\u00e1zslatos h\u00edv\u00f3szavai kapcs\u00e1n fogalmaz\u00f3dtak meg az erd\u00e9lyi magyarokban, m\u00e1ra m\u00e1r csak halv\u00e1ny ill\u00fazi\u00f3k maradtak. Az EU-ban nem l\u00e9tezik olyan szab\u00e1lyoz\u00e1s, amely megnyugtat\u00f3an \u00e9s tagorsz\u00e1gokra kiterjed\u0151en lenne k\u00e9pes rendezni a nyelvi, k\u00f6z\u00f6ss\u00e9gi \u00e9s egy\u00e9b jogokat. A k\u00fcl\u00f6nb\u00f6z\u0151 k\u00f6z\u00f6ss\u00e9geknek &#8211; \u00edgy nek\u00fcnk is &#8211; csak az jut, amit a demokr\u00e1cia eszk\u00f6zeivel, a b\u00e9k\u00e9s k\u00f6vetkezetess\u00e9g seg\u00edts\u00e9g\u00e9vel, k\u00f6z\u00f6ss\u00e9gi szinteken hat\u00f3 konszenzus birtok\u00e1ban k\u00e9pesek vagyunk kiv\u00edvni.<\/p><\/div>\n<div>A folyamatos keny\u00e9rharcban legyeng\u00fclt \u00e9s k\u00f6z\u00f6ny\u00f6ss\u00e9gre, sz\u00e9th\u00faz\u00e1sra hajlamos t\u00f6megnek most ez az \u00e1ldatlan helyzet lehet\u0151s\u00e9get teremt, hogy egykori \u00f6nmag\u00e1hoz felemelkedve hallassa szav\u00e1t.<br \/>\n\u00a0<\/div>\n<div>T\u00f6rv\u00e9ny van a Marosv\u00e1s\u00e1rhelyi Orvosi \u00e9s Gy\u00f3gyszersz\u00e9tei Egyetem (MOGYE) magyar tagozat\u00e1nak k\u00fcl\u00f6nv\u00e1l\u00e1s\u00e1ra, mint ahogyan t\u00f6rv\u00e9ny van arra vonatkoz\u00f3an is, hogy a sepsiszentgy\u00f6rgyi Sz\u00e9kely Mik\u00f3 Koll\u00e9gium a reform\u00e1tus egyh\u00e1zat illeti meg. Arra viszont nincs megfelel\u0151 szab\u00e1lyoz\u00e1s, hogy a t\u00f6rv\u00e9ny\u00e9rtelmez\u00e9si vit\u00e1kba kevered\u0151 hat\u00f3s\u00e1gok ne akad\u00e1lyozhass\u00e1k a tan\u00edt\u00e1s menet\u00e9t, s ne k\u00e9rd\u0151jelezhessenek meg \u00e9rthet\u0151 \u00e9s \u00e9rv\u00e9nyes evidenci\u00e1kat.<\/div>\n<div style=\"text-align: center;\">\n<img loading=\"lazy\" decoding=\"async\" src=\"http:\/\/archivum.eloszekelyfold.ro\/wp-content\/uploads\/2021\/12\/Gyertyas_tuntetes_1990_marcius.jpg\" width=\"500\" height=\"334\" alt=\"\"><\/div>\n<div style=\"text-align: center;\"><em>Gyerty\u00e1s-k\u00f6nyves t\u00fcntet\u00e9s Marosv\u00e1s\u00e1rhelyen 1990. febru\u00e1r 10-\u00e9n &#8211; <br \/>\na t\u00f6megben Mark\u00f3 B\u00e9la, S\u00fct\u0151 Andr\u00e1s (+), G\u00e1lfalvi Gy\u00f6rgy \u00e9s m\u00e1s jeles <br \/>\nszem\u00e9lyis\u00e9gek, aki ma is ott vannak a politikai k\u00fczdelem \u00e9lvonal\u00e1ban<br \/>\n(www.vasarhely.ro)<\/em><\/div>\n<div>\n<strong>Olyan gyerty\u00e1s t\u00fcntet\u00e9sre k\u00e9sz\u00fcl a magyars\u00e1g most is, mint amilyenre 1990 febru\u00e1r-m\u00e1rcius\u00e1ban ker\u00fclt sor Erd\u00e9ly-szerte.<\/strong><\/p>\n<p>A Gyulafeh\u00e9rv\u00e1ri R\u00f3mai Katolikus F\u0151egyh\u00e1zmegye, a protest\u00e1ns testv\u00e9regyh\u00e1zak, az erd\u00e9lyi magyarok \u00e9rdekv\u00e9delmi szervezetei, az er\u0151s \u00e9s jelent\u0151s hat\u00e1s\u00fa civilszervezetek egyar\u00e1nt a tiltakoz\u00f3akci\u00f3 mell\u00e9 \u00e1lltak.<\/p><\/div>\n<div>\u00a0<\/div>\n<div>Ne hagyjuk, hogy t\u00f6bb mint 400 magyar gyermek j\u00f6v\u0151j\u00e9t egy tollvon\u00e1ssal \u00e1th\u00fazz\u00e1k!<br \/>\nNe hagyjuk, hogy \u00fajabb precedenst teremtsenek a visszarendez\u0151d\u00e9sre!<br \/>\nNe hagyjuk, hogy elidegen\u00edts\u00e9k szellemi \u00e9s anyagi \u00e9rt\u00e9keinket!<br \/>\n\u00a0<\/div>\n<div><strong>Marosv\u00e1s\u00e1rhelyen<\/strong><\/p>\n<p>Szombaton, 15.00 \u00f3r\u00e1t\u00f3l t\u00fcntet\u00e9st kezdem\u00e9nyeznek a kor\u00e1bbi j\u00e1tsz\u00f3t\u00e9r hely\u00e9n, a v\u00e1r V\u00e1rs\u00e9t\u00e1ny melletti bej\u00e1rat\u00e1n\u00e1l. <\/p>\n<p>Ol\u00e1h D\u00e9nes marosv\u00e1s\u00e1rhelyi f\u0151esperes-pl\u00e9b\u00e1nos szerdai sajt\u00f3t\u00e1j\u00e9koztat\u00f3j\u00e1n bejelentette a t\u00fcntet\u00e9s programj\u00e1t: a Gyulafeh\u00e9rv\u00e1ri R\u00f3mai Katolikus F\u0151egyh\u00e1zmegye vagyon\u00e1t kezel\u0151 St\u00e1tus Alap\u00edtv\u00e1ny november 12-\u00e9n, d\u00e9lut\u00e1n 15.00 \u00f3r\u00e1t\u00f3l t\u00fcntet\u00e9st szervez a R\u00f3mai Katolikus Gimn\u00e1zium\u00e9rt a v\u00e1r V\u00e1rs\u00e9t\u00e1ny fel\u0151li bej\u00e1rat\u00e1n\u00e1l. A terv szerint a besz\u00e9dek, a k\u00f6z\u00f6s ima \u00e9s \u00e9neksz\u00f3 mellett a r\u00e9sztvev\u0151k k\u00f6z\u00f6sen mondj\u00e1k el Rem\u00e9nyik S\u00e1ndor Templom \u00e9s iskola c\u00edm\u0171 vers\u00e9t, melynek sz\u00f6veg\u00e9t el\u0151zetesen t\u00f6bb sz\u00e1z p\u00e9ld\u00e1nyban osztj\u00e1k ki a r\u00e9sztvev\u0151k k\u00f6z\u00f6tt. <\/p>\n<p>A f\u0151esperes arra is k\u00e9rte a szombati tiltakoz\u00f3kat, hogy csendben \u00e9s fegyelmezetten vonuljanak az iskola el\u00e9, ne hozzanak magukkal z\u00e1szl\u00f3kat, p\u00e1rtszimb\u00f3lumokat, \u00e9s olyan t\u00e1rgyakat, amelyeket a csend\u0151rs\u00e9g \u201ehidegfegyvernek\u201d min\u0151s\u00edthetne.<\/p>\n<div>\u00a0<\/div>\n<div>Dr. Jakubinyi Gy\u00f6rgy \u00e9rsek, a St\u00e1tus eln\u00f6ke enged\u00e9lyt adott az utc\u00e1ra vonul\u00e1s megszervez\u00e9s\u00e9re \u00e9s dr. Holl\u00f3 L\u00e1szl\u00f3t, a R\u00f3mai Katolikus St\u00e1tus \u00fcgyvezet\u0151 igazgat\u00f3j\u00e1t, az igazgat\u00f3tan\u00e1cs eln\u00f6k\u00e9t b\u00edzta meg a szervez\u00e9si teend\u0151k lebonyol\u00edt\u00e1s\u00e1val \u2013 hangzott el a sajt\u00f3t\u00e1j\u00e9koztat\u00f3n az RMDSZ k\u00f6zlem\u00e9nye szerint. <\/p>\n<p>A sajt\u00f3t\u00e1j\u00e9koztat\u00f3n r\u00e9szt vett Nov\u00e1k Csaba Zolt\u00e1n t\u00f6rt\u00e9n\u00e9sz, az RMDSZ \u00f6nkorm\u00e1nyzati k\u00e9pvisel\u0151je, szen\u00e1torjel\u00f6ltje is, aki bejelentette: szombaton Erd\u00e9ly m\u00e1s telep\u00fcl\u00e9sein is szimp\u00e1tiat\u00fcntet\u00e9seket szerveznek.<\/p><\/div>\n<\/div>\n<div>\n<strong>Kolozsv\u00e1ron<\/strong> <\/p>\n<p>A marosv\u00e1s\u00e1rhelyi rendezv\u00e9nnyel egyazon id\u0151ben, a F\u0151t\u00e9rre v\u00e1rj\u00e1k a t\u00fcntet\u0151ket.<\/p>\n<p><strong>Nagyv\u00e1radon<\/strong> az Ady Endre M\u0171zeumn\u00e1l 15.00 \u00f3r\u00e1t\u00f3l,<br \/>\n<strong>Sepsiszentgy\u00f6rgy\u00f6n <\/strong>a F\u0151t\u00e9ren 15.00 \u00f3r\u00e1t\u00f3l,<br \/>\n<strong>Szatm\u00e1rn\u00e9metiben <\/strong>a Kossuth Kertben 12.00 \u00f3r\u00e1t\u00f3l,<br \/>\n<strong>Cs\u00edkszered\u00e1ban<\/strong> a M\u00e1rton \u00c1ron Gimn\u00e1ziumban 19.00 \u00f3r\u00e1t\u00f3l.<\/p>\n<p>Inform\u00e1ci\u00f3ink szerint Marosv\u00e1s\u00e1rhelyen ugyanott \u00e9s ugyanakkor a titltakoz\u00e1st a politikumt\u00f3l f\u00e9lt\u0151 (magyar) civilek is t\u00fcntet\u00e9st kezdem\u00e9nyeztek. Ol\u00e1h D\u00e9nes f\u0151esperes-pl\u00e9b\u00e1nos ezt a pr\u00f3b\u00e1lkoz\u00e1st diverzi\u00f3nak v\u00e9lte p\u00e9nteken kiadott nyilatkozat\u00e1ban. <\/p>\n<p>A szervez\u0151 R\u00f3mai Katolikus St\u00e1tusnak az a c\u00e9lja, hogy a t\u00fcntet\u00e9s civiliz\u00e1lt \u00e9s megadott keretek k\u00f6zt t\u00f6rt\u00e9nj\u00e9k, min\u00e9l nagyobb r\u00e9szv\u00e9tellel, a m\u00e9dia nyilv\u00e1noss\u00e1ga el\u0151tt. <\/p>\n<p>Csak k\u00f6z\u00f6ss\u00e9gi \u00f6sszefog\u00e1ssal, p\u00e1rtok \u00e9s felekezetek f\u00f6l\u00f6tti egyet\u00e9rt\u00e9sben lehet legy\u0151zni azt a cinizmust, amellyel a rom\u00e1niai igazs\u00e1gszolg\u00e1lt\u00e1s a szt\u00e1linista kort id\u00e9z\u0151 koncepci\u00f3s elj\u00e1r\u00e1sokkal igyekszik ellehetetlen\u00edteni az orsz\u00e1g \u0151shonos magyar kisebbs\u00e9g\u00e9t.<\/p>\n<p>\u00dajabb r\u00e9szletekkel a k\u00e9s\u0151bbiekben m\u00e9g visszat\u00e9r\u00fcnk.<\/p>\n<p><em>\u00c9l\u0151 Sz\u00e9kelyf\u00f6ld Munkacsoport<\/em><\/p>\n<p>\u00a0<\/p><\/div>\n<\/p><\/div>\n","protected":false},"excerpt":{"rendered":"<p>A marosv\u00e1s\u00e1rhelyi R\u00f3mai Katolikus F\u0151gimn\u00e1ziumot egykor a kommunist\u00e1k sz\u00fcntett\u00e9k meg, \u00e9s kobozt\u00e1k el ingatlanait, most pedig koholt v\u00e1dakkal \u00fajra el akarja venni a rom\u00e1n \u00e1llam. A gimn\u00e1ziumot a r\u00f3mai katolikus egyh\u00e1z \u00e9p\u00edttette az Erd\u00e9lyi R\u00f3mai Katolikus St\u00e1tus beruh\u00e1z\u00e1s\u00e1val 1903 \u00e9s 1905 k\u00f6z\u00f6tt, amelyet hamarosan koll\u00e9giumi bentlak\u00e1ssal is kieg\u00e9sz\u00edtettek (1908). Marosv\u00e1s\u00e1rhelyen a magyar nyelv\u0171 r\u00f3mai katolikus [&hellip;]<\/p>\n","protected":false},"author":1,"featured_media":28334,"comment_status":"open","ping_status":"open","sticky":false,"template":"","format":"standard","meta":{"footnotes":""},"categories":[],"tags":[],"class_list":["post-28333","post","type-post","status-publish","format-standard","has-post-thumbnail","hentry"],"_links":{"self":[{"href":"https:\/\/archivum.eloszekelyfold.ro\/index.php\/wp-json\/wp\/v2\/posts\/28333","targetHints":{"allow":["GET"]}}],"collection":[{"href":"https:\/\/archivum.eloszekelyfold.ro\/index.php\/wp-json\/wp\/v2\/posts"}],"about":[{"href":"https:\/\/archivum.eloszekelyfold.ro\/index.php\/wp-json\/wp\/v2\/types\/post"}],"author":[{"embeddable":true,"href":"https:\/\/archivum.eloszekelyfold.ro\/index.php\/wp-json\/wp\/v2\/users\/1"}],"replies":[{"embeddable":true,"href":"https:\/\/archivum.eloszekelyfold.ro\/index.php\/wp-json\/wp\/v2\/comments?post=28333"}],"version-history":[{"count":0,"href":"https:\/\/archivum.eloszekelyfold.ro\/index.php\/wp-json\/wp\/v2\/posts\/28333\/revisions"}],"wp:featuredmedia":[{"embeddable":true,"href":"https:\/\/archivum.eloszekelyfold.ro\/index.php\/wp-json\/wp\/v2\/media\/28334"}],"wp:attachment":[{"href":"https:\/\/archivum.eloszekelyfold.ro\/index.php\/wp-json\/wp\/v2\/media?parent=28333"}],"wp:term":[{"taxonomy":"category","embeddable":true,"href":"https:\/\/archivum.eloszekelyfold.ro\/index.php\/wp-json\/wp\/v2\/categories?post=28333"},{"taxonomy":"post_tag","embeddable":true,"href":"https:\/\/archivum.eloszekelyfold.ro\/index.php\/wp-json\/wp\/v2\/tags?post=28333"}],"curies":[{"name":"wp","href":"https:\/\/api.w.org\/{rel}","templated":true}]}}