{"id":28331,"date":"2021-12-13T03:43:00","date_gmt":"2021-12-13T03:43:00","guid":{"rendered":"http:\/\/archivum.eloszekelyfold.ro\/2021\/12\/13\/kepzes-a-forraskozpontban\/"},"modified":"2021-12-13T03:43:00","modified_gmt":"2021-12-13T03:43:00","slug":"kepzes-a-forraskozpontban","status":"publish","type":"post","link":"https:\/\/archivum.eloszekelyfold.ro\/index.php\/2021\/12\/13\/kepzes-a-forraskozpontban\/","title":{"rendered":"K\u00e9pz\u00e9s a Forr\u00e1sk\u00f6zpontban"},"content":{"rendered":"<p><\/p>\n<div style=\"color:#666666; font-family:inherit; font-size:14px;font-style: normal;text-align:left;line-height:24px;\">\n<div style=\"float:left\"><img decoding=\"async\" src=\"http:\/\/archivum.eloszekelyfold.ro\/wp-content\/uploads\/2021\/12\/588_kepzes_kulturalis_szakembereknek.jpg\" alt=\"K\u00e9pz\u00e9s a Forr\u00e1sk\u00f6zpontban\" style=\"padding-right:14px; padding-bottom:6px; padding-top:6px;\" width=\"320px\"><\/div>\n<p>                              Hargita Megye Tan\u00e1csa \u00e9s a Hargita Megyei Hagyom\u00e1ny\u0151rz\u00e9si Forr\u00e1sk\u00f6zpont k\u00e9pz\u00e9st szervez a megy\u00e9ben dolgoz\u00f3 m\u0171vel\u0151d\u00e9sszervez\u0151knek, kult\u00farh\u00e1z-iigazgat\u00f3knak, k\u00f6zm\u0171vel\u0151d\u00e9ssel foglalkoz\u00f3 civilszervezetek k\u00e9pvisel\u0151inek 2016. november 23-\u00e1n, szerd\u00e1n. <\/p>\n<p>Az egynapos tanfolyam helysz\u00edne a Hargita Megyei Hagyom\u00e1ny\u0151rz\u00e9si Forr\u00e1sk\u00f6zpont sz\u00e9khelye: Sz\u00e9kelyudvarhely, 1918. december 1. utca 9. (a Merk\u00far \u00e1ruh\u00e1z melletti irodah\u00e1z). A k\u00e9pz\u00e9s d\u00e9lel\u0151tt 10.00 \u00f3rakor kezd\u0151dik. <\/p>\n<p>T\u00e9mak\u00f6r\u00f6k: k\u00f6zbeszerz\u00e9s a vil\u00e1gh\u00e1l\u00f3n (SEAP), a t\u00f6rv\u00e9nyek ismertet\u00e9se \u00e9s alkalmaz\u00e1sa (N\u00e9meti Zolt\u00e1n), illetve \u00e9ves k\u00f6zm\u0171vel\u0151d\u00e9si \u00e9s p\u00e9nz\u00fcgyi terv k\u00e9sz\u00edt\u00e9se, illetve kapcsol\u00f3d\u00e1sok a Forr\u00e1sk\u00f6zpont j\u00f6v\u0151 \u00e9vi tev\u00e9kenys\u00e9g\u00e9hez (P. Buzog\u00e1ny \u00c1rp\u00e1d). <\/p>\n<p>A k\u00e9pz\u00e9s ingyenes, de k\u00e9rik ar\u00e9szv\u00e9teli sz\u00e1nd\u00e9k jelz\u00e9s\u00e9t a (+4)0266-214440 telefonsz\u00e1mon vagy az office@hagyomany.ro postafi\u00f3kon november 21-\u00e9n 16.00 \u00f3r\u00e1ig.<\/p>\n<p><em>C\u00edmk\u00e9p\u00fcnk a tavalyi k\u00e9pz\u00e9s alkalm\u00e1val k\u00e9sz\u00fclt \u00e9s a Hargita Megyei Hagyom\u00e1ny\u0151rz\u00e9si Forr\u00e1sk\u00f6zpont arch\u00edvum\u00e1b\u00f3l val\u00f3.<\/em><\/p>\n<div><em>\u00c9l\u0151 Sz\u00e9kelyf\u00f6ld Munkacsoport<\/em><\/div>\n<\/p><\/div>\n","protected":false},"excerpt":{"rendered":"<p>Hargita Megye Tan\u00e1csa \u00e9s a Hargita Megyei Hagyom\u00e1ny\u0151rz\u00e9si Forr\u00e1sk\u00f6zpont k\u00e9pz\u00e9st szervez a megy\u00e9ben dolgoz\u00f3 m\u0171vel\u0151d\u00e9sszervez\u0151knek, kult\u00farh\u00e1z-iigazgat\u00f3knak, k\u00f6zm\u0171vel\u0151d\u00e9ssel foglalkoz\u00f3 civilszervezetek k\u00e9pvisel\u0151inek 2016. november 23-\u00e1n, szerd\u00e1n. Az egynapos tanfolyam helysz\u00edne a Hargita Megyei Hagyom\u00e1ny\u0151rz\u00e9si Forr\u00e1sk\u00f6zpont sz\u00e9khelye: Sz\u00e9kelyudvarhely, 1918. december 1. utca 9. (a Merk\u00far \u00e1ruh\u00e1z melletti irodah\u00e1z). A k\u00e9pz\u00e9s d\u00e9lel\u0151tt 10.00 \u00f3rakor kezd\u0151dik. T\u00e9mak\u00f6r\u00f6k: k\u00f6zbeszerz\u00e9s a vil\u00e1gh\u00e1l\u00f3n [&hellip;]<\/p>\n","protected":false},"author":1,"featured_media":28332,"comment_status":"open","ping_status":"open","sticky":false,"template":"","format":"standard","meta":{"footnotes":""},"categories":[],"tags":[],"class_list":["post-28331","post","type-post","status-publish","format-standard","has-post-thumbnail","hentry"],"_links":{"self":[{"href":"https:\/\/archivum.eloszekelyfold.ro\/index.php\/wp-json\/wp\/v2\/posts\/28331","targetHints":{"allow":["GET"]}}],"collection":[{"href":"https:\/\/archivum.eloszekelyfold.ro\/index.php\/wp-json\/wp\/v2\/posts"}],"about":[{"href":"https:\/\/archivum.eloszekelyfold.ro\/index.php\/wp-json\/wp\/v2\/types\/post"}],"author":[{"embeddable":true,"href":"https:\/\/archivum.eloszekelyfold.ro\/index.php\/wp-json\/wp\/v2\/users\/1"}],"replies":[{"embeddable":true,"href":"https:\/\/archivum.eloszekelyfold.ro\/index.php\/wp-json\/wp\/v2\/comments?post=28331"}],"version-history":[{"count":0,"href":"https:\/\/archivum.eloszekelyfold.ro\/index.php\/wp-json\/wp\/v2\/posts\/28331\/revisions"}],"wp:featuredmedia":[{"embeddable":true,"href":"https:\/\/archivum.eloszekelyfold.ro\/index.php\/wp-json\/wp\/v2\/media\/28332"}],"wp:attachment":[{"href":"https:\/\/archivum.eloszekelyfold.ro\/index.php\/wp-json\/wp\/v2\/media?parent=28331"}],"wp:term":[{"taxonomy":"category","embeddable":true,"href":"https:\/\/archivum.eloszekelyfold.ro\/index.php\/wp-json\/wp\/v2\/categories?post=28331"},{"taxonomy":"post_tag","embeddable":true,"href":"https:\/\/archivum.eloszekelyfold.ro\/index.php\/wp-json\/wp\/v2\/tags?post=28331"}],"curies":[{"name":"wp","href":"https:\/\/api.w.org\/{rel}","templated":true}]}}