{"id":28329,"date":"2021-12-13T03:41:00","date_gmt":"2021-12-13T03:41:00","guid":{"rendered":"http:\/\/archivum.eloszekelyfold.ro\/2021\/12\/13\/indulj-el-egy-uton\/"},"modified":"2021-12-13T03:41:00","modified_gmt":"2021-12-13T03:41:00","slug":"indulj-el-egy-uton","status":"publish","type":"post","link":"https:\/\/archivum.eloszekelyfold.ro\/index.php\/2021\/12\/13\/indulj-el-egy-uton\/","title":{"rendered":"\u201eIndulj el egy \u00faton\u2026\u201d"},"content":{"rendered":"<p><\/p>\n<div style=\"color:#666666; font-family:inherit; font-size:14px;font-style: normal;text-align:left;line-height:24px;\">\n<div style=\"float:left\"><img decoding=\"async\" src=\"http:\/\/archivum.eloszekelyfold.ro\/wp-content\/uploads\/2021\/12\/589_Kallos_meghivo_SZNM_w_FIN_Q.jpg\" alt=\" \u201eIndulj el egy \u00faton\u2026\u201d  \" style=\"padding-right:14px; padding-bottom:6px; padding-top:6px;\" width=\"320px\"><\/div>\n<p>                              Kall\u00f3s Zolt\u00e1n n\u00e9prajzkutat\u00f3 munk\u00e1ss\u00e1g\u00e1t \u00f6sszegz\u0151 ki\u00e1ll\u00edt\u00e1s ny\u00edlik Sepsiszentgy\u00f6rgy\u00f6n a Sz\u00e9kely Nemzeti M\u00fazeumban. A ki\u00e1ll\u00edt\u00e1s a 91. \u00e9let\u00e9v\u00e9ben j\u00e1r\u00f3 jeles gy\u0171jt\u0151 munk\u00e1ss\u00e1g\u00e1nak k\u00fcl\u00f6nb\u00f6z\u0151 r\u00e9tegeit, rejtett \u00e9s l\u00e1that\u00f3 \u00e9rt\u00e9keit k\u00edv\u00e1nja bemutatni, szem el\u0151tt tartva azt a hitvall\u00e1st, amelyet m\u00e1r \u00e9vtizedekkel ezel\u0151tt megfogalmazott: &#8222;Addig lesz\u00fcnk magyarok, am\u00edg magyarul \u00e9nekl\u00fcnk \u00e9s magyarul t\u00e1ncolunk, mert ez a kult\u00fara tartott meg minket.&#8221;<\/p>\n<div>\u00a0<\/div>\n<div>A szentendrei Szabadt\u00e9ri N\u00e9prajzi M\u00fazeum \u00e9s a sepsiszentgy\u00f6rgyi Sz\u00e9kely Nemzeti M\u00fazeum \u00e1ltal szervezett ki\u00e1ll\u00edt\u00e1s\u00a0megnyit\u00e1s\u00e1ra ma, Szent M\u00e1rton napj\u00e1n, 2016. november 11-\u00e9n, 17.00 \u00f3rakor ker\u00fcl sor. <\/p>\n<p>K\u00f6sz\u00f6nt\u0151t mond Tam\u00e1s S\u00e1ndor,\u00a0Kov\u00e1szna Megye Tan\u00e1cs\u00e1nak eln\u00f6ke, a ki\u00e1ll\u00edt\u00e1st megnyitja Pozsony Ferenc n\u00e9prajzkutat\u00f3, egyetemi tan\u00e1r \u00e9s Bereczki\u00a0Ibolya, a szentendrei Skanzen igazgat\u00f3-helyettese. A rendezv\u00e9ny h\u00e1zigazd\u00e1ja Vargha Mih\u00e1ly, a Sz\u00e9kely Nemzeti M\u00fazeum\u00a0igazgat\u00f3ja.<\/p><\/div>\n<div>\u00a0<\/div>\n<div>K\u00f6zrem\u0171k\u00f6dik a Heveder zenekar.<\/p>\n<p>Kapcsol\u00f3d\u00f3 \u00edr\u00e1sunk Kall\u00f3s Zolt\u00e1n munk\u00e1ss\u00e1g\u00e1r\u00f3l\u00a0<strong><span style=\"color: rgb(0, 0, 255);\"><a href=\"http:\/\/eloszekelyfold.com\/web\/I249--C24--Kultura--K%C3%B6sz%C3%B6nt%C3%B6ttek_a_kilencveneves_Kallos_Zoltant_-_FRISS%C3%8DTVE.html\"><span style=\"color: rgb(0, 0, 255);\">Kit\u00fcntett\u00e9k a 90 \u00e9ves Kall\u00f3s Zolt\u00e1nt<\/span><\/a><\/span><\/strong>, illetve kor\u00e1bban <a href=\"http:\/\/kulturhon.szhblog.ro\/2012\/10\/19\/multban-lelegzo-jelen-1-valaszut\/\"><strong><span style=\"color: rgb(0, 0, 255);\">M\u00faltb\u00f3l l\u00e9legz\u0151 jelen<\/span><\/strong><\/a>.<\/div>\n<div>\u00a0<\/div>\n<div>A ki\u00e1ll\u00edt\u00e1s l\u00e9trej\u00f6tt\u00e9hez a Nemzetstrat\u00e9giai Kutat\u00f3int\u00e9zet t\u00e1rsszervez\u0151k\u00e9nt j\u00e1rult hozz\u00e1.<br \/>\n\u00a0<\/div>\n<div style=\"text-align: center;\"><embed type=\"application\/x-shockwave-flash\" pluginspage=\"http:\/\/www.macromedia.com\/go\/getflashplayer\" src=\"http:\/\/www.youtube.com\/v\/jMH059Bezus%26hl=en%26fs=1%26rel=0%26ap=%2526fmt=18\" width=\"425\" height=\"344\"><\/embed><\/div>\n<div>\u00a0<\/div>\n<div>Minden kedves \u00e9rdekl\u0151d\u0151t sok szeretettel v\u00e1rnak.<br \/>\n\u00a0<\/div>\n<div style=\"text-align: center;\"><img loading=\"lazy\" decoding=\"async\" src=\"http:\/\/archivum.eloszekelyfold.ro\/wp-content\/uploads\/2021\/12\/szmn(2).jpg\" width=\"150\" height=\"84\" alt=\"\"><\/div>\n<div style=\"text-align: center;\">Sz\u00e9kely Nemzeti M\u00fazeum<\/div>\n<div style=\"text-align: center;\">Sepsiszentgy\u00f6rgy<\/div>\n<div style=\"text-align: center;\">K\u00f3s K\u00e1roly utca 10.<br \/>\n<img loading=\"lazy\" decoding=\"async\" src=\"http:\/\/archivum.eloszekelyfold.ro\/wp-content\/uploads\/2021\/12\/szekely_nemzeti_muzeum_kicsi.jpg\" width=\"100\" height=\"66\" alt=\"\"><br \/>\n<a href=\"http:\/\/www.sznm.ro\/\"><strong><span style=\"color: rgb(0, 0, 255);\">www.sznm.ro<\/span><\/strong><\/a><\/div>\n<div>\n<em>C\u00edmk\u00e9p\u00fcnk a Magyar M\u0171v\u00e9szeti Akad\u00e9mia arch\u00edvum\u00e1b\u00f3l sz\u00e1rmazik.<\/p>\n<p>\u00c9l\u0151 Sz\u00e9kelyf\u00f6ld Munkacsoport<\/em><\/div>\n<div>\u00a0 \u00a0<\/div>\n<\/p><\/div>\n","protected":false},"excerpt":{"rendered":"<p>Kall\u00f3s Zolt\u00e1n n\u00e9prajzkutat\u00f3 munk\u00e1ss\u00e1g\u00e1t \u00f6sszegz\u0151 ki\u00e1ll\u00edt\u00e1s ny\u00edlik Sepsiszentgy\u00f6rgy\u00f6n a Sz\u00e9kely Nemzeti M\u00fazeumban. A ki\u00e1ll\u00edt\u00e1s a 91. \u00e9let\u00e9v\u00e9ben j\u00e1r\u00f3 jeles gy\u0171jt\u0151 munk\u00e1ss\u00e1g\u00e1nak k\u00fcl\u00f6nb\u00f6z\u0151 r\u00e9tegeit, rejtett \u00e9s l\u00e1that\u00f3 \u00e9rt\u00e9keit k\u00edv\u00e1nja bemutatni, szem el\u0151tt tartva azt a hitvall\u00e1st, amelyet m\u00e1r \u00e9vtizedekkel ezel\u0151tt megfogalmazott: &#8222;Addig lesz\u00fcnk magyarok, am\u00edg magyarul \u00e9nekl\u00fcnk \u00e9s magyarul t\u00e1ncolunk, mert ez a kult\u00fara tartott meg [&hellip;]<\/p>\n","protected":false},"author":1,"featured_media":28330,"comment_status":"open","ping_status":"open","sticky":false,"template":"","format":"standard","meta":{"footnotes":""},"categories":[],"tags":[],"class_list":["post-28329","post","type-post","status-publish","format-standard","has-post-thumbnail","hentry"],"_links":{"self":[{"href":"https:\/\/archivum.eloszekelyfold.ro\/index.php\/wp-json\/wp\/v2\/posts\/28329","targetHints":{"allow":["GET"]}}],"collection":[{"href":"https:\/\/archivum.eloszekelyfold.ro\/index.php\/wp-json\/wp\/v2\/posts"}],"about":[{"href":"https:\/\/archivum.eloszekelyfold.ro\/index.php\/wp-json\/wp\/v2\/types\/post"}],"author":[{"embeddable":true,"href":"https:\/\/archivum.eloszekelyfold.ro\/index.php\/wp-json\/wp\/v2\/users\/1"}],"replies":[{"embeddable":true,"href":"https:\/\/archivum.eloszekelyfold.ro\/index.php\/wp-json\/wp\/v2\/comments?post=28329"}],"version-history":[{"count":0,"href":"https:\/\/archivum.eloszekelyfold.ro\/index.php\/wp-json\/wp\/v2\/posts\/28329\/revisions"}],"wp:featuredmedia":[{"embeddable":true,"href":"https:\/\/archivum.eloszekelyfold.ro\/index.php\/wp-json\/wp\/v2\/media\/28330"}],"wp:attachment":[{"href":"https:\/\/archivum.eloszekelyfold.ro\/index.php\/wp-json\/wp\/v2\/media?parent=28329"}],"wp:term":[{"taxonomy":"category","embeddable":true,"href":"https:\/\/archivum.eloszekelyfold.ro\/index.php\/wp-json\/wp\/v2\/categories?post=28329"},{"taxonomy":"post_tag","embeddable":true,"href":"https:\/\/archivum.eloszekelyfold.ro\/index.php\/wp-json\/wp\/v2\/tags?post=28329"}],"curies":[{"name":"wp","href":"https:\/\/api.w.org\/{rel}","templated":true}]}}