{"id":28327,"date":"2021-12-13T03:39:01","date_gmt":"2021-12-13T03:39:01","guid":{"rendered":"http:\/\/archivum.eloszekelyfold.ro\/2021\/12\/13\/a-magyar-nyelv-napja-farkaslakan\/"},"modified":"2021-12-13T03:39:01","modified_gmt":"2021-12-13T03:39:01","slug":"a-magyar-nyelv-napja-farkaslakan","status":"publish","type":"post","link":"https:\/\/archivum.eloszekelyfold.ro\/index.php\/2021\/12\/13\/a-magyar-nyelv-napja-farkaslakan\/","title":{"rendered":"A Magyar Nyelv Napja Farkaslak\u00e1n"},"content":{"rendered":"<p><\/p>\n<div style=\"color:#666666; font-family:inherit; font-size:14px;font-style: normal;text-align:left;line-height:24px;\">\n<div style=\"float:left\"><img decoding=\"async\" src=\"http:\/\/archivum.eloszekelyfold.ro\/wp-content\/uploads\/2021\/12\/590_DSCN9013.JPG\" alt=\"A Magyar Nyelv Napja Farkaslak\u00e1n\" style=\"padding-right:14px; padding-bottom:6px; padding-top:6px;\" width=\"320px\"><\/div>\n<div>Id\u00e9n m\u00falt \u00f6tven \u00e9ve, hogy meghalt Tam\u00e1si \u00c1ron Kossuth-d\u00edjas \u00edr\u00f3, az \u00c1bel-tril\u00f3gia szerz\u0151je, ez\u00e9rt a Hargita Megyei\u00a0Hagyom\u00e1ny\u0151rz\u00e9si Forr\u00e1sk\u00f6zpont ebben ez \u00e9vben is Farkaslak\u00e1n, az \u00edr\u00f3 sz\u00fcl\u0151faluj\u00e1ban szervez \u00fcnneps\u00e9get vas\u00e1rnap, november\u00a013-\u00e1n, a Magyar Nyelv Napja alkalm\u00e1val. <\/p>\n<p>Ez a nap kiv\u00e1l\u00f3 alkalom arra, hogy a helysz\u00ednre utaz\u00f3k, k\u00f6zt\u00fck a gyergy\u00f3sz\u00e1rhegyi\u00a0iskol\u00e1sok, megl\u00e1togass\u00e1k Tam\u00e1si \u00c1ron sz\u00fcl\u0151h\u00e1z\u00e1t, az \u00edr\u00f3 testv\u00e9r\u00e9nek, \u00c1gnes n\u00e9ninek a fel\u00faj\u00edtott h\u00e1z\u00e1t, illetve a\u00a0Tam\u00e1si \u00c1ron M\u0171vel\u0151d\u00e9si H\u00e1zat Hadnagy Jol\u00e1n, a Tam\u00e1si \u00c1ron M\u0171vel\u0151d\u00e9si Egyes\u00fclet vezet\u0151je kalauzol\u00e1s\u00e1val.<\/p><\/div>\n<div><strong><br \/>\n<\/strong><\/div>\n<div><strong>A rendezv\u00e9ny r\u00e9szletes programja<\/strong><br \/>\n\u00a0<\/div>\n<div>15.00\u201315.20 &#8211; \u00c9rkez\u00e9s Tam\u00e1si \u00c1ron sz\u00fcl\u0151h\u00e1z\u00e1hoz &#8211;\u00a0a sz\u00fcl\u0151h\u00e1z bemutat\u00e1sa,\u00a0felolvas\u00e1s Tam\u00e1si m\u0171veib\u0151l a farkaslaki Tam\u00e1si \u00c1ron \u00c1ltal\u00e1nos Iskola di\u00e1kjainak el\u0151ad\u00e1s\u00e1ban;<\/div>\n<div>15.20\u201315.30 &#8211; S\u00e9ta az \u00c1gnes n\u00e9ni h\u00e1z\u00e1ig<\/div>\n<div>15.30\u201315.45 &#8211; \u00c1gnes n\u00e9ni h\u00e1z\u00e1nak bemutat\u00e1sa,<span class=\"Apple-tab-span\" style=\"white-space:pre\">\t<\/span>felolvas\u00e1s Tam\u00e1si m\u0171veib\u0151l a sz\u00e1rhegyi Bethlen G\u00e1bor \u00c1ltal\u00e1nos Iskola di\u00e1kjainak el\u0151ad\u00e1s\u00e1ban;<\/div>\n<div>15.45\u201316.00 &#8211; V\u00e1radi P\u00e9ter P\u00e1l \u00e9s L\u0151wey Lilla Sz\u00e9kelyf\u00f6ld ezer pillanata c\u00edm\u0171 \u00e1lland\u00f3 fot\u00f3ki\u00e1ll\u00edt\u00e1s\u00e1nak megtekint\u00e9se\u00a0a helyi Kult\u00farcs\u0171rben;<\/div>\n<div>16.00\u201316.10 &#8211; S\u00e9ta az egykori elemi iskol\u00e1hoz (ez a mai hittanterem);<\/div>\n<div>16.10\u201316.45 &#8211; Besz\u00e9lget\u00e9s Tam\u00e1si elemis \u00e9veir\u0151l, te\u00e1z\u00e1s, k\u00f6tetlen besz\u00e9lget\u00e9s;<\/div>\n<div>16.45\u201317.00 &#8211; Koszor\u00faz\u00e1s Tam\u00e1si \u00c1ron s\u00edrj\u00e1n\u00e1l, verset mond a sz\u00e1rhegyi Bethlen G\u00e1bor \u00c1ltal\u00e1nos Iskola di\u00e1kja.<\/div>\n<div style=\"text-align: center;\">\n<img loading=\"lazy\" decoding=\"async\" src=\"http:\/\/archivum.eloszekelyfold.ro\/wp-content\/uploads\/2021\/12\/DSCN8937.JPG\" width=\"450\" height=\"331\" alt=\"\"><\/div>\n<div style=\"text-align: center;\"><em>A mai hittanterem, a r\u00e9gi elemi iskola, ahol Tam\u00e1si \u00c1ron is megtanulta <br \/>\naz olvas\u00e1st \u00e9s a bet\u0171vet\u00e9st \u00a0<\/em><br \/>\n\u00a0<\/div>\n<div>A magyarorsz\u00e1gi Anyanyelv\u00e1pol\u00f3k Sz\u00f6vets\u00e9ge kezdem\u00e9nyez\u00e9s\u00e9re elind\u00edtott \u00fcnnepnap hazai megtart\u00e1s\u00e1t a rom\u00e1n parlament\u00a0tavaly szavazta meg, az\u00f3ta tartjuk \u00a0november 13-\u00e1n a Magyar Nyelv Napj\u00e1t, amelynek farkaslaki meg\u00fcnnepl\u00e9s\u00e9t a\u00a0Hargita Megyei Hagyom\u00e1ny\u0151rz\u00e9si Forr\u00e1sk\u00f6zpont szervezi Hargita Megye Tan\u00e1csa t\u00e1mogat\u00e1s\u00e1val, partners\u00e9gben a\u00a0farkaslaki Tam\u00e1si \u00c1ron Alap\u00edtv\u00e1nnyal \u00e9s a Tam\u00e1si \u00c1ron \u00c1ltal\u00e1nos Iskol\u00e1val.\u00a0<\/div>\n<div>\u00a0<\/div>\n<div>Minden \u00e9rdekl\u0151d\u0151t sok szeretettel v\u00e1rnak a rendezv\u00e9nyre!<\/p>\n<p><em>Sim\u00f3 M\u00e1rton felv\u00e9telei.<\/em><\/div>\n<div>\n<em>\u00c9l\u0151 Sz\u00e9kelyf\u00f6ld Munkacsoport<\/em><br \/>\n\u00a0<\/div>\n<\/p><\/div>\n","protected":false},"excerpt":{"rendered":"<p>Id\u00e9n m\u00falt \u00f6tven \u00e9ve, hogy meghalt Tam\u00e1si \u00c1ron Kossuth-d\u00edjas \u00edr\u00f3, az \u00c1bel-tril\u00f3gia szerz\u0151je, ez\u00e9rt a Hargita Megyei\u00a0Hagyom\u00e1ny\u0151rz\u00e9si Forr\u00e1sk\u00f6zpont ebben ez \u00e9vben is Farkaslak\u00e1n, az \u00edr\u00f3 sz\u00fcl\u0151faluj\u00e1ban szervez \u00fcnneps\u00e9get vas\u00e1rnap, november\u00a013-\u00e1n, a Magyar Nyelv Napja alkalm\u00e1val. Ez a nap kiv\u00e1l\u00f3 alkalom arra, hogy a helysz\u00ednre utaz\u00f3k, k\u00f6zt\u00fck a gyergy\u00f3sz\u00e1rhegyi\u00a0iskol\u00e1sok, megl\u00e1togass\u00e1k Tam\u00e1si \u00c1ron sz\u00fcl\u0151h\u00e1z\u00e1t, az \u00edr\u00f3 testv\u00e9r\u00e9nek, [&hellip;]<\/p>\n","protected":false},"author":1,"featured_media":28328,"comment_status":"open","ping_status":"open","sticky":false,"template":"","format":"standard","meta":{"footnotes":""},"categories":[],"tags":[],"class_list":["post-28327","post","type-post","status-publish","format-standard","has-post-thumbnail","hentry"],"_links":{"self":[{"href":"https:\/\/archivum.eloszekelyfold.ro\/index.php\/wp-json\/wp\/v2\/posts\/28327","targetHints":{"allow":["GET"]}}],"collection":[{"href":"https:\/\/archivum.eloszekelyfold.ro\/index.php\/wp-json\/wp\/v2\/posts"}],"about":[{"href":"https:\/\/archivum.eloszekelyfold.ro\/index.php\/wp-json\/wp\/v2\/types\/post"}],"author":[{"embeddable":true,"href":"https:\/\/archivum.eloszekelyfold.ro\/index.php\/wp-json\/wp\/v2\/users\/1"}],"replies":[{"embeddable":true,"href":"https:\/\/archivum.eloszekelyfold.ro\/index.php\/wp-json\/wp\/v2\/comments?post=28327"}],"version-history":[{"count":0,"href":"https:\/\/archivum.eloszekelyfold.ro\/index.php\/wp-json\/wp\/v2\/posts\/28327\/revisions"}],"wp:featuredmedia":[{"embeddable":true,"href":"https:\/\/archivum.eloszekelyfold.ro\/index.php\/wp-json\/wp\/v2\/media\/28328"}],"wp:attachment":[{"href":"https:\/\/archivum.eloszekelyfold.ro\/index.php\/wp-json\/wp\/v2\/media?parent=28327"}],"wp:term":[{"taxonomy":"category","embeddable":true,"href":"https:\/\/archivum.eloszekelyfold.ro\/index.php\/wp-json\/wp\/v2\/categories?post=28327"},{"taxonomy":"post_tag","embeddable":true,"href":"https:\/\/archivum.eloszekelyfold.ro\/index.php\/wp-json\/wp\/v2\/tags?post=28327"}],"curies":[{"name":"wp","href":"https:\/\/api.w.org\/{rel}","templated":true}]}}