{"id":28325,"date":"2021-12-13T03:37:01","date_gmt":"2021-12-13T03:37:01","guid":{"rendered":"http:\/\/archivum.eloszekelyfold.ro\/2021\/12\/13\/marton-napjan-a-szent-marton-emlekevben\/"},"modified":"2021-12-13T03:37:01","modified_gmt":"2021-12-13T03:37:01","slug":"marton-napjan-a-szent-marton-emlekevben","status":"publish","type":"post","link":"https:\/\/archivum.eloszekelyfold.ro\/index.php\/2021\/12\/13\/marton-napjan-a-szent-marton-emlekevben\/","title":{"rendered":"M\u00e1rton napj\u00e1n, a Szent M\u00e1rton Eml\u00e9k\u00e9vben"},"content":{"rendered":"<p><\/p>\n<div style=\"color:#666666; font-family:inherit; font-size:14px;font-style: normal;text-align:left;line-height:24px;\">\n<div style=\"float:left\"><img decoding=\"async\" src=\"http:\/\/archivum.eloszekelyfold.ro\/wp-content\/uploads\/2021\/12\/592_jubileumi-evi-logo.jpg\" alt=\"M\u00e1rton napj\u00e1n, a Szent M\u00e1rton Eml\u00e9k\u00e9vben\" style=\"padding-right:14px; padding-bottom:6px; padding-top:6px;\" width=\"320px\"><\/div>\n<p>                              M\u00e1rton Kr. u. 316-ban vagy 317-ben sz\u00fcletett Savari\u00e1ban. Sz\u00fclei j\u00f3m\u00f3dban \u00e9l\u0151 pog\u00e1nyok voltak. Apja a r\u00f3mai l\u00e9gi\u00f3 tisztjek\u00e9nt szolg\u00e1lt. A forr\u00e1sok tan\u00fas\u00e1ga szerint \u00e9desapja \u00e9s \u00e9desanyja val\u00f3sz\u00edn\u0171leg szl\u00e1v eredet\u0171 volt, b\u00e1r egyes t\u00f6rt\u00e9net\u00edr\u00f3k kelta sz\u00e1rmaz\u00e1sukat is lehets\u00e9gesnek tartj\u00e1k. <\/p>\n<p>M\u00e1rton apja jutalmul It\u00e1li\u00e1ban f\u00f6ldbirtokot kapott, \u00edgy a csal\u00e1d It\u00e1li\u00e1ba k\u00f6lt\u00f6z\u00f6tt. Gyermekkor\u00e1t M\u00e1rton Ticinum (Pavia) v\u00e1ros\u00e1ban t\u00f6lt\u00f6tte. Alig 12 \u00e9ves, amikor azzal a gondolattal foglalkozik, hogy kereszt\u00e9ny lesz \u00e9s remetek\u00e9nt \u00e9li le \u00e9let\u00e9t. Sz\u00fclei akarata ellen\u00e9re, azok beleegyez\u00e9se n\u00e9lk\u00fcl k\u00e9rte felv\u00e9tel\u00e9t a kereszt\u00e9nyek k\u00f6z\u00e9. A p\u00fcsp\u00f6k k\u00e9zr\u00e1t\u00e9tele a 12 \u00e9ves M\u00e1rtont hittanul\u00f3v\u00e1, katekumenn\u00e9 avatta. A pog\u00e1ny sz\u00fcl\u0151k nem n\u00e9zt\u00e9k j\u00f3 szemmel, hogy gyermek\u00fck az \u00faj vall\u00e1st k\u00f6veti, igyekeztek ett\u0151l elt\u00e9r\u00edteni. Egy r\u00f3mai rendelet \u00e9rtelm\u00e9ben a katon\u00e1k fiainak be kellett l\u00e9pni\u00fck a l\u00e9gi\u00f3ba \u00e9s ott meghat\u00e1rozott ideig szolg\u00e1latot teljes\u00edtettek, vagy valamilyen hivatalt kellett v\u00e1llalniuk.\u00a0<\/p>\n<div><strong>M\u00e1rton a katonas\u00e1gn\u00e1l<\/strong><\/p>\n<p>M\u00e1rton 15 \u00e9ves kor\u00e1ban apja k\u00edv\u00e1ns\u00e1g\u00e1ra jelentkezett katonai szolg\u00e1latra. Egy gyakorl\u00f3 lovascsapathoz ker\u00fclt, s mivel\u00a0nagyon fiatal volt. csak 19 \u00e9ves kor\u00e1ban lett t\u00e9nylegesen katona. <br \/>\n\u00a0<\/div>\n<div style=\"text-align: center;\"><img loading=\"lazy\" decoding=\"async\" src=\"http:\/\/archivum.eloszekelyfold.ro\/wp-content\/uploads\/2021\/12\/winterhalder-szm-amiens.jpg\" width=\"300\" height=\"244\" alt=\"\"><\/div>\n<div style=\"text-align: center;\"><em>Winterhalder: Szent M\u00e1rton Amiens kapuja el\u0151tt, <br \/>\namint megosztja k\u00f6peny\u00e9t egy koldussal<\/em><\/div>\n<div>\nSzolg\u00e1lat\u00e1nak \u00e9veiben magatart\u00e1sa p\u00e9ldamutat\u00f3 volt,\u00a0m\u00e9lt\u00f3 egy katekumenhez. Mindig tal\u00e1lt lehet\u0151s\u00e9get er\u00e9nyek gyakorl\u00e1s\u00e1ra. Katona\u00e9veir\u0151l sz\u00f3l\u00f3 feljegyz\u00e9sek megeml\u00edtik\u00a0szer\u00e9nys\u00e9g\u00e9t \u00e9s szolg\u00e1latk\u00e9szs\u00e9g\u00e9t. Mint katona kiv\u00edvta t\u00e1rsai megbecs\u00fcl\u00e9s\u00e9t.\u00a0<\/p>\n<p>L\u00e9gi\u00f3j\u00e1t Galli\u00e1ba, Franciaorsz\u00e1gba k\u00fcldt\u00e9k, ahol Amiensben teljes\u00edtett szolg\u00e1latot. Az Amiensben t\u00f6lt\u00f6tt \u00e9vek egyik\u00a0esem\u00e9ny\u00e9r\u0151l, amely m\u00e9g megkeresztelked\u00e9se el\u0151tt t\u00f6rt\u00e9nt, minden \u00e9letrajz\u00edr\u00f3ja megeml\u00e9kezik. K\u00fcl\u00f6n\u00f6sen kem\u00e9ny t\u00e9l\u00a0volt Galli\u00e1ban, sokan meghaltak a nagy hidegt\u0151l. M\u00e1rton minden ruh\u00e1j\u00e1t elaj\u00e1nd\u00e9kozta a szeg\u00e9nyeknek, csup\u00e1n a\u00a0rajta l\u00e9v\u0151 ruhadarabok maradtak meg. Egy napon k\u00e9s\u0151 este, j\u00e1r\u0151rszolg\u00e1latb\u00f3l hazat\u00e9r\u0151ben diderg\u0151 koldussal\u00a0tal\u00e1lkozott. K\u00f6peny\u00e9t kardj\u00e1val kett\u00e9has\u00edtotta \u00e9s az egyik fel\u00e9t a koldus v\u00e1ll\u00e1ra bor\u00edtotta. M\u00e1snap \u00e1lm\u00e1ban\u00a0Krisztust l\u00e1tta abban a k\u00f6penydarabban, amelyet a f\u00e1z\u00f3 koldusra ter\u00edtett. Krisztus \u00edgy sz\u00f3lt a fiatal katon\u00e1hoz:\u00a0\u201eM\u00e1rton, a hittanul\u00f3 \u00f6lt\u00f6ztetett engem ebbe a k\u00f6penybe.\u201d<\/p>\n<p>339-ben, 22 \u00e9ves kor\u00e1ban keresztelkedett meg, szolg\u00e1lati hely\u00e9n, Amiensben. A kereszt\u00e9nny\u00e9 lett fiatal katona\u00a0parancsnoka k\u00e9r\u00e9s\u00e9re m\u00e9g k\u00e9t \u00e9vig szolg\u00e1lt a l\u00e9gi\u00f3 k\u00f6tel\u00e9k\u00e9ben.<\/p>\n<p>A hadseregb\u0151l val\u00f3 t\u00e1voz\u00e1sa el\u0151tt, 341-ben barb\u00e1rok t\u00e1madtak Galli\u00e1ra. A cs\u00e1sz\u00e1r, Constans az \u00fctk\u00f6zet el\u0151tt\u00a0szem\u00e9lyesen buzd\u00edtotta katon\u00e1it. N\u00e9v szerint sz\u00f3l\u00edtotta \u0151ket \u00e9s aj\u00e1nd\u00e9kot adott \u00e1t nekik. M\u00e1rton nem akarta az\u00a0aj\u00e1nd\u00e9kot elfogadni \u00e9s ennek ok\u00e1t k\u00f6z\u00f6lte is az uralkod\u00f3val: a cs\u00e1sz\u00e1rt szolg\u00e1lta eddig, ezut\u00e1n Istent k\u00edv\u00e1nja\u00a0szolg\u00e1lni. \u0150 viszont a csat\u00e1t\u00f3l val\u00f3 f\u00e9lelemmel v\u00e1dolta meg M\u00e1rtont \u00e9s ezzel magyar\u00e1zta a seregb\u0151l val\u00f3 kil\u00e9p\u00e9s\u00e9nek\u00a0ok\u00e1t is. M\u00e1rton a m\u00e9ltatlan v\u00e1dat visszautas\u00edtotta \u00e9s a cs\u00e1sz\u00e1rnak azt v\u00e1laszolta, hogy m\u00e1snap a hadi felszerel\u00e9s\u00a0n\u00e9lk\u00fcl, Isten nev\u00e9vel az ajk\u00e1n \u00e9s a kereszt jel\u00e9nek a v\u00e9delme alatt megy majd a csat\u00e1ba.<br \/>\n\u00a0<\/div>\n<div style=\"text-align: center;\"><img loading=\"lazy\" decoding=\"async\" src=\"http:\/\/archivum.eloszekelyfold.ro\/wp-content\/uploads\/2021\/12\/winterhalder-sz-marton-alma.jpg\" width=\"300\" height=\"234\" alt=\"\"><\/div>\n<div style=\"text-align: center;\">Winterhalder: Szent M\u00e1rton \u00e1lma<br \/>\n\u00a0<\/div>\n<div>Az \u00fctk\u00f6zetre azonban nem ker\u00fclt sor, mert a barb\u00e1r frank sereg k\u00f6veteket k\u00fcld\u00f6tt a cs\u00e1sz\u00e1rhoz \u00e9s b\u00e9k\u00e9t k\u00e9rt. Az\u00a0ellens\u00e9g k\u00e9r\u00e9se, b\u00e9keaj\u00e1nlata a cs\u00e1sz\u00e1rnak is meglepet\u00e9st okozott. A csod\u00e1nak is nevezhet\u0151 fordulat egy s\u00falyos\u00a0vesztes\u00e9ggel j\u00e1r\u00f3 csat\u00e1t akad\u00e1lyozott meg.<\/p>\n<p>M\u00e1rton miut\u00e1n elhagyta a katonas\u00e1got, felkereste a szent\u00e9let\u0171 poitiers-i p\u00fcsp\u00f6k\u00f6t Hil\u00e1riust \u00e9s felaj\u00e1nlotta neki\u00a0szolg\u00e1lat\u00e1t. Hil\u00e1rius kit\u0171n\u0151 seg\u00edts\u00e9get kapott M\u00e1rton szem\u00e9ly\u00e9ben, akit hamarosan diak\u00f3nuss\u00e1 akart szentelni.\u00a0M\u00e1rton azonban al\u00e1zatoss\u00e1gb\u00f3l m\u00e9ltatlannak tartotta mag\u00e1t erre a tiszts\u00e9gre. Az egyh\u00e1zi rangfokozatok legals\u00f3\u00a0l\u00e9pcs\u0151j\u00e9n kezdte szolg\u00e1lat\u00e1t \u00e9s csak k\u00e9s\u0151bb vette fel a diakon\u00e1tust a poitiers-i p\u00fcsp\u00f6k kez\u00e9b\u0151l.<br \/>\n<strong><br type=\"_moz\"><br \/>\n<\/strong><\/div>\n<div><strong>M\u00e1rton hazat\u00e9r\u00e9se Pann\u00f3ni\u00e1ba<br \/>\n<br type=\"_moz\"><br \/>\n<\/strong><\/div>\n<div>M\u00e1rton nem t\u00f6lt\u00f6tt hosszabb id\u0151t Poitiersben. \u00c1lm\u00e1ban utas\u00edt\u00e1st kapott, hogy t\u00e9rjen vissza sz\u00fcl\u0151f\u00f6ldj\u00e9re,\u00a0Pann\u00f3ni\u00e1ba \u00e9s ott hirdesse Krisztus igazs\u00e1g\u00e1t. Sz\u00fclei It\u00e1li\u00e1b\u00f3l m\u00e1r kor\u00e1bban visszat\u00e9rtek Savari\u00e1ba.<\/p>\n<p>A fiatal diak\u00f3nus 355-ben hagyta el Poitierst. \u00datk\u00f6zben hirdette az evang\u00e9liumot, t\u00e9r\u00edtette a pog\u00e1nyokat.\u00a0<br \/>\n\u00a0<\/div>\n<div style=\"text-align: center;\"><img loading=\"lazy\" decoding=\"async\" src=\"http:\/\/archivum.eloszekelyfold.ro\/wp-content\/uploads\/2021\/12\/szm-kep1 (1).jpg\" width=\"300\" height=\"301\" alt=\"\"><\/div>\n<div style=\"text-align: center;\"><em>\u00a0Szent M\u00e1rton<\/em><br \/>\n\u00a0<\/div>\n<div>Pann\u00f3ni\u00e1ba t\u00f6rt\u00e9n\u0151 \u00fatja sor\u00e1n sz\u00e1mos viszontags\u00e1g \u00e9rte. <\/p>\n<p>Egy alkalommal rabl\u00f3k t\u00e1madt\u00e1k meg, de l\u00e1tva b\u00e1tors\u00e1g\u00e1t,\u00a0nem b\u00e1ntott\u00e1k, s\u0151t egyik t\u00e1mad\u00f3j\u00e1t meg is t\u00e9r\u00edtette.\u00a0<\/p>\n<p>\u00c9letrajz\u00edr\u00f3i m\u00e1sik esem\u00e9nyt is feljegyeztek, amely \u00fatja sor\u00e1n t\u00f6rt\u00e9nt vele. \u00datk\u00f6zben M\u00e1rtonnak t\u00f6bbsz\u00f6r megjelent\u00a0egy alak, aki \u00fajb\u00f3l \u00e9s \u00fajb\u00f3l k\u00f6z\u00f6lte vele, hogy b\u00e1rmerre megy, b\u00e1rmit cselekszik is, az \u00f6rd\u00f6g minden\u00fctt ott lesz,\u00a0k\u00eds\u00e9ri mindenhov\u00e1.<\/p>\n<p>Hazat\u00e9r\u00e9se ut\u00e1n Savari\u00e1ban megkezdte t\u00e9r\u00edt\u0151 munk\u00e1j\u00e1t. \u00c9desanyj\u00e1t is a kereszt\u00e9ny hitre vezette \u00e9s megkeresztelte. <\/p>\n<p>A\u00a0hagyom\u00e1ny szerint az egykor a szombathelyi Domonkos templom el\u0151tt \u00e1ll\u00f3 k\u00fat viz\u00e9vel keresztelte meg. A k\u00fat hely\u00e9n ma\u00a0Rumi Rajki Istv\u00e1n sz\u00e9p Szent M\u00e1rton szobra \u00e1ll. Apja tov\u00e1bbra is a pog\u00e1ny hit k\u00f6vet\u0151je maradt.<\/p>\n<p>Misszi\u00f3s munk\u00e1ja sz\u00fcl\u0151f\u00f6ldj\u00e9n nem volt zavartalan. A 4. sz\u00e1zadban er\u0151sen fell\u00e1ngolt az eretnek ari\u00e1nus mozgalom. Az\u00a0ari\u00e1nusok a kereszt\u00e9ny hitet b\u00e1tran hirdet\u0151 M\u00e1rton ellen t\u00e1madtak. Elfogt\u00e1k, megvessz\u0151zt\u00e9k \u00e9s elkergett\u00e9k\u00a0Sav\u00e1ri\u00e1b\u00f3l.<br \/>\n\u00a0<\/div>\n<div><strong>Az It\u00e1li\u00e1ban t\u00f6lt\u00f6tt \u00e9vek<\/strong><\/p>\n<p>\u00datj\u00e1t It\u00e1lia fel\u00e9 vette, hogy onn\u00e9t Poitiersbe menjen Hil\u00e1rius p\u00fcsp\u00f6kh\u00f6z. \u00datk\u00f6zben \u00e9rtes\u00fclt r\u00f3la, hogy az ari\u00e1nusok\u00a0Hil\u00e1riust is el\u0171zt\u00e9k Galli\u00e1b\u00f3l.\u00a0M\u00e1rton Mil\u00e1n\u00f3ban maradt, ahol t\u00e9r\u00edt\u0151 munk\u00e1j\u00e1t folytatta.\u00a0Mil\u00e1n\u00f3ban is az ari\u00e1nusok\u00a0akarata \u00e9rv\u00e9nyes\u00fclt, kikergett\u00e9k a v\u00e1rosb\u00f3l, mint l\u00e1z\u00edt\u00f3t.<br \/>\n\u00a0<\/div>\n<div style=\"text-align: center;\"><img loading=\"lazy\" decoding=\"async\" src=\"http:\/\/archivum.eloszekelyfold.ro\/wp-content\/uploads\/2021\/12\/szm-miseje.jpg\" width=\"300\" height=\"336\" alt=\"\"><\/div>\n<div style=\"text-align: center;\"><em>Szent M\u00e1rton mis\u00e9je<\/em><\/div>\n<div>\nM\u00e1rton m\u00e1r kora gyermekkor\u00e1ban foglalkozott a gondolattal, hogy remete lesz. Mil\u00e1n\u00f3b\u00f3l t\u00f6rt\u00e9nt el\u0171z\u00e9se ut\u00e1n\u00a0mag\u00e1nyba vonult. Egy szigetre ment. Insula Gallinari\u00e1nak, Ty\u00fak-szigetnek nevezt\u00e9k azt a kietlen, kop\u00e1r f\u00f6lddarabot,\u00a0ahol m\u00e1sodmag\u00e1val &#8211; egy buzg\u00f3 pap t\u00e1rs\u00e1val &#8211; b\u0171nb\u00e1n\u00f3, szeml\u00e9l\u0151d\u0151 \u00e9letet kezdett. \u00c9lelm\u00fcket nagyr\u00e9szt a szigeten\u00a0tal\u00e1lhat\u00f3 n\u00f6v\u00e9nyek biztos\u00edtott\u00e1k. <\/p>\n<p>M\u00e1rton egy alkalommal &#8211; mivel nem ismerte j\u00f3l a n\u00f6v\u00e9nyeket &#8211; m\u00e9rges gy\u00f6keret\u00a0evett \u00e9s hal\u00e1losan megbetegedett t\u0151le. Nagy f\u00e1jdalm\u00e1ban Isten seg\u00edts\u00e9g\u00e9t k\u00e9rte \u00e9s betegs\u00e9g\u00e9b\u0151l csod\u00e1val hat\u00e1ros\u00a0m\u00f3don fel\u00e9p\u00fclt.<\/p>\n<p>Szigeti mag\u00e1ny\u00e1ban \u00e9rtes\u00fclt arr\u00f3l, hogy Hil\u00e1rius sz\u00e1m\u0171zet\u00e9s\u00e9t Constantius cs\u00e1sz\u00e1r megsz\u00fcntette, \u00edgy a p\u00fcsp\u00f6k\u00a0visszat\u00e9rhetett sz\u00e9kv\u00e1ros\u00e1ba, Poitiersbe. M\u00e1rton 360-ban \u00fatra kelt, hogy Galli\u00e1ba menjen \u00e9s Hil\u00e1riusnak t\u00e9r\u00edt\u0151\u00a0munk\u00e1j\u00e1ban seg\u00edts\u00e9g\u00e9re legyen.<\/p>\n<p><strong>Remete\u00e9let Galli\u00e1ban<\/strong><\/p>\n<p>Visszat\u00e9r\u00e9se ut\u00e1n azt tapasztalta, hogy a kereszt\u00e9nys\u00e9g Galli\u00e1ban csak a v\u00e1rosokban vert gy\u00f6keret, a falvakban\u00a0tov\u00e1bbra is a pog\u00e1ny hit maradt az uralkod\u00f3. Az eredm\u00e9nyes t\u00e9r\u00edt\u0151munk\u00e1hoz seg\u00edt\u0151t\u00e1rsakat keresett. Poitierst\u0151l alig\u00a0k\u00e9t kilom\u00e9ternyire fekv\u0151 kis telep\u00fcl\u00e9s, Ligug\u00e9 k\u00f6rny\u00e9k\u00e9n remetes\u00e9gbe vonult. Sokan csatlakoztak hozz\u00e1 \u00e9s k\u00f6vet\u0151ivel\u00a0hamar ben\u00e9pes\u00fclt a domboldal. <\/p>\n<p>M\u00e1rton \u00f6sszefogta, szervezte a remet\u00e9k \u00e9let\u00e9t. Naponta k\u00f6z\u00f6s im\u00e1ra gy\u0171ltek \u00f6ssze.\u00a0Remetet\u00e1rsait \u00e9s a kereszt\u00e9ny hitre k\u00e9sz\u00fcl\u0151ket nap mint nap oktatta. Egy id\u0151 ut\u00e1n felvette a szerpapi rendet, mert\u00a0az egyh\u00e1z megk\u00f6vetelte, hogy egy k\u00f6z\u00f6ss\u00e9g vezet\u0151je diak\u00f3nus vagy \u00e1ldoz\u00f3pap legyen. Ligug\u00e9ben kialakult egy\u00a0szerzetesi k\u00f6z\u00f6ss\u00e9g, amely pontos szab\u00e1lyok szerint m\u0171k\u00f6d\u00f6tt. Ruh\u00e1zatuk egyszer\u0171 volt, szem\u00e9lyes tulajdonnal nem\u00a0rendelkeztek. Im\u00e1val \u00e9s munk\u00e1val teltek napjaik.<\/p><\/div>\n<div>A ligug\u00e9i szerzetesi k\u00f6z\u00f6ss\u00e9g szemin\u00e1riumnak tekinthet\u0151, itt k\u00e9sz\u00edtett\u00e9k el\u0151 a hitt\u00e9r\u00edt\u0151 munk\u00e1ra a szemin\u00e1rium\u00a0lak\u00f3it.<\/p>\n<p>M\u00e1rton \u00e9lete legf\u0151bb c\u00e9lj\u00e1nak a kereszt\u00e9ny hit terjeszt\u00e9s\u00e9t tartotta. Sokat utazott, t\u00e9r\u00edtette a pog\u00e1nyokat,\u00a0megszervezte a hitk\u00f6zs\u00e9geket. Egyh\u00e1zk\u00f6zs\u00e9geket l\u00e9tes\u00edtett, amelyek k\u00e9s\u0151bb vall\u00e1si k\u00f6zpontokk\u00e1 v\u00e1ltak. A megt\u00e9r\u00edtett\u00a0vid\u00e9kekre elk\u00fcldte tan\u00edtv\u00e1nyait, hogy folytass\u00e1k a kereszt\u00e9ny hit megszil\u00e1rd\u00edt\u00e1s\u00e1t.<br \/>\n\u00a0<\/div>\n<div><strong>M\u00e1rton csod\u00e1i<\/strong><br \/>\n\u00a0<\/div>\n<div>\u00c9let\u00e9t csod\u00e1k k\u00eds\u00e9rt\u00e9k. Isten \u00edgy nyilv\u00e1n\u00edtotta ki, hogy M\u00e1rton az \u0151 kiv\u00e1lasztottja. Els\u0151 csod\u00e1ja Galli\u00e1ban a\u00a0ligug\u00e9i kolostorban t\u00f6rt\u00e9nt, ahol buzg\u00f3 im\u00e1val felt\u00e1masztott egy meg nem keresztelt hittanul\u00f3t. M\u00e1sik halott\u00a0felt\u00e1maszt\u00e1s\u00e1t is feljegyezt\u00e9k a kr\u00f3nik\u00e1k. Lupicinusnak, egy j\u00f3m\u00f3d\u00fa polg\u00e1rnak fiatal rabszolg\u00e1j\u00e1t t\u00e1masztotta fel\u00a0im\u00e1j\u00e1val.<br \/>\n<strong><br type=\"_moz\"><br \/>\n<\/strong><\/div>\n<div><strong>Tours v\u00e1ros\u00e1nak p\u00fcsp\u00f6ke<\/strong><br \/>\n\u00a0<\/div>\n<div>Apostoli buzg\u00f3s\u00e1ga, p\u00e9ldamutat\u00f3 al\u00e1zata r\u00e9v\u00e9n Gallia-szerte ismert\u00e9k \u00e9s tisztelt\u00e9k. Hil\u00e1rius p\u00fcsp\u00f6k, akit az egyh\u00e1z\u00a0k\u00e9s\u0151bb szentt\u00e9 avatott, 368-ban meghalt. Ut\u00f3d\u00e1ul a poitiers-i p\u00fcsp\u00f6ki sz\u00e9kbe Pascentius ker\u00fclt. H\u00e1rom \u00e9v m\u00falva,\u00a0371-ben M\u00e1rtont Tours p\u00fcsp\u00f6k\u00e9v\u00e9 v\u00e1lasztott\u00e1k meg. A p\u00fcsp\u00f6ki hivatalt al\u00e1zatoss\u00e1ggal viselte, b\u00e1r megv\u00e1laszt\u00e1sa\u00a0ellen tiltakozott. Csellel h\u00edvt\u00e1k el szerzetesi k\u00f6z\u00f6ss\u00e9g\u00e9b\u0151l \u00e9s szinte az eg\u00e9sz Tours \u00f3haj\u00e1ra ker\u00fclt a p\u00fcsp\u00f6ks\u00e9g\u00a0\u00e9l\u00e9re.\u00a0P\u00fcsp\u00f6kk\u00e9nt is egyszer\u0171 \u00e9letm\u00f3dot folytatott.<br \/>\n\u00a0<\/div>\n<div style=\"text-align: center;\"><img loading=\"lazy\" decoding=\"async\" src=\"http:\/\/archivum.eloszekelyfold.ro\/wp-content\/uploads\/2021\/12\/sz-m5-szollos.jpg\" width=\"200\" height=\"513\" alt=\"\"><\/div>\n<div style=\"text-align: center;\"><em>Marosfalvi Antal: <br \/>\nSzent M\u00e1rton \u00e9s a ny\u00fal<\/em><\/div>\n<div>\nA 4. sz\u00e1zad v\u00e9g\u00e9n a R\u00f3mai Birodalom hatalma meggyeng\u00fclt \u00e9s az er\u0151s barb\u00e1r t\u00e1mad\u00e1sok ellen m\u00e1r nem tudott kell\u0151\u00a0v\u00e9delmet biztos\u00edtani. Bels\u0151 ellentmond\u00e1sok is gyeng\u00edtett\u00e9k a birodalom erej\u00e9t. A f\u00e9lelemt\u0151l retteg\u0151 \u00e9s\u00a0meg\u00e9lhet\u00e9s\u00e9\u00e9rt k\u00fczd\u0151 lakoss\u00e1g az Egyh\u00e1zban l\u00e1tta megment\u0151j\u00e9t, t\u0151le v\u00e1rta sors\u00e1nak jobbul\u00e1s\u00e1t. Nagy tiszteletnek\u00a0\u00f6rvendtek az egyh\u00e1z p\u00fcsp\u00f6kei, h\u00edveik atyjuknak tekintett\u00e9k \u0151ket.<\/p>\n<p>M\u00e1rton szer\u00e9nys\u00e9ge, egyszer\u0171s\u00e9ge \u00e9s az \u00e1ltala v\u00e9ghezvitt csod\u00e1k k\u00f6vetkezt\u00e9ben k\u00fcl\u00f6n\u00f6s tiszteletnek \u00f6rvendett. Az \u00faj\u00a0toursi p\u00fcsp\u00f6ki sz\u00e9khelyen is a r\u00e9gi csendes \u00e9letm\u00f3dot k\u00edv\u00e1nta folytatni. Eredm\u00e9nytelen\u00fcl. Ez\u00e9rt elhagyta sz\u00e9kv\u00e1ros\u00e1t\u00a0\u00e9s Marmoutierben telepedett le, ahov\u00e1 csakhamar t\u00f6bb fiatal szerzetes k\u00f6vette.<br \/>\n<strong><br type=\"_moz\"><br \/>\n<\/strong><\/div>\n<div><strong>Hitt\u00e9r\u00edt\u0151 tev\u00e9kenys\u00e9ge<br \/>\n<br type=\"_moz\"><br \/>\n<\/strong><\/div>\n<div>M\u00e1rton \u00faj hely\u00e9n folytatta hitt\u00e9r\u00edt\u0151 munk\u00e1j\u00e1t, j\u00e1rta a falvakat, lerombolta a pog\u00e1ny b\u00e1lv\u00e1nyokat, hely\u00fck\u00f6n\u00a0templomot \u00e9p\u00edtett. Sorra alap\u00edtotta a kolostorokat, amelyeknek tagjai szint\u00e9n a kereszt\u00e9nys\u00e9g terjeszt\u00e9s\u00e9n\u00a0munk\u00e1lkodtak. A kitart\u00f3 apostoli munka eredm\u00e9nyek\u00e9nt M\u00e1rton p\u00fcsp\u00f6k el\u00e9rte, hogy a toursi egyh\u00e1zmegye ter\u00fclet\u00e9n\u00a0egyetlen pog\u00e1ny falu sem akadt. Az egyes falvak lak\u00f3it felkerest\u00e9k \u00e9s megt\u00e9r\u00edtett\u00e9k \u0151ket. <\/p>\n<p>Az isteni Gondvisel\u00e9s\u00a0csod\u00e1k t\u00e9tel\u00e9vel seg\u00edtette \u0151t munk\u00e1j\u00e1ban. Ilyen volt az amboisei pog\u00e1ny templom lerombol\u00e1sa. A k\u0151b\u0151l \u00e9p\u00edtett\u00a0templom lerombol\u00e1s\u00e1t az ezzel megb\u00edzott pap nem tudta v\u00e9grehajtani. M\u00e1rton p\u00fcsp\u00f6k eg\u00e9sz \u00e9jszaka im\u00e1dkozott, hogy a\u00a0pog\u00e1nys\u00e1gnak ez a szimb\u00f3luma megsemmis\u00fclj\u00f6n. K\u00e9r\u00e9se meghallgat\u00e1sra tal\u00e1lt, a vihar reggelre led\u00f6nt\u00f6tte a templomot.\u00a0<\/p><\/div>\n<div>\u00a0<\/div>\n<div>M\u00e1skor egy pog\u00e1ny isten szobra d\u0151lt le k\u00f6zbenj\u00e1r\u00e1s\u00e1ra.\u00a0A pog\u00e1ny szent\u00e9lyek hely\u00e9n emelt a templomokat egy-egy kereszt\u00e9ny szent p\u00e1rtfog\u00e1sa al\u00e1 helyezte, akiknek\u00a0tisztelet\u00e9t meghonos\u00edtotta \u00e9s elterjesztette. \u00cdgy lett M\u00e1rton p\u00fcsp\u00f6k Gallia apostola.<\/p>\n<p>Lelkip\u00e1sztori munk\u00e1ja nem szor\u00edtkozott csup\u00e1n egyh\u00e1zmegy\u00e9je ter\u00fclet\u00e9re. T\u00e9r\u00edtett az angersi \u00e9s lemansi\u00a0egyh\u00e1zmegy\u00e9kben is. <\/p>\n<p>Eml\u00e9k\u00e9t a mai napig \u0151rzik. Sz\u00e1mos helys\u00e9g viseli nev\u00e9t. J\u00e1rt Normandi\u00e1ban, Picardi\u00e1ban \u00e9s\u00a0Flandri\u00e1ban is. <\/p>\n<p>Az \u00edrott forr\u00e1sok megt\u00f6rt\u00e9nt t\u00e9nyk\u00e9nt eml\u00edtik, hogy t\u00e9r\u00edt\u0151 \u00fatja sor\u00e1n Chartres k\u00f6rny\u00e9k\u00e9n\u00a0meggy\u00f3gy\u00edtott egy 12 \u00e9ves n\u00e9ma le\u00e1nyt. Trierben is j\u00e1rt, \u00e1tutazott P\u00e1rizson, ahol \u00f6lel\u00e9s\u00e9vel egy b\u00e9lpoklost\u00a0tiszt\u00edtott meg. Sens vid\u00e9k\u00e9n pedig im\u00e1j\u00e1val elh\u00e1r\u00edtotta a j\u00e9ges\u0151t. L\u00e1togat\u00e1s\u00e1nak egyik vid\u00e9ke Burgundia volt\u00a0D\u00e9l-Galli\u00e1ban kevesebb helyen j\u00e1rt, de ismert, hogy r\u00e9szt vett a bordeauxi zsinaton \u00e9s Vienneben is id\u0151z\u00f6tt. Itt\u00a0gy\u00f3gy\u00edtotta meg Paulinusnak, a k\u00e9s\u0151bbi nolai p\u00fcsp\u00f6knek a szem\u00e9t.<\/p><\/div>\n<div>Im\u00e1j\u00e1val meggy\u00f3gy\u00edtotta Lycontius birodalmi helytart\u00f3 rag\u00e1lyos betegs\u00e9gben szenved\u0151 csal\u00e1dtagjait. A helytart\u00f3\u00a0h\u00e1l\u00e1b\u00f3l felaj\u00e1nlott adom\u00e1ny\u00e1t sem saj\u00e1t c\u00e9lj\u00e1ra, sem kolostora r\u00e9sz\u00e9re nem fogadta el. Erre Lycontius az \u00f6sszeget\u00a0rabok kiv\u00e1lt\u00e1s\u00e1ra utalta. Rabokat engedett el M\u00e1rton im\u00e1j\u00e1ra Avitianus, az egyik galliai provincia zsarnok\u00a0helytart\u00f3ja is. Istent\u0151l \u00e1lm\u00e1ban kapott int\u00e9sre kegyelmezett meg a hal\u00e1lra \u00edt\u00e9lt foglyoknak.<br \/>\n\u00a0<\/div>\n<div style=\"text-align: center;\"><img loading=\"lazy\" decoding=\"async\" src=\"http:\/\/archivum.eloszekelyfold.ro\/wp-content\/uploads\/2021\/12\/szeminarium-koszobra (1).jpg\" width=\"200\" height=\"283\" alt=\"\"><\/div>\n<div style=\"text-align: center;\"><em>Szent M\u00e1rton p\u00fcsp\u00fck k\u0151szobra<br \/>\na szombathelyi szemin\u00e1rium el\u0151tt<\/em><br \/>\n\u00a0<\/div>\n<div>A p\u00fcsp\u00f6k eljutott a cs\u00e1sz\u00e1r udvar\u00e1ba is. I. Valentinianus nem akarta fogadni, megtiltotta, hogy sz\u00edne el\u00e9\u00a0bocs\u00e1ss\u00e1k. M\u00e1rton azonban a tilalom ellen\u00e9re is bejutott a palot\u00e1ba. A cs\u00e1sz\u00e1r tr\u00f3nj\u00e1b\u00f3l l\u00e1ngok csaptak ki, mire az\u00a0uralkod\u00f3 felugrott, a f\u0151pap el\u00e9 sietett \u00e9s k\u00e9r\u00e9s\u00e9t teljes\u00edtette.<\/p>\n<p><strong>Szent M\u00e1rton hal\u00e1la \u00e9s temet\u00e9se<br \/>\n<br type=\"_moz\"><br \/>\n<\/strong><\/div>\n<div>Csod\u00e1k sora k\u00eds\u00e9rte M\u00e1rton p\u00fcsp\u00f6k m\u0171k\u00f6d\u00e9s\u00e9t: betegek gy\u00f3gy\u00edt\u00e1sa, halottak felt\u00e1maszt\u00e1sa, \u00f6rd\u00f6gt\u0151l megsz\u00e1llottak\u00a0megszabad\u00edt\u00e1sa volt a bizony\u00edt\u00e9ka az \u0151 isteni kiv\u00e1lasztotts\u00e1g\u00e1nak. <\/p>\n<p>F\u00e1radhatatlanul dolgozott a hit terjeszt\u00e9s\u00e9n m\u00e9g\u00a0id\u0151s kor\u00e1ban is. Nyolcvan \u00e9ves elm\u00falt, de m\u00e9g j\u00e1rta a vid\u00e9ket, l\u00e1togatta az egyh\u00e1zk\u00f6zs\u00e9geket. Munk\u00e1ja mellett\u00a0k\u00e9sz\u00fclt a nagy \u00fatra, v\u00e1rta hal\u00e1la k\u00f6zeled\u00e9s\u00e9t. Nem a kedves marmoutieri kolostor\u00e1ban \u00e9rte a hal\u00e1l, hanem vid\u00e9ki\u00a0munk\u00e1ja sor\u00e1n Candesben, ahov\u00e1 az egyh\u00e1zk\u00f6zs\u00e9gben jelentkez\u0151 vit\u00e1k elsim\u00edt\u00e1s\u00e1ra utazott.<\/p>\n<p>Visszat\u00e9r\u00e9se el\u0151tt\u00a0gyeng\u00e9nek \u00e9rezte mag\u00e1t, tudta, hogy el kell hagynia szerzetest\u00e1rsait. <\/p>\n<p>T\u00f6bb napig magas l\u00e1zzal fek\u00fcdt hamub\u00f3l\u00a0k\u00e9sz\u00edtett fekhely\u00e9n. Nem engedte, hogy szalm\u00e1b\u00f3l vessenek \u00e1gyat sz\u00e1m\u00e1ra. Sz\u00e9p im\u00e1val b\u00facs\u00fazott el az \u0151t\u00a0k\u00f6r\u00fcl\u00e1ll\u00f3kt\u00f3l. Hal\u00e1la \u00f3r\u00e1j\u00e1n \u00edgy im\u00e1dkozott Istenhez: \u201eUram, ha n\u00e9pednek m\u00e9g sz\u00fcks\u00e9ge van r\u00e1m, nem vonakodom a\u00a0munk\u00e1t\u00f3l.\u201d Az \u00dar azonban sz\u00f3l\u00edtotta, \u00e9s mag\u00e1hoz h\u00edvta egy vas\u00e1rnapi napon, 397. november 8-\u00e1n.<\/p>\n<p>Hal\u00e1lh\u00edre fut\u00f3t\u0171zk\u00e9nt\u00a0terjedt el, Gallia-szerte hatalmas r\u00e9szv\u00e9tet v\u00e1ltva ki. N\u00e9h\u00e1ny nap alatt nagy t\u00f6meg gy\u0171lt \u00f6ssze Candesban.<br \/>\n\u00a0<\/div>\n<div style=\"text-align: center;\">\u00a0<img loading=\"lazy\" decoding=\"async\" src=\"http:\/\/archivum.eloszekelyfold.ro\/wp-content\/uploads\/2021\/12\/credo-zaszlo-foplebania.jpg\" width=\"300\" height=\"354\" alt=\"\"><\/div>\n<div style=\"text-align: center;\"><em>\u00a0Credo z\u00e1szl\u00f3 a szombathelyi f\u0151pl\u00e9b\u00e1ni\u00e1n<\/em><br \/>\n\u00a0<\/div>\n<div>Holttest\u00e9t t\u00f6bb v\u00e1ros is mag\u00e1nak k\u00f6vetelte. Poitiers \u00e9s Tours egyar\u00e1nt azon volt, hogy n\u00e1luk helyezz\u00e9k nyugalomra a\u00a0p\u00fcsp\u00f6k\u00f6t. A holttestet vigy\u00e1zva \u0151rizt\u00e9k. A toursiak az \u0151r\u00f6ket kij\u00e1tszott\u00e1k, \u00e9s az ablakon kiemelt\u00e9k M\u00e1rton f\u00f6ldi\u00a0maradv\u00e1nyait. A Loire foly\u00f3n cs\u00f3nakban vitt\u00e9k sz\u00e9kv\u00e1ros\u00e1ba, Toursba.\u00a0A v\u00e1ros el\u0151tti kereszt\u00e9ny temet\u0151ben temett\u00e9k el november 11-\u00e9n. Temet\u00e9s\u00e9re k\u00f6zel 2000 szerzetes \u00e9rkezett Toursba \u00e9s\u00a0hatalmas t\u00f6meg vett b\u00facs\u00fat p\u00fcsp\u00f6k\u00e9t\u0151l, akit \u00e9vtizedek alatt sz\u00edv\u00e9be z\u00e1rt. S\u00edrja f\u00f6l\u00e9 tan\u00edtv\u00e1nya, Brictius k\u00e1poln\u00e1t\u00a0emeltetett.<\/div>\n<div>\nSzent M\u00e1rton \u00e9let\u00e9r\u0151l egyik tan\u00edtv\u00e1nya, Sulpicius Severus \u00edrt k\u00f6nyvet Vita Martini\u00a0c\u00edmmel, \u00a0amely m\u00e1r az interneten\u00a0is el\u00e9rhet\u00f6 magyar nyelven\u00a0<a href=\"http:\/\/www.nyeomszsz.org\/orszavak\/pdf\/Szent+Marton+elete.pdf\"><strong><span style=\"color: rgb(0, 0, 255);\">ITT<\/span><\/strong><\/a>.\u00a0<\/p>\n<p><strong>Szent M\u00e1rton kultusza Magyarorsz\u00e1gon<\/strong><\/p>\n<p>Szent M\u00e1rton a Szombathelyi Egyh\u00e1zmegye v\u00e9d\u0151szentje. Sz\u00e1mos templomot szenteltek tisztelet\u00e9re Magyarorsz\u00e1gon \u00e9s Erd\u00e9lyben egyar\u00e1nt. <\/p>\n<p>A M\u00e1rton keresztn\u00e9v gyakoris\u00e1ga a 35., Martin form\u00e1ban pedig a 42. volt (2010) a f\u00e9rfinevek sor\u00e1ban. N\u0151i v\u00e1ltozat\u00e1nak gyakoris\u00e1ga nem sz\u00e1mottev\u0151 a magyar nyelvter\u00fcleten.<\/p>\n<p>A Martinus latin eredet\u0171 n\u00e9v &#8211; jelent\u00e9se: Marshoz k\u00f6zel\u00e1ll\u00f3.<\/p>\n<p><strong>Mi k\u00f6ze van M\u00e1rtonnak a lib\u00e1khoz?<\/strong><\/p>\n<p>A hagyom\u00e1ny szerint k\u00e9t m\u00f3don is k\u00f6zel\u00edthet\u0151 M\u00e1rton napja, illetve a szent alakja k\u00f6r\u00e9 kialakult legend\u00e1rium a lib\u00e1khoz.<\/p>\n<p>Mivel k\u00f6zel esik a kar\u00e1csony el\u0151tti b\u00f6jth\u00f6z, ezen a napon v\u00e1gt\u00e1k le a h\u00edzott lib\u00e1kat, amelyeket m\u00e9g el lehetett fogyasztani a szigor\u00fa b\u00f6jt be\u00e1llta el\u0151tt. Ez olyan szempontb\u00f3l is hiteles, hogy ekkor volt a szolg\u00e1k, b\u00e9resek elsz\u00e1mol\u00e1si hat\u00e1rnapja, amikor igen gyakori volt a j\u00e1rand\u00f3s\u00e1gok egy r\u00e9sz\u00e9nek l\u00fadban t\u00f6rt\u00e9n\u0151 elsz\u00e1mol\u00e1sa.\u00a0Ehhez a naphoz kapcsol\u00f3dik az els\u0151 \u00faj borok el\u0151v\u00e9t\u00e9l\u00e9nek hagyom\u00e1nya is.<\/p>\n<p>A legenda szerint Szent M\u00e1rton egy liba\u00f3lban rejt\u0151z\u00f6tt ell, amikor nem k\u00edv\u00e1nt Tours p\u00fcsp\u00f6ke lenni. A lib\u00e1k azonban g\u00e1gog\u00e1sukkal el\u00e1rult\u00e1k, s \u00edgy nem t\u00e9rhetett ki a neki sz\u00e1nt feladat el\u0151l.\u00a0<\/p>\n<p>A Szent M\u00e1rton Eml\u00e9k\u00e9vben sok \u00e9rt\u00e9kes rendezv\u00e9nnyel tisztelegtek \u00e9s tisztelegnek vil\u00e1gszerte \u00e9s Magyarorsz\u00e1gon is e pann\u00f3niai eredet\u0171 szent eml\u00e9ke el\u0151tt.\u00a0<br \/>\n<em><br \/>\nForr\u00e1sok: www.martinus.hu, Magyar N\u00e9prajzi Lexikon, B\u00e1lint S\u00e1ndor: \u00dcnnepi kalend\u00e1rium. I-II. (Budapest, 1977)<br \/>\nAz itt felhaszn\u00e1lt illusztr\u00e1ci\u00f3kat a Szombathelyi Egyh\u00e1zmegye port\u00e1lj\u00e1r\u00f3l vett\u00fck.<\/em><\/p>\n<p><em>\u00c9l\u0151 Sz\u00e9kelyf\u00f6ld Munkacsoport<\/em><\/div>\n<\/p><\/div>\n","protected":false},"excerpt":{"rendered":"<p>M\u00e1rton Kr. u. 316-ban vagy 317-ben sz\u00fcletett Savari\u00e1ban. Sz\u00fclei j\u00f3m\u00f3dban \u00e9l\u0151 pog\u00e1nyok voltak. Apja a r\u00f3mai l\u00e9gi\u00f3 tisztjek\u00e9nt szolg\u00e1lt. A forr\u00e1sok tan\u00fas\u00e1ga szerint \u00e9desapja \u00e9s \u00e9desanyja val\u00f3sz\u00edn\u0171leg szl\u00e1v eredet\u0171 volt, b\u00e1r egyes t\u00f6rt\u00e9net\u00edr\u00f3k kelta sz\u00e1rmaz\u00e1sukat is lehets\u00e9gesnek tartj\u00e1k. M\u00e1rton apja jutalmul It\u00e1li\u00e1ban f\u00f6ldbirtokot kapott, \u00edgy a csal\u00e1d It\u00e1li\u00e1ba k\u00f6lt\u00f6z\u00f6tt. Gyermekkor\u00e1t M\u00e1rton Ticinum (Pavia) v\u00e1ros\u00e1ban t\u00f6lt\u00f6tte. [&hellip;]<\/p>\n","protected":false},"author":1,"featured_media":28326,"comment_status":"open","ping_status":"open","sticky":false,"template":"","format":"standard","meta":{"footnotes":""},"categories":[],"tags":[],"class_list":["post-28325","post","type-post","status-publish","format-standard","has-post-thumbnail","hentry"],"_links":{"self":[{"href":"https:\/\/archivum.eloszekelyfold.ro\/index.php\/wp-json\/wp\/v2\/posts\/28325","targetHints":{"allow":["GET"]}}],"collection":[{"href":"https:\/\/archivum.eloszekelyfold.ro\/index.php\/wp-json\/wp\/v2\/posts"}],"about":[{"href":"https:\/\/archivum.eloszekelyfold.ro\/index.php\/wp-json\/wp\/v2\/types\/post"}],"author":[{"embeddable":true,"href":"https:\/\/archivum.eloszekelyfold.ro\/index.php\/wp-json\/wp\/v2\/users\/1"}],"replies":[{"embeddable":true,"href":"https:\/\/archivum.eloszekelyfold.ro\/index.php\/wp-json\/wp\/v2\/comments?post=28325"}],"version-history":[{"count":0,"href":"https:\/\/archivum.eloszekelyfold.ro\/index.php\/wp-json\/wp\/v2\/posts\/28325\/revisions"}],"wp:featuredmedia":[{"embeddable":true,"href":"https:\/\/archivum.eloszekelyfold.ro\/index.php\/wp-json\/wp\/v2\/media\/28326"}],"wp:attachment":[{"href":"https:\/\/archivum.eloszekelyfold.ro\/index.php\/wp-json\/wp\/v2\/media?parent=28325"}],"wp:term":[{"taxonomy":"category","embeddable":true,"href":"https:\/\/archivum.eloszekelyfold.ro\/index.php\/wp-json\/wp\/v2\/categories?post=28325"},{"taxonomy":"post_tag","embeddable":true,"href":"https:\/\/archivum.eloszekelyfold.ro\/index.php\/wp-json\/wp\/v2\/tags?post=28325"}],"curies":[{"name":"wp","href":"https:\/\/api.w.org\/{rel}","templated":true}]}}