{"id":28323,"date":"2021-12-13T03:35:01","date_gmt":"2021-12-13T03:35:01","guid":{"rendered":"http:\/\/archivum.eloszekelyfold.ro\/2021\/12\/13\/folszallott-a-pava-2016\/"},"modified":"2021-12-13T03:35:01","modified_gmt":"2021-12-13T03:35:01","slug":"folszallott-a-pava-2016","status":"publish","type":"post","link":"https:\/\/archivum.eloszekelyfold.ro\/index.php\/2021\/12\/13\/folszallott-a-pava-2016\/","title":{"rendered":"F\u00f6lsz\u00e1llott a p\u00e1va 2016"},"content":{"rendered":"<p><\/p>\n<div style=\"color:#666666; font-family:inherit; font-size:14px;font-style: normal;text-align:left;line-height:24px;\">\n<div style=\"float:left\"><img decoding=\"async\" src=\"http:\/\/archivum.eloszekelyfold.ro\/wp-content\/uploads\/2021\/12\/593_pava.jpg\" alt=\"F\u00f6lsz\u00e1llott a p\u00e1va 2016\" style=\"padding-right:14px; padding-bottom:6px; padding-top:6px;\" width=\"320px\"><\/div>\n<p>                              \u00dajabb hat produkci\u00f3 jutott a k\u00f6z\u00e9pd\u00f6nt\u0151be a F\u00f6lsz\u00e1llott a p\u00e1va c\u00edm\u0171 n\u00e9pzenei \u00e9s n\u00e9pt\u00e1ncos tehets\u00e9gkutat\u00f3 m\u0171sor m\u00e1sodik el\u0151d\u00f6nt\u0151j\u00e9b\u0151l, amelyet p\u00e9nteken \u00e9l\u0151ben k\u00f6zvet\u00edtett a Duna telev\u00edzi\u00f3. <\/p>\n<p>A n\u00e9pt\u00e1ncegy\u00fcttesek k\u00f6z\u00fcl maxim\u00e1lis pontsz\u00e1mot \u00e9rt el a g\u00f6m\u00f6ri t\u00e1ncokat j\u00e1r\u00f3 felvid\u00e9ki Csali Gyermek N\u00e9pt\u00e1ncegy\u00fcttes. Az \u00e9nekes sz\u00f3list\u00e1k \u00e9s \u00e9nekegy\u00fcttesek kateg\u00f3ri\u00e1j\u00e1ban szint\u00e9n a legmagasabb, 60 pontot szerzett \u00e9s jutott tov\u00e1bb Veres Hunor.<\/p>\n<p>A hangszeres sz\u00f3list\u00e1k \u00e9s zenekarok kateg\u00f3ri\u00e1j\u00e1ban a Sarj\u00fa Banda lett az els\u0151, m\u00edg a t\u00e1ncos sz\u00f3list\u00e1k \u00e9s t\u00e1ncosp\u00e1rok k\u00f6z\u00fcl k\u00e9t produkci\u00f3, a magyar\u00f3zdi pontoz\u00f3t el\u0151ad\u00f3 Albert Csaba \u00e9s a j\u00e1szber\u00e9nyi Makula Zolt\u00e1n is a legmagasabb pontsz\u00e1mot \u00e9rte el.<\/p>\n<p>Tov\u00e1bb\u00e1 a zs\u0171ri \u00e1ltal kiosztott szabadk\u00e1rtya r\u00e9v\u00e9n m\u00e9g a sz\u00e9ki dalokat \u00e9nekl\u0151 Cickom \u00c9nekegy\u00fcttes szerepelhet a k\u00f6z\u00e9pd\u00f6nt\u0151kben.<\/p>\n<p>A m\u00e1sodik el\u0151d\u00f6nt\u0151ben versenyzett a magyarpalatkai t\u00e1ncmuzsik\u00e1t j\u00e1tsz\u00f3 T\u00f3th Zs\u00f3fia, a somogyi dalokat citer\u00e1z\u00f3 Varga Luca, a bacsfai T\u00fcnd\u00e9rr\u00f3zsa \u00e9nekegy\u00fcttes, a mez\u0151f\u00f6ldi t\u00e1ncokat j\u00e1r\u00f3 Hosny\u00e1nszki No\u00e9mi \u00e9s Kormos Bal\u00e1zs kett\u0151se, valamint a b\u00e9k\u00e9scsabai H\u00e1rompr\u00f3b\u00e1sok \u00e9s a Sinvav\u00f6lgyi Apr\u00f3k N\u00e9pt\u00e1ncm\u0171hely csapata.<\/p>\n<div style=\"text-align: center;\"><img loading=\"lazy\" decoding=\"async\" src=\"http:\/\/archivum.eloszekelyfold.ro\/wp-content\/uploads\/2021\/12\/sarju_banda.jpg\" width=\"400\" height=\"400\" alt=\"\"><\/div>\n<div style=\"text-align: center;\"><em>A Sarj\u00fa Banda<br \/>\n<br type=\"_moz\"><br \/>\n<\/em><\/div>\n<p>A M\u00e9diaszolg\u00e1ltat\u00e1s-t\u00e1mogat\u00f3 \u00e9s Vagyonkezel\u0151 Alap (MTVA) \u00e9s a Hagyom\u00e1nyok H\u00e1za negyedszer megrendezett tehets\u00e9gkutat\u00f3j\u00e1ban a n\u00e9gy el\u0151d\u00f6nt\u0151t k\u00e9t k\u00f6z\u00e9pd\u00f6nt\u0151 k\u00f6veti, a kateg\u00f3ri\u00e1k gy\u0151zteseit pedig a december 16-i d\u00f6nt\u0151ben v\u00e1lasztj\u00e1k ki. A 6-14 \u00e9ves fiatalok n\u00e9gy kateg\u00f3ri\u00e1ban mutathatj\u00e1k meg tehets\u00e9g\u00fcket: k\u00fcl\u00f6n versenyeznek az \u00e9nekes sz\u00f3list\u00e1k \u00e9s \u00e9nekegy\u00fcttesek; a hangszeres sz\u00f3list\u00e1k \u00e9s zenekarok; a t\u00e1ncos sz\u00f3list\u00e1k \u00e9s t\u00e1ncosp\u00e1rok; valamint a n\u00e9pt\u00e1ncegy\u00fcttesek.<\/p>\n<div style=\"text-align: center;\"><img loading=\"lazy\" decoding=\"async\" src=\"http:\/\/archivum.eloszekelyfold.ro\/wp-content\/uploads\/2021\/12\/Cickom_Enekegyuttes.jpg\" width=\"400\" height=\"400\" alt=\"\"><\/div>\n<div style=\"text-align: center;\"><em>A Cickom \u00c9nekegy\u00fcttes<\/em><\/div>\n<p>\nA F\u00f6lsz\u00e1llott a p\u00e1va \u00e9l\u0151 ad\u00e1sait Nov\u00e1k P\u00e9ter \u00e9s Morvai No\u00e9mi vezeti p\u00e9ntek est\u00e9nk\u00e9nt a Duna telev\u00edzi\u00f3ban.<br \/>\n<em><br \/>\nForr\u00e1s: MTI<\/p>\n<p>\u00c9l\u0151 Sz\u00e9kelyf\u00f6ld Munkacsoport<\/em>\n                        <\/div>\n","protected":false},"excerpt":{"rendered":"<p>\u00dajabb hat produkci\u00f3 jutott a k\u00f6z\u00e9pd\u00f6nt\u0151be a F\u00f6lsz\u00e1llott a p\u00e1va c\u00edm\u0171 n\u00e9pzenei \u00e9s n\u00e9pt\u00e1ncos tehets\u00e9gkutat\u00f3 m\u0171sor m\u00e1sodik el\u0151d\u00f6nt\u0151j\u00e9b\u0151l, amelyet p\u00e9nteken \u00e9l\u0151ben k\u00f6zvet\u00edtett a Duna telev\u00edzi\u00f3. A n\u00e9pt\u00e1ncegy\u00fcttesek k\u00f6z\u00fcl maxim\u00e1lis pontsz\u00e1mot \u00e9rt el a g\u00f6m\u00f6ri t\u00e1ncokat j\u00e1r\u00f3 felvid\u00e9ki Csali Gyermek N\u00e9pt\u00e1ncegy\u00fcttes. Az \u00e9nekes sz\u00f3list\u00e1k \u00e9s \u00e9nekegy\u00fcttesek kateg\u00f3ri\u00e1j\u00e1ban szint\u00e9n a legmagasabb, 60 pontot szerzett \u00e9s jutott tov\u00e1bb [&hellip;]<\/p>\n","protected":false},"author":1,"featured_media":28324,"comment_status":"open","ping_status":"open","sticky":false,"template":"","format":"standard","meta":{"footnotes":""},"categories":[],"tags":[],"class_list":["post-28323","post","type-post","status-publish","format-standard","has-post-thumbnail","hentry"],"_links":{"self":[{"href":"https:\/\/archivum.eloszekelyfold.ro\/index.php\/wp-json\/wp\/v2\/posts\/28323","targetHints":{"allow":["GET"]}}],"collection":[{"href":"https:\/\/archivum.eloszekelyfold.ro\/index.php\/wp-json\/wp\/v2\/posts"}],"about":[{"href":"https:\/\/archivum.eloszekelyfold.ro\/index.php\/wp-json\/wp\/v2\/types\/post"}],"author":[{"embeddable":true,"href":"https:\/\/archivum.eloszekelyfold.ro\/index.php\/wp-json\/wp\/v2\/users\/1"}],"replies":[{"embeddable":true,"href":"https:\/\/archivum.eloszekelyfold.ro\/index.php\/wp-json\/wp\/v2\/comments?post=28323"}],"version-history":[{"count":0,"href":"https:\/\/archivum.eloszekelyfold.ro\/index.php\/wp-json\/wp\/v2\/posts\/28323\/revisions"}],"wp:featuredmedia":[{"embeddable":true,"href":"https:\/\/archivum.eloszekelyfold.ro\/index.php\/wp-json\/wp\/v2\/media\/28324"}],"wp:attachment":[{"href":"https:\/\/archivum.eloszekelyfold.ro\/index.php\/wp-json\/wp\/v2\/media?parent=28323"}],"wp:term":[{"taxonomy":"category","embeddable":true,"href":"https:\/\/archivum.eloszekelyfold.ro\/index.php\/wp-json\/wp\/v2\/categories?post=28323"},{"taxonomy":"post_tag","embeddable":true,"href":"https:\/\/archivum.eloszekelyfold.ro\/index.php\/wp-json\/wp\/v2\/tags?post=28323"}],"curies":[{"name":"wp","href":"https:\/\/api.w.org\/{rel}","templated":true}]}}