{"id":28321,"date":"2021-12-13T03:33:01","date_gmt":"2021-12-13T03:33:01","guid":{"rendered":"http:\/\/archivum.eloszekelyfold.ro\/2021\/12\/13\/tuntetesek-a-marosvasarhelyi-katolikus-liceumert\/"},"modified":"2021-12-13T03:33:01","modified_gmt":"2021-12-13T03:33:01","slug":"tuntetesek-a-marosvasarhelyi-katolikus-liceumert","status":"publish","type":"post","link":"https:\/\/archivum.eloszekelyfold.ro\/index.php\/2021\/12\/13\/tuntetesek-a-marosvasarhelyi-katolikus-liceumert\/","title":{"rendered":"T\u00fcntet\u00e9sek a marosv\u00e1s\u00e1rhelyi katolikus l\u00edceum\u00e9rt"},"content":{"rendered":"<p><\/p>\n<div style=\"color:#666666; font-family:inherit; font-size:14px;font-style: normal;text-align:left;line-height:24px;\">\n<div style=\"float:left\"><img decoding=\"async\" src=\"http:\/\/archivum.eloszekelyfold.ro\/wp-content\/uploads\/2021\/12\/595_mak_gimnazium.jpg\" alt=\"T\u00fcntet\u00e9sek a marosv\u00e1s\u00e1rhelyi katolikus l\u00edceum\u00e9rt\" style=\"padding-right:14px; padding-bottom:6px; padding-top:6px;\" width=\"320px\"><\/div>\n<p>                              Nem volt egy\u00e9rtelm\u0171en pozit\u00edv el\u0151jel\u0171 \u00e9s hat\u00e1sos az a felh\u00edv\u00e1s, amely arra sz\u00f3l\u00edtotta fel az erd\u00e9lyi magyars\u00e1got, hogy k\u00f6nyves-gyerty\u00e1s t\u00fcntet\u00e9s keret\u00e9ben tiltakozzanak a marosv\u00e1s\u00e1rhelyi II. R\u00e1k\u00f3czi Ferenc R\u00f3mai Katolikus Teol\u00f3giai L\u00edceum vezet\u0151je \u00e9s a Maros Megyei Tanfel\u00fcgyel\u0151s\u00e9g igazgat\u00f3ja ellen ind\u00edtott elj\u00e1r\u00e1s miatt.<\/p>\n<p>\u00dagy n\u00e9z ki, hogy 1918 \u00f3ta a nemzet\u00e1llami kiteljesed\u00e9st \u00e1t\u00e9lt reg\u00e1ti politikum nem v\u00e9gzi el az orsz\u00e1gban tal\u00e1lhat\u00f3 t\u00f6rt\u00e9nelmi r\u00e9gi\u00f3k n\u00e9pszer\u0171s\u00edt\u00e9s\u00e9t, hanem &#8211; \u00f6nn\u00f6n szerep\u00e9nek igazol\u00e1sa v\u00e9gett &#8211; Rom\u00e1ni\u00e1t egys\u00e9ges nemzet\u00e1llamk\u00e9nt \u00e1lmodja \u00e9s n\u00e9pszer\u0171s\u00edti, mik\u00f6zben a re\u00e1lpolitik\u00e1k egy teljesen m\u00e1s, f\u00f6der\u00edt\u00edv orsz\u00e1got modelleznek.<\/p>\n<p>Szombaton, november 12-\u00e9n t\u00f6bb erd\u00e9lyi v\u00e1rosban is tiltakoztak a magyar iskol\u00e1k vezet\u0151it \u00e9rt sogs\u00e9relmek kapcs\u00e1n.<\/p>\n<div style=\"text-align: center;\"><img loading=\"lazy\" decoding=\"async\" src=\"http:\/\/archivum.eloszekelyfold.ro\/wp-content\/uploads\/2021\/12\/mak_gimnazium2.jpg\" width=\"400\" height=\"267\" alt=\"\"><\/div>\n<div style=\"text-align: center;\"><em>Tiltakoz\u00f3k Cs\u00edkszered\u00e1ban &#8211; Veres N\u00e1ndor felv\u00e9tele<br \/>\n<br type=\"_moz\"><br \/>\n<\/em><\/div>\n<p>Ezen a napon t\u00f6bb erd\u00e9lyi v\u00e1rosban is t\u00fcntettek a marosv\u00e1s\u00e1rhelyi tanint\u00e9zm\u00e9ny \u00e9s a magyar nyelv\u0171 egyh\u00e1zi iskol\u00e1k v\u00e9delm\u00e9ben. <\/p>\n<p><em>Forr\u00e1s: MTI<\/p>\n<p><\/em><em>C\u00edmk\u00e9p\u00fcnk\u00f6n: m\u00e9csest gy\u00fajt a marosv\u00e1s\u00e1rhelyi R\u00f3mai Katolikus Gimn\u00e1zium v\u00e9delm\u00e9ben rendezett t\u00fcntet\u00e9s egyik r\u00e9sztvev\u0151je a cs\u00edkszeredai M\u00e1rton \u00c1ron F\u0151gimn\u00e1zium el\u0151tt 2016. november 12-\u00e9n. Ezen a napon t\u00f6bb erd\u00e9lyi v\u00e1rosban is t\u00fcntettek a marosv\u00e1s\u00e1rhelyi tanint\u00e9zm\u00e9ny \u00e9s a magyar nyelv\u0171 egyh\u00e1zi iskol\u00e1k v\u00e9delm\u00e9ben. MTI\/ Fot\u00f3: Veres N\u00e1ndor.<\/em><em><\/p>\n<p>\u00c9l\u0151 Sz\u00e9kelyf\u00f6ld Munkacsoport<\/em>\n                        <\/div>\n","protected":false},"excerpt":{"rendered":"<p>Nem volt egy\u00e9rtelm\u0171en pozit\u00edv el\u0151jel\u0171 \u00e9s hat\u00e1sos az a felh\u00edv\u00e1s, amely arra sz\u00f3l\u00edtotta fel az erd\u00e9lyi magyars\u00e1got, hogy k\u00f6nyves-gyerty\u00e1s t\u00fcntet\u00e9s keret\u00e9ben tiltakozzanak a marosv\u00e1s\u00e1rhelyi II. R\u00e1k\u00f3czi Ferenc R\u00f3mai Katolikus Teol\u00f3giai L\u00edceum vezet\u0151je \u00e9s a Maros Megyei Tanfel\u00fcgyel\u0151s\u00e9g igazgat\u00f3ja ellen ind\u00edtott elj\u00e1r\u00e1s miatt. \u00dagy n\u00e9z ki, hogy 1918 \u00f3ta a nemzet\u00e1llami kiteljesed\u00e9st \u00e1t\u00e9lt reg\u00e1ti politikum nem [&hellip;]<\/p>\n","protected":false},"author":1,"featured_media":28322,"comment_status":"open","ping_status":"open","sticky":false,"template":"","format":"standard","meta":{"footnotes":""},"categories":[],"tags":[],"class_list":["post-28321","post","type-post","status-publish","format-standard","has-post-thumbnail","hentry"],"_links":{"self":[{"href":"https:\/\/archivum.eloszekelyfold.ro\/index.php\/wp-json\/wp\/v2\/posts\/28321","targetHints":{"allow":["GET"]}}],"collection":[{"href":"https:\/\/archivum.eloszekelyfold.ro\/index.php\/wp-json\/wp\/v2\/posts"}],"about":[{"href":"https:\/\/archivum.eloszekelyfold.ro\/index.php\/wp-json\/wp\/v2\/types\/post"}],"author":[{"embeddable":true,"href":"https:\/\/archivum.eloszekelyfold.ro\/index.php\/wp-json\/wp\/v2\/users\/1"}],"replies":[{"embeddable":true,"href":"https:\/\/archivum.eloszekelyfold.ro\/index.php\/wp-json\/wp\/v2\/comments?post=28321"}],"version-history":[{"count":0,"href":"https:\/\/archivum.eloszekelyfold.ro\/index.php\/wp-json\/wp\/v2\/posts\/28321\/revisions"}],"wp:featuredmedia":[{"embeddable":true,"href":"https:\/\/archivum.eloszekelyfold.ro\/index.php\/wp-json\/wp\/v2\/media\/28322"}],"wp:attachment":[{"href":"https:\/\/archivum.eloszekelyfold.ro\/index.php\/wp-json\/wp\/v2\/media?parent=28321"}],"wp:term":[{"taxonomy":"category","embeddable":true,"href":"https:\/\/archivum.eloszekelyfold.ro\/index.php\/wp-json\/wp\/v2\/categories?post=28321"},{"taxonomy":"post_tag","embeddable":true,"href":"https:\/\/archivum.eloszekelyfold.ro\/index.php\/wp-json\/wp\/v2\/tags?post=28321"}],"curies":[{"name":"wp","href":"https:\/\/api.w.org\/{rel}","templated":true}]}}