{"id":28319,"date":"2021-12-13T03:31:01","date_gmt":"2021-12-13T03:31:01","guid":{"rendered":"http:\/\/archivum.eloszekelyfold.ro\/2021\/12\/13\/jotettektol-volt-hangos-homorodalmas-hatara\/"},"modified":"2021-12-13T03:31:01","modified_gmt":"2021-12-13T03:31:01","slug":"jotettektol-volt-hangos-homorodalmas-hatara","status":"publish","type":"post","link":"https:\/\/archivum.eloszekelyfold.ro\/index.php\/2021\/12\/13\/jotettektol-volt-hangos-homorodalmas-hatara\/","title":{"rendered":"J\u00f3tettekt\u0151l volt hangos Homor\u00f3dalm\u00e1s hat\u00e1ra"},"content":{"rendered":"<p><\/p>\n<div style=\"color:#666666; font-family:inherit; font-size:14px;font-style: normal;text-align:left;line-height:24px;\">\n<div style=\"float:left\"><img decoding=\"async\" src=\"http:\/\/archivum.eloszekelyfold.ro\/wp-content\/uploads\/2021\/12\/596_eke_palex.jpg\" alt=\"J\u00f3tettekt\u0151l volt hangos Homor\u00f3dalm\u00e1s hat\u00e1ra \" style=\"padding-right:14px; padding-bottom:6px; padding-top:6px;\" width=\"320px\"><\/div>\n<div>Erdeinkkel kapcsolatosan sajnos az elm\u00falt \u00e9vekben jobb\u00e1ra negat\u00edv h\u00edrekkel tal\u00e1lkoztunk. T\u00f6bbek k\u00f6z\u00f6tt ez\u00e9rt is\u00a0volt fontos a most szombaton, Homor\u00f3dalm\u00e1s hat\u00e1r\u00e1ban megszervezett csemete\u00fcltet\u00e9si program. <\/p>\n<p>Fontos, hogy az emberek\u00a0pozit\u00edv p\u00e9ld\u00e1kat, j\u00f6v\u0151t \u00edg\u00e9r\u0151 kezdem\u00e9nyez\u00e9seket l\u00e1ssanak, amelyekbe lehet\u0151s\u00e9g szerint \u0151k is bekapcsol\u00f3dhatnak,\u00a0hiszen ahogy a jelenlev\u0151k is mondt\u00e1k, hatalmas az ig\u00e9ny a hasonl\u00f3, akt\u00edv k\u00f6rnyezetv\u00e9delmi programokra.\u00a0<\/p><\/div>\n<div>\u00a0<\/div>\n<div>Az id\u0151j\u00e1r\u00e1s-el\u0151rejelz\u00e9sek rossz id\u0151t j\u00f3soltak ugyan, de szerencs\u00e9re a programban r\u00e9szt vev\u0151 \u00f6nk\u00e9ntesek csak az\u00a0id\u0151nk\u00e9nt feler\u0151s\u00f6d\u0151 sz\u00e9llel kellett megbirk\u00f3zzanak. <\/p>\n<p>A Zetelaka Erd\u0151rend\u00e9szeti Hivatal a Z\u00f6ld Sz\u00e9kelyF\u00f6ld Egyes\u00fclet\u00a0valamint a homor\u00f3dalm\u00e1si \u00f6nkorm\u00e1nyzat \u00e1ltal szervezett program messze meghaladta a kezdeti elk\u00e9pzel\u00e9seket, hiszen\u00a0sz\u00e1mos partner, t\u00e1mogat\u00f3 sorakozott fel menet k\u00f6zben a program mell\u00e9.<\/p><\/div>\n<div>\u00a0<\/div>\n<div>A csemete\u00fcltet\u00e9si projekt f\u0151 t\u00e1mogat\u00f3i: az ausztriai Lieco csemetekert, amely t\u00f6bb mint 12.000 lej \u00e9rt\u00e9kben\u00a0adom\u00e1nyozott f\u00f6ldlabd\u00e1s csemet\u00e9ket a program sikere \u00e9rdek\u00e9ben; tov\u00e1bbi t\u00e1mogat\u00f3k: Homor\u00f3dalm\u00e1s K\u00f6zbirtokoss\u00e1ga, a Heineken Rom\u00e1nia, a\u00a0Waberer&#8217;s Rom\u00e1nia, a Merk\u00far \u00c1ruh\u00e1zl\u00e1nc \u00e9s a Sz\u00e9kelyudvarhelyi K\u00f6z\u00f6ss\u00e9gi Alap\u00edtv\u00e1ny. Emellett m\u00e9g tov\u00e1bbi 35 c\u00e9g \u00e9s\u00a0int\u00e9zm\u00e9ny t\u00e1mogatta az elk\u00e9pzel\u00e9s kivitelez\u00e9s\u00e9t.<br \/>\n\u00a0<\/div>\n<div style=\"text-align: center;\"><img loading=\"lazy\" decoding=\"async\" src=\"http:\/\/archivum.eloszekelyfold.ro\/wp-content\/uploads\/2021\/12\/tomeg_almas.jpg\" width=\"400\" height=\"281\" alt=\"\"><\/div>\n<div>\nHa csak puszt\u00e1n a sz\u00e1mokat tekintj\u00fck, k\u00f6zel 350 r\u00e9sztvev\u0151 regisztr\u00e1lt a helysz\u00ednen, de ha belesz\u00e1moljuk azokat, is,\u00a0akik a ter\u00fclet k\u00f6rbeker\u00edt\u00e9s\u00e9vel, az eb\u00e9d elk\u00e9sz\u00edt\u00e9s\u00e9vel foglalkoztak, vagy m\u00e1s m\u00f3don j\u00e1rultak hozz\u00e1 ahhoz, hogy a\u00a0program l\u00e9trej\u00f6hessen, ez a sz\u00e1m minden bizonnyal az 500 f\u0151t is el\u00e9rheti.\u00a0<\/div>\n<div>\u00a0<\/div>\n<div>\u00c9rdemes megeml\u00edteni, hogy 35 k\u00fcl\u00f6nb\u00f6z\u0151 telep\u00fcl\u00e9sr\u0151l \u00e9rkeztek \u00f6nk\u00e9ntesek a programra, hogy csak n\u00e9h\u00e1ny t\u00e1volabbi\u00a0telep\u00fcl\u00e9st eml\u00edts\u00fcnk meg: Brass\u00f3, Nagyszeben, Marosv\u00e1s\u00e1rhely, Szov\u00e1ta, Sepsiszentgy\u00f6rgy.<\/p>\n<p>N\u00e9h\u00e1ny \u00f3ra alatt az \u00f6nk\u00e9ntesek az erd\u00e9szet szakembereinek ir\u00e1ny\u00edt\u00e1sa alatt 2 hekt\u00e1r ter\u00fcleten 5.000 csemet\u00e9t\u00a0\u00fcltettek el. <\/p>\n<p>A r\u00e9sztvev\u0151 gyerekek a m\u0171vel\u0151d\u00e9si h\u00e1zban k\u00f6rnyezeti nevel\u00e9si programba vehettek r\u00e9szt, mialatt elk\u00e9sz\u00fclt a\u00a0borj\u00fap\u00f6rk\u00f6lt, amelyet az esem\u00e9ny v\u00e9g\u00e9n mindenki megk\u00f3stolhatott.<br \/>\n\u00a0<\/div>\n<div style=\"text-align: center;\">\u00a0<img loading=\"lazy\" decoding=\"async\" src=\"http:\/\/archivum.eloszekelyfold.ro\/wp-content\/uploads\/2021\/12\/almas_nagytotal.jpg\" width=\"400\" height=\"245\" alt=\"\"><\/div>\n<div>\nA program sikereit l\u00e1tva a szervez\u0151k azt szeretn\u00e9k, ha ez a kezdem\u00e9nyez\u00e9s egy mozgalomm\u00e1 n\u0151hetn\u00e9 ki mag\u00e1t, \u00e9s az elk\u00f6vetkez\u0151kben \u00e9vente 1-2 alkalommal sor ker\u00fclhetne hasonl\u00f3 akci\u00f3kra m\u00e1s-m\u00e1s r\u00e9gi\u00f3kban.<\/div>\n<div>\u00a0<\/div>\n<div><em>Forr\u00e1s: Csonta L\u00e1szl\u00f3\/ Z\u00f6ld Sz\u00e9kelyF\u00f6ld Egyes\u00fclet<\/p>\n<p>A fot\u00f3kat Sim\u00f3 M\u00e1rton k\u00e9sz\u00edtette.<\/p>\n<p>\u00c9l\u0151 Sz\u00e9kelyf\u00f6ld Munkacsoport<\/em><\/div>\n<\/p><\/div>\n","protected":false},"excerpt":{"rendered":"<p>Erdeinkkel kapcsolatosan sajnos az elm\u00falt \u00e9vekben jobb\u00e1ra negat\u00edv h\u00edrekkel tal\u00e1lkoztunk. T\u00f6bbek k\u00f6z\u00f6tt ez\u00e9rt is\u00a0volt fontos a most szombaton, Homor\u00f3dalm\u00e1s hat\u00e1r\u00e1ban megszervezett csemete\u00fcltet\u00e9si program. Fontos, hogy az emberek\u00a0pozit\u00edv p\u00e9ld\u00e1kat, j\u00f6v\u0151t \u00edg\u00e9r\u0151 kezdem\u00e9nyez\u00e9seket l\u00e1ssanak, amelyekbe lehet\u0151s\u00e9g szerint \u0151k is bekapcsol\u00f3dhatnak,\u00a0hiszen ahogy a jelenlev\u0151k is mondt\u00e1k, hatalmas az ig\u00e9ny a hasonl\u00f3, akt\u00edv k\u00f6rnyezetv\u00e9delmi programokra.\u00a0 \u00a0 Az id\u0151j\u00e1r\u00e1s-el\u0151rejelz\u00e9sek rossz [&hellip;]<\/p>\n","protected":false},"author":1,"featured_media":28320,"comment_status":"open","ping_status":"open","sticky":false,"template":"","format":"standard","meta":{"footnotes":""},"categories":[],"tags":[],"class_list":["post-28319","post","type-post","status-publish","format-standard","has-post-thumbnail","hentry"],"_links":{"self":[{"href":"https:\/\/archivum.eloszekelyfold.ro\/index.php\/wp-json\/wp\/v2\/posts\/28319","targetHints":{"allow":["GET"]}}],"collection":[{"href":"https:\/\/archivum.eloszekelyfold.ro\/index.php\/wp-json\/wp\/v2\/posts"}],"about":[{"href":"https:\/\/archivum.eloszekelyfold.ro\/index.php\/wp-json\/wp\/v2\/types\/post"}],"author":[{"embeddable":true,"href":"https:\/\/archivum.eloszekelyfold.ro\/index.php\/wp-json\/wp\/v2\/users\/1"}],"replies":[{"embeddable":true,"href":"https:\/\/archivum.eloszekelyfold.ro\/index.php\/wp-json\/wp\/v2\/comments?post=28319"}],"version-history":[{"count":0,"href":"https:\/\/archivum.eloszekelyfold.ro\/index.php\/wp-json\/wp\/v2\/posts\/28319\/revisions"}],"wp:featuredmedia":[{"embeddable":true,"href":"https:\/\/archivum.eloszekelyfold.ro\/index.php\/wp-json\/wp\/v2\/media\/28320"}],"wp:attachment":[{"href":"https:\/\/archivum.eloszekelyfold.ro\/index.php\/wp-json\/wp\/v2\/media?parent=28319"}],"wp:term":[{"taxonomy":"category","embeddable":true,"href":"https:\/\/archivum.eloszekelyfold.ro\/index.php\/wp-json\/wp\/v2\/categories?post=28319"},{"taxonomy":"post_tag","embeddable":true,"href":"https:\/\/archivum.eloszekelyfold.ro\/index.php\/wp-json\/wp\/v2\/tags?post=28319"}],"curies":[{"name":"wp","href":"https:\/\/api.w.org\/{rel}","templated":true}]}}