{"id":28317,"date":"2021-12-13T03:29:00","date_gmt":"2021-12-13T03:29:00","guid":{"rendered":"http:\/\/archivum.eloszekelyfold.ro\/2021\/12\/13\/atadtak-az-udvarhelyszeki-tudomanyert-dijat\/"},"modified":"2021-12-13T03:29:00","modified_gmt":"2021-12-13T03:29:00","slug":"atadtak-az-udvarhelyszeki-tudomanyert-dijat","status":"publish","type":"post","link":"https:\/\/archivum.eloszekelyfold.ro\/index.php\/2021\/12\/13\/atadtak-az-udvarhelyszeki-tudomanyert-dijat\/","title":{"rendered":"\u00c1tadt\u00e1k az Udvarhelysz\u00e9ki tudom\u00e1ny\u00e9rt d\u00edjat"},"content":{"rendered":"<p><\/p>\n<div style=\"color:#666666; font-family:inherit; font-size:14px;font-style: normal;text-align:left;line-height:24px;\">\n<div style=\"float:left\"><img decoding=\"async\" src=\"http:\/\/archivum.eloszekelyfold.ro\/wp-content\/uploads\/2021\/12\/597_dij_az_asztalon.jpg\" alt=\"\u00c1tadt\u00e1k az Udvarhelysz\u00e9ki tudom\u00e1ny\u00e9rt d\u00edjat\" style=\"padding-right:14px; padding-bottom:6px; padding-top:6px;\" width=\"320px\"><\/div>\n<p>                              A magyar tudom\u00e1ny napja tisztelet\u00e9re szervezett g\u00e1laesten, szombaton adt\u00e1k \u00e1t az Udvarhelysz\u00e9ki tudom\u00e1ny\u00e9rt d\u00edjat. <\/p>\n<p>Ezt az elismer\u00e9st olyan tud\u00f3s, tudom\u00e1nyos kutat\u00f3 kapja, aki kimagasl\u00f3 eredm\u00e9nyeket val\u00f3s\u00edt meg valamely szakter\u00fcleten, \u00e9s azt a munk\u00e1t \u00fagy v\u00e9gzi, hogy kutat\u00e1si t\u00e1rgya vagy tev\u00e9kenys\u00e9ge seg\u00edts\u00e9g\u00e9vel Sz\u00e9kelyudvarhely \u00e9s k\u00f6rny\u00e9ke h\u00edrnev\u00e9t \u00f6regb\u00edti a nagyvil\u00e1gban.\u00a0<\/p>\n<p>S\u00e1ndor J\u00f3zsef matematikus Farc\u00e1don sz\u00fcletett 1956-ban, k\u00f6z\u00e9piskolai tanulm\u00e1nyait Sz\u00e9kelyudvarhelyen v\u00e9gezte, majd a kolozsv\u00e1ri Babes-Bolyai Tudom\u00e1nyegyetem matematika szak\u00e1n szerzett diplom\u00e1t 1980-ban. 1980\u20131983 k\u00f6z\u00f6tt Nagyszebenben, 1983\u20131997 k\u00f6z\u00f6tt Sz\u00e9kelyudvarhelyen matematikatan\u00e1r. 1997-t\u0151l a kolozsv\u00e1ri Babe\u0219\u2013Bolyai Tudom\u00e1nyegyetem adjunktusa, majd 1999-t\u0151l docense. 1998-ban megszerezte a doktori c\u00edmet matematik\u00e1b\u00f3l. K\u00fcl\u00f6nb\u00f6z\u0151 hazai \u00e9s k\u00fclf\u00f6ldi szakmai t\u00e1rsulatok tagja. 1983-t\u00f3l tagja a Rom\u00e1n Matematikai T\u00e1rsulatnak, 1991-t\u0151l a Bolyai J\u00e1nos Matematikai T\u00e1rsulatnak, 1992-t\u0151l az American Mathematical Society\u00adnek, 1998-t\u00f3l az European Mathematical Societynek \u00e9s az ausztr\u00e1liai Research Group in Mathematical Inequalitiesnek, 1999-t\u0151l a Rad\u00f3 Ferenc Matematikai T\u00e1rsulatnak, az MTA Kolozsv\u00e1ri Akad\u00e9miai Bizotts\u00e1g\u00e1nak.<\/p>\n<div style=\"text-align: center;\"><img loading=\"lazy\" decoding=\"async\" src=\"http:\/\/archivum.eloszekelyfold.ro\/wp-content\/uploads\/2021\/12\/sandor_polgarmeterrel.jpg\" width=\"500\" height=\"322\" alt=\"\"><\/div>\n<div style=\"text-align: center;\"><em>S\u00e1ndor J\u00f3zsef \u00e1tveszi az elismer\u00e9st G\u00e1lfi \u00c1rp\u00e1d polg\u00e1rmestert\u0151l<br \/>\n(Szab\u00f3 K\u00e1roly felv\u00e9tele)<br \/>\n<br type=\"_moz\"><br \/>\n<\/em><\/div>\n<div style=\"text-align: left;\">Tekintse meg Szab\u00f3 K\u00e1roly kisfilmj\u00e9t a d\u00edjazottr\u00f3l! Amennyiben nem indul a vide\u00f3,\u00a0<a href=\"https:\/\/www.youtube.com\/watch?v=ZAJ_uvYTJf0\"><strong><span style=\"color: rgb(255, 102, 0);\">ITT<\/span><\/strong><\/a>\u00a0is megtal\u00e1lja.<br \/>\n\u00a0<\/div>\n<div style=\"text-align: center;\"><embed type=\"application\/x-shockwave-flash\" pluginspage=\"http:\/\/www.macromedia.com\/go\/getflashplayer\" src=\"http:\/\/www.youtube.com\/v\/ZAJ_uvYTJf0%26hl=en%26fs=1%26rel=0%26ap=%2526fmt=18\" width=\"425\" height=\"344\"><\/embed><\/div>\n<div>\nKutat\u00e1si szakter\u00fcletei a matematikai anal\u00edzis, a sz\u00e1melm\u00e9let, a geometria \u00e9s a Bolyai-kutat\u00e1s. Tizenk\u00e9t k\u00f6nyvet\u00a0publik\u00e1lt, ezek k\u00f6z\u00fclt t\u00f6bbet h\u00edres k\u00fclf\u00f6ldi kiad\u00f3kn\u00e1l. Tudom\u00e1nyos dolgozatainak, hosszabb-r\u00f6videbb cikkeinek sz\u00e1ma\u00a0meghaladja az ezret. Az egyik legterm\u00e9kenyebb magyar matematikus.<\/p>\n<p>Sz\u00e9kelyudvarhelyen \u00e9l, tudom\u00e1nyos munk\u00e1ja mellett sz\u00fcl\u0151faluj\u00e1ban gazd\u00e1lkodik.<br \/>\n\u00a0<\/div>\n<div style=\"text-align: center;\">K\u00e9sz\u00fclt a Bethlen G\u00e1bor Alap t\u00e1mogat\u00e1s\u00e1val<\/p>\n<p><img loading=\"lazy\" decoding=\"async\" src=\"http:\/\/archivum.eloszekelyfold.ro\/wp-content\/uploads\/2021\/12\/BGA_kep_jpg1(12).jpg\" width=\"100\" height=\"87\" alt=\"\"><\/div>\n<div>\n<em>Sim\u00f3 M\u00e1rton\/ \u00c9l\u0151 Sz\u00e9kelyf\u00f6ld Munkacsoport<\/em><\/div>\n<\/p><\/div>\n","protected":false},"excerpt":{"rendered":"<p>A magyar tudom\u00e1ny napja tisztelet\u00e9re szervezett g\u00e1laesten, szombaton adt\u00e1k \u00e1t az Udvarhelysz\u00e9ki tudom\u00e1ny\u00e9rt d\u00edjat. Ezt az elismer\u00e9st olyan tud\u00f3s, tudom\u00e1nyos kutat\u00f3 kapja, aki kimagasl\u00f3 eredm\u00e9nyeket val\u00f3s\u00edt meg valamely szakter\u00fcleten, \u00e9s azt a munk\u00e1t \u00fagy v\u00e9gzi, hogy kutat\u00e1si t\u00e1rgya vagy tev\u00e9kenys\u00e9ge seg\u00edts\u00e9g\u00e9vel Sz\u00e9kelyudvarhely \u00e9s k\u00f6rny\u00e9ke h\u00edrnev\u00e9t \u00f6regb\u00edti a nagyvil\u00e1gban.\u00a0 S\u00e1ndor J\u00f3zsef matematikus Farc\u00e1don sz\u00fcletett 1956-ban, k\u00f6z\u00e9piskolai [&hellip;]<\/p>\n","protected":false},"author":1,"featured_media":28318,"comment_status":"open","ping_status":"open","sticky":false,"template":"","format":"standard","meta":{"footnotes":""},"categories":[],"tags":[],"class_list":["post-28317","post","type-post","status-publish","format-standard","has-post-thumbnail","hentry"],"_links":{"self":[{"href":"https:\/\/archivum.eloszekelyfold.ro\/index.php\/wp-json\/wp\/v2\/posts\/28317","targetHints":{"allow":["GET"]}}],"collection":[{"href":"https:\/\/archivum.eloszekelyfold.ro\/index.php\/wp-json\/wp\/v2\/posts"}],"about":[{"href":"https:\/\/archivum.eloszekelyfold.ro\/index.php\/wp-json\/wp\/v2\/types\/post"}],"author":[{"embeddable":true,"href":"https:\/\/archivum.eloszekelyfold.ro\/index.php\/wp-json\/wp\/v2\/users\/1"}],"replies":[{"embeddable":true,"href":"https:\/\/archivum.eloszekelyfold.ro\/index.php\/wp-json\/wp\/v2\/comments?post=28317"}],"version-history":[{"count":0,"href":"https:\/\/archivum.eloszekelyfold.ro\/index.php\/wp-json\/wp\/v2\/posts\/28317\/revisions"}],"wp:featuredmedia":[{"embeddable":true,"href":"https:\/\/archivum.eloszekelyfold.ro\/index.php\/wp-json\/wp\/v2\/media\/28318"}],"wp:attachment":[{"href":"https:\/\/archivum.eloszekelyfold.ro\/index.php\/wp-json\/wp\/v2\/media?parent=28317"}],"wp:term":[{"taxonomy":"category","embeddable":true,"href":"https:\/\/archivum.eloszekelyfold.ro\/index.php\/wp-json\/wp\/v2\/categories?post=28317"},{"taxonomy":"post_tag","embeddable":true,"href":"https:\/\/archivum.eloszekelyfold.ro\/index.php\/wp-json\/wp\/v2\/tags?post=28317"}],"curies":[{"name":"wp","href":"https:\/\/api.w.org\/{rel}","templated":true}]}}