{"id":28315,"date":"2021-12-13T03:27:01","date_gmt":"2021-12-13T03:27:01","guid":{"rendered":"http:\/\/archivum.eloszekelyfold.ro\/2021\/12\/13\/katona-pasztorbottal\/"},"modified":"2021-12-13T03:27:01","modified_gmt":"2021-12-13T03:27:01","slug":"katona-pasztorbottal","status":"publish","type":"post","link":"https:\/\/archivum.eloszekelyfold.ro\/index.php\/2021\/12\/13\/katona-pasztorbottal\/","title":{"rendered":"Katona p\u00e1sztorbottal"},"content":{"rendered":"<p><\/p>\n<div style=\"color:#666666; font-family:inherit; font-size:14px;font-style: normal;text-align:left;line-height:24px;\">\n<div style=\"float:left\"><img decoding=\"async\" src=\"http:\/\/archivum.eloszekelyfold.ro\/wp-content\/uploads\/2021\/12\/594_Marton.jpg\" alt=\"Katona p\u00e1sztorbottal\" style=\"padding-right:14px; padding-bottom:6px; padding-top:6px;\" width=\"320px\"><\/div>\n<div>Most az ezerh\u00e9tsz\u00e1z \u00e9vvel ezel\u0151tt sz\u00fcletett Szent M\u00e1rtonra eml\u00e9kezik a magyars\u00e1g, \u00e9s \u0151t \u00fcnnepelitek ti is,\u00a0dics\u0151iek. N\u00e9vad\u00f3 szentetek volt az egyh\u00e1zban az els\u0151 olyan h\u00edv\u0151, akit nem v\u00e9rtan\u00fas\u00e1ga miatt avattak szentt\u00e9.<\/p>\n<p>Szent M\u00e1rton \u0151 \u00e9lete sok tekintetben k\u00fcl\u00f6nleges. Bizonyos fokig \u0151 a mi\u00e9nk is, hiszen Szombathely sz\u00fcl\u00f6tte. Gyermek\u00e9veit is\u00a0ott t\u00f6lt\u00f6tte. A k\u00f6zeli pannonhalmi benc\u00e9s Ap\u00e1ts\u00e1g is \u00a0a r\u00f3la nevezett hegyre \u00e9p\u00fclt. Pog\u00e1nyk\u00e9nt \u00e9l\u0151 veter\u00e1n katona\u00a0apja mell\u0151l, szinte gyermekfejjel l\u00e9pett a hittanul\u00f3k k\u00f6z\u00e9. \u0150 keresztelte meg \u00e9desanyj\u00e1t is. M\u00e9g egy darabig\u00a0folytatta apja hivat\u00e1s\u00e1t, a katonas\u00e1got, de azt\u00e1n letette a kardot, illetve \u00a0felcser\u00e9lte azt a p\u00e1sztori\u00a0szolg\u00e1lattal. Habitus\u00e1ban megmaradt katon\u00e1nak, de azzal, hogy elfogadta a p\u00fcsp\u00f6ki szolg\u00e1latot, Krisztus hadsereg\u00e9be\u00a0l\u00e9pett be. <\/p>\n<p>Feljegyzik r\u00f3la a \u00a0sokunk \u00e1ltal ismert t\u00f6rt\u00e9netet, mely szerint egy lovas \u0151rj\u00e1raton megosztotta k\u00f6peny\u00e9t\u00a0egy fagyoskod\u00f3 koldussal. K\u00e9s\u0151bb pedig maga Krisztus igazolta vissza neki, l\u00e1tom\u00e1sban, hogy bizony \u0151 volt a koldus.<\/p>\n<p>Ez az \u00f6nmag\u00e1val kem\u00e9ny, a b\u0171n\u00f6s\u00f6kkel irgalmas, \u00e9s a felforgat\u00f3 eretnekek\u00e9rt im\u00e1dkoz\u00f3 buzg\u00f3 f\u0151pap, Tours\u00a0p\u00fcsp\u00f6ke, megtanulta a teol\u00f3gi\u00e1t: amit tanult, azt hitte, \u00e9s amit hitt, azt tette is. \u00c9lete az emberek \u00e9s Isten\u00a0szolg\u00e1lat\u00e1ban elfogy\u00f3, \u00f6nmag\u00e1t \u00a0felem\u00e9szt\u0151 szeretet \u00a0p\u00e9ld\u00e1ja. Semmit sem akart megtartani mag\u00e1nak: sem javait, sem\u00a0idej\u00e9t, sem munk\u00e1j\u00e1t. Eg\u00e9sz \u00e9let\u00e9t aszem\u00e9lyes gondoskod\u00e1s, az odafigyel\u0151 tapintat, a megb\u00e9k\u00e9l\u00e9s \u00e9s az Isten\u00a0orsz\u00e1g\u00e1nak hirdet\u00e9se jellemezte. <br \/>\n\u00a0<\/div>\n<div style=\"text-align: center;\"><img loading=\"lazy\" decoding=\"async\" src=\"http:\/\/archivum.eloszekelyfold.ro\/wp-content\/uploads\/2021\/12\/szent_marton_hermaja_szombathelyi_foszekesegyhazban.jpg\" width=\"263\" height=\"351\" alt=\"\"><\/div>\n<div style=\"text-align: center;\"><em>Szent M\u00e1rton herm\u00e1ja <br \/>\na szombathelyi f\u0151sz\u00e9kesegyh\u00e1zban<br \/>\n(Forr\u00e1s. www.martinus.hu)<\/em><\/div>\n<div>\n\u00c9lete v\u00e9ge fel\u00e9, amikor m\u00e1r \u00e9rezte a f\u00e1radts\u00e1got \u00e9s a kimer\u00fcl\u00e9st, h\u00edvei biztatt\u00e1k,\u00a0hogy maradjon. Legyen tov\u00e1bbra is a p\u00fcsp\u00f6k\u00fck. Ekkor mondta, mintegy im\u00e1ds\u00e1gk\u00e9nt azt, amit ezerhatsz\u00e1z \u00e9v ut\u00e1n\u00a0Erd\u00e9ly szent\u00e9let\u0171 p\u00fcsp\u00f6ke, M\u00e1rton \u00c1ron is jelmondat\u00e1ul v\u00e1lasztott: \u201eUram, ha \u00fagy akarod, nem vonakodom a\u00a0munk\u00e1t\u00f3l\u201d&#8230;<\/p>\n<p>Ebb\u0151l a gazdag \u00e9let\u00fatb\u00f3l \u2013, melyet most v\u00e1zlatosan ismertettem \u2013 hadd emelj\u00fcnk ki n\u00e9h\u00e1ny, sz\u00e1munkra is\u00a0megfontoland\u00f3 gondolatot, tan\u00edt\u00e1st.<\/p>\n<p><strong>Katon\u00e1nak lenni ma nem k\u00f6telez\u0151<\/strong><\/p>\n<p>\u00d3dzkodunk, f\u00e9l\u00fcnk a harct\u00f3l, a h\u00e1bor\u00fat\u00f3l. Vannak ugyan olyan f\u00e9rfiak-n\u0151k is,\u00a0akik p\u00e9nz\u00e9rt, kalandv\u00e1gyb\u00f3l, vagy terroristak\u00e9nt, vakbuzg\u00f3 fanatizmusb\u00f3l k\u00e9pesek \u00f6lni, l\u0151ni, robbantani, de ez nem\u00a0a mi kenyer\u00fcnk. Mi nem fegyverrel harcolunk a b\u00e9k\u00e9\u00e9rt, hanem a p\u00e1rbesz\u00e9d, a diplom\u00e1cia, a gazdas\u00e1g eszk\u00f6zeivel,\u00a0hiszen \u00fagy gondoljuk, a katona er\u0151szakhoz folyamodik, \u00e9s az nem tal\u00e1l modern \u00e9letszeml\u00e9let\u00fcnkh\u00f6z. <\/p>\n<p>Azonban nem az-e\u00a0a gondunk ink\u00e1bb, hogy ebben az ingergazdag, elk\u00e9nyelmesed\u0151, n\u00e1rcisztikus-\u00f6nim\u00e1d\u00f3 vil\u00e1gunkban m\u00e1r nem mozgatnak\u00a0minket olyan eszm\u00e9nyek, mint a hazaszeretet, a hit\u00fcnk vagy nemzeti \u00e9s erk\u00f6lcsi \u00e9rt\u00e9keink v\u00e9delme?\u00a0<\/p><\/div>\n<div>\u00a0<\/div>\n<div>Annyira b\u00e1lv\u00e1nyozzuk ezt az \u00e9letet, hogy nem vagyunk k\u00e9pesek odaadni senki\u00e9rt \u00e9s semmi\u00e9rt. <\/p>\n<p>Egy\u00e1ltal\u00e1n mi\u00e9rt is\u00a0adjuk, adn\u00e1nk oda? <\/p>\n<p>M\u00e9ghogy elmenni az odaad\u00e1sban a v\u00e9ront\u00e1sig? Annyira az\u00e9rt semmi sem szent&#8230; <span class=\"Apple-tab-span\" style=\"white-space:pre\">\t<br \/>\n<\/span>N\u00e9h\u00e1ny hete\u00a0egy \u00fajgazdag \u00e1zsiai p\u00e1r esk\u00fcv\u0151i \u00e9jszak\u00e1j\u00e1n, a menyasszony sms-ezni kezdett bar\u00e1tainak, a n\u00e1sz\u00e9jszaka kell\u0151s\u00a0k\u00f6zep\u00e9n. A megh\u00f6kkent v\u0151leg\u00e9ny sz\u00e1mon k\u00e9rte az \u00edfj\u00fa ar\u00e1t: mi\u00e9rt foglalkozol vel\u00fck most, nem velem kellene lenned? A\u00a0fiatal feles\u00e9g erre azt mondta, a bar\u00e1tai fontosabbak! M\u00e1snap el is v\u00e1ltak&#8230;\u00a0<\/p>\n<p>Feltehetj\u00fck \u00fagy is a k\u00e9rd\u00e9st: mi\u00e9rt van sz\u00fcks\u00e9g a katonas\u00e1gra? Nem lenne k\u00f6nnyebb mindent megbesz\u00e9lni,\u00a0megszavazni, senkire semmit r\u00e1 nem er\u0151ltetni, meghagyni mindenki szabad d\u00f6nt\u00e9s\u00e9t? \u00a0<\/p>\n<p>De akkor hol marad a\u00a0tekint\u00e9lytisztelet, hol van az engedelmess\u00e9g? Mi lenne egy koncerten, ha egy zenekarban mindenki azt csin\u00e1l, amit\u00a0akar? Akkor minek a kotta \u00e9s minek a karmester? Mi lenne a sportban, egy t\u0171zolt\u00f3csapatban, egy katonai bevet\u00e9sn\u00e9l,\u00a0egy int\u00e9zm\u00e9nyben vagy hivataln\u00e1l, ha nem lenne rend, nem lenn\u00e9nek szab\u00e1lyok, nem lenne v\u00e9gs\u0151 d\u00f6nt\u00e9st meghoz\u00f3,\u00a0feladatot ellen\u0151rz\u0151, \u00a0leoszt\u00f3 vezet\u0151, akinek szem\u00e9lye a j\u00f3t\u00e1ll\u00e1s is a siker\u00e9rt?<\/p>\n<p>Szent M\u00e1rton katonaszent volt, ak\u00e1rcsak Szent Gy\u00f6rgy, Szent Sebesty\u00e9n, Szent Fl\u00f3ri\u00e1n, vegy Szent Istv\u00e1n\u00a0kir\u00e1ly \u00e9s Szent Imre herceg. De katonak\u00e9nt harcolt Assisi Szent Ferenc, Loyolai Szent Ign\u00e1c, Szent Demeter, Szent\u00a0Johanna, Kapisztr\u00e1n szent J\u00e1nos is. \u00c9s a m\u00e1r el\u0151bb eml\u00edtett nagy p\u00fcsp\u00f6k\u00fcnk, M\u00e1rton \u00c1ron is. Ezek a katonaszentek\u00a0n\u00e9peik h\u0151sei. \u00c9leteket mentettek, \u00e9let\u00fcket \u00e1ldozt\u00e1k, h\u0151siesen harcoltak f\u00f6ldi \u00e9s mennyei haz\u00e1juk\u00e9rt.(L\u00e1sd 56-os\u00a0vagy vil\u00e1gh\u00e1bor\u00fas h\u0151seinket&#8230;<br \/>\n\u00a0<\/div>\n<div style=\"text-align: center;\"><img loading=\"lazy\" decoding=\"async\" src=\"http:\/\/archivum.eloszekelyfold.ro\/wp-content\/uploads\/2021\/12\/szent_marton_ereklyetart_4c.jpg\" width=\"250\" height=\"327\" alt=\"\"><\/div>\n<div style=\"text-align: center;\"><em>Szent M\u00e1rton erekly\u00e9je Szombathelyen &#8211;\u00a0<br \/>\na feljegyz\u00e9sek szerint a 18. sz\u00e1zadban<br \/>\na domonkos rendi aty\u00e1k m\u00e1r \u0151riztek itt<br \/>\negy Szent M\u00e1rton erekly\u00e9t; 1913-ban,<br \/>\na szemin\u00e1rium felszentel\u00e9sekor kapott erekly\u00e9t<br \/>\na sz\u00e9kesegyh\u00e1z f\u0151olt\u00e1r\u00e1n lev\u0151 herm\u00e1ban<br \/>\nhelyezt\u00e9k el<br \/>\n(Forr\u00e1s: www.martinus.hu)<\/em><\/div>\n<div>\nVajon nem az-e a nagy bajunk, hogyha becsapjuk a gyepl\u0151t a lovak k\u00f6z\u00e9, egyszercsak azon kapjuk magunkat,\u00a0hogy eltunyultunk, m\u00e1l\u00e9sz\u00e1j\u00faak, lagymatagok, t\u00e1posok lett\u00fcnk, mert a sok lehet\u0151s\u00e9g k\u00f6z\u00fcl nem tudunk v\u00e1lasztani. Ha\u00a0nincs fegyelem, nincs \u00f6nfegyelem sem. Meggyeng\u00fcl az akarat. Nincs ami edz\u00e9sben tartsa \u00e9s m\u00e1r nem merj\u00fck r\u00e1tenni az\u00a0\u00e9let\u00fcnket Isten szolg\u00e1lat\u00e1ra, m\u00e1r egy csal\u00e1dalap\u00edt\u00e1s ter\u00e9n sem. Mert a katonas\u00e1g val\u00f3j\u00e1ban tart\u00e1st ad.\u00a0Fegyelmezetts\u00e9gre, elsz\u00e1nts\u00e1gra, elt\u00f6k\u00e9lt tettekre sarkall. <\/p>\n<p>A katona nem okvetlenkedik, nem felesel, nem futamodik\u00a0meg a vesz\u00e9ly l\u00e1tt\u00e1n, hanem \u00e9lete utols\u00f3 perc\u00e9ig harcol az\u00e9rt, amire felesk\u00fcd\u00f6tt. Nemcsak parancsot teljes\u00edt, hanem\u00a0er\u0151t mutat fel ott, ahol m\u00e1sok gyeng\u00e9nek bizonyulnak. Nem \u00f6lni akar, hanem v\u00e9deni a m\u00f6g\u00f6tte \u00e1ll\u00f3 k\u00f6z\u00f6ss\u00e9get. A\u00a0katona b\u00edzik a felettes tekint\u00e9ly\u00e9ben, kitart a neh\u00e9szs\u00e9gek idej\u00e9n, nem futamodik meg az ellens\u00e9gt\u0151l, harcol\u00a0\u00e9lete \u00e1r\u00e1n is. \u00c9s ez ugyan\u00edgy \u00e9rv\u00e9nyes az \u00e9let b\u00e1rmely ter\u00fclet\u00e9n. A lelki, erk\u00f6lcsi k\u00fczdelemben is.\u00a0<span class=\"Apple-tab-span\" style=\"white-space:pre\">\t<br \/>\n<\/span>Ma azt mondj\u00e1k az ilyenre, hogy nemcsak j\u00f3fej, hanem, bev\u00e1llal\u00f3s. \u00a0<\/p>\n<p>Szent M\u00e1rton p\u00e9ld\u00e1t ad arra is, hogyan\u00a0\u00e1lljunk ki hit\u00fcnk\u00e9rt, \u00e9rt\u00e9keink\u00e9rt akkor, ha az nem j\u00e1r el\u0151l\u00e9ptet\u00e9ssel, el\u0151nnyel. Ha v\u00e1llal\u00e1som \u00e1ltal nem csin\u00e1lhatok\u00a0karrirert, vagy akkor is, ha azt nem fizetik meg. \u00a0Az eszm\u00e9ny vonz\u00e1sa, az hajt, az \u00f6szt\u00f6n\u00f6z, az motiv\u00e1l, hogy\u00a0tartsak ki. Ne csak a magam \u00e9rdekei\u00e9rt \u00e1lljak ki, ne csak jogaim\u00e9rt t\u00fcntessek, hanem a k\u00f6z\u00f6ss\u00e9gem\u00e9rt is, a\u00a0lelkiismeretem szav\u00e1ra hallgatva Isten jogai\u00e9rt, m\u00e9g akkor is, ha nekem ebb\u0151l k\u00e1rom, vagy h\u00e1tr\u00e1nyom sz\u00e1rmazik.<\/p>\n<p><strong>Szent M\u00e1rton buzg\u00f3s\u00e1g\u00e1r\u00f3l <\/strong><\/p>\n<p>Feljegyezt\u00e9k, hogy templomban soha nem \u00fclt le. Vagy \u00e1llt, vagy t\u00e9rdelve im\u00e1dkozott\u00a0\u00f3r\u00e1kon kereszt\u00fcl. <\/p>\n<p>Akkoriban m\u00e9g k\u00e9t-h\u00e1rom \u00f3r\u00e1n \u00e1t is eltartott egy liturgia, nem csoda, ha sokszor a\u00a0szertart\u00e1sv\u00e9gz\u0151 p\u00fcsp\u00f6k szeme is lekoppant. \u00c9rdekess\u00e9gk\u00e9nt megjegyzik a t\u00f6rt\u00e9net\u00edr\u00f3k Szent Ambrusr\u00f3l, Mil\u00e1n\u00f3\u00a0p\u00fcsp\u00f6k\u00e9r\u0151l, hogy azokban az \u00f3r\u00e1kban, amikor Szent M\u00e1rton, t\u00f6bbsz\u00e1z kilom\u00e9terrel od\u00e9bb, Tours v\u00e1ros\u00e1ban haldoklott,\u00a0Ambrus Mil\u00e1n\u00f3ban \u00e9pp egy szertart\u00e1s k\u00f6zep\u00e9n elaludt. \u00c9s t\u00f6bb mint egy \u00f3r\u00e1n kereszt\u00fcl hagyt\u00e1k is a h\u00edvek. M\u00edg azt\u00e1n,\u00a0amikor m\u00e1r a szertart\u00e1s ut\u00e1n fel akart\u00e1k \u00e9breszteni, riadva k\u00e9rdezett r\u00e1juk: mi\u00e9rt zavartatok meg \u00e1lmomban, \u00e9ppen\u00a0M\u00e1rtonnal besz\u00e9ltem, most k\u00f6lt\u00f6zik haza, a mennyorsz\u00e1gba.<\/p>\n<p>\u00c9s val\u00f3ban, ut\u00e1na der\u00fclt ki, hogy azokban az \u00f3r\u00e1kban hunyt el Tours legend\u00e1s h\u00edr\u0171, szent\u00e9let\u0171 p\u00fcsp\u00f6ke, aki\u00a0kort\u00e1rsaival is ilyen misztikus, lelki kapcsolatban \u00e1llt.<\/p>\n<p>M\u00e9ly \u00e9s \u00a0bens\u0151s\u00e9ges istenkapcsolat\u00e1nak m\u00e9g hitbeli ellenfelei, az eretnekek sem tudtak ellen\u00e1llni, pedig\u00a0sokszor pr\u00f3b\u00e1lkoztak el\u0171zni p\u00fcsp\u00f6ki sz\u00e9khely\u00e9r\u0151l. Megf\u00e9leml\u00edtett\u00e9k, hal\u00e1llal fenyegett\u00e9k, de M\u00e1rton nem unta meg a\u00a0Krisztus \u00e9s egyh\u00e1za melletti ki\u00e1ll\u00e1st. Annyira \u00e1tj\u00e1rta M\u00e1rtont Isten jelenl\u00e9te, hogy az \u00f6rd\u00f6g val\u00f3s\u00e1ggal menek\u00fclt\u00a0t\u0151le. Le\u00edrj\u00e1k r\u00f3la, hogy k\u00f6nnyed\u00e9n felismerte az \u00f6rd\u00f6g\u00f6t, \u00edgy a gonosz hamar leleplez\u0151d\u00f6tt \u00e9s elkotr\u00f3dott. Ehhez k\u00e9pest mi oly k\u00f6nnyen megalkuszunk a t\u00e1l lencs\u00e9\u00e9rt, olyan sokszor igazat adunk a s\u00e1t\u00e1nnak is, f\u0151k\u00e9nt a r\u00e9szletekben vesz\u00fcnk el, j\u00f6jj\u00f6n az \u00a0a liber\u00e1lis, a kommunista vagy \u00e9pp \u00a0a sz\u00e9ls\u0151jobboldali kritik\u00e1kb\u00f3l.<\/p>\n<p>Testv\u00e9reim, az \u00e9letszents\u00e9g, az istenszeretetnek az a t\u00fcze, amely Szent M\u00e1rtonban lobogott, \u00e9pp ebb\u0151l a m\u00e9ly hitb\u0151l, a bel\u0151le fakad\u00f3 tettekb\u0151l t\u00e1pl\u00e1lkozik. Hogyan lehet ezt a hitet \u00e9bren tartani? \u00a0L\u00e1tjuk, zaklatott vil\u00e1gunkban mennyire fontos a cs\u00f6nd, a magunkba n\u00e9z\u00e9s. Zajszigetelt h\u00e1zakat \u00e9p\u00edt\u00fcnk, h\u00e9tv\u00e9g\u00e9n a v\u00e1rosi zajb\u00f3l vid\u00e9kre menek\u00fcl\u00fcnk, de enn\u00e9l m\u00e9g t\u00f6bbr\u0151l lenne sz\u00f3. A csendben hallhat\u00f3 Isten hangja. Ha a lelkiismeretet, mint ir\u00e1nyjelz\u0151t mindig Isten parancsaihoz, a Szent\u00edr\u00e1shoz, J\u00e9zushoz szabjuk, r\u00e1 \u00e1ll\u00edtjuk, akkor a csend nemcsak ellaz\u00edt, hanem felt\u00f6lt, rendet tesz benn\u00fcnk, a csendben megsz\u00f3lal\u00f3 Isten \u00e9lm\u00e9nny\u00e9, ekszt\u00e1ziss\u00e1 teszi a vele val\u00f3 meghitt tal\u00e1lkoz\u00e1st, egy\u00fcttl\u00e9tet. Szent M\u00e1rton sem n\u00e9zte az \u00f3r\u00e1j\u00e1t, mikor lesz m\u00e1r v\u00e9ge a szentmis\u00e9nek. Id\u0151t szentelt Istennek, hogy ezzel benne is \u00e9let fakadjon.<\/p>\n<p>Olvastam egy \u00a0gr\u00faziai ortodox remet\u00e9r\u0151l, aki egy 40 m\u00e9ter magas szikl\u00e1n lakik. Ez az ember, aki foglalkoz\u00e1s\u00e1ra n\u00e9zve darukezel\u0151 volt, a 90-es \u00e9vek elej\u00e9n m\u00e9g ivott, drogot \u00e1rult, majd b\u00f6rt\u00f6nbe ker\u00fclt, s v\u00e9g\u00fcl \u00fagy d\u00f6nt\u00f6tt, hogy szerzetes lesz. Elvonult a civiliz\u00e1ci\u00f3 el\u0151l, aholy folyton k\u00eds\u00e9rtette a rossz, s \u0151 nem tudott neki ellen\u00e1llni. Kin\u00e9zett mag\u00e1nak egy szikl\u00e1t, \u00e9s \u00f6nk\u00e9ntesekkel fel\u00e9p\u00edtett a szikla tetej\u00e9n egy kis lak\u00e1st \u00e9s k\u00e1poln\u00e1t. A mind\u00f6ssze 10-15 m\u00e9ter sz\u00e9les sziklatoronyba csig\u00e1k seg\u00edts\u00e9g\u00e9vel h\u00fazza fel az el\u0151k\u00e9sz\u00edtett \u00e9lelmiszert, melyet 40 m\u00e9ter m\u00e9lyen, a szikla alj\u00e1ban lak\u00f3 szerzetest\u00e1rsak k\u00fcldenek fel neki. Val\u00f3sz\u00edn\u0171, darukezel\u0151i k\u00e9pess\u00e9geit is j\u00f3l tudja kamatoztatni&#8230; Hetente k\u00e9tszer megy le a szikla oldal\u00e1ra f\u00fcggesztett l\u00e9tr\u00e1n im\u00e1dkozni a t\u00f6bbiekkel. A sziklam\u00e1sz\u00e1s mintegy 20 perc, oda-vissza. Nem enged fel senkit, pl\u00e1ne n\u0151ket, mert azok eltereln\u00e9k a figyelm\u00e9t Istenr\u0151l.Nemr\u00e9g egy amerikai fot\u00f3ssal m\u00e9gis kiv\u00e9telt tett: de \u0151t is csak \u00fagy engedte fel, hogy a fot\u00f3s n\u00e9gy napon \u00e1t im\u00e1dkozott a szikla l\u00e1b\u00e1n\u00e1l&#8230;<\/p>\n<div style=\"text-align: center;\"><img loading=\"lazy\" decoding=\"async\" src=\"http:\/\/archivum.eloszekelyfold.ro\/wp-content\/uploads\/2021\/12\/lg_02.JPG\" width=\"500\" height=\"360\" alt=\"\"><\/div>\n<div style=\"text-align: center;\"><em>Maxim Kavtaradze 1993 \u00f3ta \u00e9l egy szikl\u00e1n (K\u00e9p forr\u00e1sa: www.magyarkurir.hu)<\/em><\/div>\n<p>\nLehet, hogy extr\u00e9m elvonul\u00e1s ez\u00e9 a szerzetes\u00e9. De valljuk be \u0151szint\u00e9n, nem tenne j\u00f3t nek\u00fcnk is, ha, mint Szent M\u00e1rton, vagy m\u00e1sok is, n\u00e9ha otthagyn\u00e1nk a vil\u00e1g zaj\u00e1t: f\u00fcldug\u00f3st\u00f3l, \u00e1jpodost\u00f3l, internetest\u0151l? Azt hiszem, biztos haszn\u00e1t venn\u00e9nk mi is aciviliz\u00e1ci\u00f3 n\u00e9lk\u00fcli, ingerszeg\u00e9ny k\u00f6rnyezetnek, nemcsak az\u00e9rt, mertnem lenne zajfert\u0151z\u00e9s, szmog, stressz, \u00e9s lehet, hogy hi\u00e1nyozna a puha \u00e1gy, a zuhany vagy az angolv\u00e9c\u00e9, a maroktelefon, a h\u00edrek, \u2013 de bels\u0151leg szabadd\u00e1 v\u00e1ln\u00e1nk, lecsendesedn\u00e9nk. Lelkileg \u00fajj\u00e1sz\u00fcletn\u00e9nk, \u00e9s Isten mindenk\u00e9pp k\u00f6nnyeben el\u00e9rhetne minket&#8230;<\/p>\n<div style=\"text-align: center;\"><img loading=\"lazy\" decoding=\"async\" src=\"http:\/\/archivum.eloszekelyfold.ro\/wp-content\/uploads\/2021\/12\/lg_14(1).jpg\" width=\"500\" height=\"321\" alt=\"\"><\/div>\n<div style=\"text-align: center;\"><em>Forr\u00e1s: www.magyarkurir.hu<\/em><\/div>\n<p>\n<strong>M\u00e1rton \u00f6nmag\u00e1val szigor\u00fa, a szeg\u00e9nyekkel, b\u0171n\u00f6s\u00f6kkel szemben gyeng\u00e9d volt<\/strong><\/p>\n<p>Most, amikor nemcsak a Szent M\u00e1rton \u00e9vet, de az irgalmass\u00e1g \u00e9v\u00e9t is lez\u00e1rjuk, j\u00f3 lenne ezt a szel\u00edd, irgalmas \u00e9s nagylelk\u0171 szeretetet eltanulnunk t\u0151le. \u00c9s most nemcsak az \u00f6tletszer\u0171, vagy kamp\u00e1ny\u00edz\u0171 j\u00f3t\u00e9konykod\u00e1sainkra gondolok. M\u00e9gcsak nem is \u201ek\u00f6telez\u0151\u201d templomi gy\u0171jt\u00e9sekre, hanem arra is, ahogyan beosztjuk javainkat. Mennyivel t\u00f6bb jutna a szeg\u00e9nyekre \u00e9s egym\u00e1sra p\u00e9nz\u00fcnkb\u0151l, az \u00e9lelemb\u0151l vagy haszn\u00e1lati cikkekb\u0151l, ha visszafogn\u00e1nk \u00f6nz\u00e9s\u00fcnket, kapzsis\u00e1gunkat. Ha nem szemetet termeln\u00e9nk, ha nem pazaroln\u00e1nk, ha nem dobn\u00e1nk ki haszn\u00e1lt, vagy el \u00a0sem romlott eszk\u00f6zeinket, csak az\u00e9rt, mert van \u00fajabb. Ha nem k\u00f6lten\u00e9nk p\u00e9nzt f\u00f6l\u00f6slegesen olyan gagyi, \u00e9rt\u00e9ktelen cuccokra, amelyekre nem is lenne sz\u00fcks\u00e9g\u00fcnk. S ami enn\u00e9l is fontosabb, hogy: amikor adunk egy koldusnak, seg\u00edt\u00fcnk egy szeg\u00e9nyen, azon a gesztuson \u00e9rz\u0151dj\u00f6n az \u0151szinte szeretet, az irgalmas nagylelk\u0171s\u00e9g. <\/p>\n<p>Szent M\u00e1rton nemcsak katonai k\u00f6peny\u00e9t v\u00e1gta kett\u00e9, hogy betakarja a diderg\u0151 szeg\u00e9nyt, hanem a lelki nyomort is igyekezett orvosolni. <\/p>\n<p>A h\u00edv\u0151 embernek ez lenne a k\u00fcldet\u00e9se. Az Isten hi\u00e1ny\u00e1t\u00f3l szenved\u0151nek\u00a0\u00f6r\u00f6mh\u00edrt adni, a vall\u00e1silag nyomorg\u00f3 lelkeket felemelni, tan\u00edtani, bevezetni abba a m\u00e1sik vil\u00e1gba, amit Megv\u00e1lt\u00f3 J\u00e9zusunk hozott. De ez a gesztus jelenti a konkr\u00e9t nagylelk\u0171s\u00e9get is akkor, amikor nem szigor\u00fanak kell lenn\u00fcnk, hanem eln\u00e9z\u0151nek, megbocs\u00e1t\u00f3nak. Ez az irgalmass\u00e1g. <\/p>\n<p>Az irgalomban van egy dr\u00e1ma: Isten fel\u00e9nk fordul. Mik\u00f6zben leleplezi a b\u0171nt, sebzett lelk\u00fcnket felemeli, visszafogad. Nem lekezel, nem olcs\u00f3 amneszti\u00e1t ad, nem elbagatelliz\u00e1lja a tetteinket, nem len\u00e9z\u0151 nagyvonal\u00fas\u00e1ggal, k\u00f6nnyed\u00e9n \u00fajratervez, mintha nem t\u00f6rt\u00e9nt volna semmi, hanem \u00e9rt\u00fcnk j\u00f6n, jelez, ut\u00e1nunk ny\u00fal, pokolra sz\u00e1ll, ahogy a Hiszekegyben is valljuk. Megesik rajtunk a sz\u00edve. Ezt kellene nek\u00fcnk is tenn\u00fcnk egym\u00e1ssal. Szent M\u00e1rton megmutatta, milyen az isteni irgalmass\u00e1g: el\u0151bb irgalmas, hogy azt\u00e1n megbocs\u00e1thasson&#8230; Irgalm\u00e1val \u00e1t\u00f6lel, sz\u00e9gyen\u00fcnket betakarja. Nem v\u00e1r emberi teljes\u00edtm\u00e9nyeket, nem szab felt\u00e9teleket, hanem \u00e9ppen ebb\u0151l az \u00fagymond megsz\u00e9gyen\u00edt\u0151 ingyeness\u00e9gb\u0151l kapunk er\u0151re, indulunk fel\u00e9je, s kezd\u00fcnk \u00fajra szeretni. <\/p>\n<p>Testv\u00e9reim!\u00a0Amikor seg\u00edt\u00fcnk egym\u00e1son, az irgalmass\u00e1g jegy\u00e9ben, hajlamosak vagyunk lebecs\u00fclni a magunk k\u00e9pess\u00e9g\u00e9t, mondv\u00e1n: \u201emit \u00e9rek \u00e9n a kev\u00e9s tetteimmel?\u201d. \u00dagy is annyi a rossz, \u00fagy is annyira elhatalmasodott a gonoszs\u00e1g, s \u00fagysem lesz ett\u0151l jobb a vil\u00e1g&#8230;<\/p>\n<p>De Isten nem \u00edgy gondolkodik. \u00c9s Szent M\u00e1rtonban is ezt l\u00e1tjuk. P\u00e9ld\u00e1j\u00e1n felbuzdulva nek\u00fcnk is menteni kell a menthet\u0151t, ott, ahol vagyunk. Isten nem \u201e\u00edrja le\u201d az embert. Mi se becs\u00fclj\u00fck le a j\u00f3nak az erej\u00e9t, ne becs\u00fclj\u00fck al\u00e1 az \u0151 kegyelm\u00e9nek hat\u00e9konys\u00e9g\u00e1t. K\u00fcl\u00f6nb\u00f6ztess\u00fck meg a b\u0171nt a b\u0171n\u00f6st\u0151l, \u00e9s l\u00e9pj\u00fcnk tov\u00e1bb. A b\u0171nt dobjuk el, a b\u0171n\u00f6st emelj\u00fck fel. \u00d6nmagunkban is. El\u0151bb van a szem\u00e9lyi m\u00e9lt\u00f3s\u00e1g, s csak ut\u00e1na a teljes\u00edtm\u00e9ny&#8230;\u00a0<\/p>\n<div style=\"text-align: center;\"><img loading=\"lazy\" decoding=\"async\" src=\"http:\/\/archivum.eloszekelyfold.ro\/wp-content\/uploads\/2021\/12\/dicsoszentmc3a1c3a1rtoon(1).jpg\" width=\"500\" height=\"317\" alt=\"\"><\/div>\n<div>\u00a0<\/div>\n<div>Ne a konkollyal legy\u00fcnk elfoglalva, ami a b\u00faza \u00a0k\u00f6z\u00f6tt n\u0151, hanem a b\u00faz\u00e1t \u00e1poljuk. Isten k\u00fcldi seg\u00edts\u00e9g\u00e9t mindenkinek, minden helyzetben, csak egy\u00fctt kell m\u0171k\u00f6dn\u00fcnk vele. Necsapjunk h\u00e1t le minden sz\u00e1l konkolyra. Van bizonyos hibasz\u00e1zal\u00e9k is&#8230; <\/p>\n<p>Hiszen szabadon d\u00f6nt\u00fcnk, de \u00e9rtelm\u00fcnk elhom\u00e1lyosult, nem vagyunk t\u00f6k\u00e9letesek. Nem \u00fclhet\u00fcnk eg\u00e9sz nap pizsam\u00e1ban, fel kell keln\u00fcnk, s nekiv\u00e1gni a napnak akkor is, ha tegnap csal\u00f3dtunk, vagy rossz az id\u0151, nincs kedv\u00fcnk. \u00c9s ne folyton a b\u0171neinkre \u00f6sszpontos\u00edtsunk, hanem arra a nagyszer\u0171 feladatra, \u00e9letre, amelyet Isten nek\u00fcnk sz\u00e1nt. Bel\u00e9je kapaszkodva, b\u00edzni Benne, mint gyermek a sz\u00fcleiben, hiszen \u00e9rt\u00fcnk lett emberr\u00e9. <\/p>\n<p>Szent M\u00e1rton p\u00e9ld\u00e1ja ebben lelkes\u00edtsen mindny\u00e1junkat.<\/p><\/div>\n<div><em><br \/>\nA november 12-\u00e9n, a dics\u0151szentm\u00e1rtoni Torursi Szent M\u00e1rton pl\u00e9b\u00e1niatemplomban elhangzott b\u00facs\u00fasbesz\u00e9d szerkesztett v\u00e1ltozata.<\/p>\n<p>Sebesty\u00e9n P\u00e9ter<\/em><br \/>\n\u00a0<\/div>\n<\/div>\n<div>\u00a0<\/div>\n<\/p><\/div>\n","protected":false},"excerpt":{"rendered":"<p>Most az ezerh\u00e9tsz\u00e1z \u00e9vvel ezel\u0151tt sz\u00fcletett Szent M\u00e1rtonra eml\u00e9kezik a magyars\u00e1g, \u00e9s \u0151t \u00fcnnepelitek ti is,\u00a0dics\u0151iek. N\u00e9vad\u00f3 szentetek volt az egyh\u00e1zban az els\u0151 olyan h\u00edv\u0151, akit nem v\u00e9rtan\u00fas\u00e1ga miatt avattak szentt\u00e9. Szent M\u00e1rton \u0151 \u00e9lete sok tekintetben k\u00fcl\u00f6nleges. Bizonyos fokig \u0151 a mi\u00e9nk is, hiszen Szombathely sz\u00fcl\u00f6tte. Gyermek\u00e9veit is\u00a0ott t\u00f6lt\u00f6tte. A k\u00f6zeli pannonhalmi benc\u00e9s Ap\u00e1ts\u00e1g [&hellip;]<\/p>\n","protected":false},"author":1,"featured_media":28316,"comment_status":"open","ping_status":"open","sticky":false,"template":"","format":"standard","meta":{"footnotes":""},"categories":[],"tags":[],"class_list":["post-28315","post","type-post","status-publish","format-standard","has-post-thumbnail","hentry"],"_links":{"self":[{"href":"https:\/\/archivum.eloszekelyfold.ro\/index.php\/wp-json\/wp\/v2\/posts\/28315","targetHints":{"allow":["GET"]}}],"collection":[{"href":"https:\/\/archivum.eloszekelyfold.ro\/index.php\/wp-json\/wp\/v2\/posts"}],"about":[{"href":"https:\/\/archivum.eloszekelyfold.ro\/index.php\/wp-json\/wp\/v2\/types\/post"}],"author":[{"embeddable":true,"href":"https:\/\/archivum.eloszekelyfold.ro\/index.php\/wp-json\/wp\/v2\/users\/1"}],"replies":[{"embeddable":true,"href":"https:\/\/archivum.eloszekelyfold.ro\/index.php\/wp-json\/wp\/v2\/comments?post=28315"}],"version-history":[{"count":0,"href":"https:\/\/archivum.eloszekelyfold.ro\/index.php\/wp-json\/wp\/v2\/posts\/28315\/revisions"}],"wp:featuredmedia":[{"embeddable":true,"href":"https:\/\/archivum.eloszekelyfold.ro\/index.php\/wp-json\/wp\/v2\/media\/28316"}],"wp:attachment":[{"href":"https:\/\/archivum.eloszekelyfold.ro\/index.php\/wp-json\/wp\/v2\/media?parent=28315"}],"wp:term":[{"taxonomy":"category","embeddable":true,"href":"https:\/\/archivum.eloszekelyfold.ro\/index.php\/wp-json\/wp\/v2\/categories?post=28315"},{"taxonomy":"post_tag","embeddable":true,"href":"https:\/\/archivum.eloszekelyfold.ro\/index.php\/wp-json\/wp\/v2\/tags?post=28315"}],"curies":[{"name":"wp","href":"https:\/\/api.w.org\/{rel}","templated":true}]}}