{"id":28313,"date":"2021-12-13T03:25:01","date_gmt":"2021-12-13T03:25:01","guid":{"rendered":"http:\/\/archivum.eloszekelyfold.ro\/2021\/12\/13\/uz-bence-a-sztar\/"},"modified":"2021-12-13T03:25:01","modified_gmt":"2021-12-13T03:25:01","slug":"uz-bence-a-sztar","status":"publish","type":"post","link":"https:\/\/archivum.eloszekelyfold.ro\/index.php\/2021\/12\/13\/uz-bence-a-sztar\/","title":{"rendered":"\u00daz Bence, a szt\u00e1r"},"content":{"rendered":"<p><\/p>\n<div style=\"color:#666666; font-family:inherit; font-size:14px;font-style: normal;text-align:left;line-height:24px;\">\n<div style=\"float:left\"><img decoding=\"async\" src=\"http:\/\/archivum.eloszekelyfold.ro\/wp-content\/uploads\/2021\/12\/599_UZBENCE.jpg\" alt=\"\u00daz Bence, a szt\u00e1r\" style=\"padding-right:14px; padding-bottom:6px; padding-top:6px;\" width=\"320px\"><\/div>\n<p>                              A m\u00falt sz\u00e1zad harmincas \u00e9veinek v\u00e9g\u00e9n a magyar filmgy\u00e1rt\u00e1s egyik kiemelked\u0151 esem\u00e9nye volt Nyir\u0151 J\u00f3zsef reg\u00e9ny\u00e9nek, az \u00daz Benc\u00e9nek a megfilmes\u00edt\u00e9se. Csepreghy Jen\u0151 rendez\u0151 szem\u00e9lyesen utazott le Sz\u00e9kelyf\u00f6ldre, az \u00edr\u00f3 megh\u00edv\u00e1s\u00e1ra, hogy egy kis n\u00e9prajzi \u00e9s k\u00f6rnyezettanulm\u00e1nyban r\u00e9szes\u00fclj\u00f6n. Sz\u00e1ll\u00e1sad\u00f3ja maga az \u00edr\u00f3 volt.<\/p>\n<p>Csepreghy a szombatfalvi Nyir\u0151 k\u00fari\u00e1ban lakott, innen j\u00e1rt\u00e1k be a vid\u00e9ket aut\u00f3val, szek\u00e9rrel, hogy ismerkedjenek a film eredeti helysz\u00edneivel. <\/p>\n<p>Fenn a Hargit\u00e1n tal\u00e1lkoztak Pista b\u00e1val is, azzal az atyafival, akir\u0151l Nyir\u0151 reg\u00e9nye f\u0151h\u0151s\u00e9t mint\u00e1zta. A rendez\u0151 elmond\u00e1sa szerint h\u00e1rom napot t\u0151lt\u00f6ttek a kalyib\u00e1ban, \u00e9ltek szalonn\u00e1n, kecsketejen, \u00e9s sajton 1200 m\u00e9ter magasban. Pist\u00e1nak olyan k\u00e9pzel\u0151tehets\u00e9ge volt, hogy m\u00e9g egy reg\u00e9ny\u00edr\u00f3 is megirigyelhette volna, mes\u00e9lte a rendez\u0151. <\/p>\n<p>K\u00f6zben tal\u00e1lkoztak \u00dcd\u0151 M\u00e1rton modellj\u00e9vel is, a k\u00f6rny\u00e9k b\u0151lcs\u00e9vel. Nem kis fejt\u0151r\u00e9st okozott Csepreghy Jen\u0151 rendez\u0151nek az \u00e1llatjelenetek megszervez\u00e9se, v\u00e9g\u00fcl a szerz\u0151 seg\u00edts\u00e9g\u00e9vel tal\u00e1ltak, pontosabban v\u00e1s\u00e1roltak egy szel\u00edd barna medv\u00e9t, \u00e9s egy \u0151zet, mindkett\u0151t felsz\u00e1ll\u00edtott\u00e1k Pestre. <\/p>\n<div style=\"text-align: center;\"><img loading=\"lazy\" decoding=\"async\" src=\"http:\/\/archivum.eloszekelyfold.ro\/wp-content\/uploads\/2021\/12\/javor_pal_a_medvevel.jpg\" width=\"450\" height=\"421\" alt=\"\"><\/div>\n<div style=\"text-align: center;\"><em>J\u00e1vor P\u00e1l \u00e9s a medve<\/em><\/div>\n<p>\nA rendez\u0151 szerint a medve nagyon szel\u00edd volt, att\u00f3l tartottak, hogy a film forgat\u00e1sakor majd rendesen fel kell bosszantani, hogy alak\u00edtani tudjon. A medve els\u0151 filmen k\u00edv\u00fcli alak\u00edt\u00e1sa is brav\u00farosan siker\u00fclt. A Hunnia filmgy\u00e1r aut\u00f3ja, mik\u00f6zben a k\u00fcls\u0151 felv\u00e9telek elk\u00e9sz\u00edt\u00e9se v\u00e9gett a Jancsi medv\u00e9t Lillaf\u00fcred fel\u00e9 sz\u00e1ll\u00edtotta, az em\u0151di \u00fagynevezett hal\u00e1lkanyarban az \u00e1rokba zuhant. Szerencs\u00e9re a medve idej\u00e9ben kiugrott a g\u00e9pkocsib\u00f3l \u00e9s nem t\u00f6rt\u00e9nt k\u00fcl\u00f6n\u00f6sebb baja. <\/p>\n<div style=\"text-align: center;\"><img loading=\"lazy\" decoding=\"async\" src=\"http:\/\/archivum.eloszekelyfold.ro\/wp-content\/uploads\/2021\/12\/forgatason_Csepreghy.jpg\" width=\"450\" height=\"445\" alt=\"\"><\/div>\n<p>\nNem kis fejt\u0151r\u00e9st okozott a szerepl\u0151k kiv\u00e1laszt\u00e1sa, a szerz\u0151vel ezt is megbesz\u00e9lt\u00e9k. V\u00e9g\u00fcl \u00daz Bence alak\u00edt\u00e1s\u00e1ra J\u00e1vor P\u00e1lt k\u00e9rt\u00e9k fel, akir\u0151l azt \u00e1ll\u00edtott\u00e1k, hogy pontosan olyan, amilyennek Nyir\u0151 J\u00f3zsef \u00e1lmodhatta \u00daz Benc\u00e9t. Furfangos, amikor p\u00e9nzszerz\u00e9sr\u0151l van sz\u00f3; ravasz, amikor vad\u00e1szzs\u00e1km\u00e1nyt kell ejteni; \u00f6tletes \u00e9s kiv\u00e1l\u00f3 helyzetfelismer\u0151. <\/p>\n<div style=\"text-align: center;\"><img loading=\"lazy\" decoding=\"async\" src=\"http:\/\/archivum.eloszekelyfold.ro\/wp-content\/uploads\/2021\/12\/Tompa_Sandor_a_New_York_kavehaz_elott.jpg\" width=\"400\" height=\"341\" alt=\"\"><\/div>\n<div style=\"text-align: center;\"><em>Tompa S\u00e1ndor sz\u00ednm\u0171v\u00e9sz Budapesten, <br \/>\na New York K\u00e1v\u00e9h\u00e1z el\u0151tt &#8211; 1961<br \/>\n(Forr\u00e1s: www.fortepan.hu)<\/em><\/div>\n<p>\nA k\u00fcls\u0151 felv\u00e9telek egyes r\u00e9szeit Lengyelorsz\u00e1gban forgatt\u00e1k, J\u00e1vor P\u00e1lnak az utols\u00f3 napokban egy kis n\u00e9zetelt\u00e9r\u00e9se t\u00e1madt a filmben szerepl\u0151 medv\u00e9vel, amely alaposan \u00f6sszekarcolta kit\u0171n\u0151 partner\u00e9t. J\u00e1vor szerencs\u00e9re ennyivel meg\u00faszta. Julis szerep\u00e9t Bordy Bella az Operah\u00e1z akkori kiv\u00e1l\u00f3s\u00e1ga, \u00fcdv\u00f6sk\u00e9je alak\u00edtotta.\u00a0<\/p>\n<div style=\"text-align: center;\"><img loading=\"lazy\" decoding=\"async\" src=\"http:\/\/archivum.eloszekelyfold.ro\/wp-content\/uploads\/2021\/12\/Bordy_Javor_Balo.png\" width=\"400\" height=\"310\" alt=\"\"><\/div>\n<div style=\"text-align: center;\"><em>Bordy Bella, J\u00e1vor P\u00e1l \u00e9s Bal\u00f3 Elem\u00e9r az \u00daz Bence c\u00edm\u0171 filmben<br \/>\n(A fot\u00f3 a MNFA gy\u0171jtem\u00e9ny\u00e9b\u0151l val\u00f3)<\/em><\/div>\n<p>\u00a0<br \/>\nErd\u00e9lyi sz\u00edn\u00e9szek is helyet kaptak a szereposzt\u00e1sban, Molduv\u00e1n jegyz\u0151t, a ravasz inspektort a Sz\u00e9kelyudvarhelyi sz\u00fclet\u00e9s\u0171 M\u00e1ly Ger\u0151, m\u00edg M\u00f3zsi szerep\u00e9re Nyir\u0151 aj\u00e1nl\u00e1s\u00e1ra a k\u00e9zdiv\u00e1s\u00e1rhelyi sz\u00fclet\u00e9s\u0171 Tompa Pufit, az akkor Kolozsv\u00e1ron j\u00e1tsz\u00f3 Tompa S\u00e1ndort szerz\u0151dtett\u00e9k. A jeles karaktersz\u00edn\u00e9sz a havasok hideg naps\u00fct\u00e9s\u00e9t \u00e9s a sz\u00e9kely ember eleven \u00e9szj\u00e1r\u00e1s\u00e1t csillogtatta meg a filmben. <\/p>\n<p>B\u00e1r el\u0151sz\u00f6r \u00fagy volt, hogy az \u00daz Bence forgat\u00f3k\u00f6nyv\u00e9t maga Nyir\u0151 fogja elk\u00e9sz\u00edteni, v\u00e9g\u00fcl Orb\u00f3k Attil\u00e1ra esett a v\u00e1laszt\u00e1s. Augusztusban kezd\u0151d\u00f6tt a forgat\u00e1s, \u00e9s novemberben m\u00e1r be is mutatt\u00e1k a filmet \u00f3ri\u00e1si sikerrel a magyarorsz\u00e1gi mozikban. Folytat\u00e1st is terveztek, \u00daz Bence, a katona c\u00edmmel, de arra m\u00e1r nem ker\u00fclt sor. <\/p>\n<p>Ezt a filmet az\u00f3ta is vet\u00edtik, mindannyiunk \u00f6r\u00f6m\u00e9re.<br \/>\n<a href=\"https:\/\/www.youtube.com\/watch?v=CQWYcwamq30\"><br \/>\n<span style=\"color: rgb(0, 0, 255);\"><strong><span style=\"background-color: rgb(255, 255, 255);\">Az \u00daz Bence c\u00edm\u0171 film egy restaur\u00e1l\u00e1s el\u0151tti k\u00f3pi\u00e1ja.<\/span><\/strong><\/span><\/a><\/p>\n<div>\nCsepreghy Jen\u0151 filmrendez\u0151. \u00c9retts\u00e9gi ut\u00e1n Budapesten a m\u0171szaki egyetem hallgat\u00f3ja volt. Innen ker\u00fclt a filmgy\u00e1rba\u00a01934-ben mint rendez\u0151asszisztens, majd v\u00e1g\u00f3. Ut\u00f3bb m\u0171v\u00e9szeti \u00fcgyvezet\u0151 lett. 1937-t\u0151l rendezett. 1939-ben\u00a0testv\u00e9r\u00e9vel, Csepreghy B\u00e9la rendez\u0151vel k\u00f6z\u00f6sen l\u00e9trehozta a Csepreghy Filmforgalmi \u00e9s Kereskedelmi Rt.-t. Magyarorsz\u00e1gi\u00a0munk\u00e1ss\u00e1ga sor\u00e1n filmre vitte 1938-ban J\u00f3kai M\u00f3r: Szeg\u00e9ny gazdagok \u00e9s Nyir\u0151 J\u00f3zsef Uz Bence c\u00edm\u0171 reg\u00e9ny\u00e9t. 1940-ben\u00a0kiv\u00e1ndorolt Portug\u00e1li\u00e1ba, majd az USA-ban telepedett le, ahol John Shepridge n\u00e9ven m\u0171k\u00f6d\u00f6tt a filmszakm\u00e1ban.\u00a0(Forr\u00e1s: netlexikon.hu)<\/p>\n<p><strong>\u00daj filmt\u00f6rt\u00e9neti peri\u00f3dus el\u0151jele &#8211; Emberek a havason<\/strong><\/p>\n<p>K\u00e9sz\u00fclt Nyir\u0151 \u00edr\u00e1saib\u00f3l egy m\u00e1sik film is, amely m\u00e9rf\u00f6ldk\u0151nek sz\u00e1m\u00edt a filmt\u00f6rt\u00e9netben; az Emberek a havason (1942) annak idej\u00e9n f\u0151d\u00edjat nyert a Velencei Nemzetk\u00f6zi Filmfesztiv\u00e1lon. <br \/>\n\u00a0<\/div>\n<div style=\"text-align: center;\"><img loading=\"lazy\" decoding=\"async\" src=\"http:\/\/archivum.eloszekelyfold.ro\/wp-content\/uploads\/2021\/12\/emberek_reklam(1).jpg\" width=\"650\" height=\"460\" alt=\"\"><\/div>\n<div>\nA filmeszt\u00e9t\u00e1k szerint ennek a filmnek k\u00e9s\u0151bb &#8211; a vil\u00e1gh\u00e1bor\u00fa ut\u00e1n &#8211; szerepe volt az olasz neorealizmus z\u00e1szl\u00f3bont\u00e1s\u00e1ban. Sz\u0151ts Istv\u00e1n (1912-1998) operat\u0151ri st\u00edlusa hossz\u00fa id\u0151n k\u00f6vetend\u0151 p\u00e9lda volt, nemzetk\u00f6zi szinten is jelent\u0151s iskola j\u00f6tt l\u00e9tre tan\u00edtv\u00e1nyaib\u00f3l&#8230; <\/p>\n<p>Az\u00f3ta sem nagyon fordult el\u0151, hogy egy ilyen fontos iskola kibontakoz\u00e1s\u00e1hoz teremt\u0151 inspir\u00e1ci\u00f3kkal j\u00e1rult volna hozz\u00e1 a magyar filmm\u0171v\u00e9szet. \u00daj id\u0151sz\u00e1m\u00edt\u00e1s kezdet\u00e9t jelzi ez a film.<\/p>\n<p>Az Emberek a havason t\u00e9m\u00e1ja Ny\u00edr\u0151 J\u00f3zsef novell\u00e1ja alapj\u00e1n a t\u00e1rsadalmi egyenl\u0151tlens\u00e9g, a kiszolg\u00e1ltatotts\u00e1g, a megal\u00e1zottak \u00e9s megszomor\u00edtottak vil\u00e1ga. Sz\u0151ts Istv\u00e1n k\u00f6lt\u0151i magass\u00e1gokba emeli az elbesz\u00e9l\u00e9st. Megejt\u0151 k\u00f6zvetlens\u00e9ggel \u00e9s \u0151szinte rokonszenvvel viszi v\u00e1szonra a havasok h\u0151seit, s eszm\u00e9nyeket is ebben a purit\u00e1n szf\u00e9r\u00e1ban tal\u00e1l ilyen az \u00f6nfel\u00e1ldoz\u00e1s, a tisztess\u00e9g, a becs\u00fclet, a szolidarit\u00e1s. A romantikus szeml\u00e9let \u00e9s a keser\u0171 antikapitalizmus saj\u00e1tos jelk\u00e9pekbe \u00e1gyazott. G\u00f6rbe J\u00e1nos, Szellay Alice \u00e9s Bihari J\u00f3zsef sz\u00edn\u00e9szi teljes\u00edtm\u00e9nye nagym\u00e9rt\u00e9kben j\u00e1rul hozz\u00e1 a film magas h\u0151fok\u00e1hoz. A rendez\u0151-operat\u0151r a vizualit\u00e1s nyelv\u00e9n fogalmazta meg azt, amit p\u00e1lyat\u00e1rsai szavakkal sem voltak k\u00e9pesek \u00e9letre kelteni.<br \/>\n<a href=\"https:\/\/www.youtube.com\/watch?v=k4Smi0WG6WI\"><br \/>\n<strong><span style=\"color: rgb(0, 0, 255);\">R\u00e9szlet az Emberek a havason c\u00edm\u0171 filmb\u0151l.<\/span><\/strong><\/a><\/p>\n<p>A filmet 2014-ben a Magyar Nemzeti Digit\u00e1lis Arch\u00edvum (Manda) kezdem\u00e9nyez\u00e9s\u00e9re restaur\u00e1lt\u00e1k. Ekkor DVD-t is adtak ki, amelyen megtekinthet\u0151 Sz\u0151ts K\u00e1d\u00e1r Kata c\u00edm\u0171 k\u00eds\u00e9rleti filmje is, illetve egy \u00f3r\u00e1s v\u00e1ltozat abb\u00f3l az \u00e9let\u00fat-interj\u00fab\u00f3l, amelyet a tan\u00edtv\u00e1ny, S\u00e1ra S\u00e1ndor Sz\u0151ts Istv\u00e1nnal k\u00e9sz\u00edtett 1988-ban az Orsz\u00e1gos Sz\u00e9chenyi K\u00f6nyvt\u00e1r (OSZK) sz\u00e1m\u00e1ra.<\/p>\n<p><em>C\u00edmk\u00e9pen az \u00daz Bence korabeli plak\u00e1tja.<\/em><\/p>\n<p><em>Bal\u00e1zs \u00c1rp\u00e1d\/ \u00c9l\u0151 Sz\u00e9kelyf\u00f6ld Munkacsoport<\/em><br \/>\n\u00a0<\/div>\n<\/p><\/div>\n","protected":false},"excerpt":{"rendered":"<p>A m\u00falt sz\u00e1zad harmincas \u00e9veinek v\u00e9g\u00e9n a magyar filmgy\u00e1rt\u00e1s egyik kiemelked\u0151 esem\u00e9nye volt Nyir\u0151 J\u00f3zsef reg\u00e9ny\u00e9nek, az \u00daz Benc\u00e9nek a megfilmes\u00edt\u00e9se. Csepreghy Jen\u0151 rendez\u0151 szem\u00e9lyesen utazott le Sz\u00e9kelyf\u00f6ldre, az \u00edr\u00f3 megh\u00edv\u00e1s\u00e1ra, hogy egy kis n\u00e9prajzi \u00e9s k\u00f6rnyezettanulm\u00e1nyban r\u00e9szes\u00fclj\u00f6n. Sz\u00e1ll\u00e1sad\u00f3ja maga az \u00edr\u00f3 volt. Csepreghy a szombatfalvi Nyir\u0151 k\u00fari\u00e1ban lakott, innen j\u00e1rt\u00e1k be a vid\u00e9ket aut\u00f3val, [&hellip;]<\/p>\n","protected":false},"author":1,"featured_media":28314,"comment_status":"open","ping_status":"open","sticky":false,"template":"","format":"standard","meta":{"footnotes":""},"categories":[],"tags":[],"class_list":["post-28313","post","type-post","status-publish","format-standard","has-post-thumbnail","hentry"],"_links":{"self":[{"href":"https:\/\/archivum.eloszekelyfold.ro\/index.php\/wp-json\/wp\/v2\/posts\/28313","targetHints":{"allow":["GET"]}}],"collection":[{"href":"https:\/\/archivum.eloszekelyfold.ro\/index.php\/wp-json\/wp\/v2\/posts"}],"about":[{"href":"https:\/\/archivum.eloszekelyfold.ro\/index.php\/wp-json\/wp\/v2\/types\/post"}],"author":[{"embeddable":true,"href":"https:\/\/archivum.eloszekelyfold.ro\/index.php\/wp-json\/wp\/v2\/users\/1"}],"replies":[{"embeddable":true,"href":"https:\/\/archivum.eloszekelyfold.ro\/index.php\/wp-json\/wp\/v2\/comments?post=28313"}],"version-history":[{"count":0,"href":"https:\/\/archivum.eloszekelyfold.ro\/index.php\/wp-json\/wp\/v2\/posts\/28313\/revisions"}],"wp:featuredmedia":[{"embeddable":true,"href":"https:\/\/archivum.eloszekelyfold.ro\/index.php\/wp-json\/wp\/v2\/media\/28314"}],"wp:attachment":[{"href":"https:\/\/archivum.eloszekelyfold.ro\/index.php\/wp-json\/wp\/v2\/media?parent=28313"}],"wp:term":[{"taxonomy":"category","embeddable":true,"href":"https:\/\/archivum.eloszekelyfold.ro\/index.php\/wp-json\/wp\/v2\/categories?post=28313"},{"taxonomy":"post_tag","embeddable":true,"href":"https:\/\/archivum.eloszekelyfold.ro\/index.php\/wp-json\/wp\/v2\/tags?post=28313"}],"curies":[{"name":"wp","href":"https:\/\/api.w.org\/{rel}","templated":true}]}}