{"id":28311,"date":"2021-12-13T03:23:00","date_gmt":"2021-12-13T03:23:00","guid":{"rendered":"http:\/\/archivum.eloszekelyfold.ro\/2021\/12\/13\/dokumentumfilmek-hargita-megyei-tajhazakrol\/"},"modified":"2021-12-13T03:23:00","modified_gmt":"2021-12-13T03:23:00","slug":"dokumentumfilmek-hargita-megyei-tajhazakrol","status":"publish","type":"post","link":"https:\/\/archivum.eloszekelyfold.ro\/index.php\/2021\/12\/13\/dokumentumfilmek-hargita-megyei-tajhazakrol\/","title":{"rendered":"Dokumentumfilmek Hargita megyei t\u00e1jh\u00e1zakr\u00f3l"},"content":{"rendered":"<p><\/p>\n<div style=\"color:#666666; font-family:inherit; font-size:14px;font-style: normal;text-align:left;line-height:24px;\">\n<div style=\"float:left\"><img decoding=\"async\" src=\"http:\/\/archivum.eloszekelyfold.ro\/wp-content\/uploads\/2021\/12\/600_kapolnasfalu.jpg\" alt=\"Dokumentumfilmek Hargita megyei t\u00e1jh\u00e1zakr\u00f3l\" style=\"padding-right:14px; padding-bottom:6px; padding-top:6px;\" width=\"320px\"><\/div>\n<p>                              Folytat\u00f3dik a F\u00e1bi\u00e1n Korn\u00e9lia \u00e9s Farkas Antal \u00e1ltal elkezdett t\u00e1jh\u00e1zl\u00e1togat\u00f3 filmsorozat. <\/p>\n<p>A szerz\u0151p\u00e1ros &#8211; a tavalyi programhoz hasonl\u00f3an &#8211; 15-30 perces dokumentumfilmekben mutatja be egy-egy k\u00f6zs\u00e9g vagy kisebb t\u00e1jegys\u00e9g t\u00e1jh\u00e1zait. Id\u00e9n K\u00e1poln\u00e1sfaluban forgattak, majd a Cs\u00edki-medence falvaiban t\u00f6bb helyen, a Gyimesekben \u00e9s Gyergy\u00f3remet\u00e9n dolgoztak. <\/p>\n<p>A k\u00f6vetkez\u0151 hetekben \u00fajabb epiz\u00f3dok elk\u00e9sz\u00fclte v\u00e1rhat\u00f3. Ez a munka hi\u00e1nyp\u00f3tl\u00f3, hiszen \u00e9rt\u00e9kes n\u00e9pszer\u0171s\u00edt\u0151 m\u00f3dszer \u00e9s figyelemfelkelt\u0151 kezdem\u00e9nyez\u00e9s ugyanakkor, hiszen az exponenci\u00e1lis tendenci\u00e1j\u00fa, folyton v\u00e1ltoz\u00f3, konzumidi\u00f3ta vil\u00e1gunkban egyre jobban elt\u00e1vol\u00f3dunk azokt\u00f3l az \u00e9rt\u00e9kekt\u0151l, amelyek hossz\u00fa \u00e9vsz\u00e1zadokon, sok nemzed\u00e9ken \u00e1t meghat\u00e1rozt\u00e1k \u00e9s keretet szabtak a sz\u00e9kely n\u00e9pnek. \u00a0<\/p>\n<p>Amint a <em>T\u00e1jak, besz\u00e9l\u0151 h\u00e1zak<\/em> sorozatc\u00edmet visel\u0151 \u00faj produkci\u00f3k elk\u00e9sz\u00fclnek, a szerz\u0151k azonnal keresik a lehet\u0151s\u00e9g\u00e9t annak, hogy min\u00e9l t\u00f6bb helysz\u00ednen bemutathass\u00e1k \u00e9s k\u00f6zkinccs\u00e9 tehess\u00e9k az anyagot.<\/p>\n<div style=\"text-align: center;\"><embed type=\"application\/x-shockwave-flash\" pluginspage=\"http:\/\/www.macromedia.com\/go\/getflashplayer\" src=\"http:\/\/www.youtube.com\/v\/NKaATDyKrlQ%26hl=en%26fs=1%26rel=0\" width=\"425\" height=\"344\"><\/embed><\/div>\n<p>\nTekintsen bele a Gyergy\u00f3remet\u00e9n k\u00e9sz\u00edtett filmbe is, amelyben Laczk\u00f3-Szentmikl\u00f3si Gy\u00f6rgy nyugalmazott tan\u00e1r, gondnok besz\u00e9l az \u00e1ltaluk \u00fczemeltetett \u00e9s fenntartott t\u00e1jh\u00e1zr\u00f3l:<\/p>\n<div style=\"text-align: center;\"><embed type=\"application\/x-shockwave-flash\" pluginspage=\"http:\/\/www.macromedia.com\/go\/getflashplayer\" src=\"http:\/\/www.youtube.com\/v\/PobBCO9Grgk%26hl=en%26fs=1%26rel=0\" width=\"425\" height=\"344\"><\/embed><\/div>\n<p>\nEzek az objektumok akkor teljes\u00edtik be igaz\u00e1n a szerep\u00fcket, ha nem csak egyszer\u0171 m\u00fazeumok, hanem id\u0151nk\u00e9nt megtelnek \u00e9lettel, s olyan hasznos m\u0171helyekk\u00e9 v\u00e1lnak, ahol a n\u00e9pi foglalatoss\u00e1gokat, a hagyom\u00e1nyokat, ak\u00fcl\u00f6nleges k\u00e9szs\u00e9geket saj\u00e1t\u00edthatja el a ma embere, illetve &#8211; kicsik \u00e9s nagyok &#8211; egyar\u00e1nt tanulm\u00e1nyozhatj\u00e1k \u00e9s ki is pr\u00f3b\u00e1lhatj\u00e1k a hagyom\u00e1nyos sz\u00e9kely paraszti \u00e9letform\u00e1t.<\/p>\n<p>A T\u00e1jak, besz\u00e9l\u0151 h\u00e1zak c\u00edm\u0171 sorozat Hargita Megye Tan\u00e1csa erk\u00f6lcsi \u00e9s anyagi t\u00e1mogat\u00e1s\u00e1val val\u00f3sul meg.<\/p>\n<p>A film k\u00e9sz\u00edt\u0151ivel folyamatosan tartjuk a kapcsolatot; mihelyt valami \u00fajdons\u00e1ggal szolg\u00e1lhatnak, net\u00e1n \u00fajabb kisfilmj\u00fck k\u00e9sz\u00fcl el, azonnal jelezz\u00fck, hogy hol zajlanak majd a vet\u00edt\u00e9sek \u00e9s egy\u00e9b n\u00e9pszer\u0171s\u00edt\u0151 rendezv\u00e9nyek.<\/p>\n<p><em>A k\u00e1poln\u00e1sfalusi t\u00e1jh\u00e1zr\u00f3l k\u00e9sz\u00fclt felv\u00e9tel forr\u00e1sa: www.oroksegunk.ro, Bal\u00e1zs \u00d6d\u00f6n felv\u00e9tele.<\/em><\/p>\n<p><em>\u00c9l\u0151 Sz\u00e9kelyf\u00f6ld Munkacsoport<\/em>\n                        <\/div>\n","protected":false},"excerpt":{"rendered":"<p>Folytat\u00f3dik a F\u00e1bi\u00e1n Korn\u00e9lia \u00e9s Farkas Antal \u00e1ltal elkezdett t\u00e1jh\u00e1zl\u00e1togat\u00f3 filmsorozat. A szerz\u0151p\u00e1ros &#8211; a tavalyi programhoz hasonl\u00f3an &#8211; 15-30 perces dokumentumfilmekben mutatja be egy-egy k\u00f6zs\u00e9g vagy kisebb t\u00e1jegys\u00e9g t\u00e1jh\u00e1zait. Id\u00e9n K\u00e1poln\u00e1sfaluban forgattak, majd a Cs\u00edki-medence falvaiban t\u00f6bb helyen, a Gyimesekben \u00e9s Gyergy\u00f3remet\u00e9n dolgoztak. A k\u00f6vetkez\u0151 hetekben \u00fajabb epiz\u00f3dok elk\u00e9sz\u00fclte v\u00e1rhat\u00f3. Ez a munka hi\u00e1nyp\u00f3tl\u00f3, [&hellip;]<\/p>\n","protected":false},"author":1,"featured_media":28312,"comment_status":"open","ping_status":"open","sticky":false,"template":"","format":"standard","meta":{"footnotes":""},"categories":[],"tags":[],"class_list":["post-28311","post","type-post","status-publish","format-standard","has-post-thumbnail","hentry"],"_links":{"self":[{"href":"https:\/\/archivum.eloszekelyfold.ro\/index.php\/wp-json\/wp\/v2\/posts\/28311","targetHints":{"allow":["GET"]}}],"collection":[{"href":"https:\/\/archivum.eloszekelyfold.ro\/index.php\/wp-json\/wp\/v2\/posts"}],"about":[{"href":"https:\/\/archivum.eloszekelyfold.ro\/index.php\/wp-json\/wp\/v2\/types\/post"}],"author":[{"embeddable":true,"href":"https:\/\/archivum.eloszekelyfold.ro\/index.php\/wp-json\/wp\/v2\/users\/1"}],"replies":[{"embeddable":true,"href":"https:\/\/archivum.eloszekelyfold.ro\/index.php\/wp-json\/wp\/v2\/comments?post=28311"}],"version-history":[{"count":0,"href":"https:\/\/archivum.eloszekelyfold.ro\/index.php\/wp-json\/wp\/v2\/posts\/28311\/revisions"}],"wp:featuredmedia":[{"embeddable":true,"href":"https:\/\/archivum.eloszekelyfold.ro\/index.php\/wp-json\/wp\/v2\/media\/28312"}],"wp:attachment":[{"href":"https:\/\/archivum.eloszekelyfold.ro\/index.php\/wp-json\/wp\/v2\/media?parent=28311"}],"wp:term":[{"taxonomy":"category","embeddable":true,"href":"https:\/\/archivum.eloszekelyfold.ro\/index.php\/wp-json\/wp\/v2\/categories?post=28311"},{"taxonomy":"post_tag","embeddable":true,"href":"https:\/\/archivum.eloszekelyfold.ro\/index.php\/wp-json\/wp\/v2\/tags?post=28311"}],"curies":[{"name":"wp","href":"https:\/\/api.w.org\/{rel}","templated":true}]}}