{"id":28309,"date":"2021-12-13T03:21:01","date_gmt":"2021-12-13T03:21:01","guid":{"rendered":"http:\/\/archivum.eloszekelyfold.ro\/2021\/12\/13\/bartha-miklos-feltamasztasa\/"},"modified":"2021-12-13T03:21:01","modified_gmt":"2021-12-13T03:21:01","slug":"bartha-miklos-feltamasztasa","status":"publish","type":"post","link":"https:\/\/archivum.eloszekelyfold.ro\/index.php\/2021\/12\/13\/bartha-miklos-feltamasztasa\/","title":{"rendered":"Bartha Mikl\u00f3s felt\u00e1maszt\u00e1sa"},"content":{"rendered":"<p><\/p>\n<div style=\"color:#666666; font-family:inherit; font-size:14px;font-style: normal;text-align:left;line-height:24px;\">\n<div style=\"float:left\"><img decoding=\"async\" src=\"http:\/\/archivum.eloszekelyfold.ro\/wp-content\/uploads\/2021\/12\/601_bartha_miklos.jpg\" alt=\"Bartha Mikl\u00f3s felt\u00e1maszt\u00e1sa\" style=\"padding-right:14px; padding-bottom:6px; padding-top:6px;\" width=\"320px\"><\/div>\n<p>                              A Lakiteleki T\u00f6lgy Alap\u00edtv\u00e1ny kiadta Bartha Mikl\u00f3s 1908-1913 k\u00f6z\u00f6tt hat k\u00f6tetben megjelent \u00f6sszegy\u0171jt\u00f6tt m\u0171veit.<\/p>\n<div>A kiad\u00f3 2016. november 18-\u00e1n p\u00e9nteken este 18.00 \u00f3rai kezdettel a Sz\u00e9kelyudvarhelyi V\u00e1rosi K\u00f6nyvt\u00e1rban k\u00f6nyvbemutat\u00f3t\u00a0tart, melyre ez\u00faton h\u00edvja meg Sz\u00e9kelyudvarhely v\u00e1ros k\u00f6z\u00f6ns\u00e9g\u00e9t a K\u00f6nyvt\u00e1r \u00e9s az Udvarhelysz\u00e9k Kultur\u00e1lis\u00a0Egyes\u00fclet.<\/div>\n<div>\u00a0<\/div>\n<div>A vend\u00e9geket bemutatja \u00e9s Bartha Mikl\u00f3s sz\u00e9kelyudvarhelyi munk\u00e1ss\u00e1g\u00e1t m\u00e9ltatja Sz\u0151cs Endre igazgat\u00f3.<\/div>\n<div>Dr. Botlik J\u00f3zsef PhD., t\u00f6rt\u00e9n\u00e9sz, ny. egyetemi docens Bartha Mikl\u00f3s \u00e9letm\u0171v\u00e9r\u0151l \u00e9s eml\u00e9kezet\u00e9r\u0151l tart el\u0151ad\u00e1st.<\/div>\n<div>Harmatos Zolt\u00e1n, a kiad\u00f3 titk\u00e1ra bemutatja az alap\u00edtv\u00e1nyt. K\u00e1sa Csaba, a kiad\u00e1s gondoz\u00f3ja \u00e9s Veres S\u00e1ndor grafikus\u00a0besz\u00e1mol a h\u00e1rom \u00e9ves munk\u00e1r\u00f3l. Barab\u00e1s Csaba rugonfalvi reform\u00e1tus lelk\u00e9sz Bartha Mikl\u00f3s \u00e9s a sz\u00fcl\u0151falu\u00a0eml\u00e9kezet\u00e9r\u0151l besz\u00e9l.<\/p>\n<p>N\u00e9pzenei m\u0171sorral fell\u00e9p a magyarorsz\u00e1gi Apno\u00e9 zenekar.<\/p><\/div>\n<div>\u00a0<\/div>\n<div>A rendezv\u00e9ny ut\u00e1n lehet\u0151s\u00e9g lesz a kiadott k\u00f6nyvek megv\u00e1s\u00e1rl\u00e1s\u00e1ra. A befoly\u00f3 bev\u00e9tellel a kiad\u00f3 a Rugonfalvi\u00a0reform\u00e1tus Egyh\u00e1zk\u00f6zs\u00e9get t\u00e1mogatja.<\/p>\n<p>El\u0151zetes a bemutat\u00f3hoz: Besz\u00e9lget\u00e9s Dr. Botlik J\u00f3zsef PhD., t\u00f6rt\u00e9n\u00e9sz, ny. egyetemi docenssel a Magyar R\u00e1di\u00f3\u00a0Vas\u00e1rnapi \u00dajs\u00e1g c\u00edm\u0171 m\u0171sor\u00e1nak 2016. november 5-i ad\u00e1s\u00e1ban. Meghallgathat\u00f3 a k\u00f6vetkez\u0151 linken:\u00a0http:\/\/www.mediaklikk.hu\/2016\/11\/05\/vasarnapi-ujsag-paktumok-es-diktatumok\/<br \/>\n<strong><br \/>\nA Bartha-csal\u00e1d<\/strong><\/p>\n<p>Rugonfalva nev\u00e9t Bartha Mikl\u00f3s (1848-1905)k\u00f6z\u00edr\u00f3, politikus tette ismertt\u00e9 Erd\u00e9lyben \u00e9s a t\u00f6rt\u00e9nelmi Magyarorsz\u00e1gon, holott a csal\u00e1dja Erd\u0151vid\u00e9kr\u0151l ker\u00fclt \u00e1t a Feh\u00e9r-Nyik\u00f3 ment\u00e9re, s viszonylag k\u00e9ls\u0151n: apja, Bartha Gergely (1815-1869) 1840 k\u00f6r\u00fcl telepedett le itt, amikor \u00e1tvehette Forr\u00f3 D\u00e9nes birtok\u00e1t, amely ekkorra jelent\u0151sen felduzzadt a Henterekt\u0151l \u00e9s a Jeddiekt\u0151l v\u00e1s\u00e1rolt ter\u00fcletekkel (167 hold). Kiv\u00e1l\u00f3 gazdak\u00e9nt minden lehet\u0151s\u00e9get kihaszn\u00e1lt, egyh\u00e1zi ter\u00fcleteket is b\u00e9relt, s\u0151t egy ideig a falu jegyz\u0151i tiszts\u00e9g\u00e9t is v\u00e1llalta. Igazi k\u00f6z\u00e9poszt\u00e1lybeli birtokosk\u00e9nt viselkedett, felel\u0151ss\u00e9get v\u00e1llalt \u00e9s viselt az\u00e9rt a k\u00f6z\u00f6ss\u00e9g\u00e9rt, amelyben \u00e9lt. A reform\u00e1tus gy\u00fclekezet presbitere, majd f\u0151gondnoka volt, 1848-ban Agyagfalv\u00e1n orsz\u00e1ggy\u0171l\u00e9si k\u00fcld\u00f6ttnek v\u00e1lasztott\u00e1k.\u00a0<\/p>\n<div>\u00a0<\/div>\n<div>Bartha Gergelynek \u00f6t gyermeke n\u0151t fel, akik k\u00f6z\u00f6tt feloszlott a birtok. Mikl\u00f3s nev\u0171 fia soha nem foglalkozott a gazdas\u00e1ggal, 1879-ben v\u00e9gleg elk\u00f6lt\u00f6z\u00f6tt Rugonfalv\u00e1r\u00f3l. A Bartha-csal\u00e1d birtok\u00e1nak jelent\u0151s r\u00e9sze k\u00e9s\u0151bb (1905) a tarcsafalvi eredet\u0171 Nemes-csal\u00e1dhoz ker\u00fclt.\u00a0<\/div>\n<div>\u00a0<\/div>\n<div><strong>Bartha Mikl\u00f3s\u00a0<\/strong><\/div>\n<div>\n(Rugonfalva, 1848. november 14. \u2013 Budapest, 1905. okt\u00f3ber 19.) magyar jog\u00e1sz, \u00edr\u00f3, publicista, politikus \u00e9s orsz\u00e1ggy\u0171l\u00e9si k\u00e9pvisel\u0151. A budapesti egyetemen szerzett jogi diplom\u00e1t, majd 1872-t\u0151l Udvarhelysz\u00e9k (1876-t\u00f3l Udvarhely v\u00e1rmegye) aljegyz\u0151jek\u00e9nt m\u0171k\u00f6d\u00f6tt. 1873-ban egy id\u0151k\u00f6zi v\u00e1laszt\u00e1son Udvarhelysz\u00e9k egyik orsz\u00e1ggy\u0171l\u00e9si k\u00e9pvisel\u0151je lett a Balk\u00f6z\u00e9p P\u00e1rt programj\u00e1val. 1874-ben alap\u00edt\u00f3 tagja volt a Negyvennyolcas F\u00fcggetlens\u00e9gi P\u00e1rtnak, azonban a p\u00e1rt programj\u00e1val az 1875-\u00f6s v\u00e1laszt\u00e1sokon elbukott. Emiatt egy id\u0151re visszavonult birtok\u00e1ra, de a politiz\u00e1l\u00e1ssal nem hagyott fel. <\/p>\n<p>N\u00e9h\u00e1ny \u00e9v ut\u00e1n ism\u00e9t politiz\u00e1l\u00e1shoz l\u00e1tott, egyik konzervat\u00edv ellenz\u00e9ki vez\u00e9re lett a szabadelv\u0171 p\u00e1rti korm\u00e1nyoknak. <\/p>\n<p>1880-ban Kolozsv\u00e1rott megalap\u00edtotta az Ellenz\u00e9k c\u00edm\u0171 napilapot, melynek 1895-ig felel\u0151s, majd 1895-t\u0151l f\u0151szerkeszt\u0151je lett.\u00a0<\/p><\/div>\n<div>\u00a0<\/div>\n<div>\u00c9les cikksorozatokban \u00e9s sz\u00f3noklatokban t\u00e1madta a mindenkori korm\u00e1nypolitik\u00e1t. 1880-ban egyik politikai cikke miatt k\u00e9t katonatiszt r\u00e1t\u00e1madt a szob\u00e1j\u00e1ban, s megsebes\u00edtette. Az aff\u00e9r nagyban hozz\u00e1j\u00e1rult, hogy az eset helysz\u00edn\u00e9n, Kolozsv\u00e1ron, az 1881-es v\u00e1laszt\u00e1sokon egyhang\u00fa szavaz\u00e1ssal lett ism\u00e9t orsz\u00e1ggy\u0171l\u00e9si k\u00e9pvisel\u0151. Az 1884-es v\u00e1laszt\u00e1sokon is siker\u00fclt a parlamentbe jutnia, azonban 1887-ben nem, viszont az okl\u00e1ndi id\u0151k\u00f6zi v\u00e1laszt\u00e1st megnyerve, m\u00e9gis csatlakozhatott ehhez a k\u00e9pvisel\u0151i ciklushoz is. 1892-ben ism\u00e9t megv\u00e1lasztott\u00e1k, 1896-ban azonban megint kiesett. Ekkor a Ter\u00e9nyi Lajos hal\u00e1l\u00e1val meg\u00fcresedett gyulai ker\u00fcletben ki\u00edrt id\u0151k\u00f6zi v\u00e1laszt\u00e1son indult, melyet elh\u00f3d\u00edtott, \u00edgy \u00fajfent bejutott az orsz\u00e1ggy\u0171l\u00e9sbe. 1890-ben a p\u00e1rtszakad\u00e1skor csatlakozott a szakad\u00e1r F\u00fcggetlens\u00e9gi \u00e9s 48-as (Ugron) P\u00e1rthoz, s abban aleln\u00f6k lett. 1891-t\u0151l a Magyar H\u00edrlap, 1893-t\u00f3l a Magyarorsz\u00e1g vez\u00e9rcikk\u00edr\u00f3ja.<\/p>\n<p>\u00c9let\u00e9nek fondos szakasza kezd\u0151dik 1893-ban, amikor mozgalmat ind\u00edtott az Erd\u00e9lyr\u00e9szi Magyar K\u00f6zm\u0171vel\u0151d\u00e9si Egyes\u00fclet (EMKE) megalak\u00edt\u00e1sa c\u00e9lj\u00e1b\u00f3l, s Budapestre k\u00f6lt\u00f6z\u00f6tt. 1898-ban tagj\u00e1v\u00e1 v\u00e1lasztotta a Pet\u0151fi T\u00e1rsas\u00e1g. 1901-ben lemondott az Ugron-p\u00e1rtban viselt eln\u00f6ki tiszts\u00e9g\u00e9r\u0151l, s csatlakozott Szederk\u00e9nyi N\u00e1ndor csoportj\u00e1hoz, ahonn\u00e9t 1904. november\u00e9ben \u00e1t\u00fclt a F\u00fcggetlens\u00e9gi \u00e9s Negyvennyolcas P\u00e1rtba. Az1905-\u00f6s v\u00e1laszt\u00e1sokon m\u00e1r r\u00e9gi p\u00e1rtja sz\u00edneiben v\u00e1lasztott\u00e1k \u00fajra Zent\u00e1n.\u00a0<\/p><\/div>\n<div>\u00a0<\/div>\n<div>Politikai sz\u00f3noklatai \u00e9s cikkei mellett sz\u00ednes \u00fatirajzokban sz\u00e1molt be Olaszorsz\u00e1gban, Franciaorsz\u00e1gban, Kaz\u00e1rf\u00f6ld\u00f6n tett utaz\u00e1sainak \u00e9lm\u00e9nyeir\u0151l. Dr\u00e1ma\u00edr\u00e1ssal is pr\u00f3b\u00e1lkozott, 1888-ban Melanie, 1902-ben A feles\u00e9g c\u00edm\u0171 dr\u00e1m\u00e1j\u00e1t mutatta be a Kolozsv\u00e1ri Nemzeti Sz\u00ednh\u00e1z \u00e9s a budapesti V\u00edgsz\u00ednh\u00e1z.<\/p>\n<div style=\"text-align: center;\"><img loading=\"lazy\" decoding=\"async\" src=\"http:\/\/archivum.eloszekelyfold.ro\/wp-content\/uploads\/2021\/12\/bartha-m.jpg\" width=\"500\" height=\"375\" alt=\"\"><\/div>\n<div style=\"text-align: center;\"><em>Bartha Mikl\u00f3s s\u00edreml\u00e9ke Budapesten a Kerepesi Nemzeti S\u00edrkertben<\/em><\/div>\n<p><\/p>\n<div><strong>A Bartha Mikl\u00f3s T\u00e1rsas\u00e1g (BMT)<\/p>\n<p><\/strong>1925. \u00e1prilis 2-\u00e1n Asztalos Mikl\u00f3s () \u00e9s Sz\u00e1sz B\u00e9la () alak\u00edtotta, politikamentes szervezetk\u00e9nt. Az 1920-as konszolid\u00e1l\u00f3dott politikai, gazdas\u00e1gi, t\u00e1rsadalmi viszonyai k\u00f6z\u00f6tt k\u00edv\u00e1nta egybegy\u0171jteni az egyetemi elit fiatalokat. C\u00e9ljuk: \u201e\u2026 a fiatal nemzed\u00e9k hazaszeretet\u00e9nek, hazafias gondolkod\u00e1s\u00e1nak \u00e9brentart\u00e1sa\u201d. Tags\u00e1gi felt\u00e9tel: \u201etudom\u00e1nyos vagy irodalmi \u00e9rt\u00e9k\u0171 munk\u00e1k megalkot\u00e1sa\u201d. Szeptemberben megjelentett\u00e9k \u00c9vk\u00f6nyv\u00fcket. Kezdetben szer\u00e9ny keretek k\u00f6z\u00f6tt, z\u00e1rtk\u00f6r\u0171en, elfogadott alapszab\u00e1ly n\u00e9lk\u00fcl m\u0171k\u00f6d\u00f6tt a T\u00e1rsas\u00e1g. A vitaesteken fokozatosan el\u0151t\u00e9rbe ker\u00fclt a szoci\u00e1lis probl\u00e9m\u00e1k ir\u00e1nti \u00e9rdekl\u0151d\u00e9s. Elkezdtek foglalkozni a szeg\u00e9nyparaszts\u00e1g helyzet\u00e9vel, a f\u00f6ldreform k\u00e9rd\u00e9s\u00e9vel is. <\/p>\n<p>A Bartha Mikl\u00f3s T\u00e1rsas\u00e1g 1927 elej\u00e9t\u0151l hat\u00e1rozottan \u00e9s vil\u00e1gosan Ady Endre, M\u00f3ricz Zsigmond, Szab\u00f3 Dezs\u0151 nyomdokain folytatta munk\u00e1j\u00e1t. A BMT ifj\u00fas\u00e1ga elfogadta el\u0151deik eszm\u00e9it, mivel \u0151k \u00e9rz\u00e9kelt\u00e9k a legpontosabban a magyars\u00e1g megment\u00e9s\u00e9nek igazi, hossz\u00fa t\u00e1von biztos megold\u00e1s\u00e1t. Vallott\u00e1k, a magyars\u00e1g megment\u0151 ereje a paraszts\u00e1g, teh\u00e1t ezt a r\u00e9teget kell felemelni. Elker\u00fclhetetlen a f\u00f6ldreform, a szeg\u00e9ny n\u00e9pr\u00e9teg szoci\u00e1lis helyzet\u00e9nek jav\u00edt\u00e1sa, oktat\u00e1sa, jogv\u00e9delme. Mindezt nemzeti alapon k\u00edv\u00e1nt\u00e1k megval\u00f3s\u00edtani. A BMT vezet\u0151s\u00e9ge F\u00e1bi\u00e1n D\u00e1niel \u00fcgyvezet\u0151 eln\u00f6k \u00e9s Erd\u0151di Lajos f\u0151titk\u00e1r ir\u00e1ny\u00edt\u00e1s\u00e1val er\u0151s \u00e9s hat\u00e9kony szervezett\u00e9 k\u00edv\u00e1nta ki\u00e9p\u00edteni a T\u00e1rsas\u00e1got. N\u00f6velt\u00e9k a tagl\u00e9tsz\u00e1mot (300 f\u0151), j\u00f3v\u00e1hagy\u00e1sra ker\u00fclt az Alapszab\u00e1lyuk is.<\/p>\n<p>Azok a fiatal \u00e9rtelmis\u00e9giek, akik hasonl\u00f3 szellemben gondolkodtak, itt kaptak lehet\u0151s\u00e9get n\u00e9zeteik, kutat\u00e1saik, m\u0171veik, programjuk bemutat\u00e1s\u00e1ra. A n\u00e9pszer\u0171 vitaesteken lehet\u0151s\u00e9g volt a politikai, t\u00e1rsadalmi k\u00e9rd\u00e9sek megismer\u00e9s\u00e9re, megvitat\u00e1s\u00e1ra.<br \/>\n\u00a0<\/div>\n<div style=\"text-align: center;\"><img loading=\"lazy\" decoding=\"async\" src=\"http:\/\/archivum.eloszekelyfold.ro\/wp-content\/uploads\/2021\/12\/bartha_miklos_szobra_a_varosligteben.jpg\" width=\"425\" height=\"302\" alt=\"\"><\/div>\n<div style=\"text-align: center;\"><em>Bartha Mikl\u00f3s szobra a V\u00e1rosligetben (1930) &#8211; 1949-ben\u00a0<br \/>\nelt\u00e1vol\u00edttatta a R\u00e1kosi-rezsim<br \/>\n<br type=\"_moz\"><br \/>\n<\/em><\/div>\n<div>A t\u00e1rsas\u00e1g bizotts\u00e1gaiban a tagok \u00e9rdekl\u0151d\u00e9s\u00e9nek megfelel\u0151en folyt a szakmai munka. A Szoci\u00e1lpolitikai Bizotts\u00e1g Szatm\u00e1ri S\u00e1ndor vezet\u00e9s\u00e9vel, a Tudom\u00e1nyos Bizotts\u00e1g Rados K. B\u00e9la ir\u00e1ny\u00edt\u00e1s\u00e1val m\u0171k\u00f6d\u00f6tt. A M\u0171v\u00e9szeti Bizotts\u00e1gban r\u00e9szt vett Kod\u00e1ly Zolt\u00e1n, Halmos B\u00e9la. M\u0171k\u00f6d\u00f6tt k\u00f6zgazdas\u00e1gi, ifj\u00fas\u00e1gi bizotts\u00e1g is. Az Irodalmi Szakoszt\u00e1lyt Szigethy Endre vezette. Munk\u00e1juk jelent\u0151s eredm\u00e9nye a \u201en\u00e9pi \u00edr\u00f3k\u201d mozgalm\u00e1nak elind\u00edt\u00e1sa. N\u00e9meth L\u00e1szl\u00f3, F\u00e9ja G\u00e9za, Erd\u00e9lyi J\u00f3zsef, Kodol\u00e1nyi J\u00e1nos, Simon Andor, J\u00f3zsef Attila, Illy\u00e9s Gyula a BMT-ben mutatt\u00e1k be m\u0171veiket \u00e9s azokon kereszt\u00fcl er\u0151s\u00f6d\u00f6tt fel a T\u00e1rsas\u00e1g \u201eparasztorient\u00e1ci\u00f3ja\u201d. Igen er\u0151teljes \u00e9s hat\u00e9kony munk\u00e1t v\u00e9gzett a Falubizotts\u00e1g is. <\/p>\n<p>A BMT elm\u00e9leti \u00e9s gyakorlati agr\u00e1rprogramj\u00e1nak kidolgoz\u00e1s\u00e1ban d\u00f6nt\u0151 szerepe volt Kodol\u00e1nyi J\u00e1nosnak, \u0150rsy Attil\u00e1nak, Erd\u0151di Lajosnak, F\u00e1bi\u00e1n D\u00e1nielnek, J\u00f3zsef Attil\u00e1nak. A gondolataikat 1930-ban F\u00e1bi\u00e1n D\u00e1niel fogalmazta meg, melyet J\u00f3zsef Attila \u00f6nt\u00f6tt v\u00e9gs\u0151 form\u00e1ba. <\/p>\n<p>A \u201eKi a faluba!\u201d c\u00edm\u0171 r\u00f6pirat h\u00e1rom f\u0151 t\u00e9mak\u00f6rrel foglalkozott: faji \u00e9s nemzetis\u00e9gi k\u00e9rd\u00e9s; n\u00e9ptani, n\u00e9prajzi gy\u0171jt\u00e9s; m\u0171vel\u0151d\u00e9si, t\u00e1rsadalmi tanulm\u00e1nyok.<\/p>\n<p>A BMT nagy gondot ford\u00edtott arra, hogy megismertesse az ott foly\u00f3 munk\u00e1t a t\u00e1rsadalom sz\u00e9lesebb k\u00f6reivel is, r\u00e1ir\u00e1ny\u00edtsa a figyelmet a legf\u0151bb probl\u00e9m\u00e1kra, annak s\u00fcrg\u0151s, miel\u0151bbi megold\u00e1s\u00e1ra. Erd\u0151di Lajos ebben a szervez\u0151, propagandamunk\u00e1ban v\u00e1llalt kiv\u00e9telesen nagy szerepet. Az \u0151 agilit\u00e1sa, szenved\u00e9lyes meggy\u0151z\u0151ereje, j\u00f3 kapcsolatteremt\u0151- \u00e9s szervez\u0151k\u00e9szs\u00e9ge k\u00f6vetkezt\u00e9ben megn\u00f6vekedett a T\u00e1rsas\u00e1g n\u00e9pszer\u0171s\u00e9ge, emelkedett tev\u00e9kenys\u00e9g\u00fck sz\u00ednvonala. Publik\u00e1ci\u00f3kat jelentettek meg a legk\u00fcl\u00f6nf\u00e9l\u00e9bb lapokban. 1929 \u0151sz\u00e9t\u0151l saj\u00e1t lapjuk van, az \u00daj Magyar F\u00f6ld. Ennek szerkeszt\u00e9s\u00e9ben \u00e9s terjeszt\u00e9s\u00e9ben is \u00e9len j\u00e1rt Erd\u0151di Lajos. \u00cdr\u00e1sai, el\u0151ad\u00e1sai els\u0151sorban a f\u00f6ldbirtokreformmal voltak kapcsolatosak (N\u00e9pj\u00f3l\u00e9ti k\u00f6zigazgat\u00e1s, A paraszts\u00e1g felemel\u00e9s\u00e9nek \u00fatja, F\u00f6ldreform Eur\u00f3p\u00e1ban, A Nemzetek Sz\u00f6vets\u00e9g\u00e9nek eg\u00e9szs\u00e9g\u00fcgyi \u00e9s szoci\u00e1lis tev\u00e9kenys\u00e9ge 1920-1926).<\/p><\/div>\n<div style=\"text-align: center;\">\n<img loading=\"lazy\" decoding=\"async\" src=\"http:\/\/archivum.eloszekelyfold.ro\/wp-content\/uploads\/2021\/12\/bartha_miklos_szobra_raktarban.jpg\" width=\"450\" height=\"338\" alt=\"\"><\/div>\n<div style=\"text-align: center;\"><em>&#8230; \u00e9s arakt\u00e1ron &#8211; Bartha Mikl\u00f3s szobra &#8211; t\u00f6bb t\u00e1rs\u00e1val egy\u00fctt &#8211; jobb<br \/>\nsorsra v\u00e1r egy k\u0151b\u00e1nyai rakt\u00e1rban (Bal\u00e1zs \u00c1rp\u00e1d felv\u00e9tele)<br \/>\n<br type=\"_moz\"><br \/>\n<\/em><\/div>\n<div>A BMT rendezv\u00e9nyei sz\u00ednvonalas, orsz\u00e1gos jelent\u0151s\u00e9g\u0171 t\u00f6megrendezv\u00e9nyek voltak. A T\u00e1rsas\u00e1g nagy er\u0151pr\u00f3b\u00e1ja volt az 1927. m\u00e1jus 21-\u00e9n megrendezett M\u00f3ricz Zsigmond eml\u00e9k\u00fcnneps\u00e9g. A rendez\u0151bizotts\u00e1g f\u0151titk\u00e1ra Erd\u0151di Lajos volt. A Zeneakad\u00e9mia nagyterm\u00e9ben megtartott \u00fcnneps\u00e9gen F\u00e1bi\u00e1n D\u00e1niel \u00fcdv\u00f6z\u00f6lte a megjelent jeles \u00edr\u00f3t. 1928. m\u00e1jus 19-20-\u00e1n ker\u00fclt sor a magyar ifj\u00fas\u00e1g Ady Endre \u00fcnneps\u00e9geire. Rendez\u0151k: \u201ea di\u00e1k alakulatokb\u00f3l deleg\u00e1lt ezertag\u00fa bizotts\u00e1g, valamint a BMT vez\u00e9ralakjai, k\u00f6z\u00f6tt\u00fck Erd\u0151di Lajos f\u0151titk\u00e1r\u201d.<\/p>\n<p>1929-ben \u201ea Magyar F\u00f6ld\u201d est egyik leglelkesebb el\u0151k\u00e9sz\u00edt\u0151je. Ekkor vonultak fel majd teljes sz\u00e1mban a k\u00e9s\u0151bbi \u201en\u00e9pi \u00edr\u00f3k\u201d. 1930-ban a m\u00e1sodik Ady \u00fcnneps\u00e9g szervez\u00e9s\u00e9ben is ott tal\u00e1ljuk. M\u00e1rcius 22-\u00e9n fogadta a T\u00e1rsas\u00e1g vezet\u0151s\u00e9ge az Ady csal\u00e1dot. M\u00e1snap d\u00e9lel\u0151tt 11 \u00f3rakor leplezt\u00e9k le az Ady-s\u00edreml\u00e9ket. \u201eA BMT nev\u00e9ben Erd\u0151di Lajos \u00e9s Menyh\u00e1rt P\u00e1l helyezte el a kegyelet koszor\u00faj\u00e1t\u201d (F\u00e1bi\u00e1n D\u00e1niel visszaeml\u00e9kez\u00e9sei).<\/p>\n<p>Meg kell eml\u00edteni, hogy az ifj\u00fas\u00e1gi parlamentek szervez\u00e9s\u00e9ben is tev\u00e9kenyen r\u00e9szt vett. Nem jelentett kisebb feladatot a BMT k\u00f6zgy\u0171l\u00e9seinek, Orsz\u00e1gos Kongresszus\u00e1nak megszervez\u00e9se sem. Munk\u00e1jukr\u00f3l mindenkor elismer\u0151en nyilatkozott Bajcsy-Zsilinszky Endre, \u00e9s Peth\u0151 S\u00e1ndor is.<\/p>\n<p>Sajnos, a Bartha Mikl\u00f3s T\u00e1rsas\u00e1g n\u00e9h\u00e1ny \u00e9ves fellend\u00fcl\u00e9s ut\u00e1n meggyeng\u00fclt. Az 1929-ben kezd\u0151d\u0151 gazdas\u00e1gi v\u00e1ls\u00e1g hat\u00e1s\u00e1ra meg\u00e9l\u00e9nk\u00fclt a politikai \u00e9let is. <\/p>\n<p>A BMT-n bel\u00fcl megjelentek a sz\u00e9ls\u0151baloldali \u00e9s jobboldali ir\u00e1nyzatok \u00e9s azok k\u00e9pvisel\u0151i. A k\u00f6z\u00f6tt\u00fck keletkezett eszmei, elm\u00e9leti ellent\u00e9tek, zavarok \u2013 valamint a hatalom indokolatlan (els\u0151sorban a f\u00f6ldbirtokreform h\u00edvei elleni) atrocit\u00e1sai, megb\u00e9lyegz\u00e9sei (kommunist\u00e1k) miatt a T\u00e1rsas\u00e1g sz\u00e9tesett. Eredeti c\u00e9ljaikat feladva, programjaikat nem tudt\u00e1k megval\u00f3s\u00edtani. A tags\u00e1g jelent\u0151s r\u00e9sze fokozatosan hagyta el a T\u00e1rsas\u00e1got. Legt\u00f6bbj\u00fck \u00faj eszmeis\u00e9g\u00fcknek, ideol\u00f3gi\u00e1juknak megfelel\u0151 szervez\u0151d\u00e9sekhez, politikai p\u00e1rtokhoz csatlakozott. Sz\u00e1sz B\u00e9la \u00e9s k\u00f6vet\u0151i a jobboldalon (Magyar Nemzeti P\u00e1rt) folytatt\u00e1k tev\u00e9kenys\u00e9g\u00fcket. Acsay L\u00e1szl\u00f3, \u00c1fra Nagy J\u00e1nos, Makkai \u00d6d\u00f6n, \u00e9s \u00d6rsy Attila l\u00e9trehozt\u00e1k a Wessel\u00e9nyi Reform Klubot. A Kommunista P\u00e1rthoz csatlakoztak: Olt K\u00e1roly, Kert\u00e9sz D\u00e1niel, Lakatos P\u00e9ter P\u00e1l. Kass\u00e1k Lajos, Kodol\u00e1nyi J\u00e1nos, F\u00e1bi\u00e1n D\u00e1niel, Erd\u0151di Lajos pedig 1930-ban bel\u00e9ptek a Magyar Szoci\u00e1ldemokrata P\u00e1rtba (MSZDP).<br \/>\n\u00a0<\/div>\n<div style=\"text-align: center;\"><img loading=\"lazy\" decoding=\"async\" src=\"http:\/\/archivum.eloszekelyfold.ro\/wp-content\/uploads\/2021\/12\/Bartha_Miklos_Segesvaron.jpg\" width=\"400\" height=\"430\" alt=\"\"><\/div>\n<div style=\"text-align: center;\"><em>Bartha Mikl\u00f3s Segesv\u00e1ron (1900 k\u00f6r\u00fcl k\u00e9sz\u00fclt felv\u00e9tel)<\/em><\/div>\n<div>\n<strong>Bartha Mikl\u00f3s ut\u00f3\u00e9lete<\/strong><\/p>\n<p>A jeles politikus \u00e9s k\u00f6z\u00edr\u00f3 \u00e9letm\u0171ve a l\u00e9tezett szocializmus \u00e9vtizedeiben meglehet\u0151sen h\u00e1tt\u00e9rbe szorult. Munk\u00e1ss\u00e1g\u00e1t a baloldali diktat\u00fara mindv\u00e9gig igyekezett elkend\u0151zni \u00e9s bagatelliz\u00e1lni, holott teljes p\u00e1lyafut\u00e1sa sor\u00e1n az erd\u00e9lyi magyarok \u00e9s a sz\u00e9kelyek \u00e9let\u00e9nek jobb\u00edt\u00e1s\u00e1t, a fejl\u0151d\u00e9st szolg\u00e1lta. <\/p>\n<p>A rendszerv\u00e1ltoz\u00e1s \u00f3ta eltelt \u00e9vtizedekben f\u0151k\u00e9nt Erd\u00e9lyben, a Sz\u00e9kelyf\u00f6ld\u00f6n t\u00f6rt\u00e9ntek pr\u00f3b\u00e1lkoz\u00e1sok arra, hogy az \u0151t megillet\u0151 helyre ker\u00fclj\u00f6n Bartha Mikl\u00f3s alakja a feln\u00f6vekv\u0151 gener\u00e1ci\u00f3k tudat\u00e1ban. Sz\u00fcl\u0151faluj\u00e1ban, Rugonfalv\u00e1n szobrot avattak 2012-ben, amely a helyi reform\u00e1tus templom el\u0151tt, a r\u00f3la elnevezett kis t\u00e9ren \u00e1ll, Sz\u00e9kelyudvarhelyen konferenci\u00e1t szerveztek eml\u00e9k\u00e9re. <\/p>\n<p>A mostani anyaorsz\u00e1gi k\u00f6nyvkiad\u00e1si programmal r\u00e9gi ad\u00f3ss\u00e1got r\u00f3hat le a t\u00f6rt\u00e9n\u00e9sz szakma \u00e9s a szem\u00e9lye k\u00f6r\u00fcli kutat\u00e1sok is nagyban hozz\u00e1j\u00e1rulnak majd a megfelel\u0151 \u00e9rt\u00e9kel\u00e9shez.<\/p>\n<p><em>Forr\u00e1sok: Wikipedia, Rugonfalva monogr\u00e1fi\u00e1ja (k\u00e9zirat), www.rugonfalva.org<\/em><\/div>\n<p><em><br \/>\n\u00c9l\u0151 Sz\u00e9kelyf\u00f6ld Munkacsoport<\/em><br \/>\n\u00a0<\/div>\n<div>\u00a0<\/div>\n<\/div><\/div>\n","protected":false},"excerpt":{"rendered":"<p>A Lakiteleki T\u00f6lgy Alap\u00edtv\u00e1ny kiadta Bartha Mikl\u00f3s 1908-1913 k\u00f6z\u00f6tt hat k\u00f6tetben megjelent \u00f6sszegy\u0171jt\u00f6tt m\u0171veit. A kiad\u00f3 2016. november 18-\u00e1n p\u00e9nteken este 18.00 \u00f3rai kezdettel a Sz\u00e9kelyudvarhelyi V\u00e1rosi K\u00f6nyvt\u00e1rban k\u00f6nyvbemutat\u00f3t\u00a0tart, melyre ez\u00faton h\u00edvja meg Sz\u00e9kelyudvarhely v\u00e1ros k\u00f6z\u00f6ns\u00e9g\u00e9t a K\u00f6nyvt\u00e1r \u00e9s az Udvarhelysz\u00e9k Kultur\u00e1lis\u00a0Egyes\u00fclet. \u00a0 A vend\u00e9geket bemutatja \u00e9s Bartha Mikl\u00f3s sz\u00e9kelyudvarhelyi munk\u00e1ss\u00e1g\u00e1t m\u00e9ltatja Sz\u0151cs Endre igazgat\u00f3. [&hellip;]<\/p>\n","protected":false},"author":1,"featured_media":28310,"comment_status":"open","ping_status":"open","sticky":false,"template":"","format":"standard","meta":{"footnotes":""},"categories":[],"tags":[],"class_list":["post-28309","post","type-post","status-publish","format-standard","has-post-thumbnail","hentry"],"_links":{"self":[{"href":"https:\/\/archivum.eloszekelyfold.ro\/index.php\/wp-json\/wp\/v2\/posts\/28309","targetHints":{"allow":["GET"]}}],"collection":[{"href":"https:\/\/archivum.eloszekelyfold.ro\/index.php\/wp-json\/wp\/v2\/posts"}],"about":[{"href":"https:\/\/archivum.eloszekelyfold.ro\/index.php\/wp-json\/wp\/v2\/types\/post"}],"author":[{"embeddable":true,"href":"https:\/\/archivum.eloszekelyfold.ro\/index.php\/wp-json\/wp\/v2\/users\/1"}],"replies":[{"embeddable":true,"href":"https:\/\/archivum.eloszekelyfold.ro\/index.php\/wp-json\/wp\/v2\/comments?post=28309"}],"version-history":[{"count":0,"href":"https:\/\/archivum.eloszekelyfold.ro\/index.php\/wp-json\/wp\/v2\/posts\/28309\/revisions"}],"wp:featuredmedia":[{"embeddable":true,"href":"https:\/\/archivum.eloszekelyfold.ro\/index.php\/wp-json\/wp\/v2\/media\/28310"}],"wp:attachment":[{"href":"https:\/\/archivum.eloszekelyfold.ro\/index.php\/wp-json\/wp\/v2\/media?parent=28309"}],"wp:term":[{"taxonomy":"category","embeddable":true,"href":"https:\/\/archivum.eloszekelyfold.ro\/index.php\/wp-json\/wp\/v2\/categories?post=28309"},{"taxonomy":"post_tag","embeddable":true,"href":"https:\/\/archivum.eloszekelyfold.ro\/index.php\/wp-json\/wp\/v2\/tags?post=28309"}],"curies":[{"name":"wp","href":"https:\/\/api.w.org\/{rel}","templated":true}]}}