{"id":28307,"date":"2021-12-13T03:19:00","date_gmt":"2021-12-13T03:19:00","guid":{"rendered":"http:\/\/archivum.eloszekelyfold.ro\/2021\/12\/13\/az-echos-szeker-nyomaban\/"},"modified":"2021-12-13T03:19:00","modified_gmt":"2021-12-13T03:19:00","slug":"az-echos-szeker-nyomaban","status":"publish","type":"post","link":"https:\/\/archivum.eloszekelyfold.ro\/index.php\/2021\/12\/13\/az-echos-szeker-nyomaban\/","title":{"rendered":"Az ech\u00f3s szek\u00e9r nyom\u00e1ban"},"content":{"rendered":"<p><\/p>\n<div style=\"color:#666666; font-family:inherit; font-size:14px;font-style: normal;text-align:left;line-height:24px;\">\n<div style=\"float:left\"><img decoding=\"async\" src=\"http:\/\/archivum.eloszekelyfold.ro\/wp-content\/uploads\/2021\/12\/605_ekhos.jpg\" alt=\"Az ech\u00f3s szek\u00e9r nyom\u00e1ban\" style=\"padding-right:14px; padding-bottom:6px; padding-top:6px;\" width=\"320px\"><\/div>\n<p>                              M\u0171kedvel\u0151 sz\u00ednj\u00e1tsz\u00f3 t\u00e1rsulatoknak szervez tal\u00e1lkoz\u00f3t Agyagfalv\u00e1n Hargita Megye Tan\u00e1csa, a Hargita Megyei Hagyom\u00e1ny\u0151rz\u00e9si Forr\u00e1sk\u00f6zpont, az Agyagfalvi H\u00e1zasok Sz\u00ednj\u00e1tsz\u00f3 Csoportja \u00e9s a \u00a0B\u00f6g\u00f6zi Wass Albert I\u2013VIII. Oszt\u00e1lyos Iskol\u00e1\u00e9rt Egyes\u00fclet. Az ekh\u00f3s szek\u00e9r nyom\u00e1ban elnevez\u00e9s\u0171 amat\u0151r sz\u00ednj\u00e1tsz\u00f3 tal\u00e1lkoz\u00f3t november 19-\u00e9n, szombaton, 9.00 \u00e9s \u201317.00 \u00f3ra k\u00f6z\u00f6tt tartj\u00e1k az agyagfalvi m\u0171vel\u0151d\u00e9si otthonban. <\/p>\n<p>A 18. alkalommal megrendezett tal\u00e1lkoz\u00f3n 12 sz\u00ednj\u00e1tsz\u00f3 csoport l\u00e9p fel. A rendezv\u00e9ny egy\u00fattal komoly tapasztalatcser\u00e9t is jelent, mert \u00faj \u00f6tletekkel gazdagodnak, \u00e9s tov\u00e1bbi egy\u00fcttm\u0171k\u00f6d\u00e9sek kezd\u0151dnek, bar\u00e1ts\u00e1gok sz\u00fcletnek ilyenkor.<\/p>\n<p>Az ekh\u00f3s szek\u00e9r nyom\u00e1ban a feln\u0151tt m\u0171kedvel\u0151 sz\u00ednj\u00e1tsz\u00f3k legismertebb rendezv\u00e9nye a megy\u00e9ben. <\/p>\n<p>Az elm\u00falt \u00e9vekben az udvarhelysz\u00e9ki telep\u00fcl\u00e9seken k\u00f6rbej\u00e1rt e fesztiv\u00e1l. <\/p>\n<p>A kilencvenes \u00e9vekben a Homor\u00f3d menti falvak tal\u00e1lkoz\u00f3jak\u00e9nt ind\u00edtott rendezv\u00e9ny, hosszabb megszak\u00edt\u00e1s ut\u00e1n, 2008-ban Homor\u00f3dkar\u00e1csonyfalv\u00e1ra vonzotta a feln\u0151tt sz\u00ednj\u00e1tsz\u00f3kat. Farkaslaka 2009-ben, L\u00f6v\u00e9te 2010-ben, Rugonfalva 2011-ben volt h\u00e1zigazda, majd 2012-ben Kisgalambfalva, 2013-ban ism\u00e9t Farkaslaka k\u00f6vetkezett, 2014-ben Kob\u00e1tfalva, 2015-ben pedig Gagy adott otthont a tal\u00e1lkoz\u00f3nak. <\/p>\n<p>Agyagfalva m\u0171vel\u0151d\u00e9si h\u00e1z\u00e1ban Gagy, Kecset, Nagygalambfalva, Rugonfalva, Sikl\u00f3d, Homor\u00f3d\u00fajfalu, Sim\u00e9nfalva, Kob\u00e1tfalva, Sz\u00e9kelykereszt\u00far, Kisgalambfalva, Szentegyh\u00e1za \u00e9s Farkaslaka m\u0171kedvel\u0151 sz\u00ednj\u00e1tsz\u00f3 csoportjai l\u00e9pnek fel. A tal\u00e1lkoz\u00f3t a Sz\u00e9kelyudvarhelyi Nyugd\u00edjasok Hagyom\u00e1ny\u0151rz\u0151 Csoportj\u00e1nak m\u0171sora z\u00e1rja.<\/p>\n<p>A Communitas Alap\u00edtv\u00e1ny \u2013 Rom\u00e1niai Magyar Demokrata Sz\u00f6vets\u00e9g t\u00e1mogat\u00e1s\u00e1val megjelent a m\u0171kedvel\u0151 sz\u00ednj\u00e1tsz\u00f3 t\u00e1rsulatok kor\u00e1bbi el\u0151ad\u00e1sainak pillanatfelv\u00e9teleit tartalmaz\u00f3 asztali napt\u00e1r, amelyet a tal\u00e1lkoz\u00f3n r\u00e9szt vev\u0151 csoportok tagjai vehetnek majd \u00e1t.<\/p>\n<p>Minden \u00e9rdekl\u0151d\u0151t szeretettel v\u00e1rnak a szervez\u0151k Agyagfalv\u00e1ra, a m\u0171kedvel\u0151 t\u00e1rsulatok tal\u00e1lkoz\u00f3j\u00e1ra.<\/p>\n<div><em>\u00c9l\u0151 Sz\u00e9kelyf\u00f6ld Munkacsoport<\/em><\/div>\n<\/p><\/div>\n","protected":false},"excerpt":{"rendered":"<p>M\u0171kedvel\u0151 sz\u00ednj\u00e1tsz\u00f3 t\u00e1rsulatoknak szervez tal\u00e1lkoz\u00f3t Agyagfalv\u00e1n Hargita Megye Tan\u00e1csa, a Hargita Megyei Hagyom\u00e1ny\u0151rz\u00e9si Forr\u00e1sk\u00f6zpont, az Agyagfalvi H\u00e1zasok Sz\u00ednj\u00e1tsz\u00f3 Csoportja \u00e9s a \u00a0B\u00f6g\u00f6zi Wass Albert I\u2013VIII. Oszt\u00e1lyos Iskol\u00e1\u00e9rt Egyes\u00fclet. Az ekh\u00f3s szek\u00e9r nyom\u00e1ban elnevez\u00e9s\u0171 amat\u0151r sz\u00ednj\u00e1tsz\u00f3 tal\u00e1lkoz\u00f3t november 19-\u00e9n, szombaton, 9.00 \u00e9s \u201317.00 \u00f3ra k\u00f6z\u00f6tt tartj\u00e1k az agyagfalvi m\u0171vel\u0151d\u00e9si otthonban. A 18. alkalommal megrendezett tal\u00e1lkoz\u00f3n 12 [&hellip;]<\/p>\n","protected":false},"author":1,"featured_media":28308,"comment_status":"open","ping_status":"open","sticky":false,"template":"","format":"standard","meta":{"footnotes":""},"categories":[],"tags":[],"class_list":["post-28307","post","type-post","status-publish","format-standard","has-post-thumbnail","hentry"],"_links":{"self":[{"href":"https:\/\/archivum.eloszekelyfold.ro\/index.php\/wp-json\/wp\/v2\/posts\/28307","targetHints":{"allow":["GET"]}}],"collection":[{"href":"https:\/\/archivum.eloszekelyfold.ro\/index.php\/wp-json\/wp\/v2\/posts"}],"about":[{"href":"https:\/\/archivum.eloszekelyfold.ro\/index.php\/wp-json\/wp\/v2\/types\/post"}],"author":[{"embeddable":true,"href":"https:\/\/archivum.eloszekelyfold.ro\/index.php\/wp-json\/wp\/v2\/users\/1"}],"replies":[{"embeddable":true,"href":"https:\/\/archivum.eloszekelyfold.ro\/index.php\/wp-json\/wp\/v2\/comments?post=28307"}],"version-history":[{"count":0,"href":"https:\/\/archivum.eloszekelyfold.ro\/index.php\/wp-json\/wp\/v2\/posts\/28307\/revisions"}],"wp:featuredmedia":[{"embeddable":true,"href":"https:\/\/archivum.eloszekelyfold.ro\/index.php\/wp-json\/wp\/v2\/media\/28308"}],"wp:attachment":[{"href":"https:\/\/archivum.eloszekelyfold.ro\/index.php\/wp-json\/wp\/v2\/media?parent=28307"}],"wp:term":[{"taxonomy":"category","embeddable":true,"href":"https:\/\/archivum.eloszekelyfold.ro\/index.php\/wp-json\/wp\/v2\/categories?post=28307"},{"taxonomy":"post_tag","embeddable":true,"href":"https:\/\/archivum.eloszekelyfold.ro\/index.php\/wp-json\/wp\/v2\/tags?post=28307"}],"curies":[{"name":"wp","href":"https:\/\/api.w.org\/{rel}","templated":true}]}}