{"id":28305,"date":"2021-12-13T03:17:00","date_gmt":"2021-12-13T03:17:00","guid":{"rendered":"http:\/\/archivum.eloszekelyfold.ro\/2021\/12\/13\/jelesnaptar-szent-andras-havaban\/"},"modified":"2021-12-13T03:17:00","modified_gmt":"2021-12-13T03:17:00","slug":"jelesnaptar-szent-andras-havaban","status":"publish","type":"post","link":"https:\/\/archivum.eloszekelyfold.ro\/index.php\/2021\/12\/13\/jelesnaptar-szent-andras-havaban\/","title":{"rendered":"JelesNapT\u00e1r Szent Andr\u00e1s hav\u00e1ban"},"content":{"rendered":"<p><\/p>\n<div style=\"color:#666666; font-family:inherit; font-size:14px;font-style: normal;text-align:left;line-height:24px;\">\n<div style=\"float:left\"><img decoding=\"async\" src=\"http:\/\/archivum.eloszekelyfold.ro\/wp-content\/uploads\/2021\/12\/603_gyorkos.jpg\" alt=\"JelesNapT\u00e1r Szent Andr\u00e1s hav\u00e1ban\" style=\"padding-right:14px; padding-bottom:6px; padding-top:6px;\" width=\"320px\"><\/div>\n<p>                              A JelesNapT\u00e1r hagyom\u00e1ny\u0151rz\u0151 k\u00f6vetkez\u0151 gyermekprogramj\u00e1ra 2016. november 18-\u00e1n, p\u00e9nteken d\u00e9lut\u00e1n 4 \u00f3r\u00e1t\u00f3l kezd\u0151d\u0151en ker\u00fcl sor a Gy\u00f6rk\u00f6s M\u00e1nyi Albert Eml\u00e9kh\u00e1zban. Szent Andr\u00e1s hav\u00e1ban az \u00e9rdekl\u0151d\u0151k Andr\u00e1s napj\u00e1hoz, valamint egy\u00e9b novemberi jeles napokhoz f\u0171z\u0151d\u0151 szok\u00e1sokkal, hagyom\u00e1nyokkal ismerkedhetnek meg.<\/p>\n<div>\u00a0<\/div>\n<div>Foglalkoz\u00e1svezet\u0151k: Both Zsuzsa n\u00e9prajzos, k\u00e9zm\u0171ves \u00e9s Szab\u00f3 Kinga j\u00e1tsz\u00f3h\u00e1z-vezet\u0151.<\/div>\n<div>\u00a0<\/div>\n<div>A havonta sorra ker\u00fcl\u0151 rendezv\u00e9nyt I\u2013IV. oszt\u00e1lyos kisdi\u00e1koknak sz\u00e1nj\u00e1k, de minden \u00e9rdekl\u0151d\u0151t szeretettel v\u00e1rnak,\u00a0nem utols\u00f3 sorban a sz\u00fcl\u0151ket-nagysz\u00fcl\u0151ket!<\/div>\n<div>\u00a0<\/div>\n<div style=\"text-align: center;\"><img loading=\"lazy\" decoding=\"async\" src=\"http:\/\/archivum.eloszekelyfold.ro\/wp-content\/uploads\/2021\/12\/emke(12).jpg\" width=\"84\" height=\"84\" alt=\"\"><br \/>\nGy\u00f6rk\u00f6s M\u00e1nyi Albert Eml\u00e9kh\u00e1z<br \/>\nKolozsv\u00e1r<br \/>\nRepublicii\/ Maj\u00e1lis u. 5.<br \/>\nTel.: (+4)0766-294646<br \/>\nE-mail: emkegyorkoshaz@yahoo.com<br \/>\n<a href=\"http:\/\/www.emke.ro\/\"><strong><span style=\"color: rgb(51, 153, 102);\">www.emke.ro<\/span><\/strong><\/a><\/div>\n<\/p><\/div>\n","protected":false},"excerpt":{"rendered":"<p>A JelesNapT\u00e1r hagyom\u00e1ny\u0151rz\u0151 k\u00f6vetkez\u0151 gyermekprogramj\u00e1ra 2016. november 18-\u00e1n, p\u00e9nteken d\u00e9lut\u00e1n 4 \u00f3r\u00e1t\u00f3l kezd\u0151d\u0151en ker\u00fcl sor a Gy\u00f6rk\u00f6s M\u00e1nyi Albert Eml\u00e9kh\u00e1zban. Szent Andr\u00e1s hav\u00e1ban az \u00e9rdekl\u0151d\u0151k Andr\u00e1s napj\u00e1hoz, valamint egy\u00e9b novemberi jeles napokhoz f\u0171z\u0151d\u0151 szok\u00e1sokkal, hagyom\u00e1nyokkal ismerkedhetnek meg. \u00a0 Foglalkoz\u00e1svezet\u0151k: Both Zsuzsa n\u00e9prajzos, k\u00e9zm\u0171ves \u00e9s Szab\u00f3 Kinga j\u00e1tsz\u00f3h\u00e1z-vezet\u0151. \u00a0 A havonta sorra ker\u00fcl\u0151 rendezv\u00e9nyt I\u2013IV. oszt\u00e1lyos [&hellip;]<\/p>\n","protected":false},"author":1,"featured_media":28306,"comment_status":"open","ping_status":"open","sticky":false,"template":"","format":"standard","meta":{"footnotes":""},"categories":[],"tags":[],"class_list":["post-28305","post","type-post","status-publish","format-standard","has-post-thumbnail","hentry"],"_links":{"self":[{"href":"https:\/\/archivum.eloszekelyfold.ro\/index.php\/wp-json\/wp\/v2\/posts\/28305","targetHints":{"allow":["GET"]}}],"collection":[{"href":"https:\/\/archivum.eloszekelyfold.ro\/index.php\/wp-json\/wp\/v2\/posts"}],"about":[{"href":"https:\/\/archivum.eloszekelyfold.ro\/index.php\/wp-json\/wp\/v2\/types\/post"}],"author":[{"embeddable":true,"href":"https:\/\/archivum.eloszekelyfold.ro\/index.php\/wp-json\/wp\/v2\/users\/1"}],"replies":[{"embeddable":true,"href":"https:\/\/archivum.eloszekelyfold.ro\/index.php\/wp-json\/wp\/v2\/comments?post=28305"}],"version-history":[{"count":0,"href":"https:\/\/archivum.eloszekelyfold.ro\/index.php\/wp-json\/wp\/v2\/posts\/28305\/revisions"}],"wp:featuredmedia":[{"embeddable":true,"href":"https:\/\/archivum.eloszekelyfold.ro\/index.php\/wp-json\/wp\/v2\/media\/28306"}],"wp:attachment":[{"href":"https:\/\/archivum.eloszekelyfold.ro\/index.php\/wp-json\/wp\/v2\/media?parent=28305"}],"wp:term":[{"taxonomy":"category","embeddable":true,"href":"https:\/\/archivum.eloszekelyfold.ro\/index.php\/wp-json\/wp\/v2\/categories?post=28305"},{"taxonomy":"post_tag","embeddable":true,"href":"https:\/\/archivum.eloszekelyfold.ro\/index.php\/wp-json\/wp\/v2\/tags?post=28305"}],"curies":[{"name":"wp","href":"https:\/\/api.w.org\/{rel}","templated":true}]}}