{"id":28303,"date":"2021-12-13T03:15:00","date_gmt":"2021-12-13T03:15:00","guid":{"rendered":"http:\/\/archivum.eloszekelyfold.ro\/2021\/12\/13\/kiallitas-siklody-ferenc-grafikaibol\/"},"modified":"2021-12-13T03:15:00","modified_gmt":"2021-12-13T03:15:00","slug":"kiallitas-siklody-ferenc-grafikaibol","status":"publish","type":"post","link":"https:\/\/archivum.eloszekelyfold.ro\/index.php\/2021\/12\/13\/kiallitas-siklody-ferenc-grafikaibol\/","title":{"rendered":"Ki\u00e1ll\u00edt\u00e1s Sikl\u00f3dy Ferenc grafik\u00e1ib\u00f3l"},"content":{"rendered":"<p><\/p>\n<div style=\"color:#666666; font-family:inherit; font-size:14px;font-style: normal;text-align:left;line-height:24px;\">\n<div style=\"float:left\"><img decoding=\"async\" src=\"http:\/\/archivum.eloszekelyfold.ro\/wp-content\/uploads\/2021\/12\/604_siklody_konyvjegyek.jpg\" alt=\"Ki\u00e1ll\u00edt\u00e1s Sikl\u00f3dy Ferenc grafik\u00e1ib\u00f3l\" style=\"padding-right:14px; padding-bottom:6px; padding-top:6px;\" width=\"320px\"><\/div>\n<p>                              Fele \u00fatj\u00e1hoz \u00e9rkezett a Hargita Kiad\u00f3hivatal k\u00f6nyvkiad\u00e1si programj\u00e1nak sz\u00e1z k\u00f6tetesre tervezett Sz\u00e9kely K\u00f6nyvt\u00e1r nevet visel\u0151 sorozata. <\/p>\n<p>Ez j\u00f3 alkalom a visszatekint\u00e9sre is. Sikl\u00f3dy Ferenc \u00e1ltal tervezett &#8222;k\u00f6nyvjegyek&#8221;, azaz ex-librisek k\u00e9sz\u00fclnek a k\u00f6nyvekhez, amelyek \u00e1ltal tov\u00e1bb n\u00f6velhet\u0151 az el\u0151fizet\u0151k k\u00f6r\u00e9ben egy-egy kiadv\u00e1ny egyedis\u00e9ge, szem\u00e9lyre szabott volta.<\/p>\n<p>A Sikl\u00f3dy-f\u00e9le garfik\u00e1kb\u00f3l szervez most ki\u00e1ll\u00ed\u00e1st a szerkest\u0151s\u00e9g a Megyeh\u00e1za Gal\u00e9ri\u00e1ban, Cs\u00edkszered\u00e1ban, 2016. november 17-\u00e9n, cs\u00fct\u00f6rt\u00f6k\u00f6n, 18.00 \u00f3r\u00e1t\u00f3l. A ki\u00e1ll\u00edt\u00e1st megnyitja Szab\u00f3 Andr\u00e1s muzeol\u00f3gus.<\/p>\n<p>Minden kedves \u00e9rdekl\u0151d\u0151t sok szeretettel v\u00e1rnak!<\/p>\n<p><em>\u00c9l\u0151 Sz\u00e9kelyf\u00f6ld Munkacsoport<\/em>\n                        <\/div>\n","protected":false},"excerpt":{"rendered":"<p>Fele \u00fatj\u00e1hoz \u00e9rkezett a Hargita Kiad\u00f3hivatal k\u00f6nyvkiad\u00e1si programj\u00e1nak sz\u00e1z k\u00f6tetesre tervezett Sz\u00e9kely K\u00f6nyvt\u00e1r nevet visel\u0151 sorozata. Ez j\u00f3 alkalom a visszatekint\u00e9sre is. Sikl\u00f3dy Ferenc \u00e1ltal tervezett &#8222;k\u00f6nyvjegyek&#8221;, azaz ex-librisek k\u00e9sz\u00fclnek a k\u00f6nyvekhez, amelyek \u00e1ltal tov\u00e1bb n\u00f6velhet\u0151 az el\u0151fizet\u0151k k\u00f6r\u00e9ben egy-egy kiadv\u00e1ny egyedis\u00e9ge, szem\u00e9lyre szabott volta. A Sikl\u00f3dy-f\u00e9le garfik\u00e1kb\u00f3l szervez most ki\u00e1ll\u00ed\u00e1st a szerkest\u0151s\u00e9g a Megyeh\u00e1za [&hellip;]<\/p>\n","protected":false},"author":1,"featured_media":28304,"comment_status":"open","ping_status":"open","sticky":false,"template":"","format":"standard","meta":{"footnotes":""},"categories":[],"tags":[],"class_list":["post-28303","post","type-post","status-publish","format-standard","has-post-thumbnail","hentry"],"_links":{"self":[{"href":"https:\/\/archivum.eloszekelyfold.ro\/index.php\/wp-json\/wp\/v2\/posts\/28303","targetHints":{"allow":["GET"]}}],"collection":[{"href":"https:\/\/archivum.eloszekelyfold.ro\/index.php\/wp-json\/wp\/v2\/posts"}],"about":[{"href":"https:\/\/archivum.eloszekelyfold.ro\/index.php\/wp-json\/wp\/v2\/types\/post"}],"author":[{"embeddable":true,"href":"https:\/\/archivum.eloszekelyfold.ro\/index.php\/wp-json\/wp\/v2\/users\/1"}],"replies":[{"embeddable":true,"href":"https:\/\/archivum.eloszekelyfold.ro\/index.php\/wp-json\/wp\/v2\/comments?post=28303"}],"version-history":[{"count":0,"href":"https:\/\/archivum.eloszekelyfold.ro\/index.php\/wp-json\/wp\/v2\/posts\/28303\/revisions"}],"wp:featuredmedia":[{"embeddable":true,"href":"https:\/\/archivum.eloszekelyfold.ro\/index.php\/wp-json\/wp\/v2\/media\/28304"}],"wp:attachment":[{"href":"https:\/\/archivum.eloszekelyfold.ro\/index.php\/wp-json\/wp\/v2\/media?parent=28303"}],"wp:term":[{"taxonomy":"category","embeddable":true,"href":"https:\/\/archivum.eloszekelyfold.ro\/index.php\/wp-json\/wp\/v2\/categories?post=28303"},{"taxonomy":"post_tag","embeddable":true,"href":"https:\/\/archivum.eloszekelyfold.ro\/index.php\/wp-json\/wp\/v2\/tags?post=28303"}],"curies":[{"name":"wp","href":"https:\/\/api.w.org\/{rel}","templated":true}]}}