{"id":28301,"date":"2021-12-13T03:13:00","date_gmt":"2021-12-13T03:13:00","guid":{"rendered":"http:\/\/archivum.eloszekelyfold.ro\/2021\/12\/13\/az-rmdsz-etnikai-mentelmi-jogot-kovetel\/"},"modified":"2021-12-13T03:13:00","modified_gmt":"2021-12-13T03:13:00","slug":"az-rmdsz-etnikai-mentelmi-jogot-kovetel","status":"publish","type":"post","link":"https:\/\/archivum.eloszekelyfold.ro\/index.php\/2021\/12\/13\/az-rmdsz-etnikai-mentelmi-jogot-kovetel\/","title":{"rendered":"Az RMDSZ etnikai mentelmi jogot k\u00f6vetel?"},"content":{"rendered":"<p><\/p>\n<div style=\"color:#666666; font-family:inherit; font-size:14px;font-style: normal;text-align:left;line-height:24px;\">\n<div style=\"float:left\"><img decoding=\"async\" src=\"http:\/\/archivum.eloszekelyfold.ro\/wp-content\/uploads\/2021\/12\/606_Dan_Tapalaga.jpg\" alt=\"Az RMDSZ etnikai mentelmi jogot k\u00f6vetel?\" style=\"padding-right:14px; padding-bottom:6px; padding-top:6px;\" width=\"320px\"><\/div>\n<p>                              Egy rom\u00e1n lap szerint etnikai mentelmi jogot k\u00f6vetel mag\u00e1nak a Rom\u00e1niai Magyar Demokrata Sz\u00f6vets\u00e9g (RMDSZ), \u00e9s ennek \u00e9rdekben felel\u0151tlen m\u00f3don radikaliz\u00e1lja az erd\u00e9lyi magyars\u00e1got &#8211; \u00edrta kedden a Hotnews.ro rom\u00e1n h\u00edrport\u00e1l a marosv\u00e1s\u00e1rhelyi r\u00f3mai katolikus gimn\u00e1zium v\u00e9delm\u00e9ben rendezett szombati t\u00fcntet\u00e9seket \u00e9s a meghurcolt sz\u00e9kelyf\u00f6ldi \u00f6nkorm\u00e1nyzati vezet\u0151k melletti k\u00f6z\u00f6ss\u00e9gi szolidarit\u00e1st komment\u00e1lva.<\/p>\n<p>A korrupci\u00f3ellenes hadj\u00e1rat mellett k\u00f6vetkezetesen ki\u00e1ll\u00f3 jobboldali port\u00e1l publicist\u00e1ja, Dan Tapalaga \u00fagy v\u00e9li, az RMDSZ &#8222;t\u00falj\u00e1tszotta a rom\u00e1n elnyom\u00f3kr\u00f3l \u00e9s etnikai \u00e1ldozatokr\u00f3l sz\u00f3l\u00f3 jelenet\u00e9t&#8221;, amelyet szerinte mindig elj\u00e1tszik, amikor &#8222;az \u00f6v\u00e9i&#8221; ellen kezd vizsg\u00e1l\u00f3dni a korrupci\u00f3ellenes \u00fcgy\u00e9szs\u00e9g (DNA).<\/p>\n<p>\u00c1ll\u00edt\u00e1sa al\u00e1t\u00e1maszt\u00e1s\u00e1ul arra hivatkozik a publicista, hogy Kov\u00e1cs P\u00e9ter, az RMDSZ \u00fcgyvezet\u0151 eln\u00f6ke &#8211; akivel a port\u00e1l szint\u00e9n kedden k\u00f6z\u00f6lt interj\u00fat &#8211; \u00a0nem tudott vagy nem akart megnevezni egyetlen olyan eset sem, amikor a DNA jogosan ind\u00edtott elj\u00e1r\u00e1st az RMDSZ valamely politikusa ellen. <\/p>\n<p>Tapalaga szerint ebb\u0151l a szempontb\u00f3l az erd\u00e9lyi magyar politikusok t\u00f6k\u00e9letesen &#8222;romaniz\u00e1l\u00f3dtak&#8221;, vagyis semmiben sem k\u00fcl\u00f6nb\u00f6znek rom\u00e1n t\u00e1rsaikt\u00f3l, amikor az igazs\u00e1g\u00fcgyi szervek lej\u00e1rat\u00e1s\u00e1r\u00f3l van sz\u00f3. Az RMDSZ vezet\u0151i azonban ezzel a hozz\u00e1\u00e1ll\u00e1ssal nemcsak az igazs\u00e1gszolg\u00e1ltat\u00e1s hitel\u00e9t \u00e1ss\u00e1k al\u00e1, hanem etnikai fesz\u00fclts\u00e9get is sz\u00edtanak &#8211; v\u00e9li a cikk\u00edr\u00f3, aki szerint ez felel\u0151tlen \u00e9s t\u00fal kock\u00e1zatos m\u00f3dja a v\u00e1laszt\u00f3k mozg\u00f3s\u00edt\u00e1s\u00e1nak. <\/p>\n<p>A szerz\u0151 bel\u00e1tja: a &#8222;magyar paranoia&#8221; nem j\u00f6hetett volna l\u00e9tre a &#8222;rom\u00e1n paranoia&#8221; n\u00e9lk\u00fcl.<\/p>\n<p>&#8222;Nem tartottuk be az \u00edg\u00e9reteinket, b\u00edr\u00f3s\u00e1gokon hurcoltuk meg \u0151ket a z\u00e1szl\u00f3ik\u00e9rt, amelyek \u00edgy m\u00e9g er\u0151sebb jelk\u00e9pekk\u00e9 v\u00e1ltak, a rom\u00e1n prefektusok \u00f6nk\u00e9nyesen b\u00fcntett\u00e9k a polg\u00e1rmestereiket, vagyis r\u00f6viden, val\u00f3ban diszkrimin\u00e1ltuk \u0151ket csak az\u00e9rt, mert magyarok, akiket eleve azzal gyan\u00fas\u00edtunk, hogy el akarj\u00e1k lopni Erd\u00e9ly egy r\u00e9sz\u00e9t&#8221; &#8211; fogalmaz Tapalaga. Azt viszont m\u00e1r provok\u00e1ci\u00f3k\u00e9nt, polg\u00e1ri engedetlens\u00e9gre val\u00f3 felsz\u00f3l\u00edt\u00e1sk\u00e9nt \u00e9rt\u00e9keli, hogy Semj\u00e9n Zsolt minisztereln\u00f6k-helyettes a DNA \u00e1ltal vizsg\u00e1lt sz\u00e9kelyf\u00f6ldi el\u00f6lj\u00e1r\u00f3kat t\u00fcntetett ki, \u00e9s azt \u00e1ll\u00edtotta, hogy &#8222;a korrupci\u00f3ellenes harc \u00fcr\u00fcgy\u00e9n a magyars\u00e1g megf\u00e9leml\u00edt\u00e9se zajlik&#8221;.<\/p>\n<p>A magyar politikusoknak igazuk lehet abban, hogy az &#8211; Erd\u00e9ly \u00e9s a Rom\u00e1n Kir\u00e1lys\u00e1g egyes\u00fcl\u00e9s\u00e9t kiki\u00e1lt\u00f3 &#8211; 1918-as Gyulafeh\u00e9rv\u00e1ri Nyilatkozat v\u00e1llal\u00e1sai nem teljes\u00fcltek, abban viszont nem, hogy rom\u00e1n \u00e1llampolg\u00e1rokk\u00e9nt etnikai alapon akarj\u00e1k kivonni magukat az igazs\u00e1gszolg\u00e1ltat\u00e1s al\u00f3l &#8211; vonja le a k\u00f6vetkeztet\u00e9st a Hotnews publicist\u00e1ja.<\/p>\n<p><em>Forr\u00e1s: MTI<\/p>\n<p>C\u00edmk\u00e9p\u00fcnk\u00f6n Dan Tapalaga\/ Hotnews.ro.<\/p>\n<p><\/em><em>\u00c9l\u0151 Sz\u00e9kelyf\u00f6ld Munkacsoport<\/em><\/p>\n<p><br type=\"_moz\">\n                        <\/div>\n","protected":false},"excerpt":{"rendered":"<p>Egy rom\u00e1n lap szerint etnikai mentelmi jogot k\u00f6vetel mag\u00e1nak a Rom\u00e1niai Magyar Demokrata Sz\u00f6vets\u00e9g (RMDSZ), \u00e9s ennek \u00e9rdekben felel\u0151tlen m\u00f3don radikaliz\u00e1lja az erd\u00e9lyi magyars\u00e1got &#8211; \u00edrta kedden a Hotnews.ro rom\u00e1n h\u00edrport\u00e1l a marosv\u00e1s\u00e1rhelyi r\u00f3mai katolikus gimn\u00e1zium v\u00e9delm\u00e9ben rendezett szombati t\u00fcntet\u00e9seket \u00e9s a meghurcolt sz\u00e9kelyf\u00f6ldi \u00f6nkorm\u00e1nyzati vezet\u0151k melletti k\u00f6z\u00f6ss\u00e9gi szolidarit\u00e1st komment\u00e1lva. A korrupci\u00f3ellenes hadj\u00e1rat mellett k\u00f6vetkezetesen [&hellip;]<\/p>\n","protected":false},"author":1,"featured_media":28302,"comment_status":"open","ping_status":"open","sticky":false,"template":"","format":"standard","meta":{"footnotes":""},"categories":[],"tags":[],"class_list":["post-28301","post","type-post","status-publish","format-standard","has-post-thumbnail","hentry"],"_links":{"self":[{"href":"https:\/\/archivum.eloszekelyfold.ro\/index.php\/wp-json\/wp\/v2\/posts\/28301","targetHints":{"allow":["GET"]}}],"collection":[{"href":"https:\/\/archivum.eloszekelyfold.ro\/index.php\/wp-json\/wp\/v2\/posts"}],"about":[{"href":"https:\/\/archivum.eloszekelyfold.ro\/index.php\/wp-json\/wp\/v2\/types\/post"}],"author":[{"embeddable":true,"href":"https:\/\/archivum.eloszekelyfold.ro\/index.php\/wp-json\/wp\/v2\/users\/1"}],"replies":[{"embeddable":true,"href":"https:\/\/archivum.eloszekelyfold.ro\/index.php\/wp-json\/wp\/v2\/comments?post=28301"}],"version-history":[{"count":0,"href":"https:\/\/archivum.eloszekelyfold.ro\/index.php\/wp-json\/wp\/v2\/posts\/28301\/revisions"}],"wp:featuredmedia":[{"embeddable":true,"href":"https:\/\/archivum.eloszekelyfold.ro\/index.php\/wp-json\/wp\/v2\/media\/28302"}],"wp:attachment":[{"href":"https:\/\/archivum.eloszekelyfold.ro\/index.php\/wp-json\/wp\/v2\/media?parent=28301"}],"wp:term":[{"taxonomy":"category","embeddable":true,"href":"https:\/\/archivum.eloszekelyfold.ro\/index.php\/wp-json\/wp\/v2\/categories?post=28301"},{"taxonomy":"post_tag","embeddable":true,"href":"https:\/\/archivum.eloszekelyfold.ro\/index.php\/wp-json\/wp\/v2\/tags?post=28301"}],"curies":[{"name":"wp","href":"https:\/\/api.w.org\/{rel}","templated":true}]}}