{"id":28299,"date":"2021-12-13T03:11:01","date_gmt":"2021-12-13T03:11:01","guid":{"rendered":"http:\/\/archivum.eloszekelyfold.ro\/2021\/12\/13\/oroszbarat-elnoke-lesz-moldovanak\/"},"modified":"2021-12-13T03:11:01","modified_gmt":"2021-12-13T03:11:01","slug":"oroszbarat-elnoke-lesz-moldovanak","status":"publish","type":"post","link":"https:\/\/archivum.eloszekelyfold.ro\/index.php\/2021\/12\/13\/oroszbarat-elnoke-lesz-moldovanak\/","title":{"rendered":"Oroszbar\u00e1t eln\u00f6ke lesz Moldov\u00e1nak"},"content":{"rendered":"<p><\/p>\n<div style=\"color:#666666; font-family:inherit; font-size:14px;font-style: normal;text-align:left;line-height:24px;\">\n<div style=\"float:left\"><img decoding=\"async\" src=\"http:\/\/archivum.eloszekelyfold.ro\/wp-content\/uploads\/2021\/12\/607_Igor_dodon.jpg\" alt=\"Oroszbar\u00e1t eln\u00f6ke lesz Moldov\u00e1nak\" style=\"padding-right:14px; padding-bottom:6px; padding-top:6px;\" width=\"320px\"><\/div>\n<p>                              A Moldov\u00e1ban lezajlott eln\u00f6kv\u00e1laszt\u00e1sr\u00f3l besz\u00e1mol\u00f3 h\u00edr\u00fcgyn\u00f6ks\u00e9gi jelent\u00e9sek k\u00e9sztettek az al\u00e1bbiakban k\u00f6vetkez\u0151 gondolatok meg\u00edr\u00e1s\u00e1ra. <\/p>\n<p>Igor Dodon &#8211; \u00e1ll az MTI k\u00f6zlem\u00e9nylben &#8211; az oroszbar\u00e1t Szocialista P\u00e1rt jel\u00f6ltje kapta meg a legt\u00f6bb szavazatot Moldov\u00e1ban az eln\u00f6kv\u00e1laszt\u00e1s vas\u00e1rnap megtartott m\u00e1sodik fordul\u00f3j\u00e1ban a szavazatok 95 sz\u00e1zal\u00e9k\u00e1nak \u00f6sszes\u00edt\u00e9se alapj\u00e1n. Az el\u0151zetes eredm\u00e9nyek szerint Dodonra a v\u00e1laszt\u00e1son r\u00e9szt vev\u0151k 55 sz\u00e1zal\u00e9ka, EU-p\u00e1rti ellenfel\u00e9re, Maia Sandura, a jobboldali p\u00e1rtok k\u00f6z\u00f6s jel\u00f6ltj\u00e9re 44,1 sz\u00e1zal\u00e9k adta a szavazat\u00e1t. A h\u00fasz \u00e9v \u00f3ta el\u0151sz\u00f6r tartott k\u00f6zvetlen eln\u00f6kv\u00e1laszt\u00e1s els\u0151 fordul\u00f3j\u00e1ban &#8211; okt\u00f3ber v\u00e9g\u00e9n &#8211; Dodon kapta a voksok k\u00f6zel fel\u00e9t, Maia Sandu mintegy 40 sz\u00e1zal\u00e9kkal a m\u00e1sodik lett. Az el\u0151rejelz\u00e9sek ennek megfelel\u0151en a m\u00e1sodik fordul\u00f3ban is a szocialista jel\u00f6lt gy\u0151zelm\u00e9t j\u00f3solt\u00e1k.<\/p>\n<p>\u00daj \u00e9s r\u00e9gi t\u00f6r\u00e9svonalak mutatkoznak, s a nagypolitika komoly meglepet\u00e9sekkel szolg\u00e1l.<\/p>\n<p>Az nem lehet igaz, hogy a nagyrom\u00e1n nemzet\u00e9p\u00edt\u00e9si projekt csak \u00fagy \u00e9s z\u00f6kken\u0151mentesen lebonyol\u00f3dj\u00e9k. Egy\u00e1ltal\u00e1n: van-e sz\u00fcks\u00e9g r\u00e1?\u00a0Mi\u00e9rt teljes\u00fcln\u00e9nek a legmer\u00e9szebb elk\u00e9pzel\u00e9sek, ha azok csak bizonyos \u201eintellektu\u00e1lis\u201d k\u00f6r\u00f6kben t\u0171nnek m\u0171k\u00f6d\u0151k\u00e9pesnek?\u00a0V\u00e9gt\u00e9re is: van-e sz\u00fcks\u00e9ge ennek az orsz\u00e1gnak arra, hogy majd egykor \u00fagy kiteljesedj\u00e9k, hogy a most szomsz\u00e9dos orsz\u00e1gokban \u00e9l\u0151 \u201enemzett\u00e1rsak\u201d is egyazon korm\u00e1nyzat al\u00e1 tartozzanak?\u00a0Minek j\u00f3, mire val\u00f3 a nagy \u00f6sszeborul\u00e1s, ha a mindenkori politikum csak \u00fcres retorikai szinteken k\u00e9pes ezt-azt megfogalmazni?<\/p>\n<p>Ha a \u201ej\u00e1rul\u00e9kos szennyez\u0151d\u00e9sk\u00e9nt\u201d jelen lev\u0151 etnikumok, a valamilyen \u201em\u00e1s\u201d sz\u00e1rmaz\u00e1ssal rendelkez\u0151 egyedek is egyenrang\u00faak lehetn\u00e9nek a legegyenl\u0151bbekkel, vagy legal\u00e1bb mutatkozna az akarat arra vonatkoz\u00f3an, hogy a jogk\u00f6rnyezet annyira rendbe\u00e1lljon, hogy \u201eazok\u201d teljes jog\u00fa egyedekk\u00e9nt \u00e9lhess\u00e9k meg idetartoz\u00e1sukat, \u00e9s ugyanakkor teljes sz\u00edvvel\/hittel viselhess\u00e9k rom\u00e1n \u00e1llampolg\u00e1rs\u00e1gukat, akkor teljesen m\u00e1s lenne a helyzet.<\/p>\n<p class=\"MsoNormal\" style=\"text-align: left;\">A lakoss\u00e1gcsere, a homogeniz\u00e1l\u00e1s az 1989-es fordulat ut\u00e1n is folytat\u00f3dott, de imm\u00e1r nem az orsz\u00e1ghat\u00e1rokon bel\u00fcl fel\u00e9p\u00edtett ipari monstrumok \u00e9s t\u00f6mbh\u00e1znegyedek fel\u00e9, hanem azokon k\u00edv\u00fclre ir\u00e1nyultak a l\u00e1tv\u00e1nyos mozg\u00e1sok. A \u201edemogr\u00e1fiai hozad\u00e9kot\u201d, a fiatal \u00e9s k\u00e9pzett genr\u00e1ci\u00f3kat az orsz\u00e1g j\u00f3r\u00e9szt elvesz\u00edtette, mint a hab, mint a p\u00e1ra, \u00fagy illant, \u201emigr\u00e1lt\u201d Eur\u00f3pa nyugatibb \u00e9s m\u00f3dosabb fel\u00e9be, s ami \u0171r maradt a mioritikus t\u00e9rben \u00e9s a K\u00e1rp\u00e1t-medence itteni szegmens\u00e9ben, azt a k\u00f6zleked\u0151d\u00e9nyek t\u00f6rv\u00e9nye szerint t\u00f6lti ki a \u201eplebs\u201d h\u00edgabb marad\u00e9ka, akik most honn vagyunk.<\/p>\n<p class=\"MsoNormal\">Nyilv\u00e1nval\u00f3, hogy ebben a helyzetben lehet t\u00e1ptalaja az egys\u00e9ges\u00edt\u00e9snek \u00e9s az egyarc\u00fav\u00e1 but\u00edt\u00e1snak, de csak p\u00e1rtpatik\u00e1kban \u00e9s ideol\u00f3giai m\u0171helyekben.<\/p>\n<p class=\"MsoNormal\">AZ a n\u00e9p, s EZ a kis sz\u00e9kely nemzetr\u00e9sz is egy\u00e9bk\u00e9nt \u00fagy l\u00e9tezik, hogy r\u00e1 sem heder\u00edt a rendszerekre \u00e9s annak v\u00e1ltoz\u00e1saira. A region\u00e1lis saj\u00e1toss\u00e1g \u00e9s a tudat megmarad. Olty\u00e1nk\u00e9nt, moldvaik\u00e9nt, b\u00e1ns\u00e1gik\u00e9nt. m\u00e1ramarosik\u00e9nt \u00e9l t\u00fal r\u00e9gi\u00f3s\u00edt\u00e1sokat \u00e9s megyerendszereket\u2026 Homor\u00f3dj\u00e1nosfalva 1968 \u00f3ta Brass\u00f3 megy\u00e9hez tartozik, de az ottaniak sz\u00e1m\u00e1ra ma is Sz\u00e9kelyudvarhely \u201ea v\u00e1ros\u201d. Sz\u00e1mtalan ilyen p\u00e9lda van. Gyimesb\u00fckk lehet ugyan k\u00f6zigazgat\u00e1silag B\u00e1k\u00f3 megye r\u00e9sze, de ma is a legkeletibb magyar falu, amely r\u00e9sze a t\u00f6rt\u00e9nelmi magyar nemzetnek, s ideh\u00faz\u00f3dik mindj\u00e1rt a Sz\u00e9kelyf\u00f6ld\u00f6z, ha tan\u00edt\u00f3ra, papra, piacra van sz\u00fcks\u00e9ge.<\/p>\n<p class=\"MsoNormal\" style=\"text-align: center;\"><img loading=\"lazy\" decoding=\"async\" src=\"http:\/\/archivum.eloszekelyfold.ro\/wp-content\/uploads\/2021\/12\/miert-is-talaltak-ki-az-oroszok-transznisztriat.jpg\" width=\"450\" height=\"269\" alt=\"\" style=\"text-align: center;\"><br \/>\n<em>Grafika: www.foter.ro<\/em><\/p>\n<p class=\"MsoNormal\" style=\"text-align: left;\">Nem \u00e9szrevenni a t\u00f6r\u00e9svonalakat, amelyek a kis-bels\u0151 kontinenseket elv\u00e1lasztj\u00e1k, j\u00f3v\u00e1tehetetlen b\u0171n. <\/p>\n<p>Olyan embereket kellene piedeszt\u00e1lra emelni, akik &#8211; mihelyt &#8222;fel- vagy lemennek&#8221; vid\u00e9kr\u0151l Bukurestibe &#8211; nem k\u00f6pik folyton arcon a val\u00f3s r\u00e9gi\u00f3kb\u00f3l, a t\u00f6rt\u00e9nelmi- \u00e9s azonoss\u00e1gtudat h\u00e1zisz\u0151ttes jegyeivel \u00e9s a bajaik puttony\u00e1val, n\u00e9po ruhadarabokban \u00e9s &#8222;saj\u00e1tos szand\u00e1lban&#8221; \u00e9rkez\u0151ket.<\/p>\n<p class=\"MsoNormal\" style=\"text-align: left;\">A honi rom\u00e1ns\u00e1gnak megvan a h\u00e1rom j\u00f3l k\u00f6r\u00fclhat\u00e1rolt nemzetr\u00e9sze, \u201et\u00e1rsult n\u00e9pe\u201d, amely \u00e9vsz\u00e1zadokon k\u00fcl\u00f6n tudattal \u00e9lt \u00e9s form\u00e1l\u00f3dott. <\/p>\n<p>Moldv\u00e1t, Ol\u00e1horsz\u00e1got, Erd\u00e9lyt k\u00fcl\u00f6n entit\u00e1sk\u00e9nt kellene \u00e9rtelmezni, amely \u00e9pp a megbecs\u00fclt m\u00e1ss\u00e1g r\u00e9v\u00e9n v\u00e1lhat ragaszkod\u00f3v\u00e1. Ahogyan tett\u00e9k, s teszik ezt a N\u00e9met Sz\u00f6vets\u00e9gi K\u00f6zt\u00e1rsas\u00e1gban, ahol helye van a bajor tudatnak, a sz\u00e1sz vagy a pomer\u00e1nia \u00e9let\u00e9rz\u00e9snek. N\u00e9metorsz\u00e1g is viszonylag \u00fajonnan v\u00e1lt nemzett\u00e9, de csak \u00edgy tud igaz\u00e1n naggy\u00e1 lenni, hogy a hegyom\u00e1nyok jegy\u00e9ben \u00e9l \u00e9s alakul.<\/p>\n<p class=\"MsoNormal\" style=\"text-align: center;\"><img loading=\"lazy\" decoding=\"async\" src=\"http:\/\/archivum.eloszekelyfold.ro\/wp-content\/uploads\/2021\/12\/Kisinyov_Vadim_Ghirda.jpg\" width=\"500\" height=\"281\" alt=\"\"><br \/>\n<i>T\u00fcntet\u0151k egy hatalmas moldovai z\u00e1szl\u00f3val a k\u00f6zponti v\u00e1laszt\u00e1si bizotts\u00e1g chisinaui \u00e9p\u00fclete <br \/>\nel\u0151tt \u00a02016. november 14<\/i><i>-\u00e9n, a moldovai eln\u00f6kv\u00e1laszt\u00e1s m\u00e1sodik fordul\u00f3j\u00e1nak m\u00e1snapj\u00e1n. <br \/>\nA v\u00e1laszt\u00e1st 53,4 sz\u00e1zal\u00e9kos r\u00e9szv\u00e9teli ar\u00e1ny\u00a0<\/i><i>mellett Igor Dodon, a Moldovai Szocialist\u00e1k <br \/>\nP\u00e1rtj\u00e1nak (PSRM) 41 \u00e9ves eln\u00f6kjel\u00f6ltje nyerte meg Maia Sandur\u00e1val, a\u00a0<\/i><i>jobboldali p\u00e1rtok <br \/>\nk\u00f6z\u00f6s jel\u00f6ltj\u00e9vel szemben. (Forr\u00e1s: www.mno.hu, fot\u00f3: Vadim Ghirda)<br \/>\n<\/i><\/p>\n<p class=\"MsoNormal\" style=\"text-align: left;\">B\u0171n nem \u00e9szrevenni ezeket az etnikai \u00e9s kultur\u00e1lis jelleg\u0171 \u201eszab\u00e1lyokat\u201d. B\u0171n elhallgatni a val\u00f3s t\u00f6rt\u00e9nelmet \u00e9s torz\u00edtani a hagyom\u00e1nyt.<\/p>\n<p class=\"MsoNormal\">Az a t\u00e9ny, hogy most Moldov\u00e1nak \u201eoroszbar\u00e1t\u201d eln\u00f6ke lett, azt jelzi, hogy tov\u00e1bbra is er\u0151s az ottani \u201em\u00e1ss\u00e1g tudat\u201d, s nem borul r\u00e1 a helyre olyan egyszer\u0171en az \u00f6r\u00f6k\u00e9rv\u00e9ny\u0171nek hitt piros-s\u00e1rga-l\u00e9k lepel. <\/p>\n<p>Az Eur\u00f3pai Uni\u00f3 \u00e9s az Eur\u00e1zsiai Uni\u00f3 hat\u00e1rvid\u00e9k\u00e9n \u00e9l\u00fcnk &#8211; ha tetszik, ha nem, ism\u00e9t \u00fctk\u00f6z\u0151z\u00f3n\u00e1ba ker\u00fclt\u00fcnk &#8211; ezt sugallja a mold\u00e1v v\u00e1laszt\u00e1s eredm\u00e9nye. Erd\u00e9ly azonban ism\u00e9t v\u00e9gv\u00e1ra lehet Nyugatnak, kapuja Keletnek, amib\u0151l ak\u00e1r prosper\u00e1lhat is. <\/p>\n<p>Ez a t\u00f6rt\u00e9net (tal\u00e1n) nek\u00fcnk is j\u00f3t tesz, hogy hallathassuk a hangunkat \u00e9s magunkhoz t\u00e9rj\u00fcnk m\u00e9g 2016. december 11. el\u0151tt.\u00a0Hadd tegy\u00fcnk \u00e9rte valamit, l\u00e1ssuk el\u0151bb, mi mutatkozik meg az itteni v\u00e1laszt\u00f3f\u00fclk\u00e9kben \u00e9s az ut\u00e1na k\u00f6vetkeztet\u0151 egyeztet\u0151 t\u00e1rgyal\u00e1sokon\u2026 <\/p>\n<p>Ak\u00e1r m\u00e9g es\u00e9lyeink lehetnek, hogy partnerek lehess\u00fcnk a Dambovita-partj\u00e1n lev\u0151 korm\u00e1nyzati \u00e9p\u00fcletekben zajl\u00f3 munk\u00e1ban \u00e9s a realit\u00e1s talaj\u00e1n \u00e1llva \u00e9rtelmezhess\u00fck \u00e9s alkalmazhassuk magunkra a term\u00e9szetes m\u00f3don \u00e9rv\u00e9nybe l\u00e9p\u0151\u00a0<a href=\"http:\/\/www.rubicon.hu\/magyar\/oldalak\/1918_december_1_a_romanok_gyulafehervari_nagygyulese_kimondja_erdely_elszakadasat\/\">Gyulafeh\u00e9rv\u00e1ri Ki\u00e1ltv\u00e1ny<\/a>\u00a0vonatkoz\u00f3 pontjait, amelyeket oly nagylelk\u00fcen fogalmaztak meg a nemzetegyes\u00edt\u00e9s el\u0151est\u00e9j\u00e9n, s oly gal\u00e1dul felejtettek el imm\u00e1r 98 \u00e9vre, amikor t\u00e1rgyal\u00f3asztalhoz \u00fcltek a gy\u0151ztes nagyhatalmakkal.<br \/>\n\u00a0<\/p>\n<p class=\"MsoNormal\" style=\"text-align: center;\"><img loading=\"lazy\" decoding=\"async\" src=\"http:\/\/archivum.eloszekelyfold.ro\/wp-content\/uploads\/2021\/12\/Resolution_Alba_Iulia(4).jpg\" width=\"525\" height=\"408\" alt=\"\">\u00a0<\/p>\n<p class=\"MsoNormal\" style=\"text-align: left;\">Kapcsol\u00f3d\u00f3: <a href=\"http:\/\/kulturhon.szhblog.ro\/2011\/12\/01\/mi-is-a-bajunk\/\"><strong><span style=\"color: rgb(255, 0, 0);\">Mi is a bajunk nek\u00fcnk \u00f6nmagunkkal \u00e9s a vil\u00e1ggal december 1-j\u00e9n?<br \/>\n<\/span><\/strong><\/a><em><br \/>\nC\u00edmk\u00e9p\u00fcnk\u00f6n Igor Dodon, a frissen megv\u00e1lasztott mold\u00e1v eln\u00f6k. Fot\u00f3: AFP.<\/p>\n<p>Sim\u00f3 M\u00e1rton\/ \u00c9l\u0151 Sz\u00e9kelyf\u00f6ld Munkacsoport<\/p>\n<p><\/em><\/p>\n<\/p><\/div>\n","protected":false},"excerpt":{"rendered":"<p>A Moldov\u00e1ban lezajlott eln\u00f6kv\u00e1laszt\u00e1sr\u00f3l besz\u00e1mol\u00f3 h\u00edr\u00fcgyn\u00f6ks\u00e9gi jelent\u00e9sek k\u00e9sztettek az al\u00e1bbiakban k\u00f6vetkez\u0151 gondolatok meg\u00edr\u00e1s\u00e1ra. Igor Dodon &#8211; \u00e1ll az MTI k\u00f6zlem\u00e9nylben &#8211; az oroszbar\u00e1t Szocialista P\u00e1rt jel\u00f6ltje kapta meg a legt\u00f6bb szavazatot Moldov\u00e1ban az eln\u00f6kv\u00e1laszt\u00e1s vas\u00e1rnap megtartott m\u00e1sodik fordul\u00f3j\u00e1ban a szavazatok 95 sz\u00e1zal\u00e9k\u00e1nak \u00f6sszes\u00edt\u00e9se alapj\u00e1n. Az el\u0151zetes eredm\u00e9nyek szerint Dodonra a v\u00e1laszt\u00e1son r\u00e9szt vev\u0151k 55 sz\u00e1zal\u00e9ka, [&hellip;]<\/p>\n","protected":false},"author":1,"featured_media":28300,"comment_status":"open","ping_status":"open","sticky":false,"template":"","format":"standard","meta":{"footnotes":""},"categories":[],"tags":[],"class_list":["post-28299","post","type-post","status-publish","format-standard","has-post-thumbnail","hentry"],"_links":{"self":[{"href":"https:\/\/archivum.eloszekelyfold.ro\/index.php\/wp-json\/wp\/v2\/posts\/28299","targetHints":{"allow":["GET"]}}],"collection":[{"href":"https:\/\/archivum.eloszekelyfold.ro\/index.php\/wp-json\/wp\/v2\/posts"}],"about":[{"href":"https:\/\/archivum.eloszekelyfold.ro\/index.php\/wp-json\/wp\/v2\/types\/post"}],"author":[{"embeddable":true,"href":"https:\/\/archivum.eloszekelyfold.ro\/index.php\/wp-json\/wp\/v2\/users\/1"}],"replies":[{"embeddable":true,"href":"https:\/\/archivum.eloszekelyfold.ro\/index.php\/wp-json\/wp\/v2\/comments?post=28299"}],"version-history":[{"count":0,"href":"https:\/\/archivum.eloszekelyfold.ro\/index.php\/wp-json\/wp\/v2\/posts\/28299\/revisions"}],"wp:featuredmedia":[{"embeddable":true,"href":"https:\/\/archivum.eloszekelyfold.ro\/index.php\/wp-json\/wp\/v2\/media\/28300"}],"wp:attachment":[{"href":"https:\/\/archivum.eloszekelyfold.ro\/index.php\/wp-json\/wp\/v2\/media?parent=28299"}],"wp:term":[{"taxonomy":"category","embeddable":true,"href":"https:\/\/archivum.eloszekelyfold.ro\/index.php\/wp-json\/wp\/v2\/categories?post=28299"},{"taxonomy":"post_tag","embeddable":true,"href":"https:\/\/archivum.eloszekelyfold.ro\/index.php\/wp-json\/wp\/v2\/tags?post=28299"}],"curies":[{"name":"wp","href":"https:\/\/api.w.org\/{rel}","templated":true}]}}