{"id":28297,"date":"2021-12-13T03:09:01","date_gmt":"2021-12-13T03:09:01","guid":{"rendered":"http:\/\/archivum.eloszekelyfold.ro\/2021\/12\/13\/kozepkor-a-rock-kocsmaban\/"},"modified":"2021-12-13T03:09:01","modified_gmt":"2021-12-13T03:09:01","slug":"kozepkor-a-rock-kocsmaban","status":"publish","type":"post","link":"https:\/\/archivum.eloszekelyfold.ro\/index.php\/2021\/12\/13\/kozepkor-a-rock-kocsmaban\/","title":{"rendered":"K\u00f6z\u00e9pkor a rock-kocsm\u00e1ban"},"content":{"rendered":"<p><\/p>\n<div style=\"color:#666666; font-family:inherit; font-size:14px;font-style: normal;text-align:left;line-height:24px;\">\n<div style=\"float:left\"><img decoding=\"async\" src=\"http:\/\/archivum.eloszekelyfold.ro\/wp-content\/uploads\/2021\/12\/609_DSCN9915.JPG\" alt=\"K\u00f6z\u00e9pkor a rock-kocsm\u00e1ban\" style=\"padding-right:14px; padding-bottom:6px; padding-top:6px;\" width=\"320px\"><\/div>\n<p>                              A sz\u00e9kelyudvarhelyi F\u00e9szek Pub tegnap visszat\u00e9rt a 12. \u00e9s a 15. sz\u00e1zad k\u00f6z\u00f6tti id\u0151szakba. <\/p>\n<p>Az Arany Griff Lovagrend kicsiny, \u00e1m elsz\u00e1nt csapata, Sashalmi-Fekete Tam\u00e1s uram vezet\u00e9s\u00e9vel megsz\u00e1llta a Kossuth Lajos utca sark\u00e1n lev\u0151 \u00e9p\u00fclet emelet\u00e9t, majd hossz\u00fa \u00f3r\u00e1kra birtokba is vette azt. <\/p>\n<p>L\u0151n ott t\u00e1j\u00e9koztat\u00e1s, k\u00e9peknek vet\u00edt\u00e9se \u00e9s az fegyvereknek bemutat\u00e1sa, majd v\u00e9gezet\u00fcl t\u00e1ncra perd\u00fclt az elsz\u00e1nt sereg az odabent lev\u0151 feh\u00e9rn\u00e9pekkel \u00e9s emberekkel. <\/p>\n<p>Az dali\u00e1s vit\u00e9zek, t\u00f6bb \u00f3r\u00e1s helyt\u00e1ll\u00e1st k\u00f6vet\u0151en, \u00fagy estv\u00e9li 11.00 \u00f3ra t\u00e1jt visszavonul\u00e1nak azt\u00e1n sz\u00e1ll\u00e1saikra. <\/p>\n<p>A falakban \u00e9s a b\u00fatorzatban, a marh\u00e1kban vagy egyebekben k\u00e1r nem esv\u00e9n, ann\u00e1l ink\u00e1bb szolg\u00e1l\u00e1 ez a sok sz\u00e9p cselekedet az elm\u00e9knek csiszol\u00e1s\u00e1t.<\/p>\n<p><strong>Mai nyelvezeten, a 21. sz\u00e1zad ember\u00e9hez sz\u00f3lt ez a program<\/strong><\/p>\n<p>D\u00e9lut\u00e1n fegyverki\u00e1ll\u00edt\u00e1ssal alak\u00edtott\u00e1k \u00e1t kiss\u00e9 a F\u00e9szek bels\u0151 tereit: v\u00e9rteket, sisakokat helyeztek el az asztalokon, az egyik sarokban d\u00e1rd\u00e1k, \u00edjak, ny\u00edlak seg\u00edts\u00e9g\u00e9vel k\u00e9sz\u00fclt install\u00e1ci\u00f3. Az \u00e9ppen bet\u00e9ved\u0151 vagy j\u00f3l tervezett sz\u00e1nd\u00e9kkal \u00e9rkez\u0151k megcsod\u00e1lhatt\u00e1k ezeket a t\u00e1rgyakat, a lovagok pedig kinek-kinek kisel\u0151ad\u00e1sokat tartottak a ki\u00e1ll\u00edtott t\u00e1rgyakr\u00f3l. <\/p>\n<div style=\"text-align: center;\"><img loading=\"lazy\" decoding=\"async\" src=\"http:\/\/archivum.eloszekelyfold.ro\/wp-content\/uploads\/2021\/12\/DSCN9907.JPG\" width=\"500\" height=\"428\" alt=\"\"><\/div>\n<p>\nEste 7-kor vette kezdet\u00e9t az Arany Griff Lovargrend Egyes\u00fclet vezet\u0151j\u00e9nek el\u0151ad\u00e1sa, aki a 12. sz\u00e1zadt\u00f3l &#8211; a magyarok eur\u00f3pai beilleszked\u00e9s\u00e9nek korszak\u00e1t\u00f3l &#8211; kezdve tartott vet\u00edtett k\u00e9pekkel k\u00eds\u00e9rt el\u0151ad\u00e1st, M\u00e1ty\u00e1s kir\u00e1ly kor\u00e1ig hatolva k\u00f6zelebb az id\u0151ben.<\/p>\n<div style=\"text-align: center;\"><img loading=\"lazy\" decoding=\"async\" src=\"http:\/\/archivum.eloszekelyfold.ro\/wp-content\/uploads\/2021\/12\/DSCN9916.JPG\" width=\"500\" height=\"351\" alt=\"\"><\/div>\n<div style=\"text-align: center;\"><em>Sashalmi-Fekete Tam\u00e1s &#8211; a v\u00e9rtje levetve, maga digit\u00e1lis technik\u00e1t kezel \u00e9ppen<\/em><\/div>\n<p>\n\u00d6sszesen 44 k\u00e9pkocka \u00e1llott rendelkez\u00e9s\u00e9re, amelyekhez hozz\u00e1f\u0171zhette az el\u0151ad\u00f3 a m\u0171v\u00e9szet- \u00e9s hadt\u00f6rt\u00e9neti mondanival\u00f3t. <\/p>\n<p>Ez a vide\u00f3 tulajdonk\u00e9ppen premier, hiszen fejre szerelt kamer\u00e1val nem k\u00e9sz\u00edtettek m\u00e9g felv\u00e9telt. Az Arany Griff Rend h\u00e1rom mark\u00e1ns tagj\u00e1nak viadal\u00e1t lehet megtekinteni ezen a kisfilmen.<\/p>\n<div style=\"text-align: center;\"><embed type=\"application\/x-shockwave-flash\" pluginspage=\"http:\/\/www.macromedia.com\/go\/getflashplayer\" src=\"http:\/\/www.youtube.com\/v\/71XcmYZhmLA%26hl=en%26fs=1%26rel=0%26ap=%2526fmt=18\" width=\"425\" height=\"344\"><\/embed><\/div>\n<p>\nSashalmi-Fekete Tam\u00e1s nagy \u00e9rdeme, hogy mindig k\u00f6veti a friss r\u00e9g\u00e9szeti eredm\u00e9nyeket. A Sz\u00e9kelyf\u00f6ld\u00f6n \u00e9s a K\u00e1rp\u00e1t-medence k\u00fcl\u00f6nb\u00f6z\u0151 ter\u00fcleten v\u00e9gzett \u00e1sat\u00e1sok nyom\u00e1n folyamatosan ker\u00fclnek felsz\u00ednre olyan leletek, amelyek mind-mind \u00e9rt\u00e9kes kieg\u00e9sz\u00edt\u0151i az eddigi ismereteinknek, s a kr\u00f3nik\u00e1kban r\u00e1nk maradt feljegyz\u00e9sekkel, a templomok koraibeli fresk\u00f3i seg\u00edts\u00e9g\u00e9vel, egyre t\u00f6bb \u00e9s biztosabb inform\u00e1ci\u00f3t ny\u00fajtanak, hogy hitelesen tudjuk rekonstru\u00e1lni az egy adott korszakban haszn\u00e1latos ruh\u00e1zatot \u00e9s fegyverzetet. <\/p>\n<div style=\"text-align: center;\"><img loading=\"lazy\" decoding=\"async\" src=\"http:\/\/archivum.eloszekelyfold.ro\/wp-content\/uploads\/2021\/12\/DSCN9920.JPG\" width=\"500\" height=\"375\" alt=\"\"><\/div>\n<p>\nK\u00f6vetve a Szent L\u00e1szl\u00f3-legend\u00e1riumot, amely Sz\u00e9kelyf\u00f6ld-szerte is igen jelent\u0151s falk\u00e9pekben \u00e9s falk\u00e9p-r\u00e9szletekben maradt r\u00e1nk, nagyj\u00e1b\u00f3l pontosan lehet k\u00f6vetkeztetni azok keletkez\u00e9si kor\u00e1ra. \u00c9pp az ismert ruh\u00e1zat- \u00e9s fegyverzet-mint\u00e1k alapj\u00e1n. Sokat seg\u00edtenek a tiszt\u00e1bb l\u00e1t\u00e1sm\u00f3d kialakul\u00e1s\u00e1ban a frissen vagy felt\u00e1rt fresk\u00f3k is.<\/p>\n<div style=\"text-align: center;\"><img loading=\"lazy\" decoding=\"async\" src=\"http:\/\/archivum.eloszekelyfold.ro\/wp-content\/uploads\/2021\/12\/DSCN9928.JPG\" width=\"500\" height=\"341\" alt=\"\"><\/div>\n<p>\nK\u00fcl\u00f6n k\u00f6sz\u00f6net az\u00e9rt a figyelmess\u00e9g\u00e9rt, amellyel a sz\u00e9lesebb l\u00e1t\u00f3k\u00f6r &#8222;l\u00e1tv\u00e1nyelemeit&#8221; felhaszn\u00e1lva, igyekezett a h\u00e1rom sz\u00e9kely rend fegyver- \u00e9s viselett\u00f6rt\u00e9net\u00e9t is felv\u00e1zolni. Annyira elragad\u00f3 \u00e9s szenved\u00e9lyes volt az el\u0151ad\u00e1sa, hogy m\u00e9g legkisebb &#8211; tal\u00e1n 4-5 \u00e9ves &#8211; gyermekek is lankadatlan figyelemmel k\u00f6vett\u00e9k a m\u00e1sf\u00e9l \u00f3r\u00e1s el\u0151ad\u00e1st. Biztos, hogy n\u00e9h\u00e1ny zsenge fi\u00faban \u00e9s le\u00e1nyban meg is fogalmaz\u00f3dott az elhat\u00e1roz\u00e1s, hogy &#8211; amikor kicsit nagyobb lesz &#8211; be\u00e1ll a &#8222;Griffek&#8221; k\u00f6z\u00e9.<\/p>\n<div style=\"text-align: center;\"><img loading=\"lazy\" decoding=\"async\" src=\"http:\/\/archivum.eloszekelyfold.ro\/wp-content\/uploads\/2021\/12\/DSCN9935.JPG\" width=\"500\" height=\"385\" alt=\"\"><\/div>\n<p>\nAz el\u0151ad\u00e1st k\u00f6vet\u0151en ki lehett pr\u00f3b\u00e1lni egy-k\u00e9t k\u00ednz\u00f3eszk\u00f6zt. K\u00e9rdezni lehetett a harci tapasztalattal rendelkez\u0151 vit\u00e9zekt\u0151l is harc\u00e1szati titkokat. Meglepet\u00e9sk\u00e9nt egy kisfilmet is levet\u00edtettek, amely a k\u00f6zelm\u00faltban k\u00e9sz\u00fclt a v\u00e1ros f\u00f6l\u00f6tti &#8222;titokzatos&#8221; Csereh\u00e1ton, amikor fejkamer\u00e1val r\u00f6gz\u00edtett\u00e9k a viadalt.<\/p>\n<div style=\"text-align: center;\"><img loading=\"lazy\" decoding=\"async\" src=\"http:\/\/archivum.eloszekelyfold.ro\/wp-content\/uploads\/2021\/12\/DSCN9936.JPG\" width=\"250\" height=\"378\" alt=\"\"><\/div>\n<p><em><br \/>\nA szerz\u0151 felv\u00e9telei.<\/p>\n<p>Sim\u00f3 M\u00e1rton\/ \u00c9l\u0151 Sz\u00e9kelyf\u00f6ld Munkacsoport<\/em><br \/>\n<br type=\"_moz\">\n                        <\/div>\n","protected":false},"excerpt":{"rendered":"<p>A sz\u00e9kelyudvarhelyi F\u00e9szek Pub tegnap visszat\u00e9rt a 12. \u00e9s a 15. sz\u00e1zad k\u00f6z\u00f6tti id\u0151szakba. Az Arany Griff Lovagrend kicsiny, \u00e1m elsz\u00e1nt csapata, Sashalmi-Fekete Tam\u00e1s uram vezet\u00e9s\u00e9vel megsz\u00e1llta a Kossuth Lajos utca sark\u00e1n lev\u0151 \u00e9p\u00fclet emelet\u00e9t, majd hossz\u00fa \u00f3r\u00e1kra birtokba is vette azt. L\u0151n ott t\u00e1j\u00e9koztat\u00e1s, k\u00e9peknek vet\u00edt\u00e9se \u00e9s az fegyvereknek bemutat\u00e1sa, majd v\u00e9gezet\u00fcl t\u00e1ncra perd\u00fclt [&hellip;]<\/p>\n","protected":false},"author":1,"featured_media":28298,"comment_status":"open","ping_status":"open","sticky":false,"template":"","format":"standard","meta":{"footnotes":""},"categories":[],"tags":[],"class_list":["post-28297","post","type-post","status-publish","format-standard","has-post-thumbnail","hentry"],"_links":{"self":[{"href":"https:\/\/archivum.eloszekelyfold.ro\/index.php\/wp-json\/wp\/v2\/posts\/28297","targetHints":{"allow":["GET"]}}],"collection":[{"href":"https:\/\/archivum.eloszekelyfold.ro\/index.php\/wp-json\/wp\/v2\/posts"}],"about":[{"href":"https:\/\/archivum.eloszekelyfold.ro\/index.php\/wp-json\/wp\/v2\/types\/post"}],"author":[{"embeddable":true,"href":"https:\/\/archivum.eloszekelyfold.ro\/index.php\/wp-json\/wp\/v2\/users\/1"}],"replies":[{"embeddable":true,"href":"https:\/\/archivum.eloszekelyfold.ro\/index.php\/wp-json\/wp\/v2\/comments?post=28297"}],"version-history":[{"count":0,"href":"https:\/\/archivum.eloszekelyfold.ro\/index.php\/wp-json\/wp\/v2\/posts\/28297\/revisions"}],"wp:featuredmedia":[{"embeddable":true,"href":"https:\/\/archivum.eloszekelyfold.ro\/index.php\/wp-json\/wp\/v2\/media\/28298"}],"wp:attachment":[{"href":"https:\/\/archivum.eloszekelyfold.ro\/index.php\/wp-json\/wp\/v2\/media?parent=28297"}],"wp:term":[{"taxonomy":"category","embeddable":true,"href":"https:\/\/archivum.eloszekelyfold.ro\/index.php\/wp-json\/wp\/v2\/categories?post=28297"},{"taxonomy":"post_tag","embeddable":true,"href":"https:\/\/archivum.eloszekelyfold.ro\/index.php\/wp-json\/wp\/v2\/tags?post=28297"}],"curies":[{"name":"wp","href":"https:\/\/api.w.org\/{rel}","templated":true}]}}