{"id":28295,"date":"2021-12-13T03:07:01","date_gmt":"2021-12-13T03:07:01","guid":{"rendered":"http:\/\/archivum.eloszekelyfold.ro\/2021\/12\/13\/design-het-sepsiszentgyorgyon\/"},"modified":"2021-12-13T03:07:01","modified_gmt":"2021-12-13T03:07:01","slug":"design-het-sepsiszentgyorgyon","status":"publish","type":"post","link":"https:\/\/archivum.eloszekelyfold.ro\/index.php\/2021\/12\/13\/design-het-sepsiszentgyorgyon\/","title":{"rendered":"Design H\u00e9t Sepsiszentgy\u00f6rgy\u00f6n"},"content":{"rendered":"<p><\/p>\n<div style=\"color:#666666; font-family:inherit; font-size:14px;font-style: normal;text-align:left;line-height:24px;\">\n<div style=\"float:left\"><img decoding=\"async\" src=\"http:\/\/archivum.eloszekelyfold.ro\/wp-content\/uploads\/2021\/12\/608_design_week.jpg\" alt=\"Design H\u00e9t Sepsiszentgy\u00f6rgy\u00f6n\" style=\"padding-right:14px; padding-bottom:6px; padding-top:6px;\" width=\"320px\"><\/div>\n<p>                              Ha november, akkor Design H\u00e9t. Ki\u00e1ll\u00edt\u00e1sok, workshopok, szakmai besz\u00e9lget\u00e9sek, divatbemutat\u00f3, design-v\u00e1s\u00e1r \u00e9s k\u00fcl\u00f6nleges koncertek, party(k): mindebben r\u00e9sze lehet annak, aki november 21\u201327. k\u00f6z\u00f6tt ell\u00e1togat Sepsiszentgy\u00f6rgyre, az imm\u00e1r m\u00e1sodik alkalommal megszervezett Design H\u00e9tre. <\/p>\n<p>Az idei t\u00e9ma: j\u00e1t\u00e9k \u00e9s kommunik\u00e1ci\u00f3. <\/p>\n<p>A programjaink sor\u00e1n arra keresik a v\u00e1laszt, hogy a design hogyan hat, hogyan kommunik\u00e1l, \u00e9s ez\u00e1ltal hogyan teremt hozz\u00e1adott \u00e9rt\u00e9ket a t\u00e1rgyak, term\u00e9kek vil\u00e1g\u00e1ban. Ugyanakkor arra is k\u00edv\u00e1ncsiak a szervez\u0151k, hogy a j\u00e1t\u00e9koss\u00e1g \u00e9s a kreat\u00edv megold\u00e1sok mennyiben j\u00e1rulnak hozz\u00e1 egy szerethet\u0151bb, vonz\u00f3bb, versenyk\u00e9pesebb term\u00e9k kialak\u00edt\u00e1s\u00e1hoz. <\/p>\n<p>Gyere, \u00e9s mondd el te is! Ne maradj ki a j\u00e1t\u00e9kb\u00f3l! <\/p>\n<p>A r\u00e9szletes programot hamarosan k\u00f6zz\u00e9teszik a rendezv\u00e9ny honlapj\u00e1n: <a href=\"http:\/\/www.designweek.ro\/\"><strong><span style=\"color: rgb(255, 0, 0);\">www.designweek.ro<\/span><\/strong><\/a>.\u00a0<\/p>\n<p><em>\u00c9l\u0151 Sz\u00e9kelyf\u00f6ld Munkacsoport<\/em>\n                        <\/div>\n","protected":false},"excerpt":{"rendered":"<p>Ha november, akkor Design H\u00e9t. Ki\u00e1ll\u00edt\u00e1sok, workshopok, szakmai besz\u00e9lget\u00e9sek, divatbemutat\u00f3, design-v\u00e1s\u00e1r \u00e9s k\u00fcl\u00f6nleges koncertek, party(k): mindebben r\u00e9sze lehet annak, aki november 21\u201327. k\u00f6z\u00f6tt ell\u00e1togat Sepsiszentgy\u00f6rgyre, az imm\u00e1r m\u00e1sodik alkalommal megszervezett Design H\u00e9tre. Az idei t\u00e9ma: j\u00e1t\u00e9k \u00e9s kommunik\u00e1ci\u00f3. A programjaink sor\u00e1n arra keresik a v\u00e1laszt, hogy a design hogyan hat, hogyan kommunik\u00e1l, \u00e9s ez\u00e1ltal hogyan [&hellip;]<\/p>\n","protected":false},"author":1,"featured_media":28296,"comment_status":"open","ping_status":"open","sticky":false,"template":"","format":"standard","meta":{"footnotes":""},"categories":[],"tags":[],"class_list":["post-28295","post","type-post","status-publish","format-standard","has-post-thumbnail","hentry"],"_links":{"self":[{"href":"https:\/\/archivum.eloszekelyfold.ro\/index.php\/wp-json\/wp\/v2\/posts\/28295","targetHints":{"allow":["GET"]}}],"collection":[{"href":"https:\/\/archivum.eloszekelyfold.ro\/index.php\/wp-json\/wp\/v2\/posts"}],"about":[{"href":"https:\/\/archivum.eloszekelyfold.ro\/index.php\/wp-json\/wp\/v2\/types\/post"}],"author":[{"embeddable":true,"href":"https:\/\/archivum.eloszekelyfold.ro\/index.php\/wp-json\/wp\/v2\/users\/1"}],"replies":[{"embeddable":true,"href":"https:\/\/archivum.eloszekelyfold.ro\/index.php\/wp-json\/wp\/v2\/comments?post=28295"}],"version-history":[{"count":0,"href":"https:\/\/archivum.eloszekelyfold.ro\/index.php\/wp-json\/wp\/v2\/posts\/28295\/revisions"}],"wp:featuredmedia":[{"embeddable":true,"href":"https:\/\/archivum.eloszekelyfold.ro\/index.php\/wp-json\/wp\/v2\/media\/28296"}],"wp:attachment":[{"href":"https:\/\/archivum.eloszekelyfold.ro\/index.php\/wp-json\/wp\/v2\/media?parent=28295"}],"wp:term":[{"taxonomy":"category","embeddable":true,"href":"https:\/\/archivum.eloszekelyfold.ro\/index.php\/wp-json\/wp\/v2\/categories?post=28295"},{"taxonomy":"post_tag","embeddable":true,"href":"https:\/\/archivum.eloszekelyfold.ro\/index.php\/wp-json\/wp\/v2\/tags?post=28295"}],"curies":[{"name":"wp","href":"https:\/\/api.w.org\/{rel}","templated":true}]}}