{"id":28293,"date":"2021-12-13T03:03:00","date_gmt":"2021-12-13T03:03:00","guid":{"rendered":"http:\/\/archivum.eloszekelyfold.ro\/2021\/12\/13\/kiallitas-nyilt-vargha-mihaly-alkotasaibol-budapesten\/"},"modified":"2021-12-13T03:03:00","modified_gmt":"2021-12-13T03:03:00","slug":"kiallitas-nyilt-vargha-mihaly-alkotasaibol-budapesten","status":"publish","type":"post","link":"https:\/\/archivum.eloszekelyfold.ro\/index.php\/2021\/12\/13\/kiallitas-nyilt-vargha-mihaly-alkotasaibol-budapesten\/","title":{"rendered":"Ki\u00e1ll\u00edt\u00e1s ny\u00edlt Vargha Mih\u00e1ly alkot\u00e1saib\u00f3l Budapesten"},"content":{"rendered":"<p><\/p>\n<div style=\"color:#666666; font-family:inherit; font-size:14px;font-style: normal;text-align:left;line-height:24px;\">\n<div style=\"float:left\"><img decoding=\"async\" src=\"http:\/\/archivum.eloszekelyfold.ro\/wp-content\/uploads\/2021\/12\/610_kovacs_attila_mti.jpg\" alt=\"Ki\u00e1ll\u00edt\u00e1s ny\u00edlt Vargha Mih\u00e1ly alkot\u00e1saib\u00f3l Budapesten\" style=\"padding-right:14px; padding-bottom:6px; padding-top:6px;\" width=\"320px\"><\/div>\n<p>                              Vargha Mih\u00e1ly erd\u00e9lyi szobr\u00e1szm\u0171v\u00e9sz f\u00e1b\u00f3l k\u00e9sz\u00fclt nagym\u00e9ret\u0171 alkot\u00e1sait mutatja be az a ki\u00e1ll\u00edt\u00e1s, amely B\u00e1lv\u00e1nyok c\u00edmmel szerda este ny\u00edlt Budapesten a Forr\u00e1s Gal\u00e9ri\u00e1ban a Nemzetstrat\u00e9giai Kutat\u00f3int\u00e9zet K\u00e1rp\u00e1t-haza Gal\u00e9ria sorozat\u00e1nak keret\u00e9ben. <\/p>\n<p>A december 9-ig l\u00e1that\u00f3 ki\u00e1ll\u00edt\u00e1s a szobr\u00e1szm\u0171v\u00e9sz elm\u00falt \u00f6t \u00e9vben k\u00e9sz\u00fclt m\u0171vei mellett n\u00e9h\u00e1ny r\u00e9gebbi alkot\u00e1s\u00e1t is felvonultatja.<\/p>\n<p>A ki\u00e1ll\u00edt\u00f3 m\u0171v\u00e9sz, Vargha Mih\u00e1ly a kort\u00e1rs erd\u00e9lyi magyar k\u00e9pz\u0151m\u0171v\u00e9szet egyik legkiv\u00e1l\u00f3bb k\u00e9pvisel\u0151je, a sepsiszentgy\u00f6rgyi Sz\u00e9kely Nemzeti M\u00fazeum igazgat\u00f3ja, aki muzeol\u00f3gusk\u00e9nt az int\u00e9zm\u00e9nyi h\u00e1tt\u00e9r megteremt\u00e9s\u00e9n t\u00fal a vil\u00e1gban sz\u00e9tsz\u00f3rt erd\u00e9lyi magyar alkot\u00f3k m\u0171veinek \u00f6sszegy\u0171jt\u00e9s\u00e9t is szorgalmazza &#8211; hangs\u00falyozta Sz\u00e1sz Jen\u0151, a Nemzetstrat\u00e9giai Kutat\u00f3int\u00e9zet (NSKI) eln\u00f6ke a ki\u00e1ll\u00edt\u00e1s szerdai megnyit\u00f3j\u00e1n. Hozz\u00e1tette: ebben a tekintetben k\u00fcldet\u00e9se egybecseng a K\u00e1rp\u00e1t-haza Gal\u00e9ria legf\u0151bb c\u00e9lkit\u0171z\u00e9s\u00e9vel, nevezetesen azzal, hogy felkeresse \u00e9s felkutassa a vil\u00e1g b\u00e1rmely szeglet\u00e9ben \u00e9l\u0151 magyar k\u00e9pz\u0151m\u0171v\u00e9szeket.<\/p>\n<p>Az NSKI eln\u00f6ke eml\u00e9keztetett arra, hogy Vargha Mih\u00e1ly a J\u00e1szv\u00e1rosi (Ia\u015fi) K\u00e9pz\u0151m\u0171v\u00e9szeti Akad\u00e9mia szobr\u00e1sz szak\u00e1n v\u00e9gzett 1988-ban, majd a Marmosim m\u00e1rv\u00e1nyfeldolgoz\u00f3 \u00fczem dolgoz\u00f3ja lett Piskiben. Az Itt elt\u00f6lt\u00f6tt h\u00e1rom \u00e9v alatt alkalma ny\u00edlt arra, hogy k\u00fcl\u00f6nb\u00f6z\u0151 k\u0151fajt\u00e1kkal dolgozzon \u00e9s megfigyelje az anyagok megmunk\u00e1l\u00e1s\u00e1nak lehet\u0151s\u00e9geit. \u00a0Munk\u00e1ss\u00e1g\u00e1t a sz\u00fcl\u0151f\u00f6ldh\u00f6z \u00e9s a term\u00e9szethez h\u0171 ragaszkod\u00e1s jellemzi &#8211; mutatott r\u00e1. Sz\u00e1sz Jen\u0151 felh\u00edvta a figyelmet arra, hogy Vargha Mih\u00e1ly megrendel\u00e9sre k\u00e9sz\u00fclt alkot\u00e1sai mellett auton\u00f3m m\u0171veit f\u0151k\u00e9nt f\u00e1b\u00f3l k\u00e9sz\u00edti. Fatusk\u00f3kat, \u00e1gakat, f\u0171csom\u00f3kat emel m\u0171v\u00e9szi rangra, kifejezve \u00e1ltaluk legbens\u0151bb gondolatait, m\u0171v\u00e9szi elhivatotts\u00e1g\u00e1t. Latorcai Csaba, a Minisztereln\u00f6ks\u00e9g kiemelt t\u00e1rsadalmi \u00fcgyek\u00e9rt felel\u0151s helyettes \u00e1llamtitk\u00e1ra a megnyit\u00f3n hangs\u00falyozta, hogy &#8222;Magyarorsz\u00e1g csak akkor lehet er\u0151s, c\u00e9ljait csak akkor lesz k\u00e9pes el\u00e9rni, ha identit\u00e1s\u00e1t fenntartva, hagyom\u00e1nyait meg\u0151rizve, kult\u00far\u00e1j\u00e1t \u00e1polva halad az \u00e9rt\u00e9kek ment\u00e9n&#8221;.<\/p>\n<div style=\"text-align: center;\"><img loading=\"lazy\" decoding=\"async\" src=\"http:\/\/archivum.eloszekelyfold.ro\/wp-content\/uploads\/2021\/12\/szobrok.jpg\" width=\"500\" height=\"329\" alt=\"\"><\/div>\n<p><strong><br \/>\nVargha Mih\u00e1ly munk\u00e1ss\u00e1g\u00e1r\u00f3l a m\u0171v\u00e9sz egy\u00e9ni honlapj\u00e1n t\u00e1j\u00e9koz\u00f3dhat az \u00e9rdekl\u0151d\u0151:\u00a0<\/strong><a href=\"http:\/\/www.varghamihaly.ro\/\"><strong><span style=\"color: rgb(255, 0, 0);\">www.varghamihaly.ro<\/span><\/strong><\/a><strong>, illetve &#8211; aki teheti ebben a h\u00e1rom h\u00e9tben &#8211; felkeresheti Budapesten a most megnyitott ki\u00e1ll\u00edt\u00e1st a <a href=\"http:\/\/www.nski.hu\/karpat-haza-galeria.html\"><span style=\"color: rgb(255, 0, 0);\">K\u00e1rp\u00e1t-haza Gel\u00e9ri\u00e1ban<\/span><\/a>.<\/strong><\/p>\n<p>A magyar hagyom\u00e1nyok meg\u0151rz\u00e9s\u00e9hez \u00e9s \u00e1pol\u00e1s\u00e1hoz j\u00e1rul hozz\u00e1 Vargha Mih\u00e1ly is, akinek alkot\u00e1sai t\u00f6bbek k\u00f6z\u00f6tt a magyar identit\u00e1s fontoss\u00e1g\u00e1ra h\u00edvj\u00e1k fel a figyelmet &#8211; mutatott r\u00e1, p\u00e9ldak\u00e9nt eml\u00edtve a szobr\u00e1szm\u0171v\u00e9sz G\u00e1bor \u00c1ront \u00e1br\u00e1zol\u00f3 szobr\u00e1t Berecken, valamint II. R\u00e1k\u00f3czi Ferenc-portr\u00e9szobr\u00e1t, amely Sepsiszentgy\u00f6rgy\u00f6n, k\u00f6zter\u00fcleten l\u00e1that\u00f3.<\/p>\n<p>Vargha Mih\u00e1ly munk\u00e1ss\u00e1ga \u00e9kes p\u00e9lda arra, hogy a k\u00fclhoni magyars\u00e1g kult\u00far\u00e1ja \u00e9s hagyom\u00e1nyai m\u0171v\u00e9szeti alkot\u00e1sok \u00a0seg\u00edts\u00e9g\u00e9vel ismertt\u00e9 v\u00e1lhatnak a nemzetk\u00f6zi k\u00f6zv\u00e9lem\u00e9ny el\u0151tt is &#8211; tette hozz\u00e1 az \u00e1llamtitk\u00e1r.<\/p>\n<p>Stefanovits P\u00e9ter k\u00e9pz\u0151m\u0171v\u00e9sz, a Magyar M\u0171v\u00e9szeti Akad\u00e9mia rendes tagja elmondta, hogy Vargha Mih\u00e1ly f\u00e1val dolgoz\u00f3 ezermester, aki mint int\u00e9zm\u00e9nyvezet\u0151 tudom\u00e1nyos tev\u00e9kenys\u00e9get is folytat, \u00e9s kiadv\u00e1nyokat is k\u00e9sz\u00edt.<\/p>\n<p>A ki\u00e1ll\u00edt\u00e1son l\u00e1that\u00f3 nagym\u00e9ret\u0171 b\u00e1lv\u00e1nyai mint kultikus eml\u00e9km\u0171vek r\u00e9gi f\u00e1kb\u00f3l, bontott h\u00e1zak gerend\u00e1ib\u00f3l \u00e9p\u00fclnek fel. &#8222;Vargha Mih\u00e1ly nem akar eszt\u00e9tiz\u00e1lni \u00e9s sz\u00e9pet l\u00e9trehozni, hanem t\u00f6megekkel \u00e9s a t\u00e1rgyak val\u00f3s\u00e1gos materi\u00e1lis fel\u00fclet\u00e9vel hat r\u00e1nk&#8221; &#8211; hangs\u00falyozta a k\u00e9pz\u0151m\u0171v\u00e9sz.<\/p>\n<div style=\"text-align: center;\"><img loading=\"lazy\" decoding=\"async\" src=\"http:\/\/archivum.eloszekelyfold.ro\/wp-content\/uploads\/2021\/12\/vargha-mihaly.jpg\" width=\"500\" height=\"365\" alt=\"\"><\/div>\n<div style=\"text-align: center;\"><em>Vargha Mih\u00e1ly szobr\u00e1sz, a sepsiszentgy\u00f6rgyi Sz\u00e9kely Nemzeti M\u00fazeum igazgat\u00f3ja<br \/>\n(K\u00e9p forr\u00e1sa: www.medaklikk.hu)<\/em><\/div>\n<p>\nVargha Mih\u00e1ly 1961-ben sz\u00fcletett K\u00e9zdiv\u00e1s\u00e1rhelyen. 1990 m\u00e1rcius\u00e1ban a sepsiszentgy\u00f6rgyi Sz\u00e9kely Nemzeti M\u00fazeum K\u00e9pt\u00e1r\u00e1nak (ma Gy\u00e1rf\u00e1s Jen\u0151 K\u00e9pt\u00e1r) vezet\u0151je lett, 2007-t\u0151l a Sz\u00e9kely Nemzeti M\u00fazeum igazgat\u00f3ja. Tagja a Rom\u00e1niai K\u00e9pz\u0151m\u0171v\u00e9szek Orsz\u00e1gos Sz\u00f6vets\u00e9g\u00e9nek, a Barab\u00e1s Mikl\u00f3s C\u00e9hnek \u00e9s a Magyar M\u0171v\u00e9szeti Akad\u00e9mi\u00e1nak.<br \/>\n<em><br \/>\nC\u00edmk\u00e9p\u00fcnk\u00f6n Sz\u00e1sz Jen\u0151, az NSKI eln\u00f6ke, Latorcai Csaba \u00e1llamtitk\u00e1r \u00e9s Vargha Mih\u00e1ly k\u00e9pz\u0151m\u0171v\u00e9sz. Fot\u00f3: Kov\u00e1cs Attila\/ MTI<\/p>\n<p>Forr\u00e1s: MTI<\/p>\n<p>\u00c9l\u0151 Sz\u00e9kelyf\u00f6ld Munkacsoport<\/em>\n                        <\/div>\n","protected":false},"excerpt":{"rendered":"<p>Vargha Mih\u00e1ly erd\u00e9lyi szobr\u00e1szm\u0171v\u00e9sz f\u00e1b\u00f3l k\u00e9sz\u00fclt nagym\u00e9ret\u0171 alkot\u00e1sait mutatja be az a ki\u00e1ll\u00edt\u00e1s, amely B\u00e1lv\u00e1nyok c\u00edmmel szerda este ny\u00edlt Budapesten a Forr\u00e1s Gal\u00e9ri\u00e1ban a Nemzetstrat\u00e9giai Kutat\u00f3int\u00e9zet K\u00e1rp\u00e1t-haza Gal\u00e9ria sorozat\u00e1nak keret\u00e9ben. A december 9-ig l\u00e1that\u00f3 ki\u00e1ll\u00edt\u00e1s a szobr\u00e1szm\u0171v\u00e9sz elm\u00falt \u00f6t \u00e9vben k\u00e9sz\u00fclt m\u0171vei mellett n\u00e9h\u00e1ny r\u00e9gebbi alkot\u00e1s\u00e1t is felvonultatja. A ki\u00e1ll\u00edt\u00f3 m\u0171v\u00e9sz, Vargha Mih\u00e1ly a kort\u00e1rs [&hellip;]<\/p>\n","protected":false},"author":1,"featured_media":28294,"comment_status":"open","ping_status":"open","sticky":false,"template":"","format":"standard","meta":{"footnotes":""},"categories":[],"tags":[],"class_list":["post-28293","post","type-post","status-publish","format-standard","has-post-thumbnail","hentry"],"_links":{"self":[{"href":"https:\/\/archivum.eloszekelyfold.ro\/index.php\/wp-json\/wp\/v2\/posts\/28293","targetHints":{"allow":["GET"]}}],"collection":[{"href":"https:\/\/archivum.eloszekelyfold.ro\/index.php\/wp-json\/wp\/v2\/posts"}],"about":[{"href":"https:\/\/archivum.eloszekelyfold.ro\/index.php\/wp-json\/wp\/v2\/types\/post"}],"author":[{"embeddable":true,"href":"https:\/\/archivum.eloszekelyfold.ro\/index.php\/wp-json\/wp\/v2\/users\/1"}],"replies":[{"embeddable":true,"href":"https:\/\/archivum.eloszekelyfold.ro\/index.php\/wp-json\/wp\/v2\/comments?post=28293"}],"version-history":[{"count":0,"href":"https:\/\/archivum.eloszekelyfold.ro\/index.php\/wp-json\/wp\/v2\/posts\/28293\/revisions"}],"wp:featuredmedia":[{"embeddable":true,"href":"https:\/\/archivum.eloszekelyfold.ro\/index.php\/wp-json\/wp\/v2\/media\/28294"}],"wp:attachment":[{"href":"https:\/\/archivum.eloszekelyfold.ro\/index.php\/wp-json\/wp\/v2\/media?parent=28293"}],"wp:term":[{"taxonomy":"category","embeddable":true,"href":"https:\/\/archivum.eloszekelyfold.ro\/index.php\/wp-json\/wp\/v2\/categories?post=28293"},{"taxonomy":"post_tag","embeddable":true,"href":"https:\/\/archivum.eloszekelyfold.ro\/index.php\/wp-json\/wp\/v2\/tags?post=28293"}],"curies":[{"name":"wp","href":"https:\/\/api.w.org\/{rel}","templated":true}]}}