{"id":28291,"date":"2021-12-13T03:01:01","date_gmt":"2021-12-13T03:01:01","guid":{"rendered":"http:\/\/archivum.eloszekelyfold.ro\/2021\/12\/13\/atadtak-a-szervatiusz-jeno-dijakat-frissitve\/"},"modified":"2021-12-13T03:01:01","modified_gmt":"2021-12-13T03:01:01","slug":"atadtak-a-szervatiusz-jeno-dijakat-frissitve","status":"publish","type":"post","link":"https:\/\/archivum.eloszekelyfold.ro\/index.php\/2021\/12\/13\/atadtak-a-szervatiusz-jeno-dijakat-frissitve\/","title":{"rendered":"\u00c1tadt\u00e1k a Szerv\u00e1tiusz Jen\u0151-d\u00edjakat &#8211; FRISS\u00cdTVE!"},"content":{"rendered":"<p><\/p>\n<div style=\"color:#666666; font-family:inherit; font-size:14px;font-style: normal;text-align:left;line-height:24px;\">\n<div style=\"float:left\"><img decoding=\"async\" src=\"http:\/\/archivum.eloszekelyfold.ro\/wp-content\/uploads\/2021\/12\/611_szervatiuszjenodij.jpg\" alt=\"\u00c1tadt\u00e1k a Szerv\u00e1tiusz Jen\u0151-d\u00edjakat - FRISS\u00cdTVE!\" style=\"padding-right:14px; padding-bottom:6px; padding-top:6px;\" width=\"320px\"><\/div>\n<div>Id\u00e9n a farkaslaki Tam\u00e1si \u00c1ron M\u0171vel\u0151d\u00e9si Egyes\u00fclet (T\u00c1ME), illetve annak vezet\u0151je, Hadnagy Jol\u00e1n is r\u00e9szes\u00fclt e rangos elismer\u00e9sben. <\/p>\n<p>Az elismer\u00e9s egy szoborb\u00f3l, p\u00e9nzjutalomb\u00f3l \u00e9s oklev\u00e9lb\u0151l \u00e1ll.\u00a0<\/p>\n<div>\u00a0<\/div>\n<p>A d\u00edjakat november 16-\u00e1n adt\u00e1k \u00e1t Budapesten. <\/p>\n<p>A Szerv\u00e1tiusz Alap\u00edtv\u00e1nyt Szerv\u00e1tiusz Tibor Kossuth d\u00edjas szobr\u00e1szm\u0171v\u00e9sz alap\u00edtotta, szint\u00e9n szobr\u00e1sz \u00e9desapja:\u00a0Szerv\u00e1tiusz Jen\u0151 (1903-1983) sz\u00fclet\u00e9s\u00e9nek 100. \u00e9vfordul\u00f3j\u00e1n 2003-ban.\u00a0Egy\u00fattal l\u00e9trehozta a Szerv\u00e1tiusz Jen\u0151-d\u00edjat is, azzal a c\u00e9llal, hogy r\u00e1ir\u00e1ny\u00edtsa a figyelmet a K\u00e1rp\u00e1t-medenc\u00e9ben\u00a0sz\u00fclet\u0151 magyar m\u0171v\u00e9szetre, magyar m\u0171v\u00e9szekre.\u00a0<\/p><\/div>\n<div>\nA Szerv\u00e1tiusz Jen\u0151-d\u00edjat a kurat\u00f3rium \u00e9vente adja \u00e1t olyan k\u00e9pz\u0151m\u0171v\u00e9szeknek &#8211; fest\u0151, szobr\u00e1sz, grafikus -, akik a nemzeti kult\u00fara\u00a0gy\u00f6kereit felmutat\u00f3, magas sz\u00ednvonal\u00fa m\u0171v\u00e9szetet hoznak, hoztak l\u00e9tre.\u00a0A formakult\u00fara ugyanis &#8211; a nyelv \u00e9s zene mellett &#8211; a legfontosabb identit\u00e1s-megtart\u00f3 er\u0151 egy nemzet \u00e9let\u00e9ben, a\u00a0megmarad\u00e1sunk egyik z\u00e1loga.\u00a02005 \u00f3ta &#8211; felv\u00e1ltva &#8211; m\u0171v\u00e9szett\u00f6rt\u00e9n\u00e9sz, illetve \u00fajs\u00e1g\u00edr\u00f3 is kap alternat\u00edv Szerv\u00e1tiusz Jen\u0151-d\u00edjat a magyar m\u0171v\u00e9szet\u00a0bemutat\u00e1s\u00e1\u00e9rt, \u00e9rt\u00e9kel\u00e9s\u00e9\u00e9rt, valamint azok, akik munk\u00e1jukkal hozz\u00e1j\u00e1rulnak a magyar nemzeti identit\u00e1studat\u00a0er\u0151s\u00edt\u00e9s\u00e9hez &#8211; \u00edrja az alap\u00edtv\u00e1nytev\u0151 a Szerv\u00e1tiusz Alap\u00edtv\u00e1ny k\u00fcldet\u00e9s\u00e9r\u0151l.\u00a0<br \/>\n\u00a0<\/div>\n<div style=\"text-align: center;\"><strong><img loading=\"lazy\" decoding=\"async\" src=\"http:\/\/archivum.eloszekelyfold.ro\/wp-content\/uploads\/2021\/12\/hadnagy_jolan_atveszi_a_dijat.jpg\" width=\"600\" height=\"728\" alt=\"\" style=\"text-align: center;\"><\/strong><\/div>\n<div style=\"text-align: center;\"><em>Szerv\u00e1tiusz Tibor \u00e1tadja a d\u00edjat Hadnagy Jol\u00e1nnak a november 16-\u00e1n tatott \u00fcnneps\u00e9gen<\/em><\/div>\n<div style=\"text-align: left;\">\u00a0<\/div>\n<div style=\"text-align: left;\"><strong style=\"text-align: center;\"><\/p>\n<div style=\"text-align: left;\">Hadnagy Jol\u00e1n laud\u00e1ci\u00f3ja<\/div>\n<p><\/strong><\/div>\n<div><\/p>\n<div>Tisztelt \u00fcnnepl\u0151 egybegy\u0171ltek!<br \/>\n\u00a0<\/div>\n<div>Amikor megtudtam, hogy milyen \u00f6r\u00f6m \u00e9rte \u00fcnnepelt asszonyunkat, Hadnagy Jol\u00e1nt, s hogy ebben az \u00f6r\u00f6mben nekem is szerepet sz\u00e1nt, borzonk\u00e1zni kezdett a sz\u00edvem. Apr\u00f3 h\u0151sugarak rebbentek fel a sz\u00edvem k\u00f6r\u00fcl, s indultak el a boldogs\u00e1g v\u00e9gtelen \u00fatj\u00e1n fel\u00e9tek. T\u00f6bb okb\u00f3l is. El\u0151sz\u00f6r mert nem vagyok a besz\u00e9l\u0151 emberek fajt\u00e1j\u00e1b\u00f3l val\u00f3. \u00c9s legt\u00f6bbsz\u00f6r &#8211; nagyon sokszor -, megk\u00f6sz\u00f6nni se tudom, ha valaki vagy valami \u00f6r\u00f6m\u00f6t okoz!<\/p>\n<p>Lehet az\u00e9rt, mert nem vagyunk, nem voltunk \u00a0hozz\u00e1szoktatva?<\/p>\n<p>\u00c9s most m\u00e9gis erre k\u00e9nyszer\u00edt ez a kiv\u00e9teles pillanat. K\u00f6sz\u00f6ntenem kell egy asszonyt, aki sz\u00edvem \u00a0szerint val\u00f3, \u00e9s egy alap\u00edtv\u00e1nyt, amely j\u00f3 d\u00f6nt\u00e9st hozott. K\u00f6sz\u00f6ntenem kell egy asszonyt, akiben a feladat, a \u00a0sz\u00e1nd\u00e9k \u00e9s tett megtal\u00e1lta egym\u00e1st, \u00e9s m\u00e1r csak a m\u00e1sok figyelme kellett hozz\u00e1. \u00c9s tudom mit jelent a tette, mert \u00a0\u00e9vekig omladozott az, ami jav\u00edtani val\u00f3 lett volna, \u00e9vekig v\u00e1rt \u00e9p\u00edt\u00e9sre, amit \u00e9p\u00edteni kellett volna!<\/p>\n<p>\u00c9s kell \u00a0tudnotok, Hadnagy Jol\u00e1n, a Farkaslaki Tam\u00e1si \u00c1ron Egyes\u00fclet eln\u00f6ke kell\u0151en b\u00e1tor ahhoz, hogy kier\u0151szakolja v\u00e9lt igaz\u00e1t, s val\u00f3ra v\u00e1ltsa a meg\u00e1lmodott \u00e1lm\u00e1t.<\/p>\n<p>Viszont ki kell hangs\u00falyoznom azt is, hogy a Szerv\u00e1tiusz Alap\u00edtv\u00e1ny \u00a0d\u00f6nt\u00e9se &#8211; illesse dics\u00e9ret \u00e9rte &#8211; csak betet\u0151zte azt a ritka \u00f6sszefog\u00e1st, ami a szobor elk\u00e9sz\u00edt\u00e9se, s Tam\u00e1si \u00c1ron \u00a0eml\u00e9ke k\u00f6r\u00fcl megval\u00f3sult.<\/p>\n<p>Nagy pillanat volt ez m\u00e9g egy nemzet \u00e9let\u00e9ben is. Az Olt\u00e1rk\u0151, amely ott virrasztott az \u00e9n \u00a0sz\u00fcl\u0151falum, K\u00e1poln\u00e1s felett, \u00e9des \u00f6ccs\u00e9t, az \u00dar asztal\u00e1t ostyatart\u00f3nak odaadta Farkaslak\u00e1nak, hogy a k\u00e9t \u00f6reg t\u00f6lgy \u00a0\u00e1rny\u00e9k\u00e1ban Szerv\u00e1tiusz Jen\u0151 \u00e9s Szerv\u00e1tiusz Tibor lelket \u00f6nts\u00f6n bel\u00e9, s \u00e9letre keljen egy \u00fajabb Olt\u00e1rk\u00e9nt a Sz\u00e9kely \u00a0Biblia. \u00c9s \u00c1bel pal\u00e1stja alatt Tam\u00e1si szelleme k\u00eds\u00e9rt az\u00f3ta is. Ott van J\u00e9gt\u00f6r\u0151 M\u00e1ty\u00e1s, az \u00c9nekes mad\u00e1r Magd\u00f3ja, A \u00a0hal\u00e1lra t\u00e1ncoltatott l\u00e1ny, s persze maga \u00c1bel is, aki megj\u00e1rta Amerik\u00e1t is , csak az\u00e9rt ,hogy hirdethesse:&#8221;az\u00e9rt \u00a0vagyunk a vil\u00e1gban, hogy valahol otthon legy\u00fcnk benne.<\/p>\n<p>S ha most , az \u00f6r\u00f6m pillanat\u00e1ban azt mondom, hogy sok asszony munk\u00e1ja is kellett hozz\u00e1, nem mondok val\u00f3tlant, csak az igazat \u00e1rnyalom.<\/p>\n<p>2010-ben az egyes\u00fclet \u00fajj\u00e1szervez\u0151d\u00f6tt, s lett eln\u00f6kasszonya Hadnagy Jol\u00e1n egy n\u00e9gygyermekes \u00e9desanya, \u00f3v\u00f3n\u0151, m\u0171vel\u0151d\u00e9sszervez\u0151. Hogy mi minden val\u00f3sult meg az\u00f3ta , nem sorolom, fent van a honlapon&#8230;<\/p>\n<p>\u0150t id\u00e9zem, Hadnagy Jol\u00e1nt: &#8222;B\u00e1r szeretn\u00e9nk, \u00e1m nemigen tudjuk megv\u00e1ltani a vil\u00e1got. De tessz\u00fck, amit egyszer\u0171 falusi emberk\u00e9nt tehet\u00fcnk, amit, parancsk\u00e9nt r\u00e1nk b\u00edzott Tam\u00e1si \u00c1ron: &#8221; \u00c9s r\u00e1tok b\u00edzom az itt marad\u00f3 kincseket: a vir\u00e1got cs\u00f3kol\u00f3 madarat, a sz\u00e1nt\u00f3-vet\u0151 embert s a K\u00fck\u00fcll\u0151be hullott h\u00e1rom csillagot. \u00c9s ezeknek m\u00e9ly\u00e9n az erd\u00e9lyi sz\u00e9ps\u00e9get, a magyar j\u00f3s\u00e1got \u00e9s a t\u00f6rt\u00e9nelem erej\u00e9t&#8221; \u00c9s \u0151rizz\u00fck azt.&#8221;<\/p>\n<p>V\u00e9gezet\u00fcl: h\u00e1l\u00e1s sz\u00edvvel k\u00f6sz\u00f6n\u00f6k meg minden figyelmet. Olyan, mint az Isten mosolya, ha ti r\u00e1nk mosolyogtok. \u00c9s hogyha ti r\u00e1nk mosolyogtok az olyan, mintha Magyarorsz\u00e1g mosolyogna r\u00e1nk, \u00e9s Erd\u00e9ly pedig a f\u00f6ld igazi k\u00f6zepe lenne. \u00a0Mert ideje van a mosolynak is, a dics\u00e9retnek \u00e9s a szeretetnek, m\u00e9g a mi \u00e9let\u00fcnkben is.<\/p><\/div>\n<div style=\"text-align: right;\"><em>L\u0151rincz Gy\u00f6rgy<\/em><\/div>\n<div>\u00a0<\/div>\n<p><strong>Szerv\u00e1tiusz Jen\u0151r\u0151l, a n\u00e9vad\u00f3r\u00f3l<\/strong><\/p>\n<p>Kincses Kolozsv\u00e1rt sz\u00fcletett m\u00e9g a &#8222;boldog b\u00e9keid\u0151kben&#8221;, a hossz\u00fa 20. sz\u00e1zad hajnal\u00e1n. Felmen\u0151i k\u00f6z\u00f6tt nemesek, sz\u00e1sz iparosok\u00a0\u00e9pp\u00fagy megtal\u00e1lhat\u00f3k, mint h\u00e1romsz\u00e9ki gazd\u00e1lkod\u00f3k.<\/p>\n<p>A k\u00f6z\u00e9pkori Kolozsv\u00e1ri testv\u00e9rek ut\u00e1n Erd\u00e9ly els\u0151 jelent\u0151s szobr\u00e1sza. Igen ifjan kitanul ugyan n\u00e9h\u00e1ny mesters\u00e9get,\u00a0a kov\u00e1cs- \u00e9s a b\u00fatork\u00e9sz\u00edt\u0151-szakm\u00e1t, \u00e1m 1925-ben m\u00e1r P\u00e1rizsban tanulja a szobr\u00e1szatot. Ekkor mind\u00f6ssze 22 \u00e9ves. K\u00e9t \u00e9v\u00a0m\u00falva beiratkozik a kolozsv\u00e1ri K\u00e9pz\u0151m\u0171v\u00e9szeti F\u0151iskol\u00e1ra, ahol szobr\u00e1sz szakon szerez diplom\u00e1t. Ily m\u00f3don le\u00edrhat\u00f3, hogy &#8222;eredeti&#8221;\u00a0foglalkoz\u00e1sa szerint is szobr\u00e1sz.<\/p>\n<p>A kisebbs\u00e9gi sors legnagyobb megpr\u00f3b\u00e1ltat\u00e1saiban \u00e9s megal\u00e1ztat\u00e1saiban is mindv\u00e9gig h\u0171 maradt magyars\u00e1g\u00e1hoz, s ebben\u00a0a szellemben nevelte fi\u00e1t is. Egy h\u00e1tizs\u00e1kkal, benne a v\u00e9s\u0151i, s fi\u00e1val sz\u00e1mtalanszor v\u00e9giggyalogolta Erd\u00e9ly\u00a0falvait, s \u00edgy m\u00e9lyen megismerte n\u00e9pe \u00e9let\u00e9t, szellemi kincseit, \u00f6r\u00f6ks\u00e9g\u00e9t. Ezek az \u00e9lm\u00e9nyek hat\u00e1rozt\u00e1k meg\u00a0m\u0171v\u00e9szet\u00e9nek alakul\u00e1s\u00e1t.<br \/>\n\u00a0<\/div>\n<div style=\"text-align: center;\"><img loading=\"lazy\" decoding=\"async\" src=\"http:\/\/archivum.eloszekelyfold.ro\/wp-content\/uploads\/2021\/12\/szervatiusjeno.jpg\" width=\"400\" height=\"284\" alt=\"\"><\/div>\n<div style=\"text-align: center;\"><em>Szerv\u00e1tiusz Jen\u0151 &#8211; valamikor az 1960-as \u00e9vekben<\/em><\/div>\n<div>\nA p\u00e1rizsi \u00e9lm\u00e9nyek ut\u00e1n sem \u00e1llt be a &#8222;nyugati&#8221; m\u0171v\u00e9szek ut\u00e1nz\u00f3i k\u00f6z\u00e9, s b\u00e1r szerette az akkor divatos kubizmust,\u00a0nem k\u00f6vetett szolgai m\u00f3don egyetlen ir\u00e1nyzatot sem. Saj\u00e1t nyelvet, szobr\u00e1szi kifejez\u00e9si m\u00f3dot alak\u00edtott ki, az\u00a0erd\u00e9lyi ballad\u00e1k egyed\u00fcl\u00e1ll\u00f3 st\u00edlus\u00fa farag\u00f3ja lett. A p\u00e1rizsi \u00e9veknek tal\u00e1n az lett a legnagyobb hozad\u00e9ka, hogy\u00a0b\u00e1tran ny\u00falt az akt-t\u00e9m\u00e1hoz.<\/p>\n<p>Trianon ut\u00e1n Erd\u00e9lyben kibontakoz\u00f3 szellemi ir\u00e1nyzatok k\u00f6z\u00fcl els\u0151sorban a\u00a0transzszilvanizmushoz, az auton\u00f3m hagyom\u00e1nyok \u0151rz\u00e9s\u00e9t \u00e9s gyarap\u00edt\u00e1s\u00e1t hivat\u00e1s\u00e1nak tekint\u0151 Erd\u00e9lyi Helikon \u00e9rtelmis\u00e9gi csoportosul\u00e1s\u00e1hoz\u00a0f\u0171zt\u00e9k szoros sz\u00e1lak. Mint tudjuk, a K\u00f3s K\u00e1roly, B\u00e1nffy Mikl\u00f3s, Kem\u00e9ny J\u00e1nos vezet\u00e9s\u00e9vel m\u0171k\u00f6d\u0151 mozgalom 1929-ben\u00a0hozta l\u00e9tre Barab\u00e1s Mikl\u00f3s C\u00e9h n\u00e9ven &#8222;az erd\u00e9lyi k\u00e9pz\u0151m\u0171v\u00e9szek szabad munkak\u00f6z\u00f6ss\u00e9g\u00e9t&#8221;. Ennek lett tagja\u00a0Szerv\u00e1tiusz Jen\u0151 is, s a C\u00e9h \u00e1ltal rendezett ki\u00e1ll\u00edt\u00e1sokon gyakorta \u00e1ll\u00edtott ki. 1933 \u00e9s 1936 k\u00f6z\u00f6tt k\u00eds\u00e9rletet\u00a0tett Szolnay S\u00e1ndor fest\u0151m\u0171v\u00e9sszel arra, hogy p\u00f3tolja a megsz\u0171nt kolozsv\u00e1ri magyar m\u0171v\u00e9szk\u00e9pz\u00e9st. Mag\u00e1niskol\u00e1t\u00a0nyitottak a Minerva Nyomda emeleti traktus\u00e1n. &#8222;E kor m\u0171v\u00e9szeinek erd\u00e9lyis\u00e9ge <em>vil\u00e1gfigyel\u0151 tet\u0151<\/em> volt, nem szemhat\u00e1r\u00a0sz\u0171k\u00edt\u0151 provincializmus&#8221; &#8211; \u00edrja r\u00f3luk egy tanulm\u00e1nyban Liszt\u00f3czky L\u00e1szl\u00f3 m\u0171vel\u0151d\u00e9st\u00f6rt\u00e9n\u00e9sz.<br \/>\n\u00a0<\/div>\n<div style=\"text-align: center;\"><img loading=\"lazy\" decoding=\"async\" src=\"http:\/\/archivum.eloszekelyfold.ro\/wp-content\/uploads\/2021\/12\/szervatiuszek.jpg\" width=\"450\" height=\"637\" alt=\"\"><\/div>\n<div style=\"text-align: center;\"><em>Szolnay S\u00e1ndorral \u00e9s Gy. Szab\u00f3 B\u00e9l\u00e1val a Minerva-beli iskolam\u0171teremben <br \/>\n&#8211; a fot\u00f3 S\u00fcmegi Gy\u00f6rgy gy\u0171jtem\u00e9ny\u00e9b\u0151l val\u00f3<\/em><\/div>\n<div>\nElismerts\u00e9ge a boldog &#8222;kicsi magyar id\u0151&#8221; ut\u00e1n is megmaradt. \u00c1llami d\u00edjas, \u00c9rdemes M\u0171v\u00e9szk\u00e9nt elfogadhat\u00f3 anyagi\u00a0k\u00f6r\u00fclm\u00e9nyek k\u00f6z\u00f6tt \u00e9lhetett, alkothatott. Nem vett r\u00e9szt a diktat\u00f3rikus \u00e9vek k\u00f6z\u00e9let\u00e9ben, emiatt a f\u0151iskol\u00e1n\u00a0h\u00e1tt\u00e9rbe szor\u00edtott\u00e1k. Egyetlen nagy k\u00f6zt\u00e9ri alkot\u00e1s\u00e1t 1971-72 k\u00e9sz\u00edthette, a farkaslaki Tam\u00e1si \u00c1ronnak faragtak eml\u00e9km\u0171vet fi\u00e1val, Szerv\u00e1tiusz\u00a0Tiborral k\u00f6z\u00f6sen. Ekkorra ugyanis m\u00e1r megromlott eg\u00e9szs\u00e9gi \u00e1llapota. Hamarosan sz\u00edvm\u0171t\u00e9ten\u00a0esett \u00e1t. Ezt k\u00f6vet\u0151en az id\u0151k\u00f6zben Magyarorsz\u00e1gra \u00e1ttelep\u00fclni k\u00e9nyszer\u00fclt fi\u00e1n\u00e1l \u00e9lt hal\u00e1l\u00e1ig Budapesten. <\/p>\n<p>\u00c9let\u00e9nek eme utols\u00f3 szakasza igen eredm\u00e9nyes volt, k\u00f6zben elk\u00e9sz\u00edthette a p\u00e1pai J\u00f3kai-eml\u00e9km\u0171vet, a soproni Cantata Profan\u00e1t, s a budapesti Bart\u00f3k Int\u00e9zet felk\u00e9r\u00e9s\u00e9re is faragott egy Cantat\u00e1t.<\/p>\n<p>Egy\u00e9bk\u00e9nt igen term\u00e9keny szobr\u00e1sz volt, t\u00f6bb mint ezer szobrot k\u00e9sz\u00edtett, s ezek t\u00falnyom\u00f3 t\u00f6bbs\u00e9ge\u00a0mag\u00e1nszem\u00e9lyekn\u00e9l tal\u00e1lhat\u00f3 szerte a vil\u00e1gon.<\/p>\n<p>Posztumusz Magyar \u00d6r\u00f6ks\u00e9g d\u00edjat kapott 2003-ban. Eml\u00e9k\u00e9t Budapest X. ker\u00fclet\u00e9ben a r\u00f3la elnevezett \u00e1ltal\u00e1nos iskola is \u0151rzi.<br \/>\n\u00a0<\/div>\n<div style=\"text-align: center;\"><img loading=\"lazy\" decoding=\"async\" src=\"http:\/\/archivum.eloszekelyfold.ro\/wp-content\/uploads\/2021\/12\/Szervatiusz_Jeno_sirja.jpg\" width=\"300\" height=\"400\" alt=\"\"><\/div>\n<div style=\"text-align: center;\"><em>Szerv\u00e1tiusz Jen\u0151 s\u00edrja Budapesten <br \/>\na Farkasr\u00e9ti Temet\u0151ben <br \/>\n&#8211; fia, Szerv\u00e1tiusz Tibor munk\u00e1ja<\/em><\/div>\n<div>\nRendelkezik Szerv\u00e1tiusz Jen\u0151-szoborral a kolozsv\u00e1ri Sz\u00e9pm\u0171v\u00e9szeti M\u00fazeum, a budapesti Nemzeti Gal\u00e9ria, \u00e9s 1996 \u00f3ta a\u00a0Kolozsv\u00e1ri Szerv\u00e1tiusz M\u00fazeumban l\u00e1that\u00f3 csaknem hetven m\u0171ve, amelyet fia adom\u00e1nyozott a v\u00e1rosnak. A gy\u0171jtem\u00e9nyt a Kolozsv\u00e1r-Belv\u00e1rosi R\u00f3mai Katolikus Egyh\u00e1zk\u00f6zs\u00e9g adminisztr\u00e1lja.<\/p>\n<p><em>Forr\u00e1sok: www.szervatiusz.hu, www.artportal.hu, Wikip\u00e9dia, Banner Zolt\u00e1n monogr\u00e1fi\u00e1ja.<\/em><\/p>\n<p><em>\u00c9l\u0151 Sz\u00e9kelyf\u00f6ld Munkacsoport<\/em><\/div>\n<div>\u00a0<\/div>\n<div>\u00a0<\/div>\n<div>\u00a0<\/div>\n<\/p><\/div>\n","protected":false},"excerpt":{"rendered":"<p>Id\u00e9n a farkaslaki Tam\u00e1si \u00c1ron M\u0171vel\u0151d\u00e9si Egyes\u00fclet (T\u00c1ME), illetve annak vezet\u0151je, Hadnagy Jol\u00e1n is r\u00e9szes\u00fclt e rangos elismer\u00e9sben. Az elismer\u00e9s egy szoborb\u00f3l, p\u00e9nzjutalomb\u00f3l \u00e9s oklev\u00e9lb\u0151l \u00e1ll.\u00a0 \u00a0 A d\u00edjakat november 16-\u00e1n adt\u00e1k \u00e1t Budapesten. A Szerv\u00e1tiusz Alap\u00edtv\u00e1nyt Szerv\u00e1tiusz Tibor Kossuth d\u00edjas szobr\u00e1szm\u0171v\u00e9sz alap\u00edtotta, szint\u00e9n szobr\u00e1sz \u00e9desapja:\u00a0Szerv\u00e1tiusz Jen\u0151 (1903-1983) sz\u00fclet\u00e9s\u00e9nek 100. \u00e9vfordul\u00f3j\u00e1n 2003-ban.\u00a0Egy\u00fattal l\u00e9trehozta a Szerv\u00e1tiusz [&hellip;]<\/p>\n","protected":false},"author":1,"featured_media":28292,"comment_status":"open","ping_status":"open","sticky":false,"template":"","format":"standard","meta":{"footnotes":""},"categories":[],"tags":[],"class_list":["post-28291","post","type-post","status-publish","format-standard","has-post-thumbnail","hentry"],"_links":{"self":[{"href":"https:\/\/archivum.eloszekelyfold.ro\/index.php\/wp-json\/wp\/v2\/posts\/28291","targetHints":{"allow":["GET"]}}],"collection":[{"href":"https:\/\/archivum.eloszekelyfold.ro\/index.php\/wp-json\/wp\/v2\/posts"}],"about":[{"href":"https:\/\/archivum.eloszekelyfold.ro\/index.php\/wp-json\/wp\/v2\/types\/post"}],"author":[{"embeddable":true,"href":"https:\/\/archivum.eloszekelyfold.ro\/index.php\/wp-json\/wp\/v2\/users\/1"}],"replies":[{"embeddable":true,"href":"https:\/\/archivum.eloszekelyfold.ro\/index.php\/wp-json\/wp\/v2\/comments?post=28291"}],"version-history":[{"count":0,"href":"https:\/\/archivum.eloszekelyfold.ro\/index.php\/wp-json\/wp\/v2\/posts\/28291\/revisions"}],"wp:featuredmedia":[{"embeddable":true,"href":"https:\/\/archivum.eloszekelyfold.ro\/index.php\/wp-json\/wp\/v2\/media\/28292"}],"wp:attachment":[{"href":"https:\/\/archivum.eloszekelyfold.ro\/index.php\/wp-json\/wp\/v2\/media?parent=28291"}],"wp:term":[{"taxonomy":"category","embeddable":true,"href":"https:\/\/archivum.eloszekelyfold.ro\/index.php\/wp-json\/wp\/v2\/categories?post=28291"},{"taxonomy":"post_tag","embeddable":true,"href":"https:\/\/archivum.eloszekelyfold.ro\/index.php\/wp-json\/wp\/v2\/tags?post=28291"}],"curies":[{"name":"wp","href":"https:\/\/api.w.org\/{rel}","templated":true}]}}