{"id":28289,"date":"2021-12-13T02:59:00","date_gmt":"2021-12-13T02:59:00","guid":{"rendered":"http:\/\/archivum.eloszekelyfold.ro\/2021\/12\/13\/balint-mozes-80\/"},"modified":"2021-12-13T02:59:00","modified_gmt":"2021-12-13T02:59:00","slug":"balint-mozes-80","status":"publish","type":"post","link":"https:\/\/archivum.eloszekelyfold.ro\/index.php\/2021\/12\/13\/balint-mozes-80\/","title":{"rendered":"B\u00e1lint M\u00f3zes 80."},"content":{"rendered":"<p><\/p>\n<div style=\"color:#666666; font-family:inherit; font-size:14px;font-style: normal;text-align:left;line-height:24px;\">\n<div style=\"float:left\"><img decoding=\"async\" src=\"http:\/\/archivum.eloszekelyfold.ro\/wp-content\/uploads\/2021\/12\/612_bm1.jpg\" alt=\"B\u00e1lint M\u00f3zes 80.\" style=\"padding-right:14px; padding-bottom:6px; padding-top:6px;\" width=\"320px\"><\/div>\n<p>                              B\u00e1lint M\u00f3zes nyugalmazott m\u0171vezet\u0151 a k\u00f6zelm\u00faltban t\u00f6lt\u00f6tte 80. \u00e9let\u00e9v\u00e9t. Ebb\u0151l az alkalomb\u00f3l \u00e9let\u00fat-interj\u00fat k\u00e9sz\u00edtett\u00fcnk v\u00e9le, amely a Sz\u00e9kelyf\u00f6ld foly\u00f3irat novemberi sz\u00e1m\u00e1ban jelent meg. Ennek aprop\u00f3j\u00e1n szervez az \u00c9l\u0151 Sz\u00e9kelyf\u00f6ld Munkacsoport lapsz\u00e1m-bemutat\u00f3t \u00e9s kis \u00fcnneps\u00e9get kedden, november 22-\u00e9n 17.00 \u00f3r\u00e1t\u00f3l kezd\u0151d\u0151en a sz\u00e9kelyudvarhelyi M\u0171vel\u0151d\u00e9si H\u00e1z koncertterm\u00e9ben.<\/p>\n<p>Vend\u00e9g\u00fcnk lesz L\u00e1z\u00e1r L\u00e1szl\u00f3 f\u0151szerkeszt\u0151, aki a foly\u00f3irat k\u00f6r\u00fcli m\u0171helymunk\u00e1r\u00f3l \u00e9s az \u00e1ltaluk v\u00e9gzett kiad\u00f3i tev\u00e9kenys\u00e9gr\u0151l besz\u00e9l, valamint maga az \u00fcnnepelt, B\u00e1lint M\u00f3zes nyugalmazott m\u0171vezet\u0151 \u00e9s P\u00e9ter P\u00e9ter m\u00e9rn\u00f6k-v\u00e1llalkoz\u00f3.<\/p>\n<p>A rendezv\u00e9nyen bemutatjuk azt a(z egyel\u0151re befejezetlen) kisfilmet, amely Szab\u00f3 K\u00e1roly operat\u0151r-filmrendez\u0151 k\u00f6zrem\u0171k\u00f6d\u00e9s\u00e9vel k\u00e9sz\u00fclt, illetve vet\u00edtett-k\u00e9pes el\u0151ad\u00e1st l\u00e1thatnak majd a jelenlev\u0151k B\u00e1lint M\u00f3zes eddigi \u00e9let\u00e9nek k\u00fcl\u00f6nb\u00f6z\u0151 helysz\u00edneir\u0151l. Lesznek meglepet\u00e9s-programok is, amelyek m\u00e9g a k\u00f6vetkez\u0151 napok folyam\u00e1n alakulnak \u00e9s nyerik el v\u00e9gleges form\u00e1jukat.<\/p>\n<div style=\"text-align: center;\"><img loading=\"lazy\" decoding=\"async\" src=\"http:\/\/archivum.eloszekelyfold.ro\/wp-content\/uploads\/2021\/12\/DSCN9795.JPG\" width=\"600\" height=\"231\" alt=\"\"><\/div>\n<div style=\"text-align: center;\"><em>Sz\u00e9kelyd\u00e1lya &#8211; B\u00e1lint M\u00f3zes sz\u00fcl\u0151faluja (Sim\u00f3 M\u00e1rton felv\u00e9tele)<\/em><\/div>\n<p>\nAz \u00fcnneps\u00e9get \u00e1ll\u00f3fogad\u00e1s z\u00e1rja, amelyen meg lehet majd k\u00f3stolni Wine Princess Kft., a M\u00e9nesi borvid\u00e9k, Arad-hegyalja,\u00a0<a href=\"http:\/\/www.ballageza.com\/hu\/\"><strong><span style=\"color: rgb(255, 0, 0);\">Balla G\u00e9za<\/span><\/strong><\/a>\u00a0borait.<\/p>\n<p>Minden kedves \u00e9rdekl\u0151d\u0151t sok szeretettel v\u00e1runk!<\/p>\n<p><em>A c\u00edmk\u00e9p Szab\u00f3 K\u00e1roly felv\u00e9tele.<\/em><\/p>\n<p><em>\u00c9l\u0151 Sz\u00e9kelyf\u00f6ld Munkacsoport<\/em>\n                        <\/div>\n","protected":false},"excerpt":{"rendered":"<p>B\u00e1lint M\u00f3zes nyugalmazott m\u0171vezet\u0151 a k\u00f6zelm\u00faltban t\u00f6lt\u00f6tte 80. \u00e9let\u00e9v\u00e9t. Ebb\u0151l az alkalomb\u00f3l \u00e9let\u00fat-interj\u00fat k\u00e9sz\u00edtett\u00fcnk v\u00e9le, amely a Sz\u00e9kelyf\u00f6ld foly\u00f3irat novemberi sz\u00e1m\u00e1ban jelent meg. Ennek aprop\u00f3j\u00e1n szervez az \u00c9l\u0151 Sz\u00e9kelyf\u00f6ld Munkacsoport lapsz\u00e1m-bemutat\u00f3t \u00e9s kis \u00fcnneps\u00e9get kedden, november 22-\u00e9n 17.00 \u00f3r\u00e1t\u00f3l kezd\u0151d\u0151en a sz\u00e9kelyudvarhelyi M\u0171vel\u0151d\u00e9si H\u00e1z koncertterm\u00e9ben. Vend\u00e9g\u00fcnk lesz L\u00e1z\u00e1r L\u00e1szl\u00f3 f\u0151szerkeszt\u0151, aki a foly\u00f3irat k\u00f6r\u00fcli m\u0171helymunk\u00e1r\u00f3l [&hellip;]<\/p>\n","protected":false},"author":1,"featured_media":28290,"comment_status":"open","ping_status":"open","sticky":false,"template":"","format":"standard","meta":{"footnotes":""},"categories":[],"tags":[],"class_list":["post-28289","post","type-post","status-publish","format-standard","has-post-thumbnail","hentry"],"_links":{"self":[{"href":"https:\/\/archivum.eloszekelyfold.ro\/index.php\/wp-json\/wp\/v2\/posts\/28289","targetHints":{"allow":["GET"]}}],"collection":[{"href":"https:\/\/archivum.eloszekelyfold.ro\/index.php\/wp-json\/wp\/v2\/posts"}],"about":[{"href":"https:\/\/archivum.eloszekelyfold.ro\/index.php\/wp-json\/wp\/v2\/types\/post"}],"author":[{"embeddable":true,"href":"https:\/\/archivum.eloszekelyfold.ro\/index.php\/wp-json\/wp\/v2\/users\/1"}],"replies":[{"embeddable":true,"href":"https:\/\/archivum.eloszekelyfold.ro\/index.php\/wp-json\/wp\/v2\/comments?post=28289"}],"version-history":[{"count":0,"href":"https:\/\/archivum.eloszekelyfold.ro\/index.php\/wp-json\/wp\/v2\/posts\/28289\/revisions"}],"wp:featuredmedia":[{"embeddable":true,"href":"https:\/\/archivum.eloszekelyfold.ro\/index.php\/wp-json\/wp\/v2\/media\/28290"}],"wp:attachment":[{"href":"https:\/\/archivum.eloszekelyfold.ro\/index.php\/wp-json\/wp\/v2\/media?parent=28289"}],"wp:term":[{"taxonomy":"category","embeddable":true,"href":"https:\/\/archivum.eloszekelyfold.ro\/index.php\/wp-json\/wp\/v2\/categories?post=28289"},{"taxonomy":"post_tag","embeddable":true,"href":"https:\/\/archivum.eloszekelyfold.ro\/index.php\/wp-json\/wp\/v2\/tags?post=28289"}],"curies":[{"name":"wp","href":"https:\/\/api.w.org\/{rel}","templated":true}]}}