{"id":28287,"date":"2021-12-13T02:57:01","date_gmt":"2021-12-13T02:57:01","guid":{"rendered":"http:\/\/archivum.eloszekelyfold.ro\/2021\/12\/13\/agyagfalvan-udvarhelyszeki-mukedvelokkel-frissitve\/"},"modified":"2021-12-13T02:57:01","modified_gmt":"2021-12-13T02:57:01","slug":"agyagfalvan-udvarhelyszeki-mukedvelokkel-frissitve","status":"publish","type":"post","link":"https:\/\/archivum.eloszekelyfold.ro\/index.php\/2021\/12\/13\/agyagfalvan-udvarhelyszeki-mukedvelokkel-frissitve\/","title":{"rendered":"Agyagfalv\u00e1n udvarhelysz\u00e9ki m\u0171kedvel\u0151kkel &#8211; FRISS\u00cdTVE!"},"content":{"rendered":"<p><\/p>\n<div style=\"color:#666666; font-family:inherit; font-size:14px;font-style: normal;text-align:left;line-height:24px;\">\n<div style=\"float:left\"><img decoding=\"async\" src=\"http:\/\/archivum.eloszekelyfold.ro\/wp-content\/uploads\/2021\/12\/613_DSCN0027.JPG\" alt=\"Agyagfalv\u00e1n udvarhelysz\u00e9ki m\u0171kedvel\u0151kkel - FRISS\u00cdTVE!\" style=\"padding-right:14px; padding-bottom:6px; padding-top:6px;\" width=\"320px\"><\/div>\n<p>                              Amint azt kor\u00e1bbi \u00edr\u00e1sunkban is jelezt\u00fck, id\u00e9n Agyagfalv\u00e1n tartott\u00e1k Az ekh\u00f3sszek\u00e9r nyom\u00e1ban nevet visel\u0151 amat\u0151r sz\u00ednj\u00e1tsz\u00f3 tal\u00e1lkoz\u00f3t. <\/p>\n<p>Ez is egy nagykor\u00fa rendezv\u00e9nysorozat imm\u00e1r, hiszen most volt a tizennyolcadik. Mi is r\u00e9szt vett\u00fcnk a szombaton megtartott program egy r\u00e9sz\u00e9n. <\/p>\n<p>\u00d6sszesen tizenn\u00e9gy t\u00e1rsulat volt jelen.\u00a0<\/p>\n<p>Id\u00e9nt\u0151l egy \u00faj\u00edt\u00e1st vezettek be, a fell\u00e9p\u00e9sek sz\u00fcneteiben ugyanis a Sz\u00e9kelyudvarhelyi Nyugd\u00edjasok Hagyom\u00e1ny\u0151rz\u0151 Csoportja n\u00e9pdalokat \u00e9s k\u00f3rusm\u0171veket adott el\u0151. A tal\u00e1lkoz\u00f3 v\u00e9g\u00e9n eml\u00e9klapokat \u00e9s az alkalomra k\u00e9sz\u00fclt t\u00e1rgyakat adtak \u00e1t a r\u00e9sztvev\u0151knek. Volt k\u00f6zeb\u00e9d, majd a reggelig tart\u00f3 b\u00e1l k\u00f6vetkezett.<\/p>\n<div style=\"text-align: center;\"><em><img loading=\"lazy\" decoding=\"async\" src=\"http:\/\/archivum.eloszekelyfold.ro\/wp-content\/uploads\/2021\/12\/olgi_pap_igazgato.jpg\" width=\"400\" height=\"362\" alt=\"\"><\/em><\/div>\n<div style=\"text-align: center;\"><em>Farkas M\u00f3zes, B\u00f6g\u00f6z k\u00f6zs\u00e9g polg\u00e1rmestere, Foszt\u00f3 J\u00f3zsef reform\u00e1tus <br \/>\nlelkip\u00e1sztor \u00e9s L\u0151rincz Ildik\u00f3, a Hargita Megyei Hagyom\u00e1ny\u0151rz\u00e9si<br \/>\nForr\u00e1sk\u00f6zpont igazgat\u00f3ja k\u00f6sz\u00f6nt\u00f6tte az egybegy\u0171lteket<\/em><\/div>\n<p>\nAz ekh\u00f3s szek\u00e9r nyom\u00e1ban c\u00edm\u0171 sz\u00ednj\u00e1tsz\u00f3 tal\u00e1lkoz\u00f3 moder\u00e1tora Jakab Katalin volt. Az egybegy\u0171lteket a k\u00f6zs\u00e9g polg\u00e1rmestere, a helyi reform\u00e1tus lelk\u00e9sz \u00e9s a Forr\u00e1sk\u00f6zpont igazgat\u00f3ja k\u00f6sz\u00f6nt\u00f6tte.<\/p>\n<p>Farkas M\u00f3zes polg\u00e1rmester k\u00fcl\u00f6n kiemelte, hogy mindv\u00e9gig szem\u00e9lyesen is sz\u00edv\u00e9n viselte a tal\u00e1lkoz\u00f3 \u00fcgy\u00e9t, s mindent elk\u00f6vetett, hogy a rendezv\u00e9ny sikeres legyen. Foszt\u00f3 J\u00f3zsef tiszteletes az ekh\u00f3s szekeret hagyom\u00e1nyos m\u00f3don \u00e9rtelmezte, azt mondta, hogy bele kell kapaszkodni, fel kell \u00fclni r\u00e1, mert a sz\u00ednj\u00e1tsz\u00e1s a magyar nyelv haszn\u00e1lat\u00e1nak egyik fellegv\u00e1ra, m\u00e9g akkor is, ha minden szinten igyekeznek azt ellehetetlen\u00edteni \u00e9s korl\u00e1tozni.<\/p>\n<p>J\u00f3l \u00e9rz\u00e9kelhet\u0151 volt, hogy a helyi \u00e9s k\u00f6rny\u00e9kbeli v\u00e1llalkoz\u00f3k is t\u00e1mogatt\u00e1k a sz\u00ednj\u00e1tsz\u00f3 tal\u00e1lkoz\u00f3t. Volt ott minden, ami szemnek-sz\u00e1jnak ingere, a kult\u00farh\u00e1z bef\u0171tve v\u00e1rta a vend\u00e9geket, \u00fagyhogy a legjobb k\u00f6r\u00fclm\u00e9nyek k\u00f6zepette lehetett figyelni az el\u0151ad\u00e1sokra.<\/p>\n<div style=\"text-align: center;\"><img loading=\"lazy\" decoding=\"async\" src=\"http:\/\/archivum.eloszekelyfold.ro\/wp-content\/uploads\/2021\/12\/DSCN0039.JPG\" width=\"400\" height=\"300\" alt=\"\"><\/div>\n<div style=\"text-align: center;\"><em>Igen n\u00e9pes volt a vend\u00e9gek t\u00e1bora, de a helyieket is \u00e9rdekelt\u00e9k <br \/>\naz el\u0151adott jelenetek &#8211; zs\u00fafol\u00e1sig megtelt a nagyterem<br \/>\n<br type=\"_moz\"><br \/>\n<\/em><\/div>\n<p>Agyagfalva nem ak\u00e1rmilyen falu. J\u00f3l lehetett l\u00e1tni a kult\u00farh\u00e1zban azokat az apr\u00f3 jeleket, amelyek arr\u00f3l \u00e1rulkodtak, hogy itt a m\u0171kedvel\u00e9s \u00e1lland\u00f3 gyakorlat. A helyi t\u00e1rsulatnak tabl\u00f3i vannak az el\u0151t\u00e9rben, amelyken l\u00e1thatja az \u00e9rdekl\u0151d\u0151, hogy kik azok a helyi &#8222;m\u0171v\u00e9szek&#8221;, akik id\u0151r\u0151l id\u0151re meg\u00f6rvendeztetik k\u00f6z\u00f6ns\u00e9g\u00fcket. A nagyterem falain pedig k\u00f6rben ott a fot\u00f3t\u00e1borok anyag\u00e1b\u00f3l k\u00e9sz\u00fclt v\u00e1logat\u00e1s. Eg\u00e9szs\u00e9ges, \u00f6nmag\u00e1ra ig\u00e9nyes, a k\u00f6z\u00f6ss\u00e9gi \u00e9let szinterein akt\u00edvan m\u0171k\u00f6d\u0151, l\u00e9legz\u0151 telep\u00fcl\u00e9sre nyert\u00fcnk e fesztiv\u00e1l r\u00e9v\u00e9n betekint\u00e9st.<\/p>\n<div style=\"text-align: center;\"><img loading=\"lazy\" decoding=\"async\" src=\"http:\/\/archivum.eloszekelyfold.ro\/wp-content\/uploads\/2021\/12\/DSCN0050.JPG\" width=\"400\" height=\"589\" alt=\"\"><\/div>\n<p><\/p>\n<div>&#8222;A kult\u00far\u00e1val val\u00f3 szem\u00e9lyes tal\u00e1lkoz\u00e1s \u00e9lm\u00e9ny\u00e9t ny\u00fajt\u00f3, sok \u00e9ves hagyom\u00e1nyra visszatekint\u0151 esem\u00e9ny kiv\u00e1l\u00f3 alkalom\u00a0volt arra is, hogy \u00e9rt\u00e9kelj\u00fck egy\u00fctt, a sz\u00ednj\u00e1tsz\u00f3 csoportok adni akar\u00e1s\u00e1t, a j\u00e1t\u00e9kot, egym\u00e1s szeretet\u00e9t \u00e9s az\u00a0egym\u00e1ssal val\u00f3 tal\u00e1lkoz\u00e1s \u00f6r\u00f6m\u00e9t&#8221; &#8211; \u00edrja besz\u00e1mol\u00f3j\u00e1ban L\u0151rincz Ildik\u00f3 m\u0171v\u00e9szett\u00f6rt\u00e9n\u00e9sz, a Forr\u00e1sk\u00f6zpont igazgat\u00f3ja. <\/p>\n<p>D\u00e9lut\u00e1n megtartott\u00e1k a m\u0171kedvel\u0151 sz\u00ednj\u00e1tsz\u00f3-csoportok vezet\u0151ivel folytatott\u00a0tan\u00e1cskoz\u00e1st, ahol a bemutatott el\u0151ad\u00e1sok turn\u00e9ztat\u00e1s\u00e1r\u00f3l, illetve a k\u00f6vetkez\u0151 \u00e9vi tal\u00e1lkoz\u00f3 helysz\u00edn\u00e9r\u0151l is\u00a0d\u00f6nt\u00f6ttek, majd az est\u00e9be ny\u00fal\u00f3 zen\u00e9s mulats\u00e1g el\u0151tt bejelentett\u00e9k: <strong>a 19. tal\u00e1lkoz\u00f3 helysz\u00edne Sikl\u00f3d lesz<\/strong>.<\/p>\n<p>Id\u00e9n a sz\u00ednj\u00e1tsz\u00f3 t\u00e1rsulatok utaz\u00e1si k\u00f6lts\u00e9geit, illetve \u00e9s az el\u0151ad\u00e1sok t\u00e1joltat\u00e1s\u00e1t a Bethlen G\u00e1bor Alap\u00a0t\u00e1mogatta, a Communitas Alap\u00edtv\u00e1ny \u2013 Rom\u00e1niai Magyar Demokrata Sz\u00f6vets\u00e9g seg\u00edts\u00e9g\u00e9vel jelent meg a m\u0171kedvel\u0151\u00a0sz\u00ednj\u00e1tsz\u00f3 t\u00e1rsulatok kor\u00e1bbi el\u0151ad\u00e1sainak pillanatfelv\u00e9teleit tartalmaz\u00f3 asztali napt\u00e1r, amelyet a tal\u00e1lkoz\u00f3n\u00a0r\u00e9szt vev\u0151 csoportok tagjai vehettek \u00e1t.\u00a0<br \/>\n\u00a0<\/div>\n<div style=\"text-align: center;\"><img loading=\"lazy\" decoding=\"async\" src=\"http:\/\/archivum.eloszekelyfold.ro\/wp-content\/uploads\/2021\/12\/agyagfalva_csoportkep.jpg\" width=\"650\" height=\"327\" alt=\"\"><\/div>\n<div style=\"text-align: center;\"><em>A fell\u00e9p\u0151k \u00e9s a szervez\u0151k (Bal\u00e1zs \u00d6d\u00f6n felv\u00e9tele)<\/em><\/div>\n<div>\nA m\u0171kedvel\u0151 sz\u00ednj\u00e1tsz\u00e1s k\u00f6z\u00f6ss\u00e9ger\u0151s\u00edt\u0151 funkci\u00f3ja t\u00e9ny, fontos azonban az ut\u00e1np\u00f3tl\u00e1s, a fiatalok bevon\u00e1sa is. A\u00a0Hargita Megyei Hagyom\u00e1ny\u0151rz\u00e9si Forr\u00e1sk\u00f6zpont infrastrukt\u00far\u00e1j\u00e1val, illetve a bemutatand\u00f3 el\u0151ad\u00e1sok sz\u00f6vegk\u00f6nyveivel\u00a0v\u00e1rja a rendezv\u00e9nyre j\u00f6v\u0151ben bekapcsol\u00f3dni v\u00e1gy\u00f3 t\u00e1rsulatok jelentkez\u00e9s\u00e9t.<\/p>\n<p><strong>Hamarosan \u00edrunk m\u00e9g Agyagfalv\u00e1r\u00f3l<\/strong><\/p>\n<p>Nem maradhattunk ott mindv\u00e9gig, a b\u00e1lon sem vett\u00fcnk r\u00e9szt, de az ut\u00f3lagos \u00e9lm\u00e9nybesz\u00e1mol\u00f3k alapj\u00e1n \u00fagy \u00e9rtes\u00fclt\u00fcnk, hogy kiv\u00e1l\u00f3 hangulat\u00fa volt minden k\u00e9s\u0151bbi mozzanat is.<\/p><\/div>\n<p><\/p>\n<div style=\"text-align: center;\"><img loading=\"lazy\" decoding=\"async\" src=\"http:\/\/archivum.eloszekelyfold.ro\/wp-content\/uploads\/2021\/12\/DSCN0058.JPG\" width=\"500\" height=\"643\" alt=\"\"><\/div>\n<p>\nMivel az \u00c9l\u0151 Sz\u00e9kelyf\u00f6ld Munkacsoport a hagyom\u00e1nyos faluk\u00e9p meg\u0151rz\u00e9s\u00e9vel, \u00e9rt\u00e9kment\u00e9ssel \u00e9s -tudatos\u00edt\u00e1ssal is szokott foglalkozni, ha m\u00e1r ott j\u00e1rtunk, kicsit k\u00f6r\u00fcln\u00e9zt\u00fcnk a faluban. Agyagfalv\u00e1nak vannak n\u00e9pi \u00e9p\u00edt\u00e9szeti \u00e9rt\u00e9kei, amelyeket j\u00f3 lenne megtartani.<\/p>\n<p>T\u00fal a m\u0171kedvel\u00e9sen \u00e9s az \u00fajs\u00e1g\u00edr\u00e1son, most is sz\u00e9tn\u00e9zt\u00fcnk az utc\u00e1kban. Agyagfalva mai \u00e9p\u00edt\u00e9szeti k\u00e9p\u00e9vel egy k\u00f6vetkez\u0151 \u00edr\u00e1sunkban foglalkozunk majd.<\/p>\n<div style=\"text-align: center;\"><img loading=\"lazy\" decoding=\"async\" src=\"http:\/\/archivum.eloszekelyfold.ro\/wp-content\/uploads\/2021\/12\/DSCN0054.JPG\" width=\"500\" height=\"377\" alt=\"\"><\/div>\n<p>\n<em>A szerz\u0151 felv\u00e9telei.<\/p>\n<p>Sim\u00f3 M\u00e1rton\/ \u00c9l\u0151 Sz\u00e9kelyf\u00f6ld Munkacsoport<\/em>\n                        <\/div>\n","protected":false},"excerpt":{"rendered":"<p>Amint azt kor\u00e1bbi \u00edr\u00e1sunkban is jelezt\u00fck, id\u00e9n Agyagfalv\u00e1n tartott\u00e1k Az ekh\u00f3sszek\u00e9r nyom\u00e1ban nevet visel\u0151 amat\u0151r sz\u00ednj\u00e1tsz\u00f3 tal\u00e1lkoz\u00f3t. Ez is egy nagykor\u00fa rendezv\u00e9nysorozat imm\u00e1r, hiszen most volt a tizennyolcadik. Mi is r\u00e9szt vett\u00fcnk a szombaton megtartott program egy r\u00e9sz\u00e9n. \u00d6sszesen tizenn\u00e9gy t\u00e1rsulat volt jelen.\u00a0 Id\u00e9nt\u0151l egy \u00faj\u00edt\u00e1st vezettek be, a fell\u00e9p\u00e9sek sz\u00fcneteiben ugyanis a Sz\u00e9kelyudvarhelyi Nyugd\u00edjasok [&hellip;]<\/p>\n","protected":false},"author":1,"featured_media":28288,"comment_status":"open","ping_status":"open","sticky":false,"template":"","format":"standard","meta":{"footnotes":""},"categories":[],"tags":[],"class_list":["post-28287","post","type-post","status-publish","format-standard","has-post-thumbnail","hentry"],"_links":{"self":[{"href":"https:\/\/archivum.eloszekelyfold.ro\/index.php\/wp-json\/wp\/v2\/posts\/28287","targetHints":{"allow":["GET"]}}],"collection":[{"href":"https:\/\/archivum.eloszekelyfold.ro\/index.php\/wp-json\/wp\/v2\/posts"}],"about":[{"href":"https:\/\/archivum.eloszekelyfold.ro\/index.php\/wp-json\/wp\/v2\/types\/post"}],"author":[{"embeddable":true,"href":"https:\/\/archivum.eloszekelyfold.ro\/index.php\/wp-json\/wp\/v2\/users\/1"}],"replies":[{"embeddable":true,"href":"https:\/\/archivum.eloszekelyfold.ro\/index.php\/wp-json\/wp\/v2\/comments?post=28287"}],"version-history":[{"count":0,"href":"https:\/\/archivum.eloszekelyfold.ro\/index.php\/wp-json\/wp\/v2\/posts\/28287\/revisions"}],"wp:featuredmedia":[{"embeddable":true,"href":"https:\/\/archivum.eloszekelyfold.ro\/index.php\/wp-json\/wp\/v2\/media\/28288"}],"wp:attachment":[{"href":"https:\/\/archivum.eloszekelyfold.ro\/index.php\/wp-json\/wp\/v2\/media?parent=28287"}],"wp:term":[{"taxonomy":"category","embeddable":true,"href":"https:\/\/archivum.eloszekelyfold.ro\/index.php\/wp-json\/wp\/v2\/categories?post=28287"},{"taxonomy":"post_tag","embeddable":true,"href":"https:\/\/archivum.eloszekelyfold.ro\/index.php\/wp-json\/wp\/v2\/tags?post=28287"}],"curies":[{"name":"wp","href":"https:\/\/api.w.org\/{rel}","templated":true}]}}