{"id":28285,"date":"2021-12-13T02:55:01","date_gmt":"2021-12-13T02:55:01","guid":{"rendered":"http:\/\/archivum.eloszekelyfold.ro\/2021\/12\/13\/szekely-varosok-polgarmesterei-egyeztettek\/"},"modified":"2021-12-13T02:55:01","modified_gmt":"2021-12-13T02:55:01","slug":"szekely-varosok-polgarmesterei-egyeztettek","status":"publish","type":"post","link":"https:\/\/archivum.eloszekelyfold.ro\/index.php\/2021\/12\/13\/szekely-varosok-polgarmesterei-egyeztettek\/","title":{"rendered":"Sz\u00e9kely v\u00e1rosok polg\u00e1rmesterei egyeztettek"},"content":{"rendered":"<p><\/p>\n<div style=\"color:#666666; font-family:inherit; font-size:14px;font-style: normal;text-align:left;line-height:24px;\">\n<div style=\"float:left\"><img decoding=\"async\" src=\"http:\/\/archivum.eloszekelyfold.ro\/wp-content\/uploads\/2021\/12\/614_polgarmesterek1.jpg\" alt=\"Sz\u00e9kely v\u00e1rosok polg\u00e1rmesterei egyeztettek\" style=\"padding-right:14px; padding-bottom:6px; padding-top:6px;\" width=\"320px\"><\/div>\n<p>                              A sz\u00e9kelyudvarhelyi v\u00e1rosh\u00e1z\u00e1n tartott\u00e1k meg p\u00e9nteken, 2016. november 18-\u00e1n d\u00e9lut\u00e1n a sz\u00e9kelyf\u00f6ldi magyar v\u00e1rosok polg\u00e1rmestereinek els\u0151 tal\u00e1lkoz\u00f3j\u00e1t. G\u00e1lfi \u00c1rp\u00e1d polg\u00e1rmester Tusv\u00e1nyoson vetette fel id\u00e9n a tal\u00e1lkoz\u00f3 \u00a0megszervez\u00e9s\u00e9nek sz\u00fcks\u00e9gess\u00e9g\u00e9t \u00e9s v\u00e1llalta a h\u00e1zigazda szerep\u00e9t &#8211; k\u00f6z\u00f6lte az \u00c9l\u0151 Sz\u00e9kelyf\u00f6ld szerkeszt\u0151s\u00e9g\u00e9vel a Polg\u00e1rmesteri Hivatal Sajt\u00f3oszt\u00e1lya.<\/p>\n<p>A tal\u00e1lkoz\u00f3n a tizenn\u00e9gy sz\u00e9kelyf\u00f6ldi magyar v\u00e1rosi polg\u00e1rmester k\u00f6z\u00fcl, Cs\u00edkszereda, Erd\u0151szentgy\u00f6rgy, Gyergy\u00f3szentmikl\u00f3s, K\u00e9zdiv\u00e1s\u00e1rhely, Kov\u00e1szna, Ny\u00e1r\u00e1dszereda, Sepsiszentgy\u00f6rgy, Sz\u00e9kelykereszt\u00far, Sz\u00e9kelyudvarhely, Szentegyh\u00e1za \u00e9s Tusn\u00e1df\u00fcrd\u0151 el\u00f6lj\u00e1r\u00f3i, valamint Borsz\u00e9k k\u00e9pvisel\u0151je voltak jelen. <\/p>\n<p>Azt nem tudni pontosan, hogy Bar\u00f3t \u00e9s Szov\u00e1ta polg\u00e1rmestere objekt\u00edv, net\u00e1n szubjekt\u00edv okokb\u00f3l maradt-e t\u00e1volt? Vajon mi lehet az oka annak, hogy ilyen kardin\u00e1lis jelleg\u0171 egyeztet\u00e9sek alkalm\u00e1val nem t\u0151rekednek az el\u00f6lj\u00e1r\u00f3k a teljes konszenzus megteremt\u00e9s\u00e9re? &#8211; kock\u00e1ztattunk meg mi is egy szerkeszt\u0151s\u00e9gi v\u00e9lem\u00e9nyt. Esetleg az &#8216;\u00f6nfelad\u00e1s&#8217; nev\u0171 tev\u00e9kenys\u00e9g sor\u00e1n ezen telep\u00fcl\u00e9sek is oda\u00edrhat\u00f3k Marosv\u00e1s\u00e1rhely mell\u00e9, a &#8216;vesztes\u00e9gek&#8217; list\u00e1j\u00e1ra?<\/p>\n<p>A tal\u00e1lkoz\u00f3 c\u00e9ljait a politikai hovatartoz\u00e1st\u00f3l, p\u00e1rtsz\u00ednezett\u0151l f\u00fcggetlen egy\u00fcttgondolkod\u00e1s, az \u00f6nkorm\u00e1nyzatainkat \u00e9r\u0151 aktu\u00e1lis kih\u00edv\u00e1sokra, probl\u00e9m\u00e1kra val\u00f3 k\u00f6z\u00f6s megold\u00e1skeres\u00e9s beind\u00edt\u00e1sa k\u00e9pezt\u00e9k, adott projektek, \u00fcgyek ment\u00e9n t\u00f6rt\u00e9n\u0151 egy\u00fcttm\u0171k\u00f6d\u00e9sek kialak\u00edt\u00e1s\u00e1nak, a k\u00f6z\u00f6s fell\u00e9p\u00e9snek a sz\u00fcks\u00e9gess\u00e9ge.<\/p>\n<div style=\"text-align: center;\"><img loading=\"lazy\" decoding=\"async\" src=\"http:\/\/archivum.eloszekelyfold.ro\/wp-content\/uploads\/2021\/12\/polgarmesterek2.jpg\" width=\"500\" height=\"334\" alt=\"\"><\/div>\n<p>\n\u201eNemcsak polg\u00e1rmesteri hivatalaink, v\u00e1rosaink \u00fcgyes-bajos dolgainak int\u00e9z\u00e9se jelentik mindennapi feladatainkat. Nek\u00fcnk, sz\u00e9kelyf\u00f6ldi magyar v\u00e1rosok polg\u00e1rmestereinek, az erd\u00e9lyi, sz\u00e9kelyf\u00f6ldi magyar nemzeti k\u00f6z\u00f6ss\u00e9g\u00fcnk saj\u00e1tos, kisebbs\u00e9gi l\u00e9t\u00e9b\u0151l fakad\u00f3 gondjainak orvosl\u00e1s\u00e1t is hat\u00e1rozottan \u00e9s hangs\u00falyozottan v\u00e1llalnunk kell. K\u00f6z\u00f6ss\u00e9gi vezet\u0151k\u00e9nt ki kell \u00e1llnunk jogaink\u00e9rt, meghat\u00e1roz\u00f3 szerepet kell v\u00e1llalnunk abban a munk\u00e1ban, melynek eredm\u00e9nye egy \u00e9lhet\u0151, l\u00e9t- \u00e9s jogbiztons\u00e1got ny\u00fajt\u00f3 Sz\u00e9kelyf\u00f6ld, ahol a mi \u0151shonos magyar nemzeti k\u00f6z\u00f6ss\u00e9g\u00fcnk j\u00f3l \u00e9rzi mag\u00e1t\u201d \u2013 jelentette ki G\u00e1lfi \u00c1rp\u00e1d polg\u00e1rmester k\u00f6sz\u00f6nt\u0151besz\u00e9d\u00e9ben.<\/p>\n<p>Az els\u0151 tal\u00e1lkoz\u00f3 napirendi pontjait az egyre fokoz\u00f3d\u00f3, nemzetis\u00e9gi jogainkat \u00e9s k\u00f6z\u00f6ss\u00e9gi szimb\u00f3lumainkat \u00e9r\u0151 jogs\u00e9rt\u00e9sekkel \u00e9s t\u00e1mad\u00e1sokkal szembeni k\u00f6z\u00f6s fell\u00e9p\u00e9snek a lehet\u0151s\u00e9gei, a Sz\u00e9kelyf\u00f6ld fejleszt\u00e9se \u00e9rdek\u00e9ben megfogalmazhat\u00f3 k\u00f6z\u00f6s projektek k\u00f6rvonalaz\u00e1sa, illetve a p\u00e1ly\u00e1zhat\u00f3 p\u00e9nzalapok egyeztetett leh\u00edv\u00e1si lehet\u0151s\u00e9geinek, valamint a tal\u00e1lkoz\u00f3 rendszeress\u00e9 t\u00e9tel\u00e9nek \u00e9s form\u00e1lis keretei kialak\u00edt\u00e1s\u00e1nak megt\u00e1rgyal\u00e1sa voltak.<\/p>\n<p>A polg\u00e1rmesterek egyet\u00e9rtettek abban, hogy a magyar nyelv, illetve k\u00f6z\u00f6ss\u00e9gi jelk\u00e9peink haszn\u00e1lata a nyilv\u00e1nos t\u00e9rben t\u00f6rv\u00e9nyes, jogos \u00e9s term\u00e9szetes, az ezekhez val\u00f3 jog biztos\u00edt\u00e1s\u00e1t Rom\u00e1nia t\u00f6bb nemzetk\u00f6zi egyezm\u00e9ny ratifik\u00e1l\u00e1sa \u00e1ltal v\u00e1llalta. Ennek megfelel\u0151en v\u00e1rosaikban ezekkel a jogokkal k\u00f6vetkezetesen \u00e9lnek \u00e9s \u00e9lni fognak, s ugyanerre b\u00edztatj\u00e1k a k\u00f6zs\u00e9gi vezet\u0151ket is.<\/p>\n<p>Egyet\u00e9rtettek abban is, hogy az olyan esetekben, amikor b\u00e1rki ezeknek a jogoknak a csorb\u00edt\u00e1s\u00e1ra tesz k\u00eds\u00e9rletet, hat\u00e1rozottan fel kell l\u00e9pni, s ezt \u00f6sszehangoltan, a jogv\u00e9d\u0151 szervezetek seg\u00edts\u00e9g\u00e9t ig\u00e9nybe v\u00e9ve c\u00e9lszer\u0171 tenni, gondoskodva arr\u00f3l, hogy ezek a perek sz\u00fcks\u00e9g eset\u00e9n jussanak el az Emberi Jogok Eur\u00f3pai B\u00edr\u00f3s\u00e1g\u00e1ra, illetve ezekr\u0151l kapjon t\u00e1rgyilagos t\u00e1j\u00e9koztat\u00e1st a hazai \u00e9s a nemzetk\u00f6zi sajt\u00f3, a bukaresti nagyk\u00f6vets\u00e9gek, illetve nemzetk\u00f6zi szervezetek.<\/p>\n<p>A telep\u00fcl\u00e9sek, illetve Sz\u00e9kelyf\u00f6ld fejleszt\u00e9s\u00e9vel kapcsolatosan meg\u00e1llap\u00edt\u00e1st nyert, hogy sz\u00fcks\u00e9ges a r\u00e9gi\u00f3k \u00fajrarajzol\u00e1sa, Sz\u00e9kelyf\u00f6ld fejleszt\u00e9si r\u00e9gi\u00f3k\u00e9nt val\u00f3 megjelen\u00edt\u00e9se. Az infrastruktur\u00e1lis beruh\u00e1z\u00e1sok vonatkoz\u00e1s\u00e1ban a jelenl\u00e9v\u0151 polg\u00e1rmesterek az \u00e9szak-erd\u00e9lyi aut\u00f3p\u00e1lya Marosv\u00e1s\u00e1rhely-Brass\u00f3 szakasz\u00e1nak meg\u00e9p\u00edt\u00e9s\u00e9t k\u00e9rik, tov\u00e1bb\u00e1 egy sz\u00e9kelyf\u00f6ldi gyorsforgalmi \u00fat l\u00e9trehoz\u00e1s\u00e1t a megyei jog\u00fa v\u00e1rosok \u00e9rint\u00e9s\u00e9vel.<\/p>\n<div style=\"text-align: center;\"><img loading=\"lazy\" decoding=\"async\" src=\"http:\/\/archivum.eloszekelyfold.ro\/wp-content\/uploads\/2021\/12\/polgarmesterek3.jpg\" width=\"500\" height=\"334\" alt=\"\"><\/div>\n<p>\nA rendezv\u00e9nyen egy\u00f6ntet\u0171 v\u00e9lem\u00e9nyk\u00e9nt fogalmaz\u00f3dott meg, hogy az elk\u00f6vetkez\u0151kben a kommunik\u00e1ci\u00f3 \u00e9s egy\u00fcttm\u0171k\u00f6d\u00e9s meger\u0151s\u00edt\u00e9se mellett a k\u00fcl\u00f6nb\u00f6z\u0151 f\u00f3rumokon, egyeztet\u00e9seken val\u00f3 k\u00f6z\u00f6s r\u00e9szv\u00e9tel, az egys\u00e9ges fell\u00e9p\u00e9s \u00e9s v\u00e9lem\u00e9nyform\u00e1l\u00e1s k\u00e9pezze a tal\u00e1lkoz\u00f3k legfontosabb feladatait.<\/p>\n<p>A jelenl\u00e9v\u0151k elhat\u00e1rozt\u00e1k, hogy a k\u00f6vetkez\u0151 v\u00e1rosi polg\u00e1rmester-tal\u00e1lkoz\u00f3 helysz\u00edne Cs\u00edkszereda, id\u0151pontja pedig 2017. janu\u00e1r 12. lesz.<\/p>\n<p><em>L\u0151rincz Csaba felv\u00e9telei<\/em><\/p>\n<div><em>Forr\u00e1s: Sz\u00e9kelyudvarhely Polg\u00e1rmesteri Hivatala sajt\u00f3oszt\u00e1lya<\/em><\/p>\n<p><em>\u00c9l\u0151 Sz\u00e9kelyf\u00f6ld Munkacsoport<\/em><\/div>\n<\/p><\/div>\n","protected":false},"excerpt":{"rendered":"<p>A sz\u00e9kelyudvarhelyi v\u00e1rosh\u00e1z\u00e1n tartott\u00e1k meg p\u00e9nteken, 2016. november 18-\u00e1n d\u00e9lut\u00e1n a sz\u00e9kelyf\u00f6ldi magyar v\u00e1rosok polg\u00e1rmestereinek els\u0151 tal\u00e1lkoz\u00f3j\u00e1t. G\u00e1lfi \u00c1rp\u00e1d polg\u00e1rmester Tusv\u00e1nyoson vetette fel id\u00e9n a tal\u00e1lkoz\u00f3 \u00a0megszervez\u00e9s\u00e9nek sz\u00fcks\u00e9gess\u00e9g\u00e9t \u00e9s v\u00e1llalta a h\u00e1zigazda szerep\u00e9t &#8211; k\u00f6z\u00f6lte az \u00c9l\u0151 Sz\u00e9kelyf\u00f6ld szerkeszt\u0151s\u00e9g\u00e9vel a Polg\u00e1rmesteri Hivatal Sajt\u00f3oszt\u00e1lya. A tal\u00e1lkoz\u00f3n a tizenn\u00e9gy sz\u00e9kelyf\u00f6ldi magyar v\u00e1rosi polg\u00e1rmester k\u00f6z\u00fcl, Cs\u00edkszereda, Erd\u0151szentgy\u00f6rgy, Gyergy\u00f3szentmikl\u00f3s, [&hellip;]<\/p>\n","protected":false},"author":1,"featured_media":28286,"comment_status":"open","ping_status":"open","sticky":false,"template":"","format":"standard","meta":{"footnotes":""},"categories":[],"tags":[],"class_list":["post-28285","post","type-post","status-publish","format-standard","has-post-thumbnail","hentry"],"_links":{"self":[{"href":"https:\/\/archivum.eloszekelyfold.ro\/index.php\/wp-json\/wp\/v2\/posts\/28285","targetHints":{"allow":["GET"]}}],"collection":[{"href":"https:\/\/archivum.eloszekelyfold.ro\/index.php\/wp-json\/wp\/v2\/posts"}],"about":[{"href":"https:\/\/archivum.eloszekelyfold.ro\/index.php\/wp-json\/wp\/v2\/types\/post"}],"author":[{"embeddable":true,"href":"https:\/\/archivum.eloszekelyfold.ro\/index.php\/wp-json\/wp\/v2\/users\/1"}],"replies":[{"embeddable":true,"href":"https:\/\/archivum.eloszekelyfold.ro\/index.php\/wp-json\/wp\/v2\/comments?post=28285"}],"version-history":[{"count":0,"href":"https:\/\/archivum.eloszekelyfold.ro\/index.php\/wp-json\/wp\/v2\/posts\/28285\/revisions"}],"wp:featuredmedia":[{"embeddable":true,"href":"https:\/\/archivum.eloszekelyfold.ro\/index.php\/wp-json\/wp\/v2\/media\/28286"}],"wp:attachment":[{"href":"https:\/\/archivum.eloszekelyfold.ro\/index.php\/wp-json\/wp\/v2\/media?parent=28285"}],"wp:term":[{"taxonomy":"category","embeddable":true,"href":"https:\/\/archivum.eloszekelyfold.ro\/index.php\/wp-json\/wp\/v2\/categories?post=28285"},{"taxonomy":"post_tag","embeddable":true,"href":"https:\/\/archivum.eloszekelyfold.ro\/index.php\/wp-json\/wp\/v2\/tags?post=28285"}],"curies":[{"name":"wp","href":"https:\/\/api.w.org\/{rel}","templated":true}]}}