{"id":28283,"date":"2021-12-13T02:53:01","date_gmt":"2021-12-13T02:53:01","guid":{"rendered":"http:\/\/archivum.eloszekelyfold.ro\/2021\/12\/13\/posztmodern-fazakas-koszta-tibor-kiallitasa\/"},"modified":"2021-12-13T02:53:01","modified_gmt":"2021-12-13T02:53:01","slug":"posztmodern-fazakas-koszta-tibor-kiallitasa","status":"publish","type":"post","link":"https:\/\/archivum.eloszekelyfold.ro\/index.php\/2021\/12\/13\/posztmodern-fazakas-koszta-tibor-kiallitasa\/","title":{"rendered":"Posztmodern &#8211; Fazakas-Koszta Tibor ki\u00e1ll\u00edt\u00e1sa"},"content":{"rendered":"<p><\/p>\n<div style=\"color:#666666; font-family:inherit; font-size:14px;font-style: normal;text-align:left;line-height:24px;\">\n<div style=\"float:left\"><img decoding=\"async\" src=\"http:\/\/archivum.eloszekelyfold.ro\/wp-content\/uploads\/2021\/12\/615_DSCN0084.JPG\" alt=\"Posztmodern - Fazakas-Koszta Tibor ki\u00e1ll\u00edt\u00e1sa\" style=\"padding-right:14px; padding-bottom:6px; padding-top:6px;\" width=\"320px\"><\/div>\n<p>                              Azt mondj\u00e1k, hogy a posztmodern, mint ir\u00e1nyzat \u00e9s \u00e9let\u00e9rz\u00e9s m\u00e1r lej\u00e1rt, kifutott. <\/p>\n<p>Nem tudni pontosan, hogy igaz-e az eszt\u00e9t\u00e1k \u00e1ll\u00edt\u00e1sa, mint ahogyan az sem, hogy mikor besz\u00e9lhet\u00fcnk a posztmodern kezdet\u00e9r\u0151l. <\/p>\n<p>Nyilv\u00e1nval\u00f3, hogy m\u00e1sk\u00e9pp hat ez az ir\u00e1nyzat zen\u00e9ben, a vizu\u00e1lis m\u0171v\u00e9szetekben, s m\u00e1sk\u00e9pp az irodalomban. <\/p>\n<p>Ha a kezdeti id\u0151pontok nem is azonosak, de nagyon k\u00f6zeliek, hiszen a felgyorsult kommunik\u00e1ci\u00f3 kor\u00e1ban az \u00e1thall\u00e1sok \u00e9s \u00e1tfed\u00e9sek majdhogynem azonnaliak.<\/p>\n<p>A kelet-k\u00f6z\u00e9p-eur\u00f3pai rendszerv\u00e1ltoz\u00e1sok ut\u00e1n minden r\u00e1nkszakadt: demokr\u00e1cia, konzumidiotizmus, liberalizmus, illiberalizmus, terrorizmus, kit\u00e1gult, s ugyanakkor be is sz\u0171k\u00fclt a vil\u00e1g. <\/p>\n<p>Sz\u00f3val: \u00fagy is \u00e9rtelmezhet\u0151, hogy ez maga a posztmodernizmus, amikor minden egy\u00fctt van, \u00e9s ugyanakkor nincsen semmi. Itt tobz\u00f3dik a tudatunk, az \u00e9rz\u00e9kszerveink k\u00f6r\u00fcl a vil\u00e1g, annak minden \u00e9rt\u00e9ke \u00e9s sil\u00e1nys\u00e1ga, s mi m\u00e1r k\u00e9ptelenek vagyunk disztingv\u00e1lni, \u00fagy v\u00e1logatni, \u00e9p\u00edtkezni, hogy az j\u00f3 \u00e9s \u00e9rt\u00e9kes legyen.<\/p>\n<div style=\"text-align: center;\"><img loading=\"lazy\" decoding=\"async\" src=\"http:\/\/archivum.eloszekelyfold.ro\/wp-content\/uploads\/2021\/12\/DSCN0071.JPG\" width=\"400\" height=\"285\" alt=\"\"><\/div>\n<div style=\"text-align: center;\"><em>Piknik &#8211; akril, olaj, 100 x 150 cm, 2012<\/em><\/div>\n<p>\nA posztmodern ezt az eklektikus valamit t\u00e1lalja. \u00dagy viselkedik, olyan, hogy ezt a felem\u00e1s, szedett-vedett \u00e1llapotunkat t\u00fckr\u00f6zi, h\u00e1tha a torz k\u00e9p l\u00e1tv\u00e1nya r\u00e1\u00e9breszt minket fant\u00e1zi\u00e1nk \u00e9s szelekt\u00e1l\u00f3 k\u00e9pess\u00e9g\u00fcnk gyarl\u00f3 mivolt\u00e1ra, hogy azt\u00e1n k\u00e9pesek legy\u00fcnk valami m\u00e1sra is. P\u00e9ld\u00e1ul a kiszakad\u00e1sra, az elvonatkoztat\u00e1sra.<\/p>\n<div style=\"text-align: center;\"><img loading=\"lazy\" decoding=\"async\" src=\"http:\/\/archivum.eloszekelyfold.ro\/wp-content\/uploads\/2021\/12\/DSCN0069(1).jpg\" width=\"400\" height=\"614\" alt=\"\"><\/div>\n<div style=\"text-align: center;\"><em>L\u00e9da &#8211; Hommage \u00e1 Csernus akril, olaj, 150 x 100 cm, 2015<\/em><\/div>\n<p>\nAnnak ellen\u00e9re, hogy mar\u00f3 \u00f6ng\u00fany is van a posztmodernben, az ilyen szellemben sz\u00fclet\u0151 alkot\u00e1soknak &#8211; r\u00e1ad\u00e1sul! &#8211; divatjuk is van, szeretj\u00fck &#8211; vagy legal\u00e1bbis azt gondoljuk, hogy szeretn\u00e9nk &#8211; magunkat l\u00e1tni ilyen mili\u0151ben. Fazakas-Koszta Tibor ezt m\u00e1r r\u00e9g \u00e9szrevette, s magas mesters\u00e9gbeli tud\u00e1ssal, er\u0151s szintetiz\u00e1l\u00f3 k\u00e9pess\u00e9ggel adagolja el\u00e9nk ezeket az &#8222;\u00e9n-&#8221; \u00e9s &#8222;\u00f6nk\u00e9peket&#8221;, hogy r\u00e1d\u00f6bbenj\u00fcnk talmi \u00e9rt\u00e9krend\u00fckre. H\u00e1tha majd egyszer megv\u00e1ltozn\u00e1nk.<\/p>\n<div style=\"text-align: center;\"><img loading=\"lazy\" decoding=\"async\" src=\"http:\/\/archivum.eloszekelyfold.ro\/wp-content\/uploads\/2021\/12\/fazakas_koszta_tibor_portre.jpg\" width=\"200\" height=\"289\" alt=\"\"><\/div>\n<div style=\"text-align: center;\"><em>K\u00e9p forr\u00e1sa: www.artportal.hu<\/em><\/div>\n<p>\nFazakas-Koszta Tibor (1966) Korondon sz\u00fcletett. Sz\u00e9kelyudvarhelyen \u00e9s Marosv\u00e1s\u00e1rhelyen v\u00e9gzett m\u0171v\u00e9szeti tanulm\u00e1nyokat, majd 1990-ben Magyarorsz\u00e1gon telepedett le. Els\u0151 egy\u00e9ni ki\u00e1ll\u00edt\u00e1sa 1983-ban az Apoll\u00f3 Gal\u00e9ri\u00e1ban Marosv\u00e1s\u00e1rhelyen ny\u00edlt, ezt k\u00f6vette k\u00f6zel harminc egy\u00e9ni ki\u00e1ll\u00edt\u00e1s, t\u00f6bbek k\u00f6z\u00f6tt az USA-ban, Magyarorsz\u00e1gon. Alkot\u00e1sai megtal\u00e1lhat\u00f3k sz\u00e1mos magyarorsz\u00e1gi \u00e9s k\u00fclf\u00f6ldi gy\u0171jtem\u00e9nyben: N\u00e9metorsz\u00e1g, USA, Rom\u00e1nia, Izrael, Jap\u00e1n,\u00a0Belgium, Hollandia, Anglia, Sv\u00e1jc, Sv\u00e9dorsz\u00e1g, Spanyolorsz\u00e1g, Franciaorsz\u00e1g, Olaszorsz\u00e1g, Angola, Kanada.<\/p>\n<div>\u00a0<\/div>\n<div style=\"text-align: center;\"><img loading=\"lazy\" decoding=\"async\" src=\"http:\/\/archivum.eloszekelyfold.ro\/wp-content\/uploads\/2021\/12\/DSCN0085.JPG\" width=\"400\" height=\"266\" alt=\"\"><\/div>\n<div>\nA sz\u00e9kelyudvarhelyi M\u0171vel\u0151d\u00e9si H\u00e1z koncertterm\u00e9ben megny\u00edlt Posztmodern c\u00edmet visel\u0151 ki\u00e1ll\u00edt\u00e1s h\u00e1rom h\u00e9ten \u00e1t, 2016. december 10-ig tekinthet\u0151 meg.<\/p>\n<p><em>A szerz\u0151 felv\u00e9telei.<\/em><\/p>\n<p><em>Sim\u00f3 M\u00e1rton\/ \u00c9l\u0151 Sz\u00e9kelyf\u00f6ld Munkacsoport<\/em><\/div>\n<\/p><\/div>\n","protected":false},"excerpt":{"rendered":"<p>Azt mondj\u00e1k, hogy a posztmodern, mint ir\u00e1nyzat \u00e9s \u00e9let\u00e9rz\u00e9s m\u00e1r lej\u00e1rt, kifutott. Nem tudni pontosan, hogy igaz-e az eszt\u00e9t\u00e1k \u00e1ll\u00edt\u00e1sa, mint ahogyan az sem, hogy mikor besz\u00e9lhet\u00fcnk a posztmodern kezdet\u00e9r\u0151l. Nyilv\u00e1nval\u00f3, hogy m\u00e1sk\u00e9pp hat ez az ir\u00e1nyzat zen\u00e9ben, a vizu\u00e1lis m\u0171v\u00e9szetekben, s m\u00e1sk\u00e9pp az irodalomban. Ha a kezdeti id\u0151pontok nem is azonosak, de nagyon k\u00f6zeliek, [&hellip;]<\/p>\n","protected":false},"author":1,"featured_media":28284,"comment_status":"open","ping_status":"open","sticky":false,"template":"","format":"standard","meta":{"footnotes":""},"categories":[],"tags":[],"class_list":["post-28283","post","type-post","status-publish","format-standard","has-post-thumbnail","hentry"],"_links":{"self":[{"href":"https:\/\/archivum.eloszekelyfold.ro\/index.php\/wp-json\/wp\/v2\/posts\/28283","targetHints":{"allow":["GET"]}}],"collection":[{"href":"https:\/\/archivum.eloszekelyfold.ro\/index.php\/wp-json\/wp\/v2\/posts"}],"about":[{"href":"https:\/\/archivum.eloszekelyfold.ro\/index.php\/wp-json\/wp\/v2\/types\/post"}],"author":[{"embeddable":true,"href":"https:\/\/archivum.eloszekelyfold.ro\/index.php\/wp-json\/wp\/v2\/users\/1"}],"replies":[{"embeddable":true,"href":"https:\/\/archivum.eloszekelyfold.ro\/index.php\/wp-json\/wp\/v2\/comments?post=28283"}],"version-history":[{"count":0,"href":"https:\/\/archivum.eloszekelyfold.ro\/index.php\/wp-json\/wp\/v2\/posts\/28283\/revisions"}],"wp:featuredmedia":[{"embeddable":true,"href":"https:\/\/archivum.eloszekelyfold.ro\/index.php\/wp-json\/wp\/v2\/media\/28284"}],"wp:attachment":[{"href":"https:\/\/archivum.eloszekelyfold.ro\/index.php\/wp-json\/wp\/v2\/media?parent=28283"}],"wp:term":[{"taxonomy":"category","embeddable":true,"href":"https:\/\/archivum.eloszekelyfold.ro\/index.php\/wp-json\/wp\/v2\/categories?post=28283"},{"taxonomy":"post_tag","embeddable":true,"href":"https:\/\/archivum.eloszekelyfold.ro\/index.php\/wp-json\/wp\/v2\/tags?post=28283"}],"curies":[{"name":"wp","href":"https:\/\/api.w.org\/{rel}","templated":true}]}}