{"id":28279,"date":"2021-12-13T02:49:01","date_gmt":"2021-12-13T02:49:01","guid":{"rendered":"http:\/\/archivum.eloszekelyfold.ro\/2021\/12\/13\/simon-laszlora-emlekeztek-marosvasarhelyen\/"},"modified":"2021-12-13T02:49:01","modified_gmt":"2021-12-13T02:49:01","slug":"simon-laszlora-emlekeztek-marosvasarhelyen","status":"publish","type":"post","link":"https:\/\/archivum.eloszekelyfold.ro\/index.php\/2021\/12\/13\/simon-laszlora-emlekeztek-marosvasarhelyen\/","title":{"rendered":"Simon L\u00e1szl\u00f3ra eml\u00e9keztek Marosv\u00e1s\u00e1rhelyen"},"content":{"rendered":"<p><\/p>\n<div style=\"color:#666666; font-family:inherit; font-size:14px;font-style: normal;text-align:left;line-height:24px;\">\n<div style=\"float:left\"><img decoding=\"async\" src=\"http:\/\/archivum.eloszekelyfold.ro\/wp-content\/uploads\/2021\/12\/617_szekely_csillagok_ba.jpg\" alt=\"Simon L\u00e1szl\u00f3ra eml\u00e9keztek Marosv\u00e1s\u00e1rhelyen\" style=\"padding-right:14px; padding-bottom:6px; padding-top:6px;\" width=\"320px\"><\/div>\n<p>                              Bal\u00e1zs \u00c1rp\u00e1d koll\u00e9g\u00e1nk, aki egyre jobban belem\u00e9lyed a sz\u00e9kelyf\u00f6ldi sportt\u00f6rt\u00e9net kutat\u00e1s\u00e1ba, p\u00e9nteken Marosv\u00e1s\u00e1rhelyen, a Grand Hotel harmadik emeleti konferenciaterm\u00e9ben mutatta be Sz\u00e9kely csillagok c\u00edm\u0171 k\u00f6tet\u00e9t, amelynek helyi vonatkoz\u00e1sa is van, hiszen kiemelten foglalkozik Simon L\u00e1szl\u00f3 p\u00e1lyafut\u00e1s\u00e1val, aki a v\u00e1ros egyetlen helyi sz\u00fclet\u00e9s\u0171 olimpiai \u00e9rmese, s eg\u00e9sz \u00e9let\u00e9vel ide k\u00f6t\u0151d\u0151 sportol\u00f3 volt. <\/p>\n<p>Simon L\u00e1szl\u00f3 Montrealban szerzett olimpiai bronz\u00e9rmet 1976-ban.\u00a0<\/p>\n<p>Ugyanekkor k\u00f6sz\u00f6nt\u00f6tt\u00e9k a marosv\u00e1s\u00e1rhelyi sport\u00e9let k\u00e9t kiv\u00e1l\u00f3s\u00e1g\u00e1t, Ball\u00f3 Ferencet \u00e9s id. Gyarmati Ferencet is.<\/p>\n<p>A sportt\u00f6rt\u00e9netnek, mint ahogyan m\u00e1s kulturt\u00f6rt\u00e9neti \u00e1gazatok m\u0171vel\u00e9s\u00e9nek is, sz\u00e1mottev\u0151 hat\u00e1sa lehet arra, hogy itt, a Sz\u00e9kelyf\u00f6ld\u00f6n er\u0151s\u00f6dj\u00e9k a komfort\u00e9rzet\u00fcnk \u00e9s az el\u0151d\u00f6k cselekedetei, nagyszer\u0171 tettei be\u00e9p\u00fclhessenek a k\u00f6vetkez\u0151 nemzed\u00e9kek eml\u00e9kezet\u00e9be. Hiszen csak \u00edgy lehet teljes az \u00f6sszk\u00e9p. Bal\u00e1zs \u00c1rp\u00e1d munk\u00e1ss\u00e1ga ilyen szempontb\u00f3l is \u00fatt\u00f6r\u0151 \u00e9s hi\u00e1nyp\u00f3tl\u00f3 jelleg\u0171, amelyre \u00e9rdermes odafigyelni.<\/p>\n<div style=\"text-align: center;\"><img loading=\"lazy\" decoding=\"async\" src=\"http:\/\/archivum.eloszekelyfold.ro\/wp-content\/uploads\/2021\/12\/simon-laszlo.jpg\" width=\"250\" height=\"350\" alt=\"\"><\/div>\n<div style=\"text-align: center;\"><em>Simon L\u00e1szl\u00f3 (1951-2005)<\/em><\/div>\n<p><\/p>\n<div>Simon L\u00e1szl\u00f3 Marosv\u00e1s\u00e1rhelyen sz\u00fcletett 1951. szeptember 25-\u00e9n, apja Simon\u00a0Istv\u00e1n-K\u00e1roly, anyja Piroska Julianna. Marosv\u00e1s\u00e1rhely egyik legjelesebb sportembere volt.\u00a0Eur\u00f3pa- \u00e9s vil\u00e1gbajnoks\u00e1got nyert szabadfog\u00e1s\u00fa birk\u00f3z\u00f3k\u00e9nt, olimpiai bronz\u00e9rmes,\u00a0t\u00f6bbsz\u00f6r\u00f6s orsz\u00e1gos bajnok volt. H\u00fasz \u00e9vig volt v\u00e1logatott sportol\u00f3, t\u00edz \u00e9vig sz\u00f6vets\u00e9gi\u00a0kapit\u00e1nyk\u00e9nt ir\u00e1ny\u00edtotta Rom\u00e1nia csapat\u00e1t.<br \/>\n\u00a0<\/div>\n<div style=\"text-align: center;\"><img loading=\"lazy\" decoding=\"async\" src=\"http:\/\/archivum.eloszekelyfold.ro\/wp-content\/uploads\/2021\/12\/diszpolgar.jpg\" width=\"400\" height=\"550\" alt=\"\"><\/div>\n<div style=\"text-align: center;\"><em>Simon L\u00e1szl\u00f3 Marosv\u00e1s\u00e1rhely D\u00edszpolg\u00e1ra c\u00edm\u00e9t \u00a0post mortem <br \/>\nmegkapta ugyan (2005), de annak, \u00a0hogy a v\u00e1ros sportcsarnok\u00e1t<br \/>\nr\u00f3la nevezz\u00e9k el, m\u00e9g vannak b\u00fcrokratikus akad\u00e1lyai<\/em><br \/>\n\u00a0<\/div>\n<div>Ball\u00f3 Ferenc 1932. okt\u00f3ber 22-\u00e9n sz\u00fcletett Cs\u00edkcsomort\u00e1nban. \u00c9desapja \u00e1cs volt, \u00e9desanyja\u00a0h\u00e1ztart\u00e1sbeli. Odahaza \u00e9desapj\u00e1t\u00f3l tanulta meg az asztalos mesters\u00e9get, ha sz\u00fcks\u00e9g volt a\u00a0gyalupad mellett is meg\u00e1llta a hely\u00e9t. \u00cdgy teh\u00e1t a m\u0171helymunka nem volt idegen akkor sem,\u00a0ha a birk\u00f3z\u00f3terem mag\u00e1ny\u00e1ban kellett verejt\u00e9kezni. Ball\u00f3 Ferenc volt az els\u0151 rom\u00e1niai\u00a0birk\u00f3z\u00f3, aki dobog\u00f3ra ker\u00fclt egy vil\u00e1gversenyen, k\u00e9tszeres vil\u00e1gbajnoki ez\u00fcst\u00e9rmes, Eur\u00f3pa-bajnok, megsz\u00e1ml\u00e1lhatatlan Balk\u00e1n-bajnoki \u00e9s orsz\u00e1gos bajnoki c\u00edm birtokosa, a toki\u00f3i \u00e9s a\u00a0mexik\u00f3v\u00e1rosi olimpia r\u00e9sztvev\u0151je. Sajnos, mindk\u00e9t olimpi\u00e1n helyezetlen\u00fcl z\u00e1rta a 87 kg-osok\u00a0vet\u00e9lked\u0151j\u00e9t. <br \/>\n\u00a0<\/div>\n<div style=\"text-align: center;\"><img loading=\"lazy\" decoding=\"async\" src=\"http:\/\/archivum.eloszekelyfold.ro\/wp-content\/uploads\/2021\/12\/DSCN9986_2.jpg\" width=\"400\" height=\"282\" style=\"text-align: center;\" alt=\"\"><\/div>\n<div style=\"text-align: center;\"><em style=\"text-align: center;\">Ifj. Simon L\u00e1szl\u00f3, Ball\u00f3 Ferenc, Bal\u00e1zs \u00c1rp\u00e1d,\u00a0<br \/>\nid. Gyarmati Ferenc \u00e9s Szentgy\u00f6rgyi L\u00e1szl\u00f3 \u00fajs\u00e1g\u00edr\u00f3\u00a0<br \/>\n<\/em><em style=\"text-align: center;\">(Sim\u00f3 M\u00e1rton felv\u00e9tele)<br \/>\n<\/em><\/div>\n<div>\nM\u00e1r katona volt, amikor elkezdett sportolni, Rom\u00e1ni\u00e1nak \u0151 hozott els\u0151k\u00e9nt\u00a0\u00e9rmet vil\u00e1gversenyr\u0151l szabadfog\u00e1s\u00fa birk\u00f3z\u00e1sban. Mindig azt f\u00e1jlalta, hogy nem kezdett\u00a0kor\u00e1bban, akkor tal\u00e1n az eredm\u00e9nyek is jobbak lettek volna. Ett\u0151l f\u00fcggetlen\u00fcl \u0151stehets\u00e9gnek\u00a0tartott\u00e1k. 1952-t \u00edrtak amikor, Nagyb\u00e1ny\u00e1ra ker\u00fclt a t\u0171zolt\u00f3 alakulathoz. Ott k\u00e9rdezte meg a\u00a0rom\u00e1n \u0151rmester t\u0151le, lenne-e kedve sportolni. J\u00f3 tudni, hogy s\u00falyl\u00f6k\u0151k\u00e9nt is kipr\u00f3b\u00e1lt\u00e1k.\u00a0Cs\u00edkszered\u00e1ban egy\u00e1ltal\u00e1n nem volt lehet\u0151s\u00e9ge edzeni, miut\u00e1n leszerelt a katonas\u00e1gt\u00f3l,\u00a0Marosv\u00e1s\u00e1rhelyre k\u00f6lt\u00f6z\u00f6tt. Vagyis vitt\u00e9k, nehezen, de meggy\u0151zt\u00e9k a sz\u00fcleit, hogy Ferencnek\u00a0a birk\u00f3z\u00f3sz\u0151nyegen a helye. Igazuk volt, egym\u00e1sut\u00e1n j\u00f6ttek a sikerek. <\/p>\n<p>Egy \u00fcnnepi\u00a0besz\u00e9lget\u00e9sen \u00edgy eml\u00e9kezett a t\u00f6rt\u00e9ntekre: \u201eVoltam Eur\u00f3pa-bajnoks\u00e1gon els\u0151, m\u00e1sodik,\u00a0harmadik, vil\u00e1gbajnoks\u00e1gon k\u00e9tszer m\u00e1sodik, h\u00e1romszor Balk\u00e1n-bajnok, tizenn\u00e9gyszer\u00a0orsz\u00e1gos bajnok. Minden rokon, ismer\u0151s nagyon \u00f6rvendett a sikereknek, szeg\u00e9ny \u00e9desany\u00e1m\u00a0viszont ink\u00e1bb s\u00edrt, nagyon f\u00e9ltett.\u201d <\/p>\n<p>K\u00e9tszer is volt olimpi\u00e1n, de a toki\u00f3i (1964) \u00e9s a\u00a0Mexik\u00f3v\u00e1rosban is \u00e9rem n\u00e9lk\u00fcl maradt. Az Eur\u00f3pa bajnoki arany\u00e9rmet 1965-ben h\u00f3d\u00edtotta el\u00a0Manchesterben. K\u00e9s\u0151n, 39 \u00e9vesen mondott b\u00facs\u00fat az akt\u00edv birk\u00f3z\u00e1snak, m\u00e9g akkor is hozta a\u00a0j\u00f3 eredm\u00e9nyeket. Visszavonul\u00e1sa ut\u00e1n Ball\u00f3 Ferenc edz\u0151k\u00e9nt folytatta, el\u0151sz\u00f6r a Maros\u00a0sportklubn\u00e1l 1975-ig, majd 1992ig az Electomures klubn\u00e1l tan\u00edtotta a fiatalokat a\u00a0k\u00fczd\u0151sportra. Hetvenedik sz\u00fclet\u00e9snapja alkalm\u00e1val az \u00fcnnepeltnek kedvenc tan\u00edtv\u00e1nya Simon\u00a0L\u00e1szl\u00f3 adott \u00e1t eml\u00e9kplakettet, eg\u00e9sz p\u00e1lyafut\u00e1s\u00e1\u00e9rt, a mesternek. Szabadfog\u00e1s\u00fa birk\u00f3z\u00f3\u00a0p\u00e1lyafut\u00e1s\u00e1val \u00e9rdemes sportmesteri c\u00edmet \u00e9rdemelt ki, t\u00f6bbsz\u00f6r v\u00e1lasztott\u00e1k\u00a0Marosv\u00e1s\u00e1rhelyen.\u00a0<br \/>\n\u00a0<\/div>\n<div style=\"text-align: center;\"><img loading=\"lazy\" decoding=\"async\" src=\"http:\/\/archivum.eloszekelyfold.ro\/wp-content\/uploads\/2021\/12\/DSCN9965_2.jpg\" width=\"400\" height=\"366\" alt=\"\"><\/div>\n<div style=\"text-align: center;\"><em>Bal\u00e1zs \u00c1rp\u00e1dban megvan a kell\u0151 emp\u00e1tia \u00e9s a realit\u00e1s\u00e9rz\u00e9k is,<br \/>\namikor a sportt\u00f6rt\u00e9netet viszg\u00e1lja (Sim\u00f3 M\u00e1rton felv\u00e9tele)<\/em><br \/>\n\u00a0<\/div>\n<div>Gyarmati Ferenc testnevel\u0151 tan\u00e1r, t\u00f6bbsz\u00f6r\u00f6s szabadfog\u00e1s\u00fa\u00a0birk\u00f3z\u00f3 bajnok, ugyanakkor Rom\u00e1nia els\u0151 dzs\u00fad\u00f3 bajnoka, \u00e9rdemes edz\u0151, s\u00ed- \u00e9s\u00a0teniszoktat\u00f3, \u00e9vtizedeken kereszt\u00fcl a s\u00edz\u00e9s marossz\u00e9ki n\u00e9pszer\u0171s\u00edt\u0151je \u00e9s oktat\u00f3ja. \u0150 volt a\u00a0p\u00e9ldak\u00e9p, aki tudta, hogy a gy\u0151zelem egyik kulcsa a kitart\u00f3 edz\u0151munka, a hossz\u00fa\u00a0felk\u00e9sz\u00fcl\u00e9s, a m\u00e1sik pedig a pillanatnyi elsz\u00e1nts\u00e1g, a gy\u0151zelembe vetett hit. \u00cdgy \u00e9lt \u00e9s\u00a0dolgozik ma is.\u00a01941-ben sz\u00fcletett Marosv\u00e1s\u00e1rhelyen, a \u201ekicsi magyar vil\u00e1g\u201d idej\u00e9n.\u00a0El\u0151sz\u00f6r, mint minden gyermek a labdar\u00fag\u00e1ssal pr\u00f3b\u00e1lkozik, de hamar h\u00e1traarcot ford\u00edtott\u00a0a labdaj\u00e1t\u00e9knak. Els\u0151 sportoklevel\u00e9t a s\u00edz\u00e9s\u00e9rt kapta, \u00f6t\u00f6dik oszt\u00e1lyos kor\u00e1ban, de m\u00e1r\u00a0akkor \u00e9rezte, hogy a birk\u00f3z\u00f3 sz\u0151nyegen a helye. F\u0151iskol\u00e1s kor\u00e1ban n\u00e9gyszer volt orsz\u00e1gos\u00a0birk\u00f3z\u00f3 bajnok a bukaresti Steaua katonacsapat sz\u00edneiben 1960-\u00e9s 1964 k\u00f6z\u00f6tt. Kezei\u00a0k\u00f6z\u00fcl ker\u00fclt ki Rom\u00e1nia els\u0151 szabadfog\u00e1s\u00fa vil\u00e1gbajnoka (Sereg\u00e9lyi Tibor 1971-ben), \u00e9s a\u00a0legt\u00f6bb vil\u00e1g-, Eur\u00f3pa-bajnok \u00e9s Balk\u00e1n-bajnok szabadfog\u00e1s\u00fa marosv\u00e1s\u00e1rhelyi birk\u00f3z\u00f3 is\u00a0(Bard\u00f3czi Csaba, Simon L\u00e1szl\u00f3, Suba Andr\u00e1s \u00e9s Sereg\u00e9lyi Tibor). Nem sok edz\u0151\u00a0mondhatja el ezt mag\u00e1r\u00f3l! A rom\u00e1n szabadfog\u00e1s\u00fa birk\u00f3z\u00f3 keret olimpiai v\u00e1logatott edz\u0151je\u00a0volt 1967 \u00e9s 79 k\u00f6z\u00f6tt. Gyarmati Ferenc n\u00e9gy \u00e9vtized sor\u00e1n \u00f6t birk\u00f3z\u00f3 szakoszt\u00e1lyt\u00a0l\u00e9tes\u00edtett Marosv\u00e1s\u00e1rhelyen, sajnos az ISK szakoszt\u00e1ly\u00e1n k\u00edv\u00fcl m\u00e1r egyik\u00fck sem m\u0171k\u00f6dik.\u00a01971 \u00f3ta nemzetk\u00f6zi b\u00edr\u00f3, edzte Sv\u00e1jc v\u00e1logatottj\u00e1t is, amelynek tagja volt az a Raphael\u00a0Martinetti, aki 2002 \u00f3ta a Nemzetk\u00f6zi Birk\u00f3z\u00f3 Bizotts\u00e1g eln\u00f6ke. \u00c9rdemes edz\u0151 c\u00edmmel\u00a0t\u00fcntett\u00e9k ki 1992-ben, de ugyan ebben az \u00e9vben megkapta a sportmesteri c\u00edmet is. 2008-ban Toki\u00f3ban sikeresen elv\u00e9gezte a FILA sportoktat\u00f3i k\u00e9pz\u00e9st, majd 2009-ben r\u00e9szt vett a\u00a0Nemzetk\u00f6zi Birk\u00f3z\u00f3 Sz\u00f6vets\u00e9g (FILA) soros eln\u00f6ks\u00e9gi \u00fcl\u00e9s\u00e9n.<br \/>\n<em><br \/>\nSim\u00f3 M\u00e1rton\/ \u00c9l\u0151 Sz\u00e9kelyf\u00f6ld Munkacsoport<\/em><\/div>\n<\/p><\/div>\n","protected":false},"excerpt":{"rendered":"<p>Bal\u00e1zs \u00c1rp\u00e1d koll\u00e9g\u00e1nk, aki egyre jobban belem\u00e9lyed a sz\u00e9kelyf\u00f6ldi sportt\u00f6rt\u00e9net kutat\u00e1s\u00e1ba, p\u00e9nteken Marosv\u00e1s\u00e1rhelyen, a Grand Hotel harmadik emeleti konferenciaterm\u00e9ben mutatta be Sz\u00e9kely csillagok c\u00edm\u0171 k\u00f6tet\u00e9t, amelynek helyi vonatkoz\u00e1sa is van, hiszen kiemelten foglalkozik Simon L\u00e1szl\u00f3 p\u00e1lyafut\u00e1s\u00e1val, aki a v\u00e1ros egyetlen helyi sz\u00fclet\u00e9s\u0171 olimpiai \u00e9rmese, s eg\u00e9sz \u00e9let\u00e9vel ide k\u00f6t\u0151d\u0151 sportol\u00f3 volt. Simon L\u00e1szl\u00f3 Montrealban szerzett [&hellip;]<\/p>\n","protected":false},"author":1,"featured_media":28280,"comment_status":"open","ping_status":"open","sticky":false,"template":"","format":"standard","meta":{"footnotes":""},"categories":[],"tags":[],"class_list":["post-28279","post","type-post","status-publish","format-standard","has-post-thumbnail","hentry"],"_links":{"self":[{"href":"https:\/\/archivum.eloszekelyfold.ro\/index.php\/wp-json\/wp\/v2\/posts\/28279","targetHints":{"allow":["GET"]}}],"collection":[{"href":"https:\/\/archivum.eloszekelyfold.ro\/index.php\/wp-json\/wp\/v2\/posts"}],"about":[{"href":"https:\/\/archivum.eloszekelyfold.ro\/index.php\/wp-json\/wp\/v2\/types\/post"}],"author":[{"embeddable":true,"href":"https:\/\/archivum.eloszekelyfold.ro\/index.php\/wp-json\/wp\/v2\/users\/1"}],"replies":[{"embeddable":true,"href":"https:\/\/archivum.eloszekelyfold.ro\/index.php\/wp-json\/wp\/v2\/comments?post=28279"}],"version-history":[{"count":0,"href":"https:\/\/archivum.eloszekelyfold.ro\/index.php\/wp-json\/wp\/v2\/posts\/28279\/revisions"}],"wp:featuredmedia":[{"embeddable":true,"href":"https:\/\/archivum.eloszekelyfold.ro\/index.php\/wp-json\/wp\/v2\/media\/28280"}],"wp:attachment":[{"href":"https:\/\/archivum.eloszekelyfold.ro\/index.php\/wp-json\/wp\/v2\/media?parent=28279"}],"wp:term":[{"taxonomy":"category","embeddable":true,"href":"https:\/\/archivum.eloszekelyfold.ro\/index.php\/wp-json\/wp\/v2\/categories?post=28279"},{"taxonomy":"post_tag","embeddable":true,"href":"https:\/\/archivum.eloszekelyfold.ro\/index.php\/wp-json\/wp\/v2\/tags?post=28279"}],"curies":[{"name":"wp","href":"https:\/\/api.w.org\/{rel}","templated":true}]}}