{"id":28277,"date":"2021-12-13T02:47:01","date_gmt":"2021-12-13T02:47:01","guid":{"rendered":"http:\/\/archivum.eloszekelyfold.ro\/2021\/12\/13\/megbelyegzett-egyeniseg\/"},"modified":"2021-12-13T02:47:01","modified_gmt":"2021-12-13T02:47:01","slug":"megbelyegzett-egyeniseg","status":"publish","type":"post","link":"https:\/\/archivum.eloszekelyfold.ro\/index.php\/2021\/12\/13\/megbelyegzett-egyeniseg\/","title":{"rendered":"Megb\u00e9lyegzett egy\u00e9nis\u00e9g?"},"content":{"rendered":"<p><\/p>\n<div style=\"color:#666666; font-family:inherit; font-size:14px;font-style: normal;text-align:left;line-height:24px;\">\n<div style=\"float:left\"><img decoding=\"async\" src=\"http:\/\/archivum.eloszekelyfold.ro\/wp-content\/uploads\/2021\/12\/618_tetko1.jpg\" alt=\" Megb\u00e9lyegzett egy\u00e9nis\u00e9g?\" style=\"padding-right:14px; padding-bottom:6px; padding-top:6px;\" width=\"320px\"><\/div>\n<p>                              Az MTV EUROPA-d\u00edj\u00e1tad\u00f3 g\u00e1l\u00e1ja nemr\u00e9g Rotterdamban, ha nem is kudarcba, de mindenk\u00e9pp botr\u00e1nyba fulladt. El\u00e9rt a mor\u00e1lis m\u00e9lypontig. \u00a0A saj\u00e1tos frizur\u00e1k, hajk\u00f6ltem\u00e9nyek, tetov\u00e1l\u00e1sok felvonultat\u00e1sa mintha \u00faj divat\u00e1ramlatok, \u00e9let\u00e9rz\u00e9sek megjelen\u00e9s\u00e9t szentes\u00edtette volna. Ez volt, ami n\u00e1lam is kiverte a biztos\u00edt\u00e9kot, \u00e9s nem voltam rest kiss\u00e9 belem\u00e9lyedni a t\u00e9m\u00e1ba, hadd l\u00e1m, mi \u00e1llhat posztmodern korunk egyre hivalkod\u00f3bb jelens\u00e9ge, a testfest\u00e9s m\u00f6g\u00f6tt. Nyilv\u00e1n k\u00f6ze van ennek a szakadt farmer, kakastar\u00e9jos frizura, nyakkend\u0151s, cs\u0151nadr\u00e1gos teniszcip\u0151s divathoz, megjelen\u00e9si h\u00f3borthoz is.<\/p>\n<p>A divattervez\u0151knek persze j\u00f3 \u00fczlet, s\u0151t er\u0151teljes ipar\u00e1g, hiszen dr\u00e1ga sz\u00f3rakoz\u00e1sr\u00f3l van sz\u00f3. Nem v\u00e9letlen, hogy a vil\u00e1g leggazdagabbjai k\u00f6z\u00f6tt a divatszakma is ott az \u00e9lvonalban. Manaps\u00e1g m\u00e1r az sem ritka, hogy valaki a tengerparton eleve a nappal barn\u00edttatja bele test\u00e9be az elk\u00e9pzelt \u00e9s egy iszapr\u00e9teggel r\u00e1vitt mint\u00e1kat. Azt\u00e1n pedig olyan lesz, mint egy zebra, csak k\u00e9t l\u00e1bon&#8230;<\/p>\n<p>Maga a sz\u00f3 &#8216;tatu&#8217; a tahiti nyelvben annyit jelent: nyomot hagyni. Szakemberek kutat\u00e1sa alapj\u00e1n kider\u00fclt, hogy ez a t\u00f6bb mint \u00f6tezer \u00e9ves kultur\u00e1lis \u00f6r\u00f6ks\u00e9g az id\u0151k folyam\u00e1n sokmindent jelentett. M\u00f3dszerei is \u00e1talakultak, folyton v\u00e1ltoznak. Volt, amikor a m\u00e1gia r\u00e9sz\u00e9t k\u00e9pezte, ranghoz, t\u00f6rzsh\u00f6z, vall\u00e1shoz val\u00f3 tartoz\u00e1st jelentett. De a tetov\u00e1l\u00e1si l\u00e1z kapcs\u00e1n besz\u00e9lhet\u00fcnk megsz\u00e9gyen\u00edt\u00e9sr\u0151l, kivetetts\u00e9gr\u0151l, megjel\u00f6l\u00e9sr\u0151l, beazonos\u00edt\u00e1sr\u00f3l is, ak\u00e1rcsak manaps\u00e1g az \u00e1llatok eset\u00e9ben. T\u00f6bb t\u00edpus\u00e1t is megk\u00fcl\u00f6nb\u00f6ztetik, a szerint, hogy amat\u0151r vagy professzion\u00e1lis, orvosi vagy kultur\u00e1lis, net\u00e1n kozmetikai testfest\u00e9sr\u0151l van-e sz\u00f3.<\/p>\n<p>Ami igaz\u00e1n szembe\u00f6tl\u0151, az a tetov\u00e1l\u00e1sok okainak vizsg\u00e1lata. Mondhatni, ah\u00e1ny ember, anyi tetk\u00f3, de m\u00e9gis vannak trendek, jelens\u00e9gek, amelyek eme \u00f6nk\u00ednz\u00e1s m\u00f6g\u00f6tt \u00e1llnak. Az emberek \u00edgy fejezik ki, \u00edgy \u00e9rzik \u00e9rt\u00e9kesebbnek \u00f6nmagukat, elt\u00e9rhetnek a \u201eszokv\u00e1nyost\u00f3l\u201d. \u00cdgy h\u00edvj\u00e1k fel magukra a figyelmet: nem vagyok \u00e9n egy \u201e\u00e1tlag\u201d&#8230; Van, aki \u00f6nbizalm\u00e1t szeretn\u00e9 n\u00f6velni egy dr\u00e1mai sorsfordul\u00f3 ut\u00e1n (szeretett szem\u00e9ly hal\u00e1la, v\u00e1l\u00e1s, szak\u00edt\u00e1s, betegs\u00e9g, m\u0171t\u00e9t, csal\u00f3d\u00e1s stb.), van, akinek egy \u201em\u00e9lyen belev\u00e9s\u0151d\u00f6tt\u201d eml\u00e9k, m\u00e1sok puszt\u00e1n akaraterej\u00fcket, egyedis\u00e9g\u00fcket hangs\u00falyozz\u00e1k. <\/p>\n<div style=\"text-align: center;\"><img loading=\"lazy\" decoding=\"async\" src=\"http:\/\/archivum.eloszekelyfold.ro\/wp-content\/uploads\/2021\/12\/tetko2.jpg\" width=\"500\" height=\"375\" alt=\"\"><\/div>\n<p>\nAki tetov\u00e1ltat, \u00fagy v\u00e9li: ha ebben a kis dologban, k\u00e9nyelmetlen k\u00ednz\u00e1sban legy\u0151zte \u00f6nmag\u00e1t, a nagy dolgokban is k\u00e9pes helyt\u00e1llni. Van, aki szerint a b\u0151rd\u00edsz\u00edt\u00e9s egy bizonyos szint, amire el kell jutni, m\u00e1sok szerint \u2019jogom van a m\u00e1ss\u00e1ghoz\u2019, \u2019a testem az eny\u00e9m\u2019, azt teszek vele, amit akarok&#8230; Van, aki csak a test\u00e9t k\u00e9pes uralni, \u00edgy ott k\u00fcl\u00f6nck\u00f6dik, ott kompenz\u00e1l, ahol tud, s ha nem tetszik a tetk\u00f3, k\u00e9t \u00e9v m\u00falva sajtreszel\u0151vel lekaparja.<\/p>\n<p>Gyakori v\u00e9lem\u00e9ny, hogy a tetov\u00e1l\u00e1s seg\u00edt az \u00f6n\u00e9rt\u00e9kel\u00e9sben, ez\u00e9rt ezek az emberek hirdet\u0151t\u00e1bl\u00e1nak haszn\u00e1lj\u00e1k test\u00fcket, ak\u00e1r ny\u00edltan, ak\u00e1r eltakarva, k\u00fcl\u00f6nf\u00e9le angol, arab, k\u00ednai jeleket, szimb\u00f3lumokat \u00e9getve\/festve a b\u0151rbe. Szerelm\u00fck nev\u00e9t\u0151l, kedvenc lovuk vagy kuty\u00e1juk monogramj\u00e1ig, cip\u0151m\u00e1rk\u00e1juk log\u00f3j\u00e1t\u00f3l f\u00e9lelmetes sz\u00f6rnyekig, avantgard graffitikig szinte minden elk\u00e9pzelhet\u0151.<\/p>\n<p>Egyre divatosabb a csill\u00e1mtetov\u00e1l\u00e1s, a matric\u00e1k, a l\u00e9zeres megold\u00e1sok alkalmaz\u00e1sa is. A 18-30 k\u00f6z\u00f6tti fiatalok csaknem 40 sz\u00e1zal\u00e9ka visel m\u00e1r valamilyen tetov\u00e1l\u00e1st. \u00c1ll\u00edt\u00f3lag 65 sz\u00e1zal\u00e9kkal a n\u0151k vezetnek, szemben a f\u00e9rfiakkal. K\u00fczd\u0151sportot \u0171z\u0151 f\u00e9rfiakn\u00e1l figyelt\u00e9k meg, hogy a ki-kisercen\u0151 v\u00e9rhez mintha nem lenn\u00e9nek annyira hozz\u00e1szokva, mint a n\u0151k. R\u00e1ad\u00e1sul kevesebb zs\u00edr van rajtuk, \u00e9s mozdulatlanul t\u0171rni\u00fck kellett, hogy egy ember, egy n\u0151 b\u00e1ntja \u0151ket.<\/p>\n<p>Az sem ritka, hogy sz\u00fcl\u0151k viszik gyermek\u00fcket a kozmetikushoz, vagy a tetov\u00e1l\u00f3 mesterhez, ezzel r\u00e9gi v\u00e1gyukat is teljes\u00edtve. A gyerek ezzel jelzi, hogy feln\u0151tt\u00e9 v\u00e1lt, d\u00f6nthet mag\u00e1r\u00f3l. \u00cdgy jobban elfogadja \u00f6nmag\u00e1t.\u00a0<\/p>\n<div>\u00a0<\/div>\n<div>Manaps\u00e1g olyan fejlett a technika\/eg\u00e9szs\u00e9g\u00fcgy \u2013 mondj\u00e1k, hogy ezzel m\u00e9g a gyerek v\u00e9re is friss\u00fcl; azt\u00e1n ha nem\u00a0tetszik neki, majd elt\u00fcnteti \u00fagyis, vagy leh\u00e1mlik. Semmi gond.<br \/>\n\u00a0<\/div>\n<div style=\"text-align: center;\"><img loading=\"lazy\" decoding=\"async\" src=\"http:\/\/archivum.eloszekelyfold.ro\/wp-content\/uploads\/2021\/12\/tetko3.jpg\" width=\"500\" height=\"333\" alt=\"\"><\/div>\n<div>\nA tetov\u00e1l\u00e1s ritka, varr\u00e1sos form\u00e1ja f\u0151leg Szib\u00e9ri\u00e1b\u00f3l ismeretes, innen juthatott az eszkim\u00f3khoz, s ezekt\u0151l\u00a0az indi\u00e1nok t\u00f6rzseihez. A m\u0171v\u00e9szi, pontoz\u00f3 tetov\u00e1l\u00e1st z\u00f6m\u00e9ben Polin\u00e9zi\u00e1ban \u00e9s Jap\u00e1nban l\u00e1tjuk, a hegtetov\u00e1l\u00e1st\u00a0pedig ink\u00e1bb az afrikai n\u00e9pekn\u00e9l.A hegtetov\u00e1l\u00e1sn\u00e1l a b\u0151rt \u00e9les t\u00e1rggyal felkarcolj\u00e1k, a sebekbe hamut, agyagot,\u00a0faszenet d\u00f6rzs\u00f6lnek, vagy mar\u00f3 folyad\u00e9kkal kezelik, \u00e9s ezt az elj\u00e1r\u00e1st addig ism\u00e9tlik, m\u00edg kiemelked\u0151 hegek nem\u00a0keletkeznek. Ehhez tartozik az az elj\u00e1r\u00e1s is, amikor a d\u00edszhegeket r\u00e1\u00e9getik a b\u0151rre.<\/p>\n<p>Mire j\u00f3, mire val\u00f3 a testfest\u00e9s?<span class=\"Apple-tab-span\" style=\"white-space:pre\">\t<br \/>\n<\/span>Az t\u00e9ny, hogy a testfest\u00e9s, mint \u00f6nkifejez\u00e9si m\u00f3d, nagyon kult\u00faraf\u00fcgg\u0151. Azonban \u00fagy hiszem: nem tartozik\u00a0hozz\u00e1 sem kereszt\u00e9ny, sem magyar identit\u00e1sunkhoz. Meg merem kock\u00e1ztatni, hogy az eur\u00f3pai feh\u00e9r ember\u00e9hez sem\u00a0nagyon. Az igaz, hogy a r\u00f3maiak beles\u00fct\u00f6tt\u00e9k az ST (semper talis &#8211; mindig ilyen) bet\u0171t a hadsereg katon\u00e1iba. Hogy\u00a0eml\u00e9keztesse \u0151ket esk\u00fcj\u00fckre, meghogy ne tudjanak elsz\u00f6kni. A rabszolg\u00e1k se.<\/p>\n<p>De a k\u00e9rd\u00e9s sz\u00e1momra az: mi\u00e9rt nem szeretj\u00fck test\u00fcnket \u00fagy, ahogy van? Olyan t\u00f6k\u00e9letesnek \u00e9s sz\u00e9pnek\u00a0teremtette Isten, hogy nem is lenne sz\u00fcks\u00e9g a testen alak\u00edtgatni. Mit kell azon \u00a0m\u00e9g \u201ejav\u00edtani\u201d? Ha nem vagyok\u00a0magammal megel\u00e9gedve, az a testem miatt van? Nem vagyok t\u00f6bb a testemn\u00e9l? Hiszen a test\u00fcnk adatott, adva van. Ahhoz\u00a0nem kell hozz\u00e1tenni semmit. \u00c9s itt most nem az \u00e9letment\u0151 orvosi beavatkoz\u00e1sokra gondolok, a b\u0151r\u00fcnk al\u00e1 be\u00fcltetend\u0151\u00a0chipre meg v\u00e9gk\u00e9pp nem. Azzal, hogy megb\u00e9lyegezz\u00fck magunkat, hogy ki akarunk t\u0171nni, extravag\u00e1nsnak, egyedinek\u00a0l\u00e1tszani, \u2013 m\u00e1r \u00e1tfordultunk b\u00e1lv\u00e1nyim\u00e1d\u00e1sba. <\/p>\n<p>A modern testkultusz \u2013 bele\u00e9rtve a mindenf\u00e9le sz\u00e9ls\u0151s\u00e9ges, divatos &#8222;hozz\u00e1matat\u00e1st&#8221;, t\u00f6rt\u00e9nj\u00e9k az eszt\u00e9tikai vagy nemi megv\u00e1ltoztat\u00e1s c\u00e9lj\u00e1b\u00f3l, \u2013 nem m\u00e1s, mint egyszer\u0171en az eg\u00f3\u00a0t\u00falteng\u00e9se. A n\u00e1rcisztikus \u00f6nmagunk fel\u00e9 fordul\u00e1s. Isten\u00edtj\u00fck a testet. Azt hissz\u00fck, b\u00e1rmit megtehet\u00fcnk vele,\u00a0k\u00f6vetkezm\u00e9nyek n\u00e9lk\u00fcl. <\/p>\n<p>Holott az 5. parancsolat most is \u00e9rv\u00e9nyben van: ne \u00f6lj! Vigy\u00e1zz testi-lelki eg\u00e9szs\u00e9gedre!<span class=\"Apple-tab-span\" style=\"white-space:pre\">\t<br \/>\n<\/span>Szent P\u00e1l azt \u00edrja: Nem tudj\u00e1tok, hogy testetek a Szentl\u00e9lek temploma? (1Kor 6, 19) Vagyis milyen jogon\u00a0avatkozom be \u00e9n az Isten \u00e1ltal teremtett eg\u00e9sz, t\u00f6k\u00e9letesen sz\u00e9p vil\u00e1gba, ami a testem? Nem ink\u00e1bb \u00f3vnom, v\u00e9denem\u00a0kellene \u00e9s vigy\u00e1znom r\u00e1? Mit\u0151l lesz az szebb, ha az \u00e9n zavaros pszich\u00e9met-\u00e9rtelmemet kivet\u00edtem testemre? Nemhogy\u00a0gy\u00f3gy\u00edtan\u00e1m, vigy\u00e1zn\u00e9k r\u00e1,m\u00e9g el is cs\u00faf\u00edtom. \u00a0\u00c9s, ha a lelkemet nem \u00e1poltam, mi a garancia arra, hogy festett\u00a0testtel jobban megel\u00e9gszem magammal?<\/p>\n<p>M\u00e1shol meg \u00fagy fogalmaz az apostol: isten\u00fck a hasuk, \u00e9s azzal dicsekszenek, amit sz\u00e9gyellni\u00fck lellene&#8230;(Fil 3, 19)<br \/>\nT\u00e9gy engem a sz\u00edvedre pecs\u00e9tnek \u2013 mondja az \u00c9nekek \u00c9nek\u00e9ben a szerelmes szerelm\u00e9nek.(\u00c9n 8,6) Az ember az\u00a0Istennek. <\/p>\n<p>Ahogyan a forr\u00f3 viaszba belenyomott b\u00e9lyegz\u0151 otthagyja megszil\u00e1rdul\u00f3 nyom\u00e1t az okm\u00e1nyon.<\/p>\n<p>Isten az \u0151\u00a0szeretet\u00e9vel pecs\u00e9telte meg sorsunkat. Egy \u00f6r\u00f6k \u00e9letre eljegyzett testest\u0151l-lelkest\u0151l.\u00a0Kell enn\u00e9l l\u00e1tv\u00e1nyosabb tetk\u00f3?<\/p>\n<p><em>Sebesty\u00e9n P\u00e9ter<\/em><\/div>\n<\/p><\/div>\n","protected":false},"excerpt":{"rendered":"<p>Az MTV EUROPA-d\u00edj\u00e1tad\u00f3 g\u00e1l\u00e1ja nemr\u00e9g Rotterdamban, ha nem is kudarcba, de mindenk\u00e9pp botr\u00e1nyba fulladt. El\u00e9rt a mor\u00e1lis m\u00e9lypontig. \u00a0A saj\u00e1tos frizur\u00e1k, hajk\u00f6ltem\u00e9nyek, tetov\u00e1l\u00e1sok felvonultat\u00e1sa mintha \u00faj divat\u00e1ramlatok, \u00e9let\u00e9rz\u00e9sek megjelen\u00e9s\u00e9t szentes\u00edtette volna. Ez volt, ami n\u00e1lam is kiverte a biztos\u00edt\u00e9kot, \u00e9s nem voltam rest kiss\u00e9 belem\u00e9lyedni a t\u00e9m\u00e1ba, hadd l\u00e1m, mi \u00e1llhat posztmodern korunk egyre hivalkod\u00f3bb [&hellip;]<\/p>\n","protected":false},"author":1,"featured_media":28278,"comment_status":"open","ping_status":"open","sticky":false,"template":"","format":"standard","meta":{"footnotes":""},"categories":[],"tags":[],"class_list":["post-28277","post","type-post","status-publish","format-standard","has-post-thumbnail","hentry"],"_links":{"self":[{"href":"https:\/\/archivum.eloszekelyfold.ro\/index.php\/wp-json\/wp\/v2\/posts\/28277","targetHints":{"allow":["GET"]}}],"collection":[{"href":"https:\/\/archivum.eloszekelyfold.ro\/index.php\/wp-json\/wp\/v2\/posts"}],"about":[{"href":"https:\/\/archivum.eloszekelyfold.ro\/index.php\/wp-json\/wp\/v2\/types\/post"}],"author":[{"embeddable":true,"href":"https:\/\/archivum.eloszekelyfold.ro\/index.php\/wp-json\/wp\/v2\/users\/1"}],"replies":[{"embeddable":true,"href":"https:\/\/archivum.eloszekelyfold.ro\/index.php\/wp-json\/wp\/v2\/comments?post=28277"}],"version-history":[{"count":0,"href":"https:\/\/archivum.eloszekelyfold.ro\/index.php\/wp-json\/wp\/v2\/posts\/28277\/revisions"}],"wp:featuredmedia":[{"embeddable":true,"href":"https:\/\/archivum.eloszekelyfold.ro\/index.php\/wp-json\/wp\/v2\/media\/28278"}],"wp:attachment":[{"href":"https:\/\/archivum.eloszekelyfold.ro\/index.php\/wp-json\/wp\/v2\/media?parent=28277"}],"wp:term":[{"taxonomy":"category","embeddable":true,"href":"https:\/\/archivum.eloszekelyfold.ro\/index.php\/wp-json\/wp\/v2\/categories?post=28277"},{"taxonomy":"post_tag","embeddable":true,"href":"https:\/\/archivum.eloszekelyfold.ro\/index.php\/wp-json\/wp\/v2\/tags?post=28277"}],"curies":[{"name":"wp","href":"https:\/\/api.w.org\/{rel}","templated":true}]}}