{"id":28275,"date":"2021-12-13T02:45:01","date_gmt":"2021-12-13T02:45:01","guid":{"rendered":"http:\/\/archivum.eloszekelyfold.ro\/2021\/12\/13\/rendhagyo-szekelyfold-lapszam-bemutato\/"},"modified":"2021-12-13T02:45:01","modified_gmt":"2021-12-13T02:45:01","slug":"rendhagyo-szekelyfold-lapszam-bemutato","status":"publish","type":"post","link":"https:\/\/archivum.eloszekelyfold.ro\/index.php\/2021\/12\/13\/rendhagyo-szekelyfold-lapszam-bemutato\/","title":{"rendered":"Rendhagy\u00f3 Sz\u00e9kelyf\u00f6ld lapsz\u00e1m-bemutat\u00f3"},"content":{"rendered":"<p><\/p>\n<div style=\"color:#666666; font-family:inherit; font-size:14px;font-style: normal;text-align:left;line-height:24px;\">\n<div style=\"float:left\"><img decoding=\"async\" src=\"http:\/\/archivum.eloszekelyfold.ro\/wp-content\/uploads\/2021\/12\/619_bm6.jpg\" alt=\" Rendhagy\u00f3 Sz\u00e9kelyf\u00f6ld lapsz\u00e1m-bemutat\u00f3\" style=\"padding-right:14px; padding-bottom:6px; padding-top:6px;\" width=\"320px\"><\/div>\n<p>                              Ma, kedden d\u00e9lut\u00e1n 5 \u00f3r\u00e1t\u00f3l tartj\u00e1k a Sz\u00e9kelyf\u00f6ld novemberi lapsz\u00e1m\u00e1nak bemutat\u00f3j\u00e1t a sz\u00e9kelyudvarhelyi M\u0171vel\u0151d\u00e9si H\u00e1z koncertterm\u00e9ben. Az est vend\u00e9ge\u00a0L\u00f6v\u00e9tei L\u00e1z\u00e1r L\u00e1szl\u00f3 f\u0151szerkeszt\u0151n k\u00edv\u00fcl B\u00e1lint M\u00f3zes nyugalmazott m\u0171vezet\u0151 lesz, akivel 80. sz\u00fclet\u00e9snapja alkalm\u00e1b\u00f3l Sim\u00f3 M\u00e1rton besz\u00e9lgetett.<\/p>\n<p>A Sz\u00e9kelyf\u00f6ld foly\u00f3irat novemberi lapsz\u00e1m\u00e1ban jelent meg Sim\u00f3 M\u00e1rton besz\u00e9lget\u00e9se B\u00e1lint M\u00f3zessel, a legend\u00e1s m\u0171vezet\u0151vel, vagy, ahogy akkoriban mondt\u00e1k,&#8221;szekci\u00f3f\u0151n\u00f6kkel&#8221;. \u2013 A megboldogult Matricagy\u00e1r f\u00e9nykor\u00e1ban mintegy 3500 dolgoz\u00f3t foglalkoztatot t\u2013 r\u00e9szletezte Sim\u00f3 M\u00e1rton k\u00e9rd\u00e9semre, hogy mi ind\u00edtotta arra, hogy \u00e9ppen B\u00e1lint M\u00f3zest faggassa.<\/p>\n<div>\n\u2013 Az 1970-es \u00e9vek k\u00f6zep\u00e9n hozt\u00e1k l\u00e9tre, j\u00f3r\u00e9szt a szint\u00e9n n\u00e9hai a Tehnoutilaj, a G\u00e1bor \u00c1ron Rt.\u00a0szakembereinek \u00e1tszerz\u0151dtet\u00e9s\u00e9vel, illetve \u00fajak kinevel\u00e9s\u00e9vel. A Matric\u00e1ban &#8211; ahogy n\u00e9pi nyelven h\u00edvt\u00e1k &#8211; els\u0151sorban vegyipari felszerel\u00e9seket \u00e9s\u00a0p\u00f3talkatr\u00e9szeket gy\u00e1rtottak. A gumiabroncs- \u00e9s a fr\u00f6ccs\u00f6nt\u0151-matrica volt a legfontosabb term\u00e9k, illetve k\u00e9s\u0151bb az ipari t\u00f6m\u00edt\u00e9sek el\u0151\u00e1ll\u00edt\u00e1sa. M\u00f3zsi b\u00e1csi\u00a0eg\u00e9sz 1990-es nyugd\u00edjaz\u00e1s\u00e1ig a protot\u00edpus-m\u0171helyt vezette, \u00e9s a legjobb szakembereket gy\u0171jt\u00f6tte egybe, akik teljes\u00edteni tudt\u00e1k a kih\u00edv\u00e1sokat, hiszen a\u00a0protot\u00edpusok el\u0151\u00e1ll\u00edt\u00e1sa nagy szaktud\u00e1st, t\u00fcrelmet \u00e9s fant\u00e1zi\u00e1t ig\u00e9nyelt. Az a p\u00e1r tucatnyi ember volt a v\u00e1llalat kr\u00e9mje. T\u00f6bbek k\u00f6z\u00f6tt ez\u00e9rt faggattam\u00a0\u00e9ppen M\u00f3zsi b\u00e1csit.<br \/>\n\u00a0<\/div>\n<div style=\"text-align: center;\">\u00a0<img loading=\"lazy\" decoding=\"async\" src=\"http:\/\/archivum.eloszekelyfold.ro\/wp-content\/uploads\/2021\/12\/matrica_balazs_ferenc.jpg\" width=\"500\" height=\"314\" alt=\"\"><\/div>\n<div style=\"text-align: center;\"><em>A Matricagy\u00e1r az 1980-as \u00e9vek k\u00f6zep\u00e9n (Bal\u00e1zs Ferenc fev\u00e9tele)<\/em><br \/>\n\u00a0<\/div>\n<div><em>\u2013\u00a0A besz\u00e9lget\u00e9s c\u00edme is sokatmond\u00f3an \u201eEgy sz\u00e9kely falu gy\u00e1ri modellje a Matricagy\u00e1rban\u201d. \u00a0Mit fed ez a c\u00edm? Le lehetett modellezni a sz\u00e9kely falut is a Matricagy\u00e1rban? \u2013 k\u00e9rdeztem a szerz\u0151t.<\/em><\/p>\n<p>\u2013 M\u00f3zsi b\u00e1csi azt szerette, ha mindenf\u00e9le ember van a csapat\u00e1ban \u2013 fogalmazott Sim\u00f3 M\u00e1rton. \u2013 \u00c9rts\u00fck \u00fagy, hogy olyan m\u00e9rn\u00f6k, lakatos vagy g\u00e9plakatos, aki \u00e9rt\u00a0a fot\u00f3z\u00e1shoz, a sporthoz, tud zen\u00e9lni, szeret kir\u00e1ndulni \u00e9s a j\u00f3 olvasnival\u00f3kat sem veti meg. Azzal szeretett \u00e9s tudott dolgozni, akivel tal\u00e1lt a sz\u00f3. M\u00e9g a\u00a0diszn\u00f3v\u00e1g\u00e1shoz \u00e9rt\u0151 koll\u00e9ga is kellett, mert id\u0151nk\u00e9nt sor ker\u00fclt bizonyos alkalmak meg\u00fcnnepl\u00e9s\u00e9re &#8211; sz\u00f3val kellett a hentes. A protot\u00edpus-m\u0171hely sz\u00e1mos \u00edr\u00f3-olvas\u00f3 tal\u00e1lkoz\u00f3t szervezett, szerepet v\u00e1llalt a t\u00e1nch\u00e1z-mozgalomban. B\u00e1lint M\u00f3zes j\u00f3 viszonyban volt K\u00e1ny\u00e1di S\u00e1ndorral, Kall\u00f3s Zolt\u00e1nnal, \u00e9s olyan jelent\u0151s\u00a0alkot\u00f3kkal, akiket az akkori hatalom nem nagyon d\u00e9delgetett. Megtan\u00edtotta a fiataloknak a szakm\u00e1t, de azt is elv\u00e1rta, hogy a szaki polg\u00e1rk\u00e9nt viselkedj\u00e9k a\u00a0v\u00e1rosi k\u00f6rnyezetben, s ne feledje a falur\u00f3l hozott \u00e9rt\u00e9keket sem. Egy ilyen munkak\u00f6z\u00f6ss\u00e9g, B\u00e1lint M\u00f3zes elk\u00e9pzel\u00e9se szerint, a falu modellje volt&#8230; Innen a\u00a0c\u00edmad\u00e1s.<br \/>\n\u00a0<\/div>\n<div style=\"text-align: center;\"><img loading=\"lazy\" decoding=\"async\" src=\"http:\/\/archivum.eloszekelyfold.ro\/wp-content\/uploads\/2021\/12\/Balint_Mozes_istvan_lajos_korondi_neprajzkutatoval 001.jpg\" width=\"500\" height=\"369\" alt=\"\"><\/div>\n<div style=\"text-align: center;\"><em>N\u00e9hai Istv\u00e1n Lajossal, Korond jeles n\u00e9prajzkutat\u00f3j\u00e1val az 1990-es \u00e9vek elej\u00e9n\u00a0<\/em><br \/>\n\u00a0<\/div>\n<div>Sim\u00f3 M\u00e1rton szerint B\u00e1lint M\u00f3zes sok esetben mozgat\u00f3rug\u00f3ja, kataliz\u00e1tora volt az esem\u00e9nyeknek, m\u00e9g akkor is, ha ezt nem v\u00e1rt\u00e1k el t\u0151le. K\u00f6teless\u00e9g\u00e9nek \u00e9rezte\u00a0oda\u00e1llni a jelens\u00e9gek m\u00f6g\u00e9, ugyanakkor \u00e9vtizedek \u00f3ta mark\u00e1ns szerepl\u0151je, &#8222;fogyaszt\u00f3ja&#8221; Sz\u00e9kelyudvarhely kultur\u00e1lis \u00e9let\u00e9nek, ott van az \u00edr\u00f3-olvas\u00f3\u00a0tal\u00e1lkoz\u00f3kon, a sz\u00ednh\u00e1zi el\u0151ad\u00e1sokon, a ki\u00e1ll\u00edt\u00e1s-megnyit\u00f3kon. <br \/>\n\u00a0<\/div>\n<div style=\"text-align: center;\"><img loading=\"lazy\" decoding=\"async\" src=\"http:\/\/archivum.eloszekelyfold.ro\/wp-content\/uploads\/2021\/12\/DSCN9783.JPG\" width=\"500\" height=\"746\" alt=\"\"><\/div>\n<div style=\"text-align: center;\"><em>A sz\u00e9kelyd\u00e1lyai templomban<\/em><\/div>\n<div>\nEz\u00fattal, a keddi Sz\u00e9kelyf\u00f6ld-bemutat\u00f3n rendhagy\u00f3 m\u00f3don B\u00e1lint M\u00f3zes lesz az egyik\u00a0f\u0151szerepl\u0151 P\u00e9ter P\u00e9ter m\u00e9rn\u00f6k-v\u00e1llalkoz\u00f3n k\u00edv\u00fcl. Emellett bemutatj\u00e1k azt a kisfilmet \u00e9s fot\u00f3dokumentum-\u00f6ssze\u00e1ll\u00edt\u00e1st, amelyet Szab\u00f3 K\u00e1roly k\u00e9sz\u00edtett B\u00e1lint\u00a0M\u00f3zes p\u00e1ly\u00e1j\u00e1r\u00f3l. A tal\u00e1lkoz\u00f3n korl\u00e1tozott mennyis\u00e9gben a novemberi Sz\u00e9kelyf\u00f6ld p\u00e9ld\u00e1nyai is megv\u00e1s\u00e1rolhat\u00f3k lesznek. A rendezv\u00e9ny t\u00f6bb meglepet\u00e9st is\u00a0tartalmaz, amelyek a helysz\u00ednen der\u00fclnek majd ki \u2013 \u00edg\u00e9rte Sim\u00f3 M\u00e1rton.\u00a0<\/p>\n<p><em>Forr\u00e1s: Hargita N\u00e9pe<\/p>\n<p>Dacz\u00f3 Katalin<\/em><\/div>\n<div>\u00a0<\/div>\n<\/p><\/div>\n","protected":false},"excerpt":{"rendered":"<p>Ma, kedden d\u00e9lut\u00e1n 5 \u00f3r\u00e1t\u00f3l tartj\u00e1k a Sz\u00e9kelyf\u00f6ld novemberi lapsz\u00e1m\u00e1nak bemutat\u00f3j\u00e1t a sz\u00e9kelyudvarhelyi M\u0171vel\u0151d\u00e9si H\u00e1z koncertterm\u00e9ben. Az est vend\u00e9ge\u00a0L\u00f6v\u00e9tei L\u00e1z\u00e1r L\u00e1szl\u00f3 f\u0151szerkeszt\u0151n k\u00edv\u00fcl B\u00e1lint M\u00f3zes nyugalmazott m\u0171vezet\u0151 lesz, akivel 80. sz\u00fclet\u00e9snapja alkalm\u00e1b\u00f3l Sim\u00f3 M\u00e1rton besz\u00e9lgetett. A Sz\u00e9kelyf\u00f6ld foly\u00f3irat novemberi lapsz\u00e1m\u00e1ban jelent meg Sim\u00f3 M\u00e1rton besz\u00e9lget\u00e9se B\u00e1lint M\u00f3zessel, a legend\u00e1s m\u0171vezet\u0151vel, vagy, ahogy akkoriban mondt\u00e1k,&#8221;szekci\u00f3f\u0151n\u00f6kkel&#8221;. \u2013 [&hellip;]<\/p>\n","protected":false},"author":1,"featured_media":28276,"comment_status":"open","ping_status":"open","sticky":false,"template":"","format":"standard","meta":{"footnotes":""},"categories":[],"tags":[],"class_list":["post-28275","post","type-post","status-publish","format-standard","has-post-thumbnail","hentry"],"_links":{"self":[{"href":"https:\/\/archivum.eloszekelyfold.ro\/index.php\/wp-json\/wp\/v2\/posts\/28275","targetHints":{"allow":["GET"]}}],"collection":[{"href":"https:\/\/archivum.eloszekelyfold.ro\/index.php\/wp-json\/wp\/v2\/posts"}],"about":[{"href":"https:\/\/archivum.eloszekelyfold.ro\/index.php\/wp-json\/wp\/v2\/types\/post"}],"author":[{"embeddable":true,"href":"https:\/\/archivum.eloszekelyfold.ro\/index.php\/wp-json\/wp\/v2\/users\/1"}],"replies":[{"embeddable":true,"href":"https:\/\/archivum.eloszekelyfold.ro\/index.php\/wp-json\/wp\/v2\/comments?post=28275"}],"version-history":[{"count":0,"href":"https:\/\/archivum.eloszekelyfold.ro\/index.php\/wp-json\/wp\/v2\/posts\/28275\/revisions"}],"wp:featuredmedia":[{"embeddable":true,"href":"https:\/\/archivum.eloszekelyfold.ro\/index.php\/wp-json\/wp\/v2\/media\/28276"}],"wp:attachment":[{"href":"https:\/\/archivum.eloszekelyfold.ro\/index.php\/wp-json\/wp\/v2\/media?parent=28275"}],"wp:term":[{"taxonomy":"category","embeddable":true,"href":"https:\/\/archivum.eloszekelyfold.ro\/index.php\/wp-json\/wp\/v2\/categories?post=28275"},{"taxonomy":"post_tag","embeddable":true,"href":"https:\/\/archivum.eloszekelyfold.ro\/index.php\/wp-json\/wp\/v2\/tags?post=28275"}],"curies":[{"name":"wp","href":"https:\/\/api.w.org\/{rel}","templated":true}]}}