{"id":28269,"date":"2021-12-13T02:39:00","date_gmt":"2021-12-13T02:39:00","guid":{"rendered":"http:\/\/archivum.eloszekelyfold.ro\/2021\/12\/13\/tilos-csillagon\/"},"modified":"2021-12-13T02:39:00","modified_gmt":"2021-12-13T02:39:00","slug":"tilos-csillagon","status":"publish","type":"post","link":"https:\/\/archivum.eloszekelyfold.ro\/index.php\/2021\/12\/13\/tilos-csillagon\/","title":{"rendered":"Tilos csillagon"},"content":{"rendered":"<p><\/p>\n<div style=\"color:#666666; font-family:inherit; font-size:14px;font-style: normal;text-align:left;line-height:24px;\">\n<div style=\"float:left\"><img decoding=\"async\" src=\"http:\/\/archivum.eloszekelyfold.ro\/wp-content\/uploads\/2021\/12\/620_gyulai_zsuzsnna.jpg\" alt=\"Tilos csillagon\" style=\"padding-right:14px; padding-bottom:6px; padding-top:6px;\" width=\"320px\"><\/div>\n<p>                              Gyulai Zsuzsanna budapesti Radn\u00f3ti-d\u00edjas versmond\u00f3 Tilos csillagon c\u00edm\u0171 el\u0151ad\u00f3estj\u00e9vel mutatkozik be a kolozsv\u00e1ri k\u00f6z\u00f6ns\u00e9g el\u0151tt 2016. november 23-\u00e1n, szerd\u00e1n, 18 \u00f3rakor a Gy\u00f6rk\u00f6s M\u00e1nyi Albert Eml\u00e9kh\u00e1zban. <\/p>\n<p>Az \u00f6ssze\u00e1ll\u00edt\u00e1s a klasszikus magyar k\u00f6lt\u00e9szet m\u00e1gikus erej\u00e9vel id\u00e9zi meg a sz\u00fclet\u00e9s \u00e9s a gyermek\u00e9vek t\u00e9mak\u00f6r\u00e9t, a szerelmek, \u00fatkeres\u00e9sek \u00e1llom\u00e1sait, \u00e9s a v\u00e9gs\u0151 sz\u00e1mvet\u00e9sek letisztult tapasztalatait, azaz f\u00f6ldi utaz\u00e1sunk st\u00e1ci\u00f3it.<\/p>\n<p>Ady Endre, J\u00f3zsef Attila, Juh\u00e1sz Gyula, Kosztol\u00e1nyi Dezs\u0151, Nagy L\u00e1szl\u00f3, Pet\u0151fi S\u00e1ndor, Pilinszky J\u00e1nos, Radn\u00f3ti Mikl\u00f3s, S\u00e1rk\u00f6zy Gy\u00f6rgy, Szab\u00f3 L\u0151rinc \u00e9s We\u00f6res S\u00e1ndor versei k\u00f6z\u00f6tt Bach, Chopin, Mozart, Dvo\u0159ak m\u0171veib\u0151l csend\u00fclnek fel r\u00e9szletek.<\/p>\n<p>Gyulai Zsuzsanna turn\u00e9j\u00e1nak k\u00f6vetkez\u0151 \u00e1llom\u00e1sa Beszterce, ahol a Magyar H\u00e1zban l\u00e9p fel cs\u00fct\u00f6rt\u00f6k\u00f6n, november 24-\u00e9n 18.00 \u00f3r\u00e1t\u00f3l kezd\u0151d\u0151en.<\/p>\n<p><em>\u00c9l\u0151 Sz\u00e9kelyf\u00f6ld Munkacsoport<\/em><\/p>\n<div style=\"text-align: center;\"><img loading=\"lazy\" decoding=\"async\" src=\"http:\/\/archivum.eloszekelyfold.ro\/wp-content\/uploads\/2021\/12\/emke(13).jpg\" width=\"84\" height=\"84\" alt=\"\"><br \/>\nGy\u00f6rk\u00f6s M\u00e1nyi Albert Eml\u00e9kh\u00e1z<\/div>\n<div style=\"text-align: center;\">400015, Kolozsv\u00e1r,<br \/>\nRepublicii\/Maj\u00e1lis u. 5.<\/div>\n<div style=\"text-align: center;\">E-mail: emkegyorkoshaz@yahoo.com<\/div>\n<div style=\"text-align: center;\">Mobiltelefon: +40 766 294646<\/div>\n<div style=\"text-align: center;\"><a href=\"http:\/\/www.emke.ro\/\"><span style=\"color: rgb(255, 0, 0);\"><strong>www.emke.ro<\/strong><\/span><\/a><\/div>\n<\/p><\/div>\n","protected":false},"excerpt":{"rendered":"<p>Gyulai Zsuzsanna budapesti Radn\u00f3ti-d\u00edjas versmond\u00f3 Tilos csillagon c\u00edm\u0171 el\u0151ad\u00f3estj\u00e9vel mutatkozik be a kolozsv\u00e1ri k\u00f6z\u00f6ns\u00e9g el\u0151tt 2016. november 23-\u00e1n, szerd\u00e1n, 18 \u00f3rakor a Gy\u00f6rk\u00f6s M\u00e1nyi Albert Eml\u00e9kh\u00e1zban. Az \u00f6ssze\u00e1ll\u00edt\u00e1s a klasszikus magyar k\u00f6lt\u00e9szet m\u00e1gikus erej\u00e9vel id\u00e9zi meg a sz\u00fclet\u00e9s \u00e9s a gyermek\u00e9vek t\u00e9mak\u00f6r\u00e9t, a szerelmek, \u00fatkeres\u00e9sek \u00e1llom\u00e1sait, \u00e9s a v\u00e9gs\u0151 sz\u00e1mvet\u00e9sek letisztult tapasztalatait, azaz f\u00f6ldi utaz\u00e1sunk [&hellip;]<\/p>\n","protected":false},"author":1,"featured_media":28270,"comment_status":"open","ping_status":"open","sticky":false,"template":"","format":"standard","meta":{"footnotes":""},"categories":[],"tags":[],"class_list":["post-28269","post","type-post","status-publish","format-standard","has-post-thumbnail","hentry"],"_links":{"self":[{"href":"https:\/\/archivum.eloszekelyfold.ro\/index.php\/wp-json\/wp\/v2\/posts\/28269","targetHints":{"allow":["GET"]}}],"collection":[{"href":"https:\/\/archivum.eloszekelyfold.ro\/index.php\/wp-json\/wp\/v2\/posts"}],"about":[{"href":"https:\/\/archivum.eloszekelyfold.ro\/index.php\/wp-json\/wp\/v2\/types\/post"}],"author":[{"embeddable":true,"href":"https:\/\/archivum.eloszekelyfold.ro\/index.php\/wp-json\/wp\/v2\/users\/1"}],"replies":[{"embeddable":true,"href":"https:\/\/archivum.eloszekelyfold.ro\/index.php\/wp-json\/wp\/v2\/comments?post=28269"}],"version-history":[{"count":0,"href":"https:\/\/archivum.eloszekelyfold.ro\/index.php\/wp-json\/wp\/v2\/posts\/28269\/revisions"}],"wp:featuredmedia":[{"embeddable":true,"href":"https:\/\/archivum.eloszekelyfold.ro\/index.php\/wp-json\/wp\/v2\/media\/28270"}],"wp:attachment":[{"href":"https:\/\/archivum.eloszekelyfold.ro\/index.php\/wp-json\/wp\/v2\/media?parent=28269"}],"wp:term":[{"taxonomy":"category","embeddable":true,"href":"https:\/\/archivum.eloszekelyfold.ro\/index.php\/wp-json\/wp\/v2\/categories?post=28269"},{"taxonomy":"post_tag","embeddable":true,"href":"https:\/\/archivum.eloszekelyfold.ro\/index.php\/wp-json\/wp\/v2\/tags?post=28269"}],"curies":[{"name":"wp","href":"https:\/\/api.w.org\/{rel}","templated":true}]}}