{"id":28263,"date":"2021-12-13T02:33:00","date_gmt":"2021-12-13T02:33:00","guid":{"rendered":"http:\/\/archivum.eloszekelyfold.ro\/2021\/12\/13\/testvarvarosi-megallapodast-kotott-budapest-es-szekelyudvarhely\/"},"modified":"2021-12-13T02:33:00","modified_gmt":"2021-12-13T02:33:00","slug":"testvarvarosi-megallapodast-kotott-budapest-es-szekelyudvarhely","status":"publish","type":"post","link":"https:\/\/archivum.eloszekelyfold.ro\/index.php\/2021\/12\/13\/testvarvarosi-megallapodast-kotott-budapest-es-szekelyudvarhely\/","title":{"rendered":"Testv\u00e1rv\u00e1rosi meg\u00e1llapod\u00e1st k\u00f6t\u00f6tt Budapest \u00e9s Sz\u00e9kelyudvarhely"},"content":{"rendered":"<p><\/p>\n<div style=\"color:#666666; font-family:inherit; font-size:14px;font-style: normal;text-align:left;line-height:24px;\">\n<div style=\"float:left\"><img decoding=\"async\" src=\"http:\/\/archivum.eloszekelyfold.ro\/wp-content\/uploads\/2021\/12\/625_szent_istvan_LCS_2.jpg\" alt=\"Testv\u00e1rv\u00e1rosi meg\u00e1llapod\u00e1st k\u00f6t\u00f6tt Budapest \u00e9s Sz\u00e9kelyudvarhely\" style=\"padding-right:14px; padding-bottom:6px; padding-top:6px;\" width=\"320px\"><\/div>\n<p>                              Testv\u00e9rv\u00e1rosi szerz\u0151d\u00e9st k\u00f6t\u00f6tt cs\u00fct\u00f6rt\u00f6k\u00f6n Budapest \u00e9s Sz\u00e9kelyudvarhely &#8211; k\u00f6z\u00f6lte a sz\u00e9kelyudvarhelyi polg\u00e1rmesteri hivatal sajt\u00f3oszt\u00e1lya. <\/p>\n<p>A dokumentumot a sz\u00e9kelyudvarhelyi \u00f6nkorm\u00e1nyzati test\u00fclet \u00fcnnepi, rendk\u00edv\u00fcli \u00fcl\u00e9s\u00e9n \u00edrta al\u00e1 Tarl\u00f3s Istv\u00e1n, Budapest f\u0151polg\u00e1rmestere, \u00e9s G\u00e1lfi \u00c1rp\u00e1d Sz\u00e9kelyudvarhely polg\u00e1rmestere. <\/p>\n<p>A szerz\u0151d\u00e9s \u00e9rtelm\u00e9ben a k\u00e9t v\u00e1ros t\u00f6bbek k\u00f6z\u00f6tt a kultur\u00e1lis \u00e9let, a kultur\u00e1lis \u00f6r\u00f6ks\u00e9gv\u00e9delem, a gazdas\u00e1g \u00e9s a turizmus ter\u00fclet\u00e9n k\u00edv\u00e1nja fejleszteni kapcsolatait, kiemelten kezelik tov\u00e1bb\u00e1 az ifj\u00fas\u00e1gi \u00e9s sportkapcsolatokat.<\/p>\n<p>\u00dcnnepi besz\u00e9d\u00e9ben Tarl\u00f3s Istv\u00e1n megeml\u00edtette, hogy Budapesten az Orsz\u00e1gh\u00e1zon is \u00e9s a f\u0151polg\u00e1rmesteri hivatalon is ott leng a sz\u00e9kely z\u00e1szl\u00f3, \u00e9s semmilyen hatalmi sz\u00f3 nem t\u00e1vol\u00edthatja onnan el. A f\u0151polg\u00e1rmester b\u00fcszkes\u00e9g\u00e9nek adott hangot amiatt, hogy \u00f3budai polg\u00e1rmesterk\u00e9nt Cs\u00edkszered\u00e1val, Budapest f\u0151polg\u00e1rmesterek\u00e9nt pedig Sz\u00e9kelyudvarhellyel k\u00f6t\u00f6tt testv\u00e9rv\u00e1rosi szerz\u0151d\u00e9st.<\/p>\n<div style=\"text-align: center;\"><embed type=\"application\/x-shockwave-flash\" pluginspage=\"http:\/\/www.macromedia.com\/go\/getflashplayer\" src=\"http:\/\/www.youtube.com\/v\/FSD6UsfbPhg%26hl=en%26fs=1%26rel=0%26ap=%2526fmt=18\" width=\"425\" height=\"344\"><\/embed><\/div>\n<p>\nTarl\u00f3s ugyanakkor elmondta, hogy a Sz\u00e9kelyudvarhellyel k\u00f6t\u00f6tt szerz\u0151d\u00e9s tulajdonk\u00e9ppen eg\u00e9sz Sz\u00e9kelyf\u00f6ldnek sz\u00f3l \u00e9s rem\u00e9li, elk\u00f6vetkez\u0151kben ez az egy\u00fcttm\u0171k\u00f6d\u00e9s t\u00falmutat majd a k\u00e9t v\u00e1ros hat\u00e1rain. Budapest f\u0151polg\u00e1rmestere elmondta: els\u0151sorban lelki \u00e9s \u00e9rzelmi k\u00f6tel\u00e9kk\u00e9nt tekint a szerz\u0151d\u00e9sre, hangs\u00falyozta, hogy ennek megk\u00f6t\u00e9s\u00e9t Budapest kezdem\u00e9nyezte.<\/p>\n<div style=\"text-align: center;\"><img loading=\"lazy\" decoding=\"async\" src=\"http:\/\/archivum.eloszekelyfold.ro\/wp-content\/uploads\/2021\/12\/szent_istvan_LCS.jpg\" width=\"500\" height=\"315\" alt=\"\"><\/div>\n<p>\nA Magyar Polg\u00e1ri P\u00e1rt (MPP) \u00e9s az Erd\u00e9lyi Magyar N\u00e9pp\u00e1rt (EMNP) k\u00f6z\u00f6s jel\u00f6ltjek\u00e9nt j\u00faniusban polg\u00e1rmesterr\u00e9 v\u00e1lasztott G\u00e1lfi \u00c1rp\u00e1d kiv\u00e9teles \u00f6r\u00f6mnek \u00e9s megtiszteltet\u00e9snek nevezte, hogy \u0151 \u00edrhatta al\u00e1 a szerz\u0151d\u00e9st a sz\u00e9kelyudvarhelyiek nev\u00e9ben.<\/p>\n<p>&#8222;A K\u00e1rp\u00e1t-medence test\u00e9t viszont mi a kiontott v\u00e9r\u00fcnkkel k\u00f6t\u00f6tt\u00fck egybe, \u00e9s ez\u00e9rt annak lelki egys\u00e9ge \u00f6r\u00f6k. \u00c9ppen ez\u00e9rt kegyelmi \u00e1llapotk\u00e9nt \u00e9lj\u00fck meg, hogy Peking, New York, B\u00e9cs, Berlin vagy Lisszabon mellett Sz\u00e9kelyudvarhely is Budapest testv\u00e9rv\u00e1rosa lehet. M\u00e9gis &#8211; \u00fagy \u00e9rzem &#8211; lelkiekben sokkal nagyobb jelent\u0151s\u00e9ge van ennek a kapcsolatnak &#8211; Budapest sz\u00e1m\u00e1ra is -, mint b\u00e1rmely m\u00e1s testv\u00e9rv\u00e1rosa eset\u00e9ben&#8221; &#8211; id\u00e9zte a v\u00e1rosh\u00e1zi k\u00f6zlem\u00e9ny G\u00e1lfi gondolatait.<\/p>\n<div style=\"text-align: center;\"><embed type=\"application\/x-shockwave-flash\" pluginspage=\"http:\/\/www.macromedia.com\/go\/getflashplayer\" src=\"http:\/\/www.youtube.com\/v\/XOUm6geLABo%26hl=en%26fs=1%26rel=0\" width=\"425\" height=\"344\"><\/embed><\/div>\n<p>\nAz \u00fcl\u00e9sen a testv\u00e9rv\u00e1rosi kapcsolatok kialak\u00edt\u00e1s\u00e1nak a kezdem\u00e9nyez\u0151je, Sz\u00e1sz Jen\u0151 kor\u00e1bbi sz\u00e9kelyudvarhelyi polg\u00e1rmester, a Nemzetstrat\u00e9giai Kutat\u00f3int\u00e9zet igazgat\u00f3ja is felsz\u00f3lalt. \u00dagy v\u00e9lte, a szerz\u0151d\u00e9s \u00e1ltal &#8222;a sz\u00e9kely f\u0151v\u00e1ros \u00e9s a nemzet f\u0151v\u00e1rosa&#8221; er\u0151s\u00edtette meg hivatalosan is a testv\u00e9ri k\u00f6tel\u00e9ket. Sz\u00e1sz Jen\u0151 ugyanakkor eml\u00e9keztette a jelenl\u00e9v\u0151ket, hogy most m\u00e1r csak a sz\u00e9kelyudvarhelyieknek kell elhinni\u00fck, hogy telep\u00fcl\u00e9s\u00fck a sz\u00e9kely f\u0151v\u00e1ros.<\/p>\n<div style=\"text-align: center;\"><embed type=\"application\/x-shockwave-flash\" pluginspage=\"http:\/\/www.macromedia.com\/go\/getflashplayer\" src=\"http:\/\/www.youtube.com\/v\/w3Kb5TWjgUg%26hl=en%26fs=1%26rel=0%26ap=%2526fmt=18\" width=\"425\" height=\"344\"><\/embed><\/div>\n<p>\nA sz\u00e9kelyudvarhelyi \u00f6nkorm\u00e1nyzat rendk\u00edv\u00fcli \u00fcl\u00e9s\u00e9t a Sz\u00e9kelyf\u00f6ldi Filharm\u00f3nia, majd Udvarhely N\u00e9pt\u00e1ncm\u0171hely el\u0151ad\u00e1sa tette \u00fcnnep\u00e9lyess\u00e9.<\/p>\n<p><em>Forr\u00e1s: Sz\u00e9kelyudvarhely Megyei Jog\u00fa V\u00e1ros Sajt\u00f3irod\u00e1ja, MTI. <br \/>\nA vide\u00f3kat Farkas Antal k\u00e9sz\u00edtette.<br \/>\nFot\u00f3k: L\u0151rincz Csaba.<\/p>\n<p>\u00c9l\u0151 Sz\u00e9kelyf\u00f6ld MUnkacsoport<\/em>\n                        <\/div>\n","protected":false},"excerpt":{"rendered":"<p>Testv\u00e9rv\u00e1rosi szerz\u0151d\u00e9st k\u00f6t\u00f6tt cs\u00fct\u00f6rt\u00f6k\u00f6n Budapest \u00e9s Sz\u00e9kelyudvarhely &#8211; k\u00f6z\u00f6lte a sz\u00e9kelyudvarhelyi polg\u00e1rmesteri hivatal sajt\u00f3oszt\u00e1lya. A dokumentumot a sz\u00e9kelyudvarhelyi \u00f6nkorm\u00e1nyzati test\u00fclet \u00fcnnepi, rendk\u00edv\u00fcli \u00fcl\u00e9s\u00e9n \u00edrta al\u00e1 Tarl\u00f3s Istv\u00e1n, Budapest f\u0151polg\u00e1rmestere, \u00e9s G\u00e1lfi \u00c1rp\u00e1d Sz\u00e9kelyudvarhely polg\u00e1rmestere. A szerz\u0151d\u00e9s \u00e9rtelm\u00e9ben a k\u00e9t v\u00e1ros t\u00f6bbek k\u00f6z\u00f6tt a kultur\u00e1lis \u00e9let, a kultur\u00e1lis \u00f6r\u00f6ks\u00e9gv\u00e9delem, a gazdas\u00e1g \u00e9s a turizmus ter\u00fclet\u00e9n k\u00edv\u00e1nja [&hellip;]<\/p>\n","protected":false},"author":1,"featured_media":28264,"comment_status":"open","ping_status":"open","sticky":false,"template":"","format":"standard","meta":{"footnotes":""},"categories":[],"tags":[],"class_list":["post-28263","post","type-post","status-publish","format-standard","has-post-thumbnail","hentry"],"_links":{"self":[{"href":"https:\/\/archivum.eloszekelyfold.ro\/index.php\/wp-json\/wp\/v2\/posts\/28263","targetHints":{"allow":["GET"]}}],"collection":[{"href":"https:\/\/archivum.eloszekelyfold.ro\/index.php\/wp-json\/wp\/v2\/posts"}],"about":[{"href":"https:\/\/archivum.eloszekelyfold.ro\/index.php\/wp-json\/wp\/v2\/types\/post"}],"author":[{"embeddable":true,"href":"https:\/\/archivum.eloszekelyfold.ro\/index.php\/wp-json\/wp\/v2\/users\/1"}],"replies":[{"embeddable":true,"href":"https:\/\/archivum.eloszekelyfold.ro\/index.php\/wp-json\/wp\/v2\/comments?post=28263"}],"version-history":[{"count":0,"href":"https:\/\/archivum.eloszekelyfold.ro\/index.php\/wp-json\/wp\/v2\/posts\/28263\/revisions"}],"wp:featuredmedia":[{"embeddable":true,"href":"https:\/\/archivum.eloszekelyfold.ro\/index.php\/wp-json\/wp\/v2\/media\/28264"}],"wp:attachment":[{"href":"https:\/\/archivum.eloszekelyfold.ro\/index.php\/wp-json\/wp\/v2\/media?parent=28263"}],"wp:term":[{"taxonomy":"category","embeddable":true,"href":"https:\/\/archivum.eloszekelyfold.ro\/index.php\/wp-json\/wp\/v2\/categories?post=28263"},{"taxonomy":"post_tag","embeddable":true,"href":"https:\/\/archivum.eloszekelyfold.ro\/index.php\/wp-json\/wp\/v2\/tags?post=28263"}],"curies":[{"name":"wp","href":"https:\/\/api.w.org\/{rel}","templated":true}]}}