{"id":28259,"date":"2021-12-13T02:29:00","date_gmt":"2021-12-13T02:29:00","guid":{"rendered":"http:\/\/archivum.eloszekelyfold.ro\/2021\/12\/13\/gyermekszinjatszok-farkaslakan\/"},"modified":"2021-12-13T02:29:00","modified_gmt":"2021-12-13T02:29:00","slug":"gyermekszinjatszok-farkaslakan","status":"publish","type":"post","link":"https:\/\/archivum.eloszekelyfold.ro\/index.php\/2021\/12\/13\/gyermekszinjatszok-farkaslakan\/","title":{"rendered":"Gyermeksz\u00ednj\u00e1tsz\u00f3k Farkaslak\u00e1n"},"content":{"rendered":"<p><\/p>\n<div style=\"color:#666666; font-family:inherit; font-size:14px;font-style: normal;text-align:left;line-height:24px;\">\n<div style=\"float:left\"><img decoding=\"async\" src=\"http:\/\/archivum.eloszekelyfold.ro\/wp-content\/uploads\/2021\/12\/627_gyermekszinjatszok.jpg\" alt=\" Gyermeksz\u00ednj\u00e1tsz\u00f3k Farkaslak\u00e1n\" style=\"padding-right:14px; padding-bottom:6px; padding-top:6px;\" width=\"320px\"><\/div>\n<p>                              Szombaton, november 26-\u00e1n a farkaslaki Tam\u00e1si \u00c1ron M\u0171vel\u0151d\u00e9si H\u00e1zban helyi \u00e9s k\u00f6rny\u00e9kbeli iskol\u00e1sok sz\u00ednj\u00e1tsz\u00f3 csoportjai l\u00e9pnek fel. A rendezv\u00e9nyt Hargita Megye Tan\u00e1csa \u00e9s a Hargita Megyei Hagyom\u00e1ny\u0151rz\u00e9si Forr\u00e1sk\u00f6zpont a Tam\u00e1si \u00c1ron M\u0171vel\u0151d\u00e9si Egyes\u00fclettel egy\u00fctt szervezi.<\/p>\n<p>A H\u00e9tsz\u00edn\u0171 vir\u00e1g Gyermeksz\u00ednj\u00e1tsz\u00f3 Tal\u00e1lkoz\u00f3 15.00 \u00f3rakor \u00fcnnep\u00e9lyes megnyit\u00f3val kezd\u0151dik, Hadnagy Jol\u00e1n egyes\u00fcleti eln\u00f6k \u00fcdv\u00f6zli a k\u00f6z\u00f6ns\u00e9get, a fell\u00e9p\u0151ket \u00e9s a felk\u00e9sz\u00edt\u0151 pedag\u00f3gusokat. Az eddigi bejelentkez\u00e9s szerint a farkaslakiak mellett fell\u00e9pnek a Farc\u00e1db\u00f3l, Fels\u0151boldogfalv\u00e1r\u00f3l, Korondr\u00f3l \u00e9s Sz\u00e9kelyudvarhelyr\u0151l \u00e9rkez\u0151 iskol\u00e1s csoportok. <\/p>\n<p>A rendezv\u00e9nyre a bel\u00e9p\u00e9s ingyenes.<\/p>\n<div>\n<em>\u00c9l\u0151 Sz\u00e9kelyf\u00f6ld Munkacsoport<\/em><br \/>\n\u00a0<\/div>\n<\/p><\/div>\n","protected":false},"excerpt":{"rendered":"<p>Szombaton, november 26-\u00e1n a farkaslaki Tam\u00e1si \u00c1ron M\u0171vel\u0151d\u00e9si H\u00e1zban helyi \u00e9s k\u00f6rny\u00e9kbeli iskol\u00e1sok sz\u00ednj\u00e1tsz\u00f3 csoportjai l\u00e9pnek fel. A rendezv\u00e9nyt Hargita Megye Tan\u00e1csa \u00e9s a Hargita Megyei Hagyom\u00e1ny\u0151rz\u00e9si Forr\u00e1sk\u00f6zpont a Tam\u00e1si \u00c1ron M\u0171vel\u0151d\u00e9si Egyes\u00fclettel egy\u00fctt szervezi. A H\u00e9tsz\u00edn\u0171 vir\u00e1g Gyermeksz\u00ednj\u00e1tsz\u00f3 Tal\u00e1lkoz\u00f3 15.00 \u00f3rakor \u00fcnnep\u00e9lyes megnyit\u00f3val kezd\u0151dik, Hadnagy Jol\u00e1n egyes\u00fcleti eln\u00f6k \u00fcdv\u00f6zli a k\u00f6z\u00f6ns\u00e9get, a fell\u00e9p\u0151ket \u00e9s [&hellip;]<\/p>\n","protected":false},"author":1,"featured_media":28260,"comment_status":"open","ping_status":"open","sticky":false,"template":"","format":"standard","meta":{"footnotes":""},"categories":[],"tags":[],"class_list":["post-28259","post","type-post","status-publish","format-standard","has-post-thumbnail","hentry"],"_links":{"self":[{"href":"https:\/\/archivum.eloszekelyfold.ro\/index.php\/wp-json\/wp\/v2\/posts\/28259","targetHints":{"allow":["GET"]}}],"collection":[{"href":"https:\/\/archivum.eloszekelyfold.ro\/index.php\/wp-json\/wp\/v2\/posts"}],"about":[{"href":"https:\/\/archivum.eloszekelyfold.ro\/index.php\/wp-json\/wp\/v2\/types\/post"}],"author":[{"embeddable":true,"href":"https:\/\/archivum.eloszekelyfold.ro\/index.php\/wp-json\/wp\/v2\/users\/1"}],"replies":[{"embeddable":true,"href":"https:\/\/archivum.eloszekelyfold.ro\/index.php\/wp-json\/wp\/v2\/comments?post=28259"}],"version-history":[{"count":0,"href":"https:\/\/archivum.eloszekelyfold.ro\/index.php\/wp-json\/wp\/v2\/posts\/28259\/revisions"}],"wp:featuredmedia":[{"embeddable":true,"href":"https:\/\/archivum.eloszekelyfold.ro\/index.php\/wp-json\/wp\/v2\/media\/28260"}],"wp:attachment":[{"href":"https:\/\/archivum.eloszekelyfold.ro\/index.php\/wp-json\/wp\/v2\/media?parent=28259"}],"wp:term":[{"taxonomy":"category","embeddable":true,"href":"https:\/\/archivum.eloszekelyfold.ro\/index.php\/wp-json\/wp\/v2\/categories?post=28259"},{"taxonomy":"post_tag","embeddable":true,"href":"https:\/\/archivum.eloszekelyfold.ro\/index.php\/wp-json\/wp\/v2\/tags?post=28259"}],"curies":[{"name":"wp","href":"https:\/\/api.w.org\/{rel}","templated":true}]}}