{"id":28255,"date":"2021-12-13T02:25:01","date_gmt":"2021-12-13T02:25:01","guid":{"rendered":"http:\/\/archivum.eloszekelyfold.ro\/2021\/12\/13\/nyiro-szulohaza\/"},"modified":"2021-12-13T02:25:01","modified_gmt":"2021-12-13T02:25:01","slug":"nyiro-szulohaza","status":"publish","type":"post","link":"https:\/\/archivum.eloszekelyfold.ro\/index.php\/2021\/12\/13\/nyiro-szulohaza\/","title":{"rendered":"Nyir\u0151 sz\u00fcl\u0151h\u00e1za"},"content":{"rendered":"<p><\/p>\n<div style=\"color:#666666; font-family:inherit; font-size:14px;font-style: normal;text-align:left;line-height:24px;\">\n<div style=\"float:left\"><img decoding=\"async\" src=\"http:\/\/archivum.eloszekelyfold.ro\/wp-content\/uploads\/2021\/12\/630_nyj8.jpg\" alt=\"Nyir\u0151 sz\u00fcl\u0151h\u00e1za\" style=\"padding-right:14px; padding-bottom:6px; padding-top:6px;\" width=\"320px\"><\/div>\n<p>                              T\u00f6bb mint bizonyos, hogy sok pozit\u00edvum sz\u00e1rmazik majd abb\u00f3l, hogy Sz\u00e9kelyzsomboron ma m\u00e1r kis eml\u00e9km\u00fazeum \u0151rzi a falu jeles sz\u00fcl\u00f6tt\u00e9nek eml\u00e9k\u00e9t. Idegenforgalmi szempontb\u00f3l is j\u00f3t tesz majd a telep\u00fcl\u00e9snek a Nyir\u0151-kultusz er\u0151s\u00f6d\u00e9se. Ideje, hogy az \u00edr\u00f3t a k\u00e1non visszahelyezze az \u0151t megillet\u0151 helyre. Ez \u00e9v nyar\u00e1n ker\u00fclt sor annak a lakatlan \u00e9p\u00fcletnek a fel\u00faj\u00edt\u00e1s\u00e1ra, amely egykor r\u00f3mai katolikus felekezeti iskolak\u00e9nt \u00e9s tan\u00edt\u00f3i lak\u00e1sk\u00e9nt szolg\u00e1lt. <\/p>\n<p>Itt volt iskolaigazgat\u00f3 Nyir\u0151 Mih\u00e1ly, az \u00edr\u00f3 \u00e9desapja, itt l\u00e1tta meg a napvil\u00e1got Nyir\u0151 J\u00f3zsef is. A helyi Avilai Nagy Szent Ter\u00e9z templomban ministr\u00e1lt kisgyerek kor\u00e1ban Nyir\u0151, s tal\u00e1n itt \u00e9rezte meg el\u0151sz\u00f6r a tanul\u00e1s ir\u00e1nti v\u00e1gyat, az elhivatotts\u00e1got is, hiszen szemin\u00e1riumot v\u00e9gzett, teol\u00f3gi\u00e1b\u00f3l doktor\u00e1lt, s 1912 \u00e9s 1919 k\u00f6z\u00f6tt hittantan\u00e1rk\u00e9nt, illetve lelkip\u00e1sztork\u00e9nt dolgozott. <\/p>\n<p>Ugyanekkor \u00faj\u00edtott\u00e1k fel a pl\u00e9b\u00e1nia \u00e9p\u00fclet\u00e9t is, amelyben jelenleg nem lakik pap hiszen Sz\u00e9kelyzsombort Tam\u00e1s Huba pl\u00e9b\u00e1nos oldallagosan l\u00e1tja el Homor\u00f3dkar\u00e1csonyfalv\u00e1r\u00f3l.<\/p>\n<p>Az 1892-ben emelt \u00e9p\u00fcletet Bogos Ern\u0151 cs\u00edkszeredai \u00e9p\u00edt\u00e9sz tervei alapj\u00e1n \u00faj\u00edtott\u00e1k fel a Minisztereln\u00f6ki Hivatal, Orb\u00e1n Viktor szem\u00e9lyes keret\u00e9b\u0151l \u00e9s a Nemzetstrat\u00e9giai Int\u00e9zet (NSKI) seg\u00edts\u00e9g\u00e9vel. Itt k\u00f6nyvt\u00e1rszob\u00e1t \u00e9s vend\u00e9gl\u00e1t\u00f3helyet alak\u00edtottak. Ugyanakkor fel\u00faj\u00edtott\u00e1k a pl\u00e9b\u00e1nia\u00e9p\u00fcletet is, ahol Patakfalvi-Nagy J\u00f3zsef \u00e9s feles\u00e9ge k\u00e9t saj\u00e1t \u00e9s n\u00e9gy r\u00e1juk b\u00edzott gyermek nevel\u00e9s\u00e9t v\u00e9gzi a D\u00e9vai Szent Ferenc Alap\u00edtv\u00e1ny, B\u00f6jte Csaba testv\u00e9r rendszere keret\u00e9ben.\u00a0<\/p>\n<p>Ily m\u00f3don a k\u00e9t ingatlan visszaker\u00fclt a sz\u00e9kelys\u00e9g \u00e9s az \u00f6sszmagyar kult\u00fara szolg\u00e1lat\u00e1ba. K\u00e9t fontos objektum ism\u00e9t a javunkra m\u0171k\u00f6dik. Turist\u00e1k sz\u00e1m\u00e1ra is egyre \u00e9rdekesebb lehet ez a hely, hiszen szem\u00e9lyes t\u00e1rgyakat is siker\u00fclt szerezni, illetve olyan korh\u0171 b\u00fatorzatot, amelyhez hasonl\u00f3 az egykori tan\u00edt\u00f3i lakban is lehetett. <\/p>\n<div style=\"text-align: center;\"><img loading=\"lazy\" decoding=\"async\" src=\"http:\/\/archivum.eloszekelyfold.ro\/wp-content\/uploads\/2021\/12\/nyj1.jpg\" width=\"500\" height=\"317\" alt=\"\">\u00a0<\/div>\n<div style=\"text-align: left;\">\nAz \u00e9rt\u00e9kes relikvi\u00e1kat a budapesti Pet\u0151fi Irodalmi M\u00fazeumb\u00f3l (PIM) hozott dokumentumokkal eg\u00e9sz\u00edtett\u00e9k ki, illetve azok m\u00e1solatai seg\u00edts\u00e9g\u00e9vel k\u00e9sz\u00edtett pann\u00f3k igaz\u00edtj\u00e1k el a l\u00e1togat\u00f3t Nyir\u0151 J\u00f3zsef szem\u00e9lyes \u00e9s \u00edr\u00f3i vil\u00e1g\u00e1ban.<\/div>\n<div style=\"text-align: center;\">\n<img loading=\"lazy\" decoding=\"async\" src=\"http:\/\/archivum.eloszekelyfold.ro\/wp-content\/uploads\/2021\/12\/nyj7.jpg\" width=\"300\" height=\"406\" alt=\"\"><\/div>\n<div>\nA k\u00f6nyvt\u00e1r-vend\u00e9gszoba b\u00fatorzat\u00e1t az \u00edr\u00f3 bar\u00e1tja, a sz\u00e9kelyudvarhelyi m\u00fazeumalap\u00edt\u00f3 Ha\u00e1z Ferenc Rezs\u0151 (1883-1958) festette.<br \/>\n\u00a0<\/div>\n<div style=\"text-align: center;\"><img loading=\"lazy\" decoding=\"async\" src=\"http:\/\/archivum.eloszekelyfold.ro\/wp-content\/uploads\/2021\/12\/13782165_10153867618243940_1694435569899029115_n.jpg\" width=\"500\" height=\"313\" alt=\"\"><\/div>\n<div>\nK\u00fcl\u00f6n \u00f6r\u00f6m volt sz\u00e1munkra, hogy az NSKI eln\u00f6ke, Sz\u00e1sz Jen\u0151 \u00e9s Tam\u00e1s J\u00f3zsef seg\u00e9dp\u00fcsp\u00f6k t\u00e1rsas\u00e1g\u00e1ban az \u00c9l\u0151 Sz\u00e9kelyf\u00f6ld Munkacsoport is r\u00e9szt vehetett az eml\u00e9kt\u00e1bla-avat\u00e1son, amelyen a Magyar \u00cdr\u00f3sz\u00f6vets\u00e9get is k\u00e9pviselve helyezthett\u00fcnk el koszor\u00fat az eml\u00e9kh\u00e1z fal\u00e1n.<\/div>\n<div style=\"text-align: center;\">\n<img loading=\"lazy\" decoding=\"async\" src=\"http:\/\/archivum.eloszekelyfold.ro\/wp-content\/uploads\/2021\/12\/nyj6(1).jpg\" width=\"300\" height=\"459\" alt=\"\"><\/div>\n<div>\n<strong>Szubjekt\u00edv gondolatok az \u00edr\u00f3r\u00f3l \u00e9s ut\u00f3\u00e9let\u00e9r\u0151l<\/strong><br \/>\n\u00a0<br \/>\nNyir\u0151 J\u00f3zsefr\u0151l ma \u00edrni \u00e9s sz\u00f3t ejteni felel\u0151ss\u00e9get jelent. Egyr\u00e9szt az\u00e9rt, mert nemzed\u00e9kek n\u0151ttek \u00fagy fel, hogy \u00edr\u00e1sait nem olvashatt\u00e1k. M\u00e1sr\u00e9szt az\u00e9rt, mert az ut\u00f3bbi \u00e9vtizedekben egy \u00fajabb, de lassan imm\u00e1r majdnem k\u00e9t gener\u00e1ci\u00f3 n\u0151tt \u00fagy fel, hogy az \u00edr\u00f3r\u00f3l \u00e9s m\u0171v\u00e9r\u0151l vajmi keveset tudva, hol ilyen, hol olyan, de mindenk\u00e9pp tendenci\u00f3zusan megfogalmazott \u00e1ll\u00edt\u00e1sokat volt k\u00e9nytelen meghallgatni \u00e9s elviselni, s \u00fagy viseltetni, hogy maga is elfogadja e k\u00e1nont. <\/p>\n<p>A m\u00e1sodik vil\u00e1gh\u00e1bor\u00fat k\u00f6vet\u0151 id\u0151kben, amikor a kisebb veszedelem ut\u00e1n a nagyobb k\u00f6vetkezett, s a felszobad\u00edt\u00f3k tankjain \u00e9rkezett meg az \u00fajabb zsarnok, t\u00f6rv\u00e9nyszer\u0171 volt, hogy a jobboldalinak tartott \u00edr\u00f3t \u00fagy elhallgat\u00e1k, mintha az \u00e1ltala ny\u00fajtott alkot\u00f3i teljes\u00edtm\u00e9ny f\u00f6l\u00f6sleges \u00e9s \u00e9rt\u00e9ktelen lett volna. M\u0171veit bevont\u00e1k a k\u00f6zgy\u0171jtem\u00e9nyekb\u0151l, a tank\u00f6nyvek m\u00e9g csak eml\u00edt\u00e9st sem tettek r\u00f3la, s a mer\u00e9szebb irodalomtan\u00e1rok is csak elrettent\u0151 p\u00e9ldak\u00e9nt eml\u00edtett\u00e9k a nev\u00e9t.<\/p>\n<p>A mi csal\u00e1dunkban \u2013 n\u00e9mi szem\u00e9lyes \u00e9rintetts\u00e9g ok\u00e1n is \u2013 a l\u00e9tezett szocializmus \u00e9vtizedeiben azonban mindv\u00e9gig k\u00f6telez\u0151 olvasm\u00e1ny volt a Mad\u00e9falvi veszedelem. J\u00f3magam \u00fagy \u00f6t\u00f6dik-hatodikos koromban ker\u00fcltem k\u00f6zelebbi kapcsolatba ezzel a k\u00f6nyvvel, k\u00f6zvetlen\u00fcl az indi\u00e1nreg\u00e9nyek \u00e9s a J\u00f3kai-reg\u00e9nyek ut\u00e1n, vagy ink\u00e1bb azokkal p\u00e1rhuzamosan.<\/p>\n<p>Azt mondt\u00e1k a feln\u0151ttek, hogy Nyir\u0151vel \u00f3vatosan kell b\u00e1nni, s nehogy arra vetemedjem, hogy azt\u00e1n szorgos \u00e9s t\u00falteljes\u00edt\u0151 di\u00e1kk\u00e9nt a ny\u00e1ri olvasm\u00e1ny\u00e9lm\u00e9nyekr\u0151l sz\u00f3l\u00f3 besz\u00e1mol\u00f3ban le\u00edrjam a tartalmi kivonat\u00e1t. \u00cdgy Nyir\u0151 J\u00f3zsefr\u0151l olvasm\u00e1mynapl\u00f3t nem \u00edrtam.<br \/>\n\u00a0<\/div>\n<div style=\"text-align: center;\"><img loading=\"lazy\" decoding=\"async\" src=\"http:\/\/archivum.eloszekelyfold.ro\/wp-content\/uploads\/2021\/12\/13692545_10153867620678940_5247671348828179708_n.jpg\" width=\"500\" height=\"315\" alt=\"\"><\/div>\n<div>\n&#8222;\u2013\u00a0Ez a k\u00f6nyv tulajdonk\u00e9ppen r\u00f3lunk sz\u00f3l \u2013 suttogt\u00e1k bizalmasan \u2013, mert ez id\u0151 sem k\u00fcl\u00f6nb az akkorin\u00e1l.&#8221; \u00c9reztem az aktualit\u00e1s\u00e1t, de az \u00f3vatoss\u00e1got t\u00falz\u00f3nak tartottam. Siker\u00fclt is felvennem a kapcsolatot egy iskolat\u00e1rsammal, akiknek szint\u00e9n volt birtok\u00e1ban Nyir\u0151-k\u00f6tet, s annak rendje-m\u00f3dja szerint kicser\u00e9lt\u00fck egym\u00e1s k\u00f6zt az olvasnival\u00f3t. <br \/>\n\u00a0<\/div>\n<div style=\"text-align: center;\"><img loading=\"lazy\" decoding=\"async\" src=\"http:\/\/archivum.eloszekelyfold.ro\/wp-content\/uploads\/2021\/12\/13731592_10153867620208940_770446672836952027_n.jpg\" width=\"300\" height=\"426\" alt=\"\"><br \/>\n\u00a0<\/div>\n<div style=\"text-align: left;\">\u00cdgy jutottam hozz\u00e1 a Kopjaf\u00e1k egyik els\u0151 kiad\u00e1s\u00fa p\u00e9ld\u00e1ny\u00e1hoz. Azok a novell\u00e1k val\u00f3s\u00e1gosan leny\u0171g\u00f6ztek. Nem kellett tulajdonk\u00e9ppen sokat gondolkodom, m\u00edg r\u00e1j\u00f6ttem, hogy Nyir\u0151 mindig vel\u00fcnk volt, hiszen ballad\u00e1sra faragott t\u00f6rt\u00e9netei a k\u00f6z- \u00e9s vas\u00e1rnapi \u00e9let\u00fcnkb\u0151l fogantak, a sz\u00e9kely \u00e9let legm\u00e9ly\u00e9b\u0151l, s &#8211; bizony &#8211; ez a mi lelk\u00fcnk vil\u00e1ga, amelyet soha nem vehetnek el t\u0151l\u00fcnk, nem hazudhatj\u00e1k el azt, ami a mi\u00e9nk. Nyir\u0151 mindig vel\u00fcnk volt, s lesz ezut\u00e1n is.<\/div>\n<div>\u00a0<\/div>\n<div style=\"text-align: center;\"><img loading=\"lazy\" decoding=\"async\" src=\"http:\/\/archivum.eloszekelyfold.ro\/wp-content\/uploads\/2021\/12\/nyj4.jpg\" width=\"500\" height=\"321\" alt=\"\"><\/div>\n<div style=\"text-align: left;\">\nA sz\u00fcl\u0151h\u00e1za k\u00f6r\u00fcli gondoskod\u00e1s pedig komoly cselekedet, hogy ez \u00edgy is legyen: az \u00edr\u00f3 egyre k\u00f6zelebb ker\u00fclhet hozz\u00e1nk \u00e1ltala val\u00f3s\u00e1gosan is. Isten adja, hogy \u00edgy legyen!<\/div>\n<div><em><br \/>\n(A Nyir\u0151 J\u00f3zsef fel\u00faj\u00edtott sz\u00fcl\u0151h\u00e1z\u00e1nak avat\u00f3\u00fcnneps\u00e9g\u00e9n tartott besz\u00e9d szerkesztett \u00e9s r\u00f6vid\u00edtett v\u00e1ltozata. Elhangzott 2016. j\u00falius 23-\u00e1n, Sz\u00e9kelyzsomboron.)<\/p>\n<p><\/em><\/div>\n<div style=\"text-align: center;\"><img loading=\"lazy\" decoding=\"async\" src=\"http:\/\/archivum.eloszekelyfold.ro\/wp-content\/uploads\/2021\/12\/13769509_10153867609653940_3482324491906233480_n.jpg\" width=\"300\" height=\"187\" alt=\"\"><\/div>\n<div style=\"text-align: center;\"><em><br \/>\n<\/em><em>K\u00e9sz\u00fclt a Bethlen G\u00e1bor Alap t\u00e1mogat\u00e1s\u00e1val.<br \/>\n<\/em><\/div>\n<div style=\"text-align: center;\"><img loading=\"lazy\" decoding=\"async\" src=\"http:\/\/archivum.eloszekelyfold.ro\/wp-content\/uploads\/2021\/12\/BGA_kep_jpg1(19).jpg\" width=\"104\" height=\"91\" alt=\"\"><\/div>\n<div><em><br \/>\nSzab\u00f3 K\u00e1roly felv\u00e9telei.<\/p>\n<p>Sim\u00f3 M\u00e1rton\/ \u00c9l\u0151 Sz\u00e9kelyf\u00f6ld Munkacsoport<\/em><\/div>\n<\/p><\/div>\n","protected":false},"excerpt":{"rendered":"<p>T\u00f6bb mint bizonyos, hogy sok pozit\u00edvum sz\u00e1rmazik majd abb\u00f3l, hogy Sz\u00e9kelyzsomboron ma m\u00e1r kis eml\u00e9km\u00fazeum \u0151rzi a falu jeles sz\u00fcl\u00f6tt\u00e9nek eml\u00e9k\u00e9t. Idegenforgalmi szempontb\u00f3l is j\u00f3t tesz majd a telep\u00fcl\u00e9snek a Nyir\u0151-kultusz er\u0151s\u00f6d\u00e9se. Ideje, hogy az \u00edr\u00f3t a k\u00e1non visszahelyezze az \u0151t megillet\u0151 helyre. Ez \u00e9v nyar\u00e1n ker\u00fclt sor annak a lakatlan \u00e9p\u00fcletnek a fel\u00faj\u00edt\u00e1s\u00e1ra, amely [&hellip;]<\/p>\n","protected":false},"author":1,"featured_media":28256,"comment_status":"open","ping_status":"open","sticky":false,"template":"","format":"standard","meta":{"footnotes":""},"categories":[],"tags":[],"class_list":["post-28255","post","type-post","status-publish","format-standard","has-post-thumbnail","hentry"],"_links":{"self":[{"href":"https:\/\/archivum.eloszekelyfold.ro\/index.php\/wp-json\/wp\/v2\/posts\/28255","targetHints":{"allow":["GET"]}}],"collection":[{"href":"https:\/\/archivum.eloszekelyfold.ro\/index.php\/wp-json\/wp\/v2\/posts"}],"about":[{"href":"https:\/\/archivum.eloszekelyfold.ro\/index.php\/wp-json\/wp\/v2\/types\/post"}],"author":[{"embeddable":true,"href":"https:\/\/archivum.eloszekelyfold.ro\/index.php\/wp-json\/wp\/v2\/users\/1"}],"replies":[{"embeddable":true,"href":"https:\/\/archivum.eloszekelyfold.ro\/index.php\/wp-json\/wp\/v2\/comments?post=28255"}],"version-history":[{"count":0,"href":"https:\/\/archivum.eloszekelyfold.ro\/index.php\/wp-json\/wp\/v2\/posts\/28255\/revisions"}],"wp:featuredmedia":[{"embeddable":true,"href":"https:\/\/archivum.eloszekelyfold.ro\/index.php\/wp-json\/wp\/v2\/media\/28256"}],"wp:attachment":[{"href":"https:\/\/archivum.eloszekelyfold.ro\/index.php\/wp-json\/wp\/v2\/media?parent=28255"}],"wp:term":[{"taxonomy":"category","embeddable":true,"href":"https:\/\/archivum.eloszekelyfold.ro\/index.php\/wp-json\/wp\/v2\/categories?post=28255"},{"taxonomy":"post_tag","embeddable":true,"href":"https:\/\/archivum.eloszekelyfold.ro\/index.php\/wp-json\/wp\/v2\/tags?post=28255"}],"curies":[{"name":"wp","href":"https:\/\/api.w.org\/{rel}","templated":true}]}}