{"id":28251,"date":"2021-12-13T02:21:00","date_gmt":"2021-12-13T02:21:00","guid":{"rendered":"http:\/\/archivum.eloszekelyfold.ro\/2021\/12\/13\/fekete-pentekek\/"},"modified":"2021-12-13T02:21:00","modified_gmt":"2021-12-13T02:21:00","slug":"fekete-pentekek","status":"publish","type":"post","link":"https:\/\/archivum.eloszekelyfold.ro\/index.php\/2021\/12\/13\/fekete-pentekek\/","title":{"rendered":"Fekete p\u00e9ntekek"},"content":{"rendered":"<p><\/p>\n<div style=\"color:#666666; font-family:inherit; font-size:14px;font-style: normal;text-align:left;line-height:24px;\">\n<div style=\"float:left\"><img decoding=\"async\" src=\"http:\/\/archivum.eloszekelyfold.ro\/wp-content\/uploads\/2021\/12\/632_black_friday.jpg\" alt=\"Fekete p\u00e9ntekek\" style=\"padding-right:14px; padding-bottom:6px; padding-top:6px;\" width=\"320px\"><\/div>\n<p>                              Milyen \u00e9rdekes: Trump gy\u0151zelme \u00f3ta a nyugati vil\u00e1g minden m\u00e9di\u00e1ja, minden megmond\u00f3embere, v\u00e9lem\u00e9nyvez\u00e9re elmondta \u00e9s meg\u00edrta, hogy j\u00f6n a \u201ebunk\u00f3k hatalma\u201d, \u00daristen, v\u00e9ge a vil\u00e1gnak, a primit\u00edv, vesztes t\u00f6megek fell\u00e1zadtak \u00e9s v\u00e9get fognak vetni a fenn\u00e1ll\u00f3 vil\u00e1grendnek.<\/p>\n<div>\u00a0<\/div>\n<div>De valamilyen rejt\u00e9lyes okb\u00f3l ugyanezek m\u00e9lyen hallgatnak, amikor a fekete p\u00e9ntek jelenetei t\u00e1rulnak a vil\u00e1g szeme\u00a0el\u00e9.<\/p>\n<p>Ahogy a sz\u00f3 szerint \u00e1llatt\u00e1 v\u00e1ltozott t\u00f6meg megrohanja a bev\u00e1s\u00e1rl\u00f3 k\u00f6zpontokat, egym\u00e1st taposva, \u00fcv\u00f6ltve,\u00a0verekedve, fr\u00f6cs\u00f6gve, \u00e9jszak\u00e1kat sorban \u00e1llva majd t\u00fcrelm\u00e9t vesz\u00edtve t\u00f3dul, hogy hozz\u00e1jusson olcs\u00f3bban valami\u00a0sz&#8230;rhoz \u2013 nos, ez nem zavarja a k\u00e9nyes \u00edzl\u00e9s\u0171 elitet.<\/p><\/div>\n<div>\u00a0<\/div>\n<div>S\u0151t: Ilyenkor boldog, mert l\u00e1tja, hogy a fenn\u00e1ll\u00f3 vil\u00e1grendnek megvan m\u00e9g az ut\u00e1np\u00f3tl\u00e1sa.<br \/>\n\u00a0<\/div>\n<div>\u00a0<\/div>\n<div style=\"text-align: center;\"><em>Meg\u00f6l a diszn\u00f3fej\u0171 Nagy\u00far,<\/em><\/div>\n<div style=\"text-align: center;\"><em>\u00a0<\/em><\/div>\n<div style=\"text-align: center;\"><em>\u00c9reztem, meg\u00f6l, ha hagyom,<\/em><\/div>\n<div style=\"text-align: center;\"><em>\u00a0<\/em><\/div>\n<div style=\"text-align: center;\"><em>Vigyorgott r\u00e1m \u00e9s \u00fclt meredten:<\/em><\/div>\n<div style=\"text-align: center;\"><em>\u00a0<\/em><\/div>\n<div style=\"text-align: center;\"><em>Az aranyon \u00fclt, az aranyon,<\/em><\/div>\n<div style=\"text-align: center;\"><em>\u00a0<\/em><\/div>\n<div style=\"text-align: center;\"><em>\u00c9reztem, meg\u00f6l, ha hagyom.<\/em><\/div>\n<div style=\"text-align: center;\"><em>\u00a0<\/em><\/div>\n<div style=\"text-align: center;\"><em>\u00a0<\/em><\/div>\n<div style=\"text-align: center;\"><em>\u00a0<\/em><\/div>\n<div style=\"text-align: center;\"><em>Sert\u00e9s test\u00e9t, az undokot, \u00e9n<\/em><\/div>\n<div style=\"text-align: center;\"><em>\u00a0<\/em><\/div>\n<div style=\"text-align: center;\"><em>Simogattam. \u0150 remegett.<\/em><\/div>\n<div style=\"text-align: center;\"><em>\u00a0<\/em><\/div>\n<div style=\"text-align: center;\"><em>\u201eN\u00e9zd meg, ki vagyok\u201d (s\u00fagtam neki)<\/em><\/div>\n<div style=\"text-align: center;\"><em>\u00a0<\/em><\/div>\n<div style=\"text-align: center;\"><em>S megl\u00e9keltem a fejemet,<\/em><\/div>\n<div style=\"text-align: center;\"><em>\u00a0<\/em><\/div>\n<div style=\"text-align: center;\"><em>Agyamba n\u00e9zett s nevetett.<\/em><\/div>\n<div style=\"text-align: center;\"><em>\u00a0<\/em><\/div>\n<div style=\"text-align: center;\"><em>\u00a0<\/em><\/div>\n<div style=\"text-align: center;\"><em>\u00a0<\/em><\/div>\n<div style=\"text-align: center;\"><em>(Vad v\u00e1gyak vad kalandor\u00e1nak<\/em><\/div>\n<div style=\"text-align: center;\"><em>\u00a0<\/em><\/div>\n<div style=\"text-align: center;\"><em>Tart tal\u00e1n?) S t\u00e9rdre hulltam ott.<\/em><\/div>\n<div style=\"text-align: center;\"><em>\u00a0<\/em><\/div>\n<div style=\"text-align: center;\"><em>A z\u00fag\u00f3 \u00c9let partj\u00e1n voltunk,<\/em><\/div>\n<div style=\"text-align: center;\"><em>\u00a0<\/em><\/div>\n<div style=\"text-align: center;\"><em>Ketten voltunk, alkonyodott:<\/em><\/div>\n<div style=\"text-align: center;\"><em>\u00a0<\/em><\/div>\n<div style=\"text-align: center;\"><em>\u201eAdd az aranyod, aranyod.\u201d<\/em><\/div>\n<div style=\"text-align: center;\"><em>\u00a0<\/em><\/div>\n<div style=\"text-align: center;\"><em>\u00a0<\/em><\/div>\n<div style=\"text-align: center;\"><em>\u00a0<\/em><\/div>\n<div style=\"text-align: center;\"><em>\u201eEngem egy pillanat meg\u00f6lhet,<\/em><\/div>\n<div style=\"text-align: center;\"><em>\u00a0<\/em><\/div>\n<div style=\"text-align: center;\"><em>Nekem m\u00e1r v\u00e1rni nem szabad,<\/em><\/div>\n<div style=\"text-align: center;\"><em>\u00a0<\/em><\/div>\n<div style=\"text-align: center;\"><em>Engem sz\u00f3l\u00edtnak \u00fatra, k\u00e9jre<\/em><\/div>\n<div style=\"text-align: center;\"><em>\u00a0<\/em><\/div>\n<div style=\"text-align: center;\"><em>Titokzatos h\u00edv\u00f3 szavak,<\/em><\/div>\n<div style=\"text-align: center;\"><em>\u00a0<\/em><\/div>\n<div style=\"text-align: center;\"><em>Nekem m\u00e1r v\u00e1rni nem szabad.\u201d<\/em><\/div>\n<div style=\"text-align: center;\"><em>\u00a0<\/em><\/div>\n<div style=\"text-align: center;\"><em>\u00a0<\/em><\/div>\n<div style=\"text-align: center;\"><em>\u00a0<\/em><\/div>\n<div style=\"text-align: center;\"><em>\u201eA te szivedet serte v\u00e9di,<\/em><\/div>\n<div style=\"text-align: center;\"><em>\u00a0<\/em><\/div>\n<div style=\"text-align: center;\"><em>Az \u00e9n bels\u0151m fek\u00e9ly, gal\u00e1d.<\/em><\/div>\n<div style=\"text-align: center;\"><em>\u00a0<\/em><\/div>\n<div style=\"text-align: center;\"><em>Az \u00e9n szivem m\u00e9gis az \u00e1ldott:<\/em><\/div>\n<div style=\"text-align: center;\"><em>\u00a0<\/em><\/div>\n<div style=\"text-align: center;\"><em>Az \u00c9let marta fel, a V\u00e1gy.<\/em><\/div>\n<div style=\"text-align: center;\"><em>\u00a0<\/em><\/div>\n<div style=\"text-align: center;\"><em>Arany kell. Mennem kell tov\u00e1bb.\u201d<\/em><\/div>\n<div style=\"text-align: center;\"><em>\u00a0<\/em><\/div>\n<div style=\"text-align: center;\"><em>\u00a0<\/em><\/div>\n<div style=\"text-align: center;\"><em>\u00a0<\/em><\/div>\n<div style=\"text-align: center;\"><em>\u201eAz \u00e9n jachtomra v\u00e1r a tenger,<\/em><\/div>\n<div style=\"text-align: center;\"><em>\u00a0<\/em><\/div>\n<div style=\"text-align: center;\"><em>Ezer s\u00e1tor v\u00e1r \u00e9nre\u00e1m,<\/em><\/div>\n<div style=\"text-align: center;\"><em>\u00a0<\/em><\/div>\n<div style=\"text-align: center;\"><em>Idegen nap, idegen balzsam,<\/em><\/div>\n<div style=\"text-align: center;\"><em>\u00a0<\/em><\/div>\n<div style=\"text-align: center;\"><em>Idegen m\u00e1mor, \u00faj le\u00e1ny,<\/em><\/div>\n<div style=\"text-align: center;\"><em>\u00a0<\/em><\/div>\n<div style=\"text-align: center;\"><em>Mind \u00e9nre\u00e1m v\u00e1r, \u00e9nre\u00e1m.\u201d<\/em><\/div>\n<div style=\"text-align: center;\"><em>\u00a0<\/em><\/div>\n<div style=\"text-align: center;\"><em>\u00a0<\/em><\/div>\n<div style=\"text-align: center;\"><em>\u00a0<\/em><\/div>\n<div style=\"text-align: center;\"><em>\u201eAz eg\u00e9sz \u00e9let bennem zih\u00e1l,<\/em><\/div>\n<div style=\"text-align: center;\"><em>\u00a0<\/em><\/div>\n<div style=\"text-align: center;\"><em>Minden, mi \u00faj, fel\u00e9m \u00fcget,<\/em><\/div>\n<div style=\"text-align: center;\"><em>\u00a0<\/em><\/div>\n<div style=\"text-align: center;\"><em>Szent z\u0171rzavar az \u00e9n sok \u00e1lmom,<\/em><\/div>\n<div style=\"text-align: center;\"><em>\u00a0<\/em><\/div>\n<div style=\"text-align: center;\"><em>Neked minden \u00e1lmod s\u00fcket,<\/em><\/div>\n<div style=\"text-align: center;\"><em>\u00a0<\/em><\/div>\n<div style=\"text-align: center;\"><em>Has\u00edtsd ki h\u00e1t aranysz\u00fcgyed.\u201d<\/em><\/div>\n<div style=\"text-align: center;\"><em>\u00a0<\/em><\/div>\n<div style=\"text-align: center;\"><em>\u00a0<\/em><\/div>\n<div style=\"text-align: center;\"><em>\u00a0<\/em><\/div>\n<div style=\"text-align: center;\"><em>M\u00e1r r\u00e1nk szakadt a b\u00fas, vak este.<\/em><\/div>\n<div style=\"text-align: center;\"><em>\u00a0<\/em><\/div>\n<div style=\"text-align: center;\"><em>\u00c9n ny\u00f6sz\u00f6r\u00f6gtem. A habok<\/em><\/div>\n<div style=\"text-align: center;\"><em>\u00a0<\/em><\/div>\n<div style=\"text-align: center;\"><em>Az \u00fczenetet egyre hozt\u00e1k:<\/em><\/div>\n<div style=\"text-align: center;\"><em>\u00a0<\/em><\/div>\n<div style=\"text-align: center;\"><em>V\u00e1runk. Van-e m\u00e1r aranyod?<\/em><\/div>\n<div style=\"text-align: center;\"><em>\u00a0<\/em><\/div>\n<div style=\"text-align: center;\"><em>Z\u00fagtak a habok, a habok.<\/em><\/div>\n<div style=\"text-align: center;\"><em>\u00a0<\/em><\/div>\n<div style=\"text-align: center;\"><em>\u00a0<\/em><\/div>\n<div style=\"text-align: center;\"><em>\u00a0<\/em><\/div>\n<div style=\"text-align: center;\"><em>\u00c9s \u00f6sszecsaptunk. Rengett a part,<\/em><\/div>\n<div style=\"text-align: center;\"><em>\u00a0<\/em><\/div>\n<div style=\"text-align: center;\"><em>Hus\u00e1ba v\u00e1jtam kezemet,<\/em><\/div>\n<div style=\"text-align: center;\"><em>\u00a0<\/em><\/div>\n<div style=\"text-align: center;\"><em>T\u00e9ptem, cib\u00e1ltam. Mindhi\u00e1ba.<\/em><\/div>\n<div style=\"text-align: center;\"><em>\u00a0<\/em><\/div>\n<div style=\"text-align: center;\"><em>Aranya cs\u00f6rg\u00f6tt. Nevetett.<\/em><\/div>\n<div style=\"text-align: center;\"><em>\u00a0<\/em><\/div>\n<div style=\"text-align: center;\"><em>Nem mehetek, nem mehetek.<\/em><\/div>\n<div style=\"text-align: center;\"><em>\u00a0<\/em><\/div>\n<div style=\"text-align: center;\"><em>\u00a0<\/em><\/div>\n<div style=\"text-align: center;\"><em>\u00a0<\/em><\/div>\n<div style=\"text-align: center;\"><em>Ezer este m\u00falt ezer estre,<\/em><\/div>\n<div style=\"text-align: center;\"><em>\u00a0<\/em><\/div>\n<div style=\"text-align: center;\"><em>A v\u00e9rem hull, hull, egyre hull,<\/em><\/div>\n<div style=\"text-align: center;\"><em>\u00a0<\/em><\/div>\n<div style=\"text-align: center;\"><em>Messzir\u0151l h\u00edvnak, sz\u00f3longatnak<\/em><\/div>\n<div style=\"text-align: center;\"><em>\u00a0<\/em><\/div>\n<div style=\"text-align: center;\"><em>\u00c9s mi csak csat\u00e1zunk vadul:<\/em><\/div>\n<div style=\"text-align: center;\"><em>\u00a0<\/em><\/div>\n<div style=\"text-align: center;\"><em>\u00c9n s a diszn\u00f3fej\u0171 Nagy\u00far.<\/em><\/div>\n<div>\u00a0<\/div>\n<div>\u00a0<\/div>\n<div>\u00cdgy.<\/div>\n<div>\u00a0<\/div>\n<div>Az \u201eelit\u201d gazemberek csord\u00e1ja, a fekete p\u00e9ntek meg a fenn\u00e1ll\u00f3 vil\u00e1grend boszork\u00e1nyszombatja.\u00a0De j\u00f6n az Advent. El lehet l\u00e1togatni \u00fcresen kong\u00f3 templomokba is\u2026<br \/>\n<em><br \/>\nForr\u00e1s: www.badog.blogstar.hu<\/p>\n<p>Bayer Zsolt<\/em><\/div>\n<\/p><\/div>\n","protected":false},"excerpt":{"rendered":"<p>Milyen \u00e9rdekes: Trump gy\u0151zelme \u00f3ta a nyugati vil\u00e1g minden m\u00e9di\u00e1ja, minden megmond\u00f3embere, v\u00e9lem\u00e9nyvez\u00e9re elmondta \u00e9s meg\u00edrta, hogy j\u00f6n a \u201ebunk\u00f3k hatalma\u201d, \u00daristen, v\u00e9ge a vil\u00e1gnak, a primit\u00edv, vesztes t\u00f6megek fell\u00e1zadtak \u00e9s v\u00e9get fognak vetni a fenn\u00e1ll\u00f3 vil\u00e1grendnek. \u00a0 De valamilyen rejt\u00e9lyes okb\u00f3l ugyanezek m\u00e9lyen hallgatnak, amikor a fekete p\u00e9ntek jelenetei t\u00e1rulnak a vil\u00e1g szeme\u00a0el\u00e9. Ahogy [&hellip;]<\/p>\n","protected":false},"author":1,"featured_media":28252,"comment_status":"open","ping_status":"open","sticky":false,"template":"","format":"standard","meta":{"footnotes":""},"categories":[],"tags":[],"class_list":["post-28251","post","type-post","status-publish","format-standard","has-post-thumbnail","hentry"],"_links":{"self":[{"href":"https:\/\/archivum.eloszekelyfold.ro\/index.php\/wp-json\/wp\/v2\/posts\/28251","targetHints":{"allow":["GET"]}}],"collection":[{"href":"https:\/\/archivum.eloszekelyfold.ro\/index.php\/wp-json\/wp\/v2\/posts"}],"about":[{"href":"https:\/\/archivum.eloszekelyfold.ro\/index.php\/wp-json\/wp\/v2\/types\/post"}],"author":[{"embeddable":true,"href":"https:\/\/archivum.eloszekelyfold.ro\/index.php\/wp-json\/wp\/v2\/users\/1"}],"replies":[{"embeddable":true,"href":"https:\/\/archivum.eloszekelyfold.ro\/index.php\/wp-json\/wp\/v2\/comments?post=28251"}],"version-history":[{"count":0,"href":"https:\/\/archivum.eloszekelyfold.ro\/index.php\/wp-json\/wp\/v2\/posts\/28251\/revisions"}],"wp:featuredmedia":[{"embeddable":true,"href":"https:\/\/archivum.eloszekelyfold.ro\/index.php\/wp-json\/wp\/v2\/media\/28252"}],"wp:attachment":[{"href":"https:\/\/archivum.eloszekelyfold.ro\/index.php\/wp-json\/wp\/v2\/media?parent=28251"}],"wp:term":[{"taxonomy":"category","embeddable":true,"href":"https:\/\/archivum.eloszekelyfold.ro\/index.php\/wp-json\/wp\/v2\/categories?post=28251"},{"taxonomy":"post_tag","embeddable":true,"href":"https:\/\/archivum.eloszekelyfold.ro\/index.php\/wp-json\/wp\/v2\/tags?post=28251"}],"curies":[{"name":"wp","href":"https:\/\/api.w.org\/{rel}","templated":true}]}}