{"id":28249,"date":"2021-12-13T02:19:01","date_gmt":"2021-12-13T02:19:01","guid":{"rendered":"http:\/\/archivum.eloszekelyfold.ro\/2021\/12\/13\/dekodolt-almok\/"},"modified":"2021-12-13T02:19:01","modified_gmt":"2021-12-13T02:19:01","slug":"dekodolt-almok","status":"publish","type":"post","link":"https:\/\/archivum.eloszekelyfold.ro\/index.php\/2021\/12\/13\/dekodolt-almok\/","title":{"rendered":"Dek\u00f3dolt \u00e1lmok"},"content":{"rendered":"<p><\/p>\n<div style=\"color:#666666; font-family:inherit; font-size:14px;font-style: normal;text-align:left;line-height:24px;\">\n<div style=\"float:left\"><img decoding=\"async\" src=\"http:\/\/archivum.eloszekelyfold.ro\/wp-content\/uploads\/2021\/12\/633_alom_feketefeher.jpg\" alt=\" Dek\u00f3dolt \u00e1lmok\" style=\"padding-right:14px; padding-bottom:6px; padding-top:6px;\" width=\"320px\"><\/div>\n<div>Az \u00f6r\u00f6k\u00f6s szerelmi \u00e1lmok t\u00e9m\u00e1j\u00e1t vizsg\u00e1lva romantikus k\u00f6nny\u0171zenei reperto\u00e1runk szinte kifogyhatatlan.\u00a0Nemcsak a vil\u00e1gzen\u00e9ben, hanem a magyarban is b\u0151ven tal\u00e1lunk utal\u00e1st szertefoszlott \u00e1lmokra, r\u00f3zsasz\u00edn\u0171, net\u00e1n\u00a0beteljes\u00fcletlen \u00e1lmainkra is. <\/p>\n<p>Csak n\u00e9h\u00e1ny id\u00e9zet a felhozatalb\u00f3l: \u201eJ\u00f3 az \u00e1lmodoz\u00e1s&#8230;\u201d, \u201e\u00c1lmodj kir\u00e1lyl\u00e1ny&#8230;\u201d,\u00a0\u201e\u00c1lom volt csup\u00e1n az \u00e9letem&#8230;\u201d, \u201e\u00c1lomarc\u00fa l\u00e1ny&#8230;\u201d, \u201eMindenkinek van egy \u00e1lma&#8230;\u201d, vagy \u00e9pp az Edda szimbolikusan\u00a0is \u00e9rtelmezhet\u0151 zenesz\u00f6vege: \u201e\u00c1lmodtam egy vil\u00e1got magamnak\/ itt \u00e1llok a kapui el\u0151tt\/ adj er\u0151t, hogy be tudjak l\u00e9pni\/\u00a0van hitem a magas falak el\u0151tt&#8230;\u201d<\/p>\n<p>Nem kell Kr\u00fady \u00c1lmosk\u00f6nyv\u00e9t forgatni, s m\u00e9gcsak Martin Luther King amerikai \u00e1lomr\u00f3l elhangzott h\u00edres mond\u00e1sa\u00a0(\u201eVan egy \u00e1lmom&#8230;\u201d) sem kell, hogy rabul ejtsen \u2013, el\u00e9g, ha a saj\u00e1t \u00e1lmainkra gondolnunk. Titkolt, soha ki nem\u00a0mondott gondolataink, megt\u00f6rt\u00e9nt \u00e9s meg nem t\u00f6rt\u00e9nt esem\u00e9nyek megsz\u00e9p\u00fclve, felnagy\u00edtva, olykor pedig eltorz\u00edtva\u00a0jelennek meg \u00e1lmainkban, \u00e9s legt\u00f6bbsz\u00f6r, \u00e9bred\u00e9s ut\u00e1n m\u00e1r nem is eml\u00e9ksz\u00fcnk r\u00e1juk. <br \/>\n\u00a0<\/div>\n<div style=\"text-align: center;\"><embed type=\"application\/x-shockwave-flash\" pluginspage=\"http:\/\/www.macromedia.com\/go\/getflashplayer\" src=\"http:\/\/www.youtube.com\/v\/V5585ac5Xdk%26hl=en%26fs=1%26rel=0%26ap=%2526fmt=18\" width=\"425\" height=\"344\"><\/embed><\/div>\n<div>\nVannak azonban \u00e1lmok, amelyekkel\u00a0\u00e9rdemes t\u00f6bbet foglalkoznunk, s amelyeknek \u00e9rdemes jelent\u0151s\u00e9get is tulajdon\u00edtanunk, hiszen hat\u00e1suk nem egyszer\u00a0sorsford\u00edt\u00f3 is lehet. Jelent\u00e9s\u00fcket szeretn\u00e9nk tiszt\u00e1zni, s ez\u00e9rt nem restell\u00fcnk \u00e1lomfejt\u0151 \u201eszakembereket\u201d is ig\u00e9nybe\u00a0venni. Vizsg\u00e1lgatjuk, mi, mi\u00e9rt j\u00f6tt fel a tudatalattib\u00f3l, \u00e9s mit kezdj\u00fcnk vele.<\/p>\n<p>A r\u00e9gm\u00falt id\u0151kben az emberek a term\u00e9szetfeletti vil\u00e1ggal hozt\u00e1k kapcsolatba \u00e1lmaikat. Az \u00e1lomnak\u00a0l\u00e9tmeghat\u00e1roz\u00f3 \u00fczenete volt. Istennnel val\u00f3 kapcsolatot jelzett, Isten \u00fczenet\u00e9t hordozta. A bibliai \u00e1lmod\u00f3k \u00e9s\u00a0\u00e1lomfejt\u0151k egyt\u0151l-egyig az isteni \u00fczenetet igyekeztek kutatni, megfejteni, hiszen az \u00e1lmok kinyilatkoztat\u00e1sa, ennek\u00a0hordereje egy eg\u00e9sz n\u00e9pre hat\u00e1ssal volt. Gondolhatunk az \u00f3sz\u00f6vets\u00e9gi nagyokra: \u00e1lmot l\u00e1t \u00c1brah\u00e1m \u00e9s J\u00e1k\u00f3b, a gyermek\u00a0S\u00e1muel, Salamon kir\u00e1ly, D\u00e1niel \u00e9s Ezekiel pr\u00f3f\u00e9ta.<br \/>\n\u00a0<\/div>\n<div style=\"text-align: center;\"><img loading=\"lazy\" decoding=\"async\" src=\"http:\/\/archivum.eloszekelyfold.ro\/wp-content\/uploads\/2021\/12\/jakob_alma.jpg\" width=\"350\" height=\"222\" alt=\"\"><\/div>\n<div style=\"text-align: center;\"><em>Jos\u00e9 de Ribera: J\u00e1k\u00f3b \u00e1lma &#8211; olajfestm\u00e9ny, 1639 k\u00f6r\u00fcl<\/em><br \/>\n\u00a0<\/div>\n<div>J\u00e9zus sz\u00fclet\u00e9sekor pedig a nevel\u0151atya, a titokzatos, hallgatag f\u00e9rj-jel\u00f6lt: J\u00f3zsef, r\u00f6vid id\u0151n bel\u00fcl\u00a0h\u00e1romszor is \u00e1lmot l\u00e1t. Am\u00fagyis a k\u00fcl\u00f6n\u00f6s gyermek fogantat\u00e1sa \u00e9s sz\u00fclet\u00e9se foglalkoztatja \u0151t \u00e9jjel nappal. Lek\u00f6ti\u00a0teljes energi\u00e1j\u00e1t. Bizonytalankodik, tusakodik. Sz\u0171kszav\u00fa, nem besz\u00e9l err\u0151l M\u00e1ri\u00e1nak sem. A f\u00e9rfi \u00e9rtelem nehezen\u00a0birk\u00f3zik meg az isteni beavatkoz\u00e1ssal. Egyszerre \u00e9rzi mag\u00e1t megal\u00e1zva \u00e9s tehetetlennek. Ki van szolg\u00e1ltatva egy\u00a0fels\u0151bb er\u0151nek. Kics\u00faszott kez\u00e9b\u0151l az ir\u00e1ny\u00edt\u00e1s. Gyakorlatias f\u00e9rfik\u00e9nt nem tud mit kezdeni a csod\u00e1val. Isten\u00a0vesz\u00e9lyes vet\u00e9lyt\u00e1rss\u00e1 v\u00e1lik. \u00c1th\u00fazza emberi \u00e1lmodoz\u00e1sait, terveit. De az \u00dar m\u00e9gis megtal\u00e1lja a m\u00f3dj\u00e1t, hogy hasson\u00a0r\u00e1. Ha \u00e1lmon innen nem tudta meggy\u0151zni, meg\u00e9rteti az \u00e1lmon kereszt\u00fcl. \u00a0Az \u00e1lomvil\u00e1g \u00e9s a val\u00f3s\u00e1g hat\u00e1r\u00e1n az\u00a0egyszer\u0171 \u00e1csmester nemcsak be\u00e9ri az \u00e1lommal, de sokra is viszi vele. Mert fel\u00e9bredve meg\u00e9rti, val\u00f3j\u00e1ban mi is\u00a0t\u00f6rt\u00e9nik. Kritikus t\u00f6preng\u00e9se \u00e9s \u00f6nem\u00e9szt\u0151 magatart\u00e1sa nem az ellenkez\u00e9sben, hanem az Isten mellett minden\u00e1ron\u00a0kitart\u00f3 h\u0171s\u00e9gben old\u00f3dik fel. Meg\u00e9rti M\u00e1ria anyas\u00e1g\u00e1nak titk\u00e1t, k\u00fcl\u00f6nleges \u201efi\u00e1nak\u201d nev\u00e9t \u00e9s k\u00fcldet\u00e9s\u00e9t, s emellett\u00a0saj\u00e1t k\u00fcldet\u00e9s\u00e9t is. V\u00e1llalja a f\u00f6ldi \u00e9desapa megbizat\u00e1s\u00e1t. M\u00e1ria mellett \u0151 lesz a csendes, a megbizhat\u00f3 t\u00e1rs.\u00a0<br \/>\n\u00a0<\/div>\n<div style=\"text-align: center;\"><em><img loading=\"lazy\" decoding=\"async\" src=\"http:\/\/archivum.eloszekelyfold.ro\/wp-content\/uploads\/2021\/12\/szent_jozsef.jpg\" width=\"250\" height=\"346\" alt=\"\"><\/em><\/div>\n<div style=\"text-align: center;\"><em>\u00a0Szent J\u00f3zsef, az egyszer\u0171 \u00e1cs nevel\u0151apa<\/em><br \/>\n\u00a0<\/div>\n<div>Mostant\u00f3l komolyan veszi az \u00e1lmokat, mert r\u00e1d\u00f6bben, hogy a Mindens\u00e9g Teremt\u0151je az \u00e1lom nyelv\u00e9n is sz\u00f3l(hat)\u00a0hozz\u00e1nk.<\/p>\n<p>J\u00f3zsef \u00e1lma, s az \u0151 reakci\u00f3ja igazi adventi biztat\u00e1s. Arra is, hogy merj\u00fcnk (nagyot) \u00e1lmodni, \u00e9s rem\u00e9lni.\u00a0Hisz a rem\u00e9ny nemcsak, hogy nem hal meg, de el\u0151bb-ut\u00f3bb be is teljesedik. Azt meg f\u00f6l\u00f6tt\u00e9bb j\u00f3 komolyan venni, hogy\u00a0\u00e1lmaink seg\u00edtenek feloldozni a j\u00f3zans\u00e1g \u00e9s a \u201erealit\u00e1s\u201d f\u00f6ldh\u00f6z ragadts\u00e1g\u00e1b\u00f3l. Egyfajta gyermeki lelk\u00fcletet\u00a0tartanak \u00e9bren. S azon t\u00fal, hogy pihentetnek \u00e9s fert\u0151telen\u00edtik az agyat a k\u00e1ros ingerek, inform\u00e1ci\u00f3k nyom\u00e1s\u00e1t\u00f3l,\u00a0\u00fajj\u00e1sz\u00fclet\u00e9sre k\u00e9sztetnek. Mint a weboldal friss\u00edt\u00e9se, olyan az \u00e1lom az agynak.<\/p>\n<p>\u00c1lmainknak k\u00f6sz\u00f6nhet\u0151en kreat\u00edvak, lelkesek, ha \u00fagy tetszik idealist\u00e1k maradunk. Isteni \u00fczenetet\u00a0k\u00f6zvet\u00edthetnek. Ez\u00e9rt sem \u00e1rt n\u00e9ha t\u00e9nyleg aludni egyet a neh\u00e9z d\u00f6nt\u00e9sek, a felel\u0151s feladatok, a nekikezd\u00e9s el\u0151tt.\u00a0<\/p><\/div>\n<div>\u00a0<\/div>\n<div>Olykor \u00e9rdemes elengedn\u00fcnk a h\u0171v\u00f6s \u00e9sz, a mindig kisz\u00e1m\u00edthat\u00f3 komor feln\u0151tt \u00e9nj\u00e9t. A gondok, a racion\u00e1lis tervek,\u00a0elgondol\u00e1sok, \u00e9rtelmez\u00e9sek sokszor visszah\u00fazn\u00e1nak a f\u00f6ldre. A sok rosszat l\u00e1tva, csal\u00f3d\u00e1sainkban megcs\u00f6m\u00f6r\u00f6lve, t\u00fal\u00a0k\u00f6nnyen legyinten\u00e9nk megad\u00f3an: Minek? \u00dagysem \u00e9ri meg! Mi hasznom bel\u0151le? M\u00e1r h\u00e1nyszor csal\u00f3dtam! Nem lesz ebb\u0151l\u00a0semmi&#8230;<\/p>\n<p>Az \u00e1lom nyelv\u00e9n viszont maga Isten lelkes\u00edt: Ne f\u00e9lj! V\u00e1gj bele! Indulj! Hallgass a benned l\u00e9v\u0151 j\u00f3ra!\u00a0<\/p><\/div>\n<div>\u00a0<\/div>\n<div>Csin\u00e1ld meg! Kezd el megval\u00f3s\u00edtani, mert \u00e9n veled vagyok!<\/p>\n<p>\u00c1lmainkban, mint Szent J\u00f3zsefn\u00e9l, a jobbik \u00e9n\u00fcnk \u00e9rintkez\u00e9sbe l\u00e9p Istennel. Megsuhint a Szentl\u00e9lek m\u00fazs\u00e1ja,\u00a0inspir\u00e1l, ak\u00e1r m\u00e9g egy szokatlan, val\u00f3s\u00e1gt\u00f3l elrugaszkodott tettre is sarkall, ha van b\u00e1tors\u00e1gunk hallgatni r\u00e1 \u00e9s\u00a0belefogni. J\u00f3zsef \u201etartalmas\u201d adventi v\u00e1rakoz\u00e1sa megteremti Kar\u00e1csony felt\u00e9teleit. Hozz\u00e1adja az emberi \u00f6nr\u00e9szt.<br \/>\n\u00a0<\/div>\n<div style=\"text-align: center;\"><img loading=\"lazy\" decoding=\"async\" src=\"http:\/\/archivum.eloszekelyfold.ro\/wp-content\/uploads\/2021\/12\/emese_alma.jpg\" width=\"350\" height=\"233\" alt=\"\"><\/div>\n<div style=\"text-align: center;\"><em>Az \u0151smagyar mitol\u00f3gi\u00e1ban is fontos szerepe van <br \/>\naz \u00e1lomnak: \u00e1lmot k\u00fcld\u00f6tt a turulmad\u00e1r,<br \/>\namiben Emese m\u00e9h\u00e9b\u0151l foly\u00f3 ered, mely<br \/>\nidegen f\u00f6ld\u00f6n sz\u00e9lesedik ki; ezt \u00fagy \u00e9rtelmezt\u00e9k,<br \/>\nhogy fi\u00fat fog sz\u00fclni, aki n\u00e9p\u00e9t \u00faj haz\u00e1ba vezeti <br \/>\n&#8211; L\u00e1szl\u00f3 Gyula: Emese a Turulmad\u00e1rral<\/p>\n<p><\/em><\/div>\n<div style=\"text-align: left;\">Az \u00e1br\u00e1ndoz\u00e1s, vagy a k\u00f6nnyelm\u0171 \u00e1lmodoz\u00e1s lehet \u00f6nbecsap\u00e1s, kergethet ill\u00fazi\u00f3kat, de ha az \u00e1lmainkban\u00a0megsz\u00f3lal\u00f3, sz\u00f3hoz jut\u00f3 Istenre hallgatunk, annak mindig konkr\u00e9t, pozit\u00edv, a m\u00e1sok jav\u00e1t is szolg\u00e1l\u00f3 k\u00f6vetkezm\u00e9nyei\u00a0lesznek. Ne vess\u00fck meg az \u00e1lmokat. Lehet, hogy Isten \u00e1ltaluk \u00e9rint meg.<\/div>\n<div style=\"text-align: center;\">\n<embed type=\"application\/x-shockwave-flash\" pluginspage=\"http:\/\/www.macromedia.com\/go\/getflashplayer\" src=\"http:\/\/www.youtube.com\/v\/NlXpPU_3Y0w%26hl=en%26fs=1%26rel=0%26ap=%2526fmt=18\" width=\"425\" height=\"344\"><\/embed><\/div>\n<div>\nHogyha hallgatunk az \u00e1lomra, nyitott szemmel,\u00a0val\u00f3di val\u00f3s\u00e1g\u00e9rz\u00e9kkel v\u00e9gbevitt tetteinkbb\u0151l, a Kar\u00e1csony ut\u00e1n is hasznos\u00edthat\u00f3 gy\u00fcm\u00f6lcs\u00f6k fakadnak. Mint J\u00f3zsefn\u00e9l. Val\u00f3s\u00e1gg\u00e1 v\u00e1lhat, amit Isten r\u00f3lunk meg\u00e1lmodott.<\/p>\n<p><em>Sebesty\u00e9n P\u00e9ter<\/em><br \/>\n\u00a0<\/div>\n<\/p><\/div>\n","protected":false},"excerpt":{"rendered":"<p>Az \u00f6r\u00f6k\u00f6s szerelmi \u00e1lmok t\u00e9m\u00e1j\u00e1t vizsg\u00e1lva romantikus k\u00f6nny\u0171zenei reperto\u00e1runk szinte kifogyhatatlan.\u00a0Nemcsak a vil\u00e1gzen\u00e9ben, hanem a magyarban is b\u0151ven tal\u00e1lunk utal\u00e1st szertefoszlott \u00e1lmokra, r\u00f3zsasz\u00edn\u0171, net\u00e1n\u00a0beteljes\u00fcletlen \u00e1lmainkra is. Csak n\u00e9h\u00e1ny id\u00e9zet a felhozatalb\u00f3l: \u201eJ\u00f3 az \u00e1lmodoz\u00e1s&#8230;\u201d, \u201e\u00c1lmodj kir\u00e1lyl\u00e1ny&#8230;\u201d,\u00a0\u201e\u00c1lom volt csup\u00e1n az \u00e9letem&#8230;\u201d, \u201e\u00c1lomarc\u00fa l\u00e1ny&#8230;\u201d, \u201eMindenkinek van egy \u00e1lma&#8230;\u201d, vagy \u00e9pp az Edda szimbolikusan\u00a0is \u00e9rtelmezhet\u0151 zenesz\u00f6vege: \u201e\u00c1lmodtam egy [&hellip;]<\/p>\n","protected":false},"author":1,"featured_media":28250,"comment_status":"open","ping_status":"open","sticky":false,"template":"","format":"standard","meta":{"footnotes":""},"categories":[],"tags":[],"class_list":["post-28249","post","type-post","status-publish","format-standard","has-post-thumbnail","hentry"],"_links":{"self":[{"href":"https:\/\/archivum.eloszekelyfold.ro\/index.php\/wp-json\/wp\/v2\/posts\/28249","targetHints":{"allow":["GET"]}}],"collection":[{"href":"https:\/\/archivum.eloszekelyfold.ro\/index.php\/wp-json\/wp\/v2\/posts"}],"about":[{"href":"https:\/\/archivum.eloszekelyfold.ro\/index.php\/wp-json\/wp\/v2\/types\/post"}],"author":[{"embeddable":true,"href":"https:\/\/archivum.eloszekelyfold.ro\/index.php\/wp-json\/wp\/v2\/users\/1"}],"replies":[{"embeddable":true,"href":"https:\/\/archivum.eloszekelyfold.ro\/index.php\/wp-json\/wp\/v2\/comments?post=28249"}],"version-history":[{"count":0,"href":"https:\/\/archivum.eloszekelyfold.ro\/index.php\/wp-json\/wp\/v2\/posts\/28249\/revisions"}],"wp:featuredmedia":[{"embeddable":true,"href":"https:\/\/archivum.eloszekelyfold.ro\/index.php\/wp-json\/wp\/v2\/media\/28250"}],"wp:attachment":[{"href":"https:\/\/archivum.eloszekelyfold.ro\/index.php\/wp-json\/wp\/v2\/media?parent=28249"}],"wp:term":[{"taxonomy":"category","embeddable":true,"href":"https:\/\/archivum.eloszekelyfold.ro\/index.php\/wp-json\/wp\/v2\/categories?post=28249"},{"taxonomy":"post_tag","embeddable":true,"href":"https:\/\/archivum.eloszekelyfold.ro\/index.php\/wp-json\/wp\/v2\/tags?post=28249"}],"curies":[{"name":"wp","href":"https:\/\/api.w.org\/{rel}","templated":true}]}}