{"id":28239,"date":"2021-12-13T02:09:00","date_gmt":"2021-12-13T02:09:00","guid":{"rendered":"http:\/\/archivum.eloszekelyfold.ro\/2021\/12\/13\/kiallitas-albert-laszlo-munkaibol\/"},"modified":"2021-12-13T02:09:00","modified_gmt":"2021-12-13T02:09:00","slug":"kiallitas-albert-laszlo-munkaibol","status":"publish","type":"post","link":"https:\/\/archivum.eloszekelyfold.ro\/index.php\/2021\/12\/13\/kiallitas-albert-laszlo-munkaibol\/","title":{"rendered":"Ki\u00e1ll\u00edt\u00e1s Albert L\u00e1szl\u00f3 munk\u00e1ib\u00f3l"},"content":{"rendered":"<p><\/p>\n<div style=\"color:#666666; font-family:inherit; font-size:14px;font-style: normal;text-align:left;line-height:24px;\">\n<div style=\"float:left\"><img decoding=\"async\" src=\"http:\/\/archivum.eloszekelyfold.ro\/wp-content\/uploads\/2021\/12\/640_albert_laszlo_total.jpg\" alt=\"Ki\u00e1ll\u00edt\u00e1s Albert L\u00e1szl\u00f3 munk\u00e1ib\u00f3l\" style=\"padding-right:14px; padding-bottom:6px; padding-top:6px;\" width=\"320px\"><\/div>\n<p>                              December 2-\u00e1n, p\u00e9nteken 17.00 \u00f3rakor tartj\u00e1k Albert L\u00e1szl\u00f3 retrospekt\u00edv \u00e9letm\u0171-ki\u00e1ll\u00edt\u00e1s\u00e1t Marosv\u00e1s\u00e1rhelyen a Bern\u00e1dy H\u00e1z Gal\u00e9ri\u00e1j\u00e1ban. A ki\u00e1ll\u00edt\u00e1st Nagy Mikl\u00f3s Kund \u00e9s V\u00e9csi Nagy Zolt\u00e1n nyitja meg, Dem\u00e9ny P\u00e9ter k\u00f6zrem\u0171k\u00f6d\u00e9s\u00e9vel.<\/p>\n<p>Albert L\u00e1szl\u00f3 1926-ban sz\u00fcletett a Zsil-v\u00f6lgy\u00e9ben lev\u0151 b\u00e1nyav\u00e1rosban, Petrill\u00e1n (Hunyad megye). Tanulm\u00e1nyait 1948 \u00e9s 1955 k\u00f6z\u00f6tt folytatta a kolozsv\u00e1ri Ion Andreescu K\u00e9pz\u0151m\u0171v\u00e9szeti F\u0151iskol\u00e1n, ahol K\u00e1d\u00e1r Tibor, Ciupe Aurel \u00e9s Mikl\u00f3ssy G\u00e1bor voltak a mesterei. Diplomaszerz\u00e9s ut\u00e1n (1955) Marosv\u00e1s\u00e1rhelyen telepedett le. 1970-ben r\u00e9szt vett a hajd\u00fab\u00f6sz\u00f6rm\u00e9nyi m\u0171v\u00e9sztelepen. A hatvanas \u00e9vek elej\u00e9n rom\u00e1niai magyar k\u00e9pz\u0151m\u0171v\u00e9szetben egyike volt azoknak, aki els\u0151k\u00e9nt k\u00eds\u00e9rletezett, a szocre\u00e1l formanyelvvel val\u00f3 radik\u00e1lis szak\u00edt\u00e1ssal. Ekkori k\u00e9pei absztraktak, sz\u00e9les gesztusokkal, nyers sz\u00ednekkel k\u00e9sz\u00edtett sz\u00e9les gesztus\u00fa kalligr\u00e1fi\u00e1k. A hetvenes \u00e9vekt\u0151l kezdve egy saj\u00e1tosan \u00faj, realista szeml\u00e9letet fejleszt ki, amelynek korszer\u0171s\u00e9ge a l\u00e1t\u00f3t\u00e9r dimenzi\u00f3 v\u00e1lt\u00e1s\u00e1ban (a mikro- \u00e9s makrokozmosz, a m\u00e9lyv\u00edzi \u00e9s l\u00e9gi felv\u00e9telek l\u00e1t\u00f3sz\u00f6ge), az \u00fajszer\u0171 technikai megold\u00e1sokban\u00a0(fot\u00f3szer\u0171s\u00e9g, a tal\u00e1l\u00e9kony kisiparosi eszk\u00f6zhaszn\u00e1lat) \u00e9s a v\u00e1ltozatokban sorozatokat megval\u00f3s\u00edt\u00f3 m\u00f3dszeres k\u00eds\u00e9rletez\u00e9sben van.<\/p>\n<div style=\"text-align: center;\"><img loading=\"lazy\" decoding=\"async\" src=\"http:\/\/archivum.eloszekelyfold.ro\/wp-content\/uploads\/2021\/12\/bernady(1).jpg\" width=\"150\" height=\"142\" alt=\"\"><\/div>\n<div style=\"text-align: center;\">Bern\u00e1dy Gy\u00f6rgy K\u00f6zm\u0171vel\u0151d\u00e9si Alap\u00edtv\u00e1ny<br \/>\nMarosv\u00e1s\u00e1rhely, Horea u. 6.<\/div>\n<p>\n<em>\u00c9l\u0151 Sz\u00e9kelyf\u00f6ld Munkacsoport<\/em>\n                        <\/div>\n","protected":false},"excerpt":{"rendered":"<p>December 2-\u00e1n, p\u00e9nteken 17.00 \u00f3rakor tartj\u00e1k Albert L\u00e1szl\u00f3 retrospekt\u00edv \u00e9letm\u0171-ki\u00e1ll\u00edt\u00e1s\u00e1t Marosv\u00e1s\u00e1rhelyen a Bern\u00e1dy H\u00e1z Gal\u00e9ri\u00e1j\u00e1ban. A ki\u00e1ll\u00edt\u00e1st Nagy Mikl\u00f3s Kund \u00e9s V\u00e9csi Nagy Zolt\u00e1n nyitja meg, Dem\u00e9ny P\u00e9ter k\u00f6zrem\u0171k\u00f6d\u00e9s\u00e9vel. Albert L\u00e1szl\u00f3 1926-ban sz\u00fcletett a Zsil-v\u00f6lgy\u00e9ben lev\u0151 b\u00e1nyav\u00e1rosban, Petrill\u00e1n (Hunyad megye). Tanulm\u00e1nyait 1948 \u00e9s 1955 k\u00f6z\u00f6tt folytatta a kolozsv\u00e1ri Ion Andreescu K\u00e9pz\u0151m\u0171v\u00e9szeti F\u0151iskol\u00e1n, ahol K\u00e1d\u00e1r Tibor, [&hellip;]<\/p>\n","protected":false},"author":1,"featured_media":28240,"comment_status":"open","ping_status":"open","sticky":false,"template":"","format":"standard","meta":{"footnotes":""},"categories":[],"tags":[],"class_list":["post-28239","post","type-post","status-publish","format-standard","has-post-thumbnail","hentry"],"_links":{"self":[{"href":"https:\/\/archivum.eloszekelyfold.ro\/index.php\/wp-json\/wp\/v2\/posts\/28239","targetHints":{"allow":["GET"]}}],"collection":[{"href":"https:\/\/archivum.eloszekelyfold.ro\/index.php\/wp-json\/wp\/v2\/posts"}],"about":[{"href":"https:\/\/archivum.eloszekelyfold.ro\/index.php\/wp-json\/wp\/v2\/types\/post"}],"author":[{"embeddable":true,"href":"https:\/\/archivum.eloszekelyfold.ro\/index.php\/wp-json\/wp\/v2\/users\/1"}],"replies":[{"embeddable":true,"href":"https:\/\/archivum.eloszekelyfold.ro\/index.php\/wp-json\/wp\/v2\/comments?post=28239"}],"version-history":[{"count":0,"href":"https:\/\/archivum.eloszekelyfold.ro\/index.php\/wp-json\/wp\/v2\/posts\/28239\/revisions"}],"wp:featuredmedia":[{"embeddable":true,"href":"https:\/\/archivum.eloszekelyfold.ro\/index.php\/wp-json\/wp\/v2\/media\/28240"}],"wp:attachment":[{"href":"https:\/\/archivum.eloszekelyfold.ro\/index.php\/wp-json\/wp\/v2\/media?parent=28239"}],"wp:term":[{"taxonomy":"category","embeddable":true,"href":"https:\/\/archivum.eloszekelyfold.ro\/index.php\/wp-json\/wp\/v2\/categories?post=28239"},{"taxonomy":"post_tag","embeddable":true,"href":"https:\/\/archivum.eloszekelyfold.ro\/index.php\/wp-json\/wp\/v2\/tags?post=28239"}],"curies":[{"name":"wp","href":"https:\/\/api.w.org\/{rel}","templated":true}]}}