{"id":28237,"date":"2021-12-13T02:07:00","date_gmt":"2021-12-13T02:07:00","guid":{"rendered":"http:\/\/archivum.eloszekelyfold.ro\/2021\/12\/13\/testverlatogatoban-a-kereszturiak-3\/"},"modified":"2021-12-13T02:07:00","modified_gmt":"2021-12-13T02:07:00","slug":"testverlatogatoban-a-kereszturiak-3","status":"publish","type":"post","link":"https:\/\/archivum.eloszekelyfold.ro\/index.php\/2021\/12\/13\/testverlatogatoban-a-kereszturiak-3\/","title":{"rendered":"Testv\u00e9rl\u00e1togat\u00f3ban a kereszt\u00fariak (3.)"},"content":{"rendered":"<p><\/p>\n<div style=\"color:#666666; font-family:inherit; font-size:14px;font-style: normal;text-align:left;line-height:24px;\">\n<div style=\"float:left\"><img decoding=\"async\" src=\"http:\/\/archivum.eloszekelyfold.ro\/wp-content\/uploads\/2021\/12\/638_halaadas.jpg\" alt=\"Testv\u00e9rl\u00e1togat\u00f3ban a kereszt\u00fariak (3.)\" style=\"padding-right:14px; padding-bottom:6px; padding-top:6px;\" width=\"320px\"><\/div>\n<div>A concordiakkal \u00f6szt\u00f6nd\u00edjr\u00f3l besz\u00e9lt\u00fcnk. Itteni csal\u00e1dok imm\u00e1r huszon\u00f6t \u00e9ve seg\u00edtenek erd\u00e9lyi magyar gyerekeket, hogy tanulni tudjanak, arra \u00e9rdemesnek mutatkoz\u00f3 k\u00f6z\u00e9piskol\u00e1ba \u00e9s egyetemre j\u00e1r\u00f3 fiatalokat t\u00e1mogatnak.<\/p>\n<p>Teszik ezt csup\u00e1n az\u00e9rt, mert hisznek abban, hogy a tanul\u00e1s, a m\u0171velts\u00e9g felemel. <\/p>\n<p>A tud\u00e1s lehet\u0151s\u00e9get teremt, helyzetbe\u00a0hoz. Felnyitja az elm\u00e9t, t\u00e1g\u00edtja a l\u00e1t\u00e1st. Seg\u00edt eligazodni a vil\u00e1gban. Enn\u00e9l t\u00f6bb nincs benne. De enn\u00e9l kevesebb sem.\u00a0<\/p>\n<p>T\u00f6rt\u00e9neteket hallottunk arr\u00f3l, hogy az itteni csal\u00e1dok mivel gazdagodtak az\u00e1ltal, hogy adtak. <\/p>\n<p><strong>2016. november 28., h\u00e9tf\u0151<br \/>\n(Tud\u00e1s \u00e9s hazaszeretet)<\/strong><\/p>\n<p>Elmond\u00e1suk szerint\u00a0nagyon sokat kaptak. Nem egy esetben megt\u00f6rt\u00e9nik, hogy a di\u00e1kkal szem\u00e9lyesen nem is tal\u00e1lkoznak. Van eset, amikor\u00a0ut\u00f3lag, sok \u00e9v eltelt\u00e9vel tal\u00e1lkozik az itteni t\u00e1mogat\u00f3 az otthoni volt fiatallal, aki m\u00e1r az\u00f3ta \u00fcgyv\u00e9d lett\u00a0Londonban. Ki tehet arr\u00f3l, hogy elment, kiment, \u00e9s az otthoni k\u00f6z\u00f6ss\u00e9ge semmit nem kap abb\u00f3l vissza, amit innen\u00a0t\u00e1mogat\u00e1sk\u00e9nt kapott? <\/p>\n<p>Amint elmondt\u00e1k, hisznek a tud\u00e1s \u00e9s a m\u0171velts\u00e9g erej\u00e9ben. A tud\u00e1s \u00e9s a m\u0171velts\u00e9g pedig \u00e9lni \u00e9s\u00a0\u00e9rv\u00e9nyes\u00fclni akar. Lehet, hogy nemcsak a di\u00e1k a hib\u00e1s, mert otthon nem \u00e9rt\u00e9kelik a tud\u00e1s\u00e1t. T\u00f6bbet akar, jobban\u00a0akar \u00e9lni, m\u00e1st szeretne. Ehhez nincs joga? Ki teremti meg az \u00e9letet? A sz\u00fcl\u0151f\u00f6ld szeretete? <\/p>\n<p>Tudom, hogy nincs\u00a0igazam. De tal\u00e1n annyi m\u00e9gis van, hogy \u00e9n k\u00e9tszer mentem haza. K\u00e9tszer d\u00f6nthettem volna m\u00e1sk\u00e9ppen is. De \u00fagy\u00a0d\u00f6nt\u00f6ttem, hogy hazamegyek. Mert otthon van dolgom.\u00a0<\/p>\n<p>Itt most egy\u00e9br\u0151l besz\u00e9ltek, mint a mi hazaszeretet\u00fcnk. Azt mondt\u00e1k el, hogy a Concordiak gazdagodtak\u00a0\u00e9lett\u00f6rt\u00e9netekkel. Megismertek erd\u00e9lyi csal\u00e1dokat. <\/p>\n<p>Vajon ki\u00e9 a felel\u0151ss\u00e9g, hogy fiataljaink elmennek? Vajon a\u00a0sokszor emlegetett hazaszeretet az \u00e9let\u00e9rz\u00e9s, vagy csak elism\u00e9telt \u00fcres besz\u00e9d? <\/p>\n<p>Sok t\u00f6rt\u00e9net van arr\u00f3l, hogy milyen\u00a0j\u00f3 nekik, az ittenieknek ez a kapcsolat. <\/p>\n<p>\u00c9s mi\u00e9rt j\u00f3 nek\u00fcnk? Felfogtuk a lehet\u0151s\u00e9g\u00e9t annak, hogy itthon fektess\u00fck be\u00a0tud\u00e1sunkat? <\/p>\n<p>Err\u0151l viszont mindenki maga d\u00f6nthet. A tud\u00e1s a ti\u00e9d, kedves fiatal bar\u00e1tom, azt teszel vele, amit\u00a0akarsz, \u00fagy adod \u00e1t m\u00e1soknak, ahogy akarod.\u00a0<\/p>\n<p>Itt. Amerik\u00e1ban mindent megszerveznek. Tesznek arr\u00f3l, hogy legyen p\u00e9nz. Csapatban dolgoznak, hogy minden csal\u00e1dot meggy\u0151zzenek arr\u00f3l,\u00a0hogy adni, t\u00e1mogatni \u00e9rdemes. <\/p>\n<p>Elgondolkoztam azon, hogy ez vajon nem integr\u00e1ci\u00f3? Az EU-hoz val\u00f3 csatlakoz\u00e1ssal nem\u00a0\u00edrtuk al\u00e1 saj\u00e1t integr\u00e1ci\u00f3nkat \u00e9s asszimil\u00e1ci\u00f3nk lehet\u0151s\u00e9g\u00e9t is? Lehet. Kin\u00e9zz\u00fck magunk k\u00f6z\u00fcl, akik idegen nyelv\u0171t,\u00a0m\u00e1s vall\u00e1s\u00fat vesz feles\u00e9g\u00fcl. Vajon nem f\u00e9l\u00fcnk-e, amikor tiltakozunk, amikor nagyon hangosak \u00e9s t\u00fcrelmetlenek vagyunk?\u00a0<\/p><\/div>\n<div>\u00a0<\/div>\n<div>A tud\u00e1s magasabb szf\u00e9r\u00e1kba emeli az elm\u00e9t. Az \u00e9let m\u00e1sfajta meg\u00e9l\u00e9s\u00e9nek a lehet\u0151s\u00e9g\u00e9t v\u00e1ltja be. \u00c9s nem apr\u00f3p\u00e9nzre\u00a0v\u00e1ltja!<br \/>\n\u00a0<\/div>\n<div>Itt egy csoport dolgozik azon, hogy a 9, 10, 11, 12-es di\u00e1koknak legyen felel\u0151se. Hogy legyen biztos\u00edtva sz\u00e1mukra\u00a0az \u00f6szt\u00f6nd\u00edj. \u00c1tl\u00e1that\u00f3 az elsz\u00e1mol\u00e1s, hogy mennyi gy\u0171lt \u00f6ssze. \u00c9s otthon is van bizotts\u00e1g. <\/p>\n<p>De mi lesz akkor, ha csak\u00a0integr\u00e1l\u00f3d\u00e1sunknak vagyunk szigor\u00faan elsz\u00e1moltathat\u00f3 szemtan\u00fai \u00e9s elszenved\u0151i?<\/p>\n<p>Eur\u00f3pa nem csendes. \u00dajra nem csendes.\u00a0Vonul benne a n\u00e9p, b\u00f3dorog, nem kapja a hely\u00e9t. Nem tudom, hogy mi lesz az \u00e1tmenet v\u00e9ge, \u00e9s nem tudom mit kell v\u00e1laszolni\u00a0annak, aki megk\u00e9rdezi, hogy de mi\u00e9rt maradjon itthon? Mit kell v\u00e1laszolni? Mi\u00e9rt v\u00e1llaljon t\u00f6bb gyermeket, amikor\u00a0egyel is mennyi baj van! <br \/>\n\u00a0<\/div>\n<div style=\"text-align: center;\"><img loading=\"lazy\" decoding=\"async\" src=\"http:\/\/archivum.eloszekelyfold.ro\/wp-content\/uploads\/2021\/12\/borondos_fiatalok.jpg\" width=\"500\" height=\"333\" alt=\"\"><\/div>\n<div style=\"text-align: center;\"><em>K\u00e9p\u00fcnk illusztr\u00e1ci\u00f3<\/em><\/div>\n<div>\nAz indi\u00e1nokat az\u00e9rt szerett\u00e9k Chicag\u00f3ban, mert b\u00edrt\u00e1k a felh\u0151karcol\u00f3k magass\u00e1g\u00e1t. Nem\u00a0kellett \u0151ket kik\u00f6tni. B\u00e1trak voltak, bizony\u00edtottak. Biztatt\u00e1k \u00e9s jutalmazt\u00e1k \u0151ket. De ha egy m\u00e9gis leesett?\u00a0Eltemett\u00e9k. S azt\u00e1n j\u00f6ttek egyszer, de nagyon k\u00e9s\u0151re az alapvet\u0151 emberi jogok is. Amikor m\u00e1r kisebbs\u00e9gbe ker\u00fcltek az \u0151slak\u00f3k. <\/p>\n<p>Kinek\u00a0\u00e9p\u00edtettek az indi\u00e1nok? Mi\u00e9rt jutalmazt\u00e1k \u0151ket, hiszen \u00fagyis a feh\u00e9r ember civiliz\u00e1ci\u00f3ja k\u00f6vetkezett!<br \/>\n\u00a0<\/div>\n<div>Furcsa volt Chaplin b\u00e1nata.\u00a0<br \/>\n<em><br \/>\nA c\u00edmk\u00e9pen Jean Louis Gerome Ferris k\u00e9p\u00e9nek r\u00e9szlete az els\u0151 (1621) h\u00e1laad\u00e1sr\u00f3l.<\/em><\/p>\n<p><em>T\u00f3dor Csaba<\/em><\/div>\n<\/p><\/div>\n","protected":false},"excerpt":{"rendered":"<p>A concordiakkal \u00f6szt\u00f6nd\u00edjr\u00f3l besz\u00e9lt\u00fcnk. Itteni csal\u00e1dok imm\u00e1r huszon\u00f6t \u00e9ve seg\u00edtenek erd\u00e9lyi magyar gyerekeket, hogy tanulni tudjanak, arra \u00e9rdemesnek mutatkoz\u00f3 k\u00f6z\u00e9piskol\u00e1ba \u00e9s egyetemre j\u00e1r\u00f3 fiatalokat t\u00e1mogatnak. Teszik ezt csup\u00e1n az\u00e9rt, mert hisznek abban, hogy a tanul\u00e1s, a m\u0171velts\u00e9g felemel. A tud\u00e1s lehet\u0151s\u00e9get teremt, helyzetbe\u00a0hoz. Felnyitja az elm\u00e9t, t\u00e1g\u00edtja a l\u00e1t\u00e1st. Seg\u00edt eligazodni a vil\u00e1gban. Enn\u00e9l t\u00f6bb [&hellip;]<\/p>\n","protected":false},"author":1,"featured_media":28238,"comment_status":"open","ping_status":"open","sticky":false,"template":"","format":"standard","meta":{"footnotes":""},"categories":[],"tags":[],"class_list":["post-28237","post","type-post","status-publish","format-standard","has-post-thumbnail","hentry"],"_links":{"self":[{"href":"https:\/\/archivum.eloszekelyfold.ro\/index.php\/wp-json\/wp\/v2\/posts\/28237","targetHints":{"allow":["GET"]}}],"collection":[{"href":"https:\/\/archivum.eloszekelyfold.ro\/index.php\/wp-json\/wp\/v2\/posts"}],"about":[{"href":"https:\/\/archivum.eloszekelyfold.ro\/index.php\/wp-json\/wp\/v2\/types\/post"}],"author":[{"embeddable":true,"href":"https:\/\/archivum.eloszekelyfold.ro\/index.php\/wp-json\/wp\/v2\/users\/1"}],"replies":[{"embeddable":true,"href":"https:\/\/archivum.eloszekelyfold.ro\/index.php\/wp-json\/wp\/v2\/comments?post=28237"}],"version-history":[{"count":0,"href":"https:\/\/archivum.eloszekelyfold.ro\/index.php\/wp-json\/wp\/v2\/posts\/28237\/revisions"}],"wp:featuredmedia":[{"embeddable":true,"href":"https:\/\/archivum.eloszekelyfold.ro\/index.php\/wp-json\/wp\/v2\/media\/28238"}],"wp:attachment":[{"href":"https:\/\/archivum.eloszekelyfold.ro\/index.php\/wp-json\/wp\/v2\/media?parent=28237"}],"wp:term":[{"taxonomy":"category","embeddable":true,"href":"https:\/\/archivum.eloszekelyfold.ro\/index.php\/wp-json\/wp\/v2\/categories?post=28237"},{"taxonomy":"post_tag","embeddable":true,"href":"https:\/\/archivum.eloszekelyfold.ro\/index.php\/wp-json\/wp\/v2\/tags?post=28237"}],"curies":[{"name":"wp","href":"https:\/\/api.w.org\/{rel}","templated":true}]}}