{"id":28235,"date":"2021-12-13T02:05:01","date_gmt":"2021-12-13T02:05:01","guid":{"rendered":"http:\/\/archivum.eloszekelyfold.ro\/2021\/12\/13\/paraliturgia-farkaslakan-es-oroszhegyen\/"},"modified":"2021-12-13T02:05:01","modified_gmt":"2021-12-13T02:05:01","slug":"paraliturgia-farkaslakan-es-oroszhegyen","status":"publish","type":"post","link":"https:\/\/archivum.eloszekelyfold.ro\/index.php\/2021\/12\/13\/paraliturgia-farkaslakan-es-oroszhegyen\/","title":{"rendered":"Paraliturgia Farkaslak\u00e1n \u00e9s Oroszhegyen"},"content":{"rendered":"<p><\/p>\n<div style=\"color:#666666; font-family:inherit; font-size:14px;font-style: normal;text-align:left;line-height:24px;\">\n<div style=\"float:left\"><img decoding=\"async\" src=\"http:\/\/archivum.eloszekelyfold.ro\/wp-content\/uploads\/2021\/12\/639_paraliturgia.jpg\" alt=\" Paraliturgia Farkaslak\u00e1n \u00e9s Oroszhegyen\" style=\"padding-right:14px; padding-bottom:6px; padding-top:6px;\" width=\"320px\"><\/div>\n<p>                              A Hargita Megyei Hagyom\u00e1ny\u0151rz\u00e9si Forr\u00e1sk\u00f6zpont \u00e9s Hargita Megye Tan\u00e1csa a M\u00e1rton \u00c1ron Eml\u00e9k\u00e9v esem\u00e9nyeinek sor\u00e1ban \u00fajra m\u0171sorra t\u0171zte a szentes \u00e9nekeket, n\u00e9pi im\u00e1kat \u00e9letre kelt\u0151 Paraliturgia \u2013 szakr\u00e1lis magyar n\u00e9pk\u00f6lt\u00e9szet a K\u00e1rp\u00e1t-medenc\u00e9b\u0151l c\u00edm\u0171, nagy n\u00e9pszer\u0171s\u00e9gnek \u00f6rvend\u0151 el\u0151ad\u00e1st. <\/p>\n<p>A Paraliturgi\u00e1t Advent 2. vas\u00e1rnapj\u00e1n, december 4-\u00e9n, 16.00 \u00f3r\u00e1t\u00f3l a farkaslaki R\u00f3mai katolikus templomban hallgathatja meg a k\u00f6z\u00f6ns\u00e9g, majd az oroszhegyi R\u00f3mai katolikus templomban 18.00 \u00f3r\u00e1t\u00f3l, k\u00f6zvetlen\u00fcl a szentmise ut\u00e1n l\u00e1thatj\u00e1k, hallhatj\u00e1k a h\u00edvek. El\u0151adj\u00e1k: Nagy No\u00e9mi Kriszta n\u00e9pdal\u00e9nekes, Laczk\u00f3-Vass R\u00f3bert sz\u00ednm\u0171v\u00e9sz, Sz\u00e9p Andr\u00e1s zongorista \u00e9s Sz\u00e9p Gyula B\u00e1lint sz\u00f3l\u00f3heged\u0171s.<\/p>\n<p>A K\u00e1rp\u00e1t-medencei szakr\u00e1lis magyar n\u00e9pk\u00f6lt\u00e9szet ihlette el\u0151ad\u00e1st a 6. Kolozsv\u00e1ri Magyar Napokon mutatt\u00e1k be el\u0151sz\u00f6r a piarista templomban, 2015 augusztus\u00e1ban. Ezt k\u00f6vet\u0151en Bonchid\u00e1n a B\u00e1nffy-kast\u00e9ly k\u00e1poln\u00e1j\u00e1ban, Szamos\u00fajv\u00e1ron, Bal\u00e1nb\u00e1ny\u00e1n, Bar\u00f3ton, Gyergy\u00f3szentmikl\u00f3son, Nagyv\u00e1radon, Sz\u00e9kelyudvarhelyen, Gyergy\u00f3remet\u00e9n, Szentegyh\u00e1z\u00e1n \u00e9s a Cs\u00edksomly\u00f3i Kegytemplomban is osztatlan sikernek \u00f6rvendett a bemutat\u00f3t k\u00f6vet\u0151 h\u00f3napokban.<\/p>\n<div style=\"text-align: center;\"><img loading=\"lazy\" decoding=\"async\" src=\"http:\/\/archivum.eloszekelyfold.ro\/wp-content\/uploads\/2021\/12\/paraliturgia1.jpg\" width=\"483\" height=\"397\" alt=\"\"><\/div>\n<div style=\"text-align: center;\"><em>A Paraliturgia el\u0151ad\u00f3i: Sz\u00e9p Andr\u00e1s (zondorista), Nagy No\u00e9mi Kriszta (n\u00e9pdal\u00e9nekes), <br \/>\nLaczk\u00f3-Vass R\u00f3bert (sz\u00edn\u00e9sz, \u00e9nekes), Sz\u00e9p Gyula B\u00e1lint (sz\u00f3l\u00f3heged\u0171s)\u00a0<\/em><\/div>\n<p>\n\u201eSzentes \u00e9nekeink, n\u00e9pi im\u00e1ds\u00e1gaink \u00e9s az \u00fcnnepi kalend\u00e1riumhoz kapcsol\u00f3d\u00f3 r\u00e9gi hagyom\u00e1nyaink saj\u00e1tos helyet foglalnak el a magyar szellemi \u00f6r\u00f6ks\u00e9g kincsesh\u00e1z\u00e1ban. El\u0151ad\u00f3est\u00fcnk t\u00f6bb k\u00fcl\u00f6nb\u00f6z\u0151 s\u00edkon eleven\u00edti meg \u00e9s fogja egy csokorba szakr\u00e1lis n\u00e9pk\u00f6lt\u00e9szet\u00fcnk legszebb alkot\u00e1sait: az emberi \u00e9letciklust misztikus k\u00f6rnyezetben, filmszer\u0171en p\u00f6rgeti v\u00e9gig. Dalaink a K\u00e1rp\u00e1t-medence valamennyi magyarlakta t\u00e1jegys\u00e9g\u00e9re elkalauzolnak, \u00e1thall\u00e1sok, p\u00e1rhuzamok \u00e9s prof\u00e1n ritmusok sorozat\u00e1val j\u00e1tszadoznak. Sz\u00f6vegeik rendk\u00edv\u00fcli vizualit\u00e1ssal, misztikus l\u00e1tom\u00e1sokban bontj\u00e1k ki a f\u00f6ld\u00f6nt\u00fali \u00e9lm\u00e9nyt, amelynek az egyszer\u0171, vall\u00e1sos ember az im\u00e1ds\u00e1gban r\u00e9szese lehetett. Barokkos ikonogr\u00e1fi\u00e1juk \u00fagy magasodik a h\u00edv\u0151 ember el\u00e9, mint a gy\u00f6ngy\u00f6spatai \u00e9letfa-olt\u00e1r, \u00e9s ugyanazt a szerepet t\u00f6ltik be, mint festett templomaink h\u00e9zagos legend\u00e1riuma, melyet a gy\u00f6ny\u00f6r\u0171s\u00e9g ir\u00e1nti v\u00e1gyakoz\u00e1s sz\u00ednez jellegzetesen magyarr\u00e1\u201d \u2013 vallj\u00e1k az el\u0151ad\u00f3k.<\/p>\n<p>R\u00e9szlet a Paraliturgia egy kor\u00e1bbi el\u0151ad\u00e1s\u00e1b\u00f3l &#8211; 6. Kolozsv\u00e1ri Magyar Napok (k\u00f6zz\u00e9t\u00e9ve 2015. augusztus 6-\u00e1n), a kolozsv\u00e1ri piarista templomban tartott el\u0151ad\u00e1sr\u00f3l k\u00e9sz\u00fclt felv\u00e9tel):<\/p>\n<div style=\"text-align: center;\"><embed type=\"application\/x-shockwave-flash\" pluginspage=\"http:\/\/www.macromedia.com\/go\/getflashplayer\" src=\"http:\/\/www.youtube.com\/v\/tNK8BMVopk8%26hl=en%26fs=1%26rel=0%26ap=%2526fmt=18\" width=\"425\" height=\"344\"><\/embed><\/div>\n<p>\nA farkaslaki \u00e9s az oroszhegyi el\u0151ad\u00e1sok partnerei a Farkaslaki R\u00f3mai Katolikus Pl\u00e9b\u00e1nia valamint az Oroszhegyi R\u00f3mai Katolikus Pl\u00e9b\u00e1nia.<\/p>\n<p>Minden \u00e9rdekl\u0151d\u0151t szeretettel v\u00e1runk! A rendezv\u00e9nyre a bel\u00e9p\u00e9s ingyenes.<\/p>\n<p><em>A Hargita Megyei Hagyom\u00e1ny\u0151rz\u00e9si Forr\u00e1sk\u00f6zpont k\u00f6zl\u00e9se alapj\u00e1n.<\/p>\n<p><\/em><\/p>\n<div><em>\u00c9l\u0151 Sz\u00e9kelyf\u00f6ld Munkacsoport<\/em><\/div>\n<\/p><\/div>\n","protected":false},"excerpt":{"rendered":"<p>A Hargita Megyei Hagyom\u00e1ny\u0151rz\u00e9si Forr\u00e1sk\u00f6zpont \u00e9s Hargita Megye Tan\u00e1csa a M\u00e1rton \u00c1ron Eml\u00e9k\u00e9v esem\u00e9nyeinek sor\u00e1ban \u00fajra m\u0171sorra t\u0171zte a szentes \u00e9nekeket, n\u00e9pi im\u00e1kat \u00e9letre kelt\u0151 Paraliturgia \u2013 szakr\u00e1lis magyar n\u00e9pk\u00f6lt\u00e9szet a K\u00e1rp\u00e1t-medenc\u00e9b\u0151l c\u00edm\u0171, nagy n\u00e9pszer\u0171s\u00e9gnek \u00f6rvend\u0151 el\u0151ad\u00e1st. A Paraliturgi\u00e1t Advent 2. vas\u00e1rnapj\u00e1n, december 4-\u00e9n, 16.00 \u00f3r\u00e1t\u00f3l a farkaslaki R\u00f3mai katolikus templomban hallgathatja meg a k\u00f6z\u00f6ns\u00e9g, [&hellip;]<\/p>\n","protected":false},"author":1,"featured_media":28236,"comment_status":"open","ping_status":"open","sticky":false,"template":"","format":"standard","meta":{"footnotes":""},"categories":[],"tags":[],"class_list":["post-28235","post","type-post","status-publish","format-standard","has-post-thumbnail","hentry"],"_links":{"self":[{"href":"https:\/\/archivum.eloszekelyfold.ro\/index.php\/wp-json\/wp\/v2\/posts\/28235","targetHints":{"allow":["GET"]}}],"collection":[{"href":"https:\/\/archivum.eloszekelyfold.ro\/index.php\/wp-json\/wp\/v2\/posts"}],"about":[{"href":"https:\/\/archivum.eloszekelyfold.ro\/index.php\/wp-json\/wp\/v2\/types\/post"}],"author":[{"embeddable":true,"href":"https:\/\/archivum.eloszekelyfold.ro\/index.php\/wp-json\/wp\/v2\/users\/1"}],"replies":[{"embeddable":true,"href":"https:\/\/archivum.eloszekelyfold.ro\/index.php\/wp-json\/wp\/v2\/comments?post=28235"}],"version-history":[{"count":0,"href":"https:\/\/archivum.eloszekelyfold.ro\/index.php\/wp-json\/wp\/v2\/posts\/28235\/revisions"}],"wp:featuredmedia":[{"embeddable":true,"href":"https:\/\/archivum.eloszekelyfold.ro\/index.php\/wp-json\/wp\/v2\/media\/28236"}],"wp:attachment":[{"href":"https:\/\/archivum.eloszekelyfold.ro\/index.php\/wp-json\/wp\/v2\/media?parent=28235"}],"wp:term":[{"taxonomy":"category","embeddable":true,"href":"https:\/\/archivum.eloszekelyfold.ro\/index.php\/wp-json\/wp\/v2\/categories?post=28235"},{"taxonomy":"post_tag","embeddable":true,"href":"https:\/\/archivum.eloszekelyfold.ro\/index.php\/wp-json\/wp\/v2\/tags?post=28235"}],"curies":[{"name":"wp","href":"https:\/\/api.w.org\/{rel}","templated":true}]}}