{"id":28233,"date":"2021-12-13T02:01:00","date_gmt":"2021-12-13T02:01:00","guid":{"rendered":"http:\/\/archivum.eloszekelyfold.ro\/2021\/12\/13\/ond-dont-iden-harmadszor\/"},"modified":"2021-12-13T02:01:00","modified_gmt":"2021-12-13T02:01:00","slug":"ond-dont-iden-harmadszor","status":"publish","type":"post","link":"https:\/\/archivum.eloszekelyfold.ro\/index.php\/2021\/12\/13\/ond-dont-iden-harmadszor\/","title":{"rendered":"\u00d6nd D\u00f6nt &#8211; id\u00e9n harmadszor"},"content":{"rendered":"<p><\/p>\n<div style=\"color:#666666; font-family:inherit; font-size:14px;font-style: normal;text-align:left;line-height:24px;\">\n<div style=\"float:left\"><img decoding=\"async\" src=\"http:\/\/archivum.eloszekelyfold.ro\/wp-content\/uploads\/2021\/12\/641_szka_polos_gyermekek.jpg\" alt=\"\u00d6nd D\u00f6nt - id\u00e9n harmadszor\" style=\"padding-right:14px; padding-bottom:6px; padding-top:6px;\" width=\"320px\"><\/div>\n<p>                              Id\u00e9n harmadik alkalommal hirdetett \u00d6n D\u00f6nt p\u00e1ly\u00e1zatot a Sz\u00e9kelyudvarhelyi K\u00f6z\u00f6ss\u00e9gi Alap\u00edtv\u00e1ny (SZKA), amely kimondottan a vid\u00e9ken bejegyzett \u00e9s\/vagy tev\u00e9kenys\u00e9g\u00fcket vid\u00e9ken kifejt\u0151 civil szervezeteknek sz\u00f3l. <\/p>\n<p>H\u00e9t civil szervezet jelentkezett. A megp\u00e1ly\u00e1zott \u00f6sszeget olyan eszk\u00f6z\u00f6k v\u00e1s\u00e1rl\u00e1s\u00e1ra vagy PR tev\u00e9kenys\u00e9gre szeretn\u00e9k ford\u00edtani, melyek r\u00e9v\u00e9n k\u00f6z\u00f6ss\u00e9gi munk\u00e1jukat hat\u00e9konyabban tudj\u00e1k v\u00e9gezni. <\/p>\n<p>Az erre a c\u00e9lra \u00f6sszegy\u0171jt\u00f6tt p\u00e9nzalap 12.000 RON, ez az \u00f6sszeg legal\u00e1bb 3 projekt finansz\u00edroz\u00e1s\u00e1t teszi lehet\u0151v\u00e9.<\/p>\n<div>\u00a0<\/div>\n<div><strong>A k\u00f6vetkez\u0151 szervezetek p\u00e1ly\u00e1ztak<\/strong><br \/>\n\u00a0<\/div>\n<div>1. Sz\u00e9kelymuzsnai N\u0151k Egyes\u00fclete<\/div>\n<div>2. Dr. P. Boros Fortun\u00e1t Alap\u00edtv\u00e1ny<\/div>\n<div>3. Csicser Lovarda Egyes\u00fclet<\/div>\n<div>4. Udvarhelysz\u00e9ki Any\u00e1k Egyes\u00fclete<\/div>\n<div>5. K\u00e1poln\u00e1sfalusi Ifj\u00fas\u00e1gi T\u00e1rsas\u00e1g<\/div>\n<div>6. Pro Life Alap\u00edtv\u00e1ny<\/div>\n<div>7. Farkaslaki \u201eTam\u00e1si \u00c1ron\u201d M\u0171vel\u0151d\u00e9si Egyes\u00fclet<\/div>\n<div style=\"text-align: center;\"><img loading=\"lazy\" decoding=\"async\" src=\"http:\/\/archivum.eloszekelyfold.ro\/wp-content\/uploads\/2021\/12\/ant_logo(1).jpg\" width=\"160\" height=\"160\" alt=\"\"><\/div>\n<div>\u00a0<\/div>\n<div><strong>Hogyan d\u00f6nthet?<\/strong><\/div>\n<div>\u00a0<\/div>\n<div>Szavazzon arra a civil szervezetre\/p\u00e1ly\u00e1zatra, melyr\u0151l \u00fagy gondolja, hogy jobban szolg\u00e1ln\u00e1 a helyi k\u00f6z\u00f6ss\u00e9get. A\u00a0szavaz\u00e1s m\u00f3dja egyszer\u0171. Haszn\u00e1lja K\u00f6z\u00f6ss\u00e9gi K\u00e1rty\u00e1j\u00e1t a Szuper, a Merk\u00far, a Harmopan (szombatfalvi \u00e9s\u00a0betlenfalvi), a Petry \u00fczletekben, a M\u00e1tyus Dental St\u00fadi\u00f3 fog\u00e1szati rendel\u0151ben \u00e9s a R\u00e9ka Gy\u00f3gyszert\u00e1rban. V\u00e1s\u00e1rl\u00e1s\u00a0ut\u00e1n \u00edrja r\u00e1 a p\u00e9nzt\u00e1rjegy h\u00e1t\u00e1ra az \u00d6n \u00e1ltal t\u00e1mogat\u00e1sra javasolt p\u00e1ly\u00e1zat sz\u00e1m\u00e1t, majd adja \u00e1t a p\u00e9nzt\u00e1rosnak. Annyiszor\u00a0szavazhat, ah\u00e1nyszor v\u00e1s\u00e1rol a 2016. november 30. \u00a0\u00e9s december 11. k\u00f6z\u00f6tti id\u0151szakban.<\/div>\n<div>\u00a0<\/div>\n<div>Szavazzon min\u00e9l t\u00f6bbsz\u00f6r, hogy olyan szervezet kapja meg a t\u00e1mogat\u00e1st, amely meg\u00e9rdemli!<\/div>\n<div>\u00a0<\/div>\n<div><strong>Az \u00d6n D\u00f6nt projektek\u00a0bemutatkoz\u00e1sa<\/strong><\/div>\n<div>\u00a0<\/div>\n<div><strong>1. Sz\u00e9kelymuzsnai N\u0151k Egyes\u00fclete<\/strong><\/div>\n<div>\u00a0<\/div>\n<div><em>\u201eN\u00e9zz\u00fck m\u00e1s szemmel\u201d <\/em><br \/>\nEgyes\u00fclet\u00fcnk f\u0151 c\u00e9ljai k\u00f6z\u00e9 tartozik a k\u00f6z\u00f6ss\u00e9g \u00f6sszekov\u00e1csol\u00e1sa, hagyom\u00e1nyaink meg\u00e9l\u00e9se \u00e9s tov\u00e1bbad\u00e1sa. Szeretn\u00e9nk\u00a0az emberekhez eljuttatni m\u00e1s \u00e9rt\u00e9keket, mint amit a m\u00e9di\u00e1n kereszt\u00fcl kapnak, k\u00f6zelebb hozni olyan t\u00f6rt\u00e9n\u00e9seket,\u00a0esem\u00e9nyeket, melyekr\u0151l a falu elszigetelts\u00e9ge folyt\u00e1n sokan lemaradnak (pl. szabadt\u00e9ri vet\u00edt\u00e9sek, kultur\u00e1lis\u00a0m\u0171sorok). Mindezek megval\u00f3s\u00edt\u00e1s\u00e1hoz lenne sz\u00fcks\u00e9g\u00fcnk projektorra, kivet\u00edt\u0151 v\u00e1szonra, adathordoz\u00f3kra \u00e9s hangfalakra.\u00a0Eszk\u00f6z- \u00e9s anyagbeszerz\u00e9s: videoprojektor, vet\u00edt\u0151v\u00e1szon, hangfalak, adathordoz\u00f3k, s\u00f6t\u00e9t\u00edt\u0151k<\/div>\n<div><em>Ig\u00e9nyelt \u00f6sszeg: 3.159 ron<\/em><\/div>\n<div><strong><br \/>\n<\/strong><\/div>\n<div><strong>2. P. Boros Fortun\u00e1t Alap\u00edtv\u00e1ny<\/strong><\/div>\n<div>\u00a0<\/div>\n<div><em>\u201eA zetelaki ut\u00e1np\u00f3tl\u00e1s-nevel\u00e9s sokoldal\u00fa k\u00e9pz\u00e9se.<\/em>&#8221;\u00a0<br \/>\nP\u00e1ly\u00e1zatunkkal szeretn\u00e9nk el\u0151seg\u00edteni a Zetelaka k\u00f6zs\u00e9gben t\u00f6rt\u00e9n\u0151 k\u00e9zilabda- \u00e9s labdar\u00fag\u00f3-edz\u00e9sek sz\u00ednvonal\u00e1nakn\u00f6vel\u00e9s\u00e9t. Korszer\u0171, a versenysportokban napjainkban n\u00e9lk\u00fcl\u00f6zhetetlen technikai eszk\u00f6z\u00f6k beszerz\u00e9se \u00e9s\u00a0megismertet\u00e9se a di\u00e1kjainkkal.\u00a0Eszk\u00f6z \u00e9s anyagbeszerz\u00e9s: sz\u00e1m\u00edt\u00f3g\u00e9p, monitor, tartoz\u00e9kok.<\/div>\n<div><em>Ig\u00e9nyelt \u00f6sszeg: 2.104 ron<\/em><\/div>\n<div>\u00a0<\/div>\n<div><strong>3. Csicser Lovarda Egyes\u00fclet<\/strong><\/div>\n<div>\u00a0<\/div>\n<div><em>\u201eLovas t\u00e1borok \u00e9s lovagl\u00e1sok a Csicser Lovard\u00e1ban\u201d\u00a0<br \/>\n<\/em>A lovas oktat\u00e1s alapja a gyerekek lelki \u00e9s szellemi fejl\u0151d\u00e9se, valamint a term\u00e9szettel val\u00f3 kapcsolattart\u00e1s,\u00a0ismerked\u00e9s az \u00e1llatvil\u00e1ggal, \u00e1llattart\u00e1ssal. Programjaink a sz\u00e9kelyudvarhelyieknek is sz\u00f3lnak, akik v\u00e1rosi\u00a0k\u00f6rnyezetben \u00e9lnek, \u00e9s szeretn\u00e9nek olyan programot, amely kiragadja \u0151ket a v\u00e1ros zaj\u00e1b\u00f3l \u00e9s k\u00f6zelebb hozza \u0151ket a\u00a0term\u00e9szethez.<\/div>\n<div>Eszk\u00f6z \u00e9s anyagbeszerz\u00e9s: laptop, multifunkcion\u00e1lis nyomtat\u00f3.<\/div>\n<div><em>Ig\u00e9nyelt \u00f6sszeg: 3.833 ron<\/em><\/div>\n<div>\u00a0<\/div>\n<div><strong>4. Udvarhelysz\u00e9ki Any\u00e1k Egyes\u00fclete<\/strong><\/div>\n<div>\u00a0<\/div>\n<div><em>\u201e\u00d6sszHANGban lenni!\u201d<\/em><\/div>\n<div>\u00c9rt\u00e9k\u00fcnk az eg\u00e9szs\u00e9ges gyermek! C\u00e9lunk a bab\u00e1kat v\u00e1r\u00f3 \u00e9s kisbab\u00e1kat nevel\u0151 \u00e9desany\u00e1k \u00e9s csal\u00e1djaik seg\u00edt\u00e9se.\u00a0D\u00f6nt\u00e9s\u00e9vel \u00d6n is hozz\u00e1j\u00e1rulhat, hogy az \u201eUdvarhelysz\u00e9ki Any\u00e1k\u201d egyes\u00fclete a j\u00f6v\u0151ben is \u00e9rdemben tudja b\u00e1tor\u00edtani,\u00a0hiteles inform\u00e1ci\u00f3val seg\u00edteni a csal\u00e1dokat a k\u00fcl\u00f6nb\u00f6z\u0151 rendezv\u00e9nyeken, ahol az \u00d6n seg\u00edts\u00e9g\u00e9vel megfelel\u0151\u00a0hangos\u00edt\u00e1st tud majd biztos\u00edtani a besz\u00e9lget\u00e9sekhez.<\/div>\n<div>Eszk\u00f6z \u00e9s anyagbeszerz\u00e9s: hangos\u00edt\u00f3 szett<\/div>\n<div><em>Ig\u00e9nyelt \u00f6sszeg: 3.666 ron<\/em><\/div>\n<div>\u00a0<\/div>\n<div><strong>5. K\u00e1poln\u00e1sfalusi Ifj\u00fas\u00e1gi T\u00e1rsas\u00e1g<\/strong><\/div>\n<div>\u00a0<\/div>\n<div><em>\u201eM\u00e9dialej\u00e1tsz\u00f3 \u00e9s hangos\u00edt\u00f3 eszk\u00f6z\u00f6k\u201d<\/em><\/div>\n<div>K\u00f6zvetetten t\u00f6bb sz\u00e1z, vagy ak\u00e1r ezer szem\u00e9ly \u00e9let\u00e9re is hat\u00e1ssal vagyunk az \u00e1ltalunk szervezett sz\u00ednes kultur\u00e1lis\u00a0\u00e9s oktat\u00f3 jelleg\u0171 el\u0151ad\u00e1sokkal \u00e9s m\u0171sorokkal. Felpezsd\u00edtett\u00fck \u00e9s k\u00edv\u00e1natoss\u00e1 tett\u00fck a falun marad\u00e1st \u00e9s a gyerek\u00a0v\u00e1llal\u00e1st, mert azt l\u00e1tj\u00e1k a fiatal sz\u00fcl\u0151k, hogy olyan \u00e9lhet\u0151 helyet pr\u00f3b\u00e1lunk teremteni, amire \u0151k is gyerekk\u00e9nt\u00a0v\u00e1gytak. Ifj\u00fas\u00e1gi t\u00e1rsas\u00e1gunk gyors fejl\u0151d\u00e9snek indult a l\u00e9trej\u00f6tte \u00f3ta. Az ut\u00f3bbi id\u0151ben sajnos enyhe hanyatl\u00e1s\u00a0tapasztalhat\u00f3, mert eszk\u00f6zhi\u00e1nyban szenved\u00fcnk. Ezen tudna orvosolni a p\u00e1ly\u00e1zat.\u00a0Eszk\u00f6z \u00e9s anyagbeszerz\u00e9s: m\u00e9dialej\u00e1tsz\u00f3, hangfalak, mikrofon<\/div>\n<div><em>Ig\u00e9nyelt \u00f6sszeg: 1.900 ron<\/em><\/div>\n<div>\u00a0<\/div>\n<div><strong>6. Pro Life Alap\u00edtv\u00e1ny<\/strong><\/div>\n<div>\u00a0<\/div>\n<div><em>\u201eKezemmel mondom el!\u201d<\/em><\/div>\n<div>Aki a Pro Life Alap\u00edtv\u00e1nyra szavaz, az a k\u00f6z\u00f6ss\u00e9g\u00e9p\u00edt\u00e9st, kreativit\u00e1s fejleszt\u00e9st t\u00e1mogatja. Az alap\u00edtv\u00e1nyunk\u00a0m\u0171hely\u00e9ben tev\u00e9kenyked\u0151 gyerekek festeni, rajzolni tanulnak, k\u00e9zm\u0171ves foglalkoz\u00e1sokon vesznek r\u00e9szt, ismerkednek,\u00a0bar\u00e1tkoznak, tapasztalatokat szereznek, amelyek hozz\u00e1seg\u00edtik \u0151ket az \u00e9letben val\u00f3 boldogul\u00e1shoz.\u00a0Eszk\u00f6z \u00e9s anyagbeszerz\u00e9s: akt\u00edv hangfal, k\u00e9zm\u0171ves tev\u00e9kenys\u00e9gekhez eszk\u00f6z\u00f6k, alapanyagok.<\/div>\n<div><em>Ig\u00e9nyelt \u00f6sszeg: 3.000 ron<\/em><\/div>\n<div>\u00a0<\/div>\n<div><strong>7. Farkaslaki \u201eTam\u00e1si \u00c1ron\u201d M\u0171vel\u0151d\u00e9si Egyes\u00fclet<\/strong><\/div>\n<div>\u00a0<\/div>\n<div><em>\u201eTam\u00e1si \u00c1ron 120 \u00e9ve\u201d<\/em><\/div>\n<div>\u201eNem s\u00edrt \u00e1sunk, hanem fundamentumot\u201d \u00edrta egykoron Tam\u00e1si \u00c1ron, aki k\u00f6zel 120 \u00e9vvel ezel\u0151tt Farkaslak\u00e1n l\u00e1tta meg\u00a0a napvil\u00e1got. Ennek szellemis\u00e9g\u00e9ben tev\u00e9kenyked\u00fcnk. Falunk ma m\u00e9lt\u00e1n zar\u00e1ndokhely. Egyes\u00fclet\u00fcnkre \u00edgy sok feladat\u00a0h\u00e1rul, aminek elv\u00e9gz\u00e9s\u00e9hez eszk\u00f6z\u00f6kre van sz\u00fcks\u00e9g\u00fcnk. \u00d6n is seg\u00edtheti munk\u00e1nkat.\u00a0Eszk\u00f6z \u00e9s anyagbeszerz\u00e9s: laptop, multifunkcion\u00e1lis nyomtat\u00f3, videoprojektor<\/div>\n<div><em>Ig\u00e9nyelt \u00f6sszeg: 3.982 ron<br \/>\n<\/em><\/div>\n<div style=\"text-align: center;\"><em><br \/>\n<img loading=\"lazy\" decoding=\"async\" src=\"http:\/\/archivum.eloszekelyfold.ro\/wp-content\/uploads\/2021\/12\/SZKA_uj_logo.jpg\" width=\"146\" height=\"110\" alt=\"\"><\/p>\n<p><\/em>Az alap\u00edtv\u00e1ny honlapja\u00a0<a href=\"http:\/\/szka.org\/\"><span style=\"color: rgb(255, 0, 0);\"><strong>ITT<\/strong><\/span><\/a><span style=\"color: rgb(255, 0, 0);\"><strong>\u00a0<\/strong><\/span>el\u00e9rhet\u0151!<em><\/p>\n<p><\/em><\/div>\n<div><em> \u00c9l\u0151 Sz\u00e9kelyf\u00f6ld Munkacsoport<\/em><\/div>\n<\/p><\/div>\n","protected":false},"excerpt":{"rendered":"<p>Id\u00e9n harmadik alkalommal hirdetett \u00d6n D\u00f6nt p\u00e1ly\u00e1zatot a Sz\u00e9kelyudvarhelyi K\u00f6z\u00f6ss\u00e9gi Alap\u00edtv\u00e1ny (SZKA), amely kimondottan a vid\u00e9ken bejegyzett \u00e9s\/vagy tev\u00e9kenys\u00e9g\u00fcket vid\u00e9ken kifejt\u0151 civil szervezeteknek sz\u00f3l. H\u00e9t civil szervezet jelentkezett. A megp\u00e1ly\u00e1zott \u00f6sszeget olyan eszk\u00f6z\u00f6k v\u00e1s\u00e1rl\u00e1s\u00e1ra vagy PR tev\u00e9kenys\u00e9gre szeretn\u00e9k ford\u00edtani, melyek r\u00e9v\u00e9n k\u00f6z\u00f6ss\u00e9gi munk\u00e1jukat hat\u00e9konyabban tudj\u00e1k v\u00e9gezni. Az erre a c\u00e9lra \u00f6sszegy\u0171jt\u00f6tt p\u00e9nzalap 12.000 RON, ez [&hellip;]<\/p>\n","protected":false},"author":1,"featured_media":28234,"comment_status":"open","ping_status":"open","sticky":false,"template":"","format":"standard","meta":{"footnotes":""},"categories":[],"tags":[],"class_list":["post-28233","post","type-post","status-publish","format-standard","has-post-thumbnail","hentry"],"_links":{"self":[{"href":"https:\/\/archivum.eloszekelyfold.ro\/index.php\/wp-json\/wp\/v2\/posts\/28233","targetHints":{"allow":["GET"]}}],"collection":[{"href":"https:\/\/archivum.eloszekelyfold.ro\/index.php\/wp-json\/wp\/v2\/posts"}],"about":[{"href":"https:\/\/archivum.eloszekelyfold.ro\/index.php\/wp-json\/wp\/v2\/types\/post"}],"author":[{"embeddable":true,"href":"https:\/\/archivum.eloszekelyfold.ro\/index.php\/wp-json\/wp\/v2\/users\/1"}],"replies":[{"embeddable":true,"href":"https:\/\/archivum.eloszekelyfold.ro\/index.php\/wp-json\/wp\/v2\/comments?post=28233"}],"version-history":[{"count":0,"href":"https:\/\/archivum.eloszekelyfold.ro\/index.php\/wp-json\/wp\/v2\/posts\/28233\/revisions"}],"wp:featuredmedia":[{"embeddable":true,"href":"https:\/\/archivum.eloszekelyfold.ro\/index.php\/wp-json\/wp\/v2\/media\/28234"}],"wp:attachment":[{"href":"https:\/\/archivum.eloszekelyfold.ro\/index.php\/wp-json\/wp\/v2\/media?parent=28233"}],"wp:term":[{"taxonomy":"category","embeddable":true,"href":"https:\/\/archivum.eloszekelyfold.ro\/index.php\/wp-json\/wp\/v2\/categories?post=28233"},{"taxonomy":"post_tag","embeddable":true,"href":"https:\/\/archivum.eloszekelyfold.ro\/index.php\/wp-json\/wp\/v2\/tags?post=28233"}],"curies":[{"name":"wp","href":"https:\/\/api.w.org\/{rel}","templated":true}]}}