{"id":28231,"date":"2021-12-13T01:59:00","date_gmt":"2021-12-13T01:59:00","guid":{"rendered":"http:\/\/archivum.eloszekelyfold.ro\/2021\/12\/13\/szamomra-nem-unnep-december-elseje\/"},"modified":"2021-12-13T01:59:00","modified_gmt":"2021-12-13T01:59:00","slug":"szamomra-nem-unnep-december-elseje","status":"publish","type":"post","link":"https:\/\/archivum.eloszekelyfold.ro\/index.php\/2021\/12\/13\/szamomra-nem-unnep-december-elseje\/","title":{"rendered":"Sz\u00e1momra nem \u00fcnnep december elseje"},"content":{"rendered":"<p><\/p>\n<div style=\"color:#666666; font-family:inherit; font-size:14px;font-style: normal;text-align:left;line-height:24px;\">\n<div style=\"float:left\"><img decoding=\"async\" src=\"http:\/\/archivum.eloszekelyfold.ro\/wp-content\/uploads\/2021\/12\/642_parada.jpg\" alt=\" Sz\u00e1momra nem \u00fcnnep december elseje\" style=\"padding-right:14px; padding-bottom:6px; padding-top:6px;\" width=\"320px\"><\/div>\n<div>Mint minden \u00e9vben december 1-\u00e9n, most is fesz\u00e9lyezettnek \u00e9s s\u00e9rt\u0151d\u00f6ttnek \u00e9rzem magam. Egyszer\u0171en nem vagyok k\u00e9pes arra, hogy \u00f6rvendezzek a Saj\u00e1t Nemzeti \u00dcnnepemnek. Ett\u0151l a bennem \u00e9l\u0151 szorong\u00e1st\u00f3l csak abban a pillanatban\u00a0mentes\u00fcln\u00e9k, amikor azt \u00e9rezn\u00e9m, hogy ez a nap egyform\u00e1n minden rom\u00e1n \u00e1llapolg\u00e1r\u00e9.<\/p>\n<p>Kiakadok a telev\u00edzi\u00f3ban l\u00e1tottakt\u00f3l, a r\u00e1di\u00f3ban is k\u00f6zvet\u00edtett katonai d\u00edszszeml\u00e9t\u0151l \u00e9s nemzett\u00e1rsaim arc\u00e1t\u00f3l. Teljesen\u00a0ki\u00e1br\u00e1nd\u00edt az a f\u00e9lszeg \u00f6r\u00f6m, amely erd\u00e9lyi honfit\u00e1rsaimon mutatkozik att\u00f3l, hogy \u0151ket most, egy \u00e9vben egyszer,\u00a0december 1-\u00e9n figyelemre m\u00e9ltatj\u00e1k Bukarestben.<\/p>\n<p>Term\u00e9szetellenesnek, m\u00e1r-m\u00e1r \u00e9rtelmezhetetlennek tartom, hogy g\u00f6r\u00f6gkeleti p\u00f3p\u00e1k t\u00f6mege jelenik meg a k\u00e9perny\u0151k\u00f6n,\u00a0annak az egyh\u00e1znak a felkentjei, amely a R\u00f3m\u00e1val egyes\u00fclt g\u00f6r\u00f6gkatolikusokat a temet\u0151kbe sz\u00e1m\u0171zte hetven \u00e9ve.\u00a0<\/p><\/div>\n<div>\u00a0<\/div>\n<div>Rettenetesen sz\u00e9gyellem magam, hogy rom\u00e1n honfit\u00e1rsaim mit sem tudnak ma arr\u00f3l sem, hogy az a g\u00f6r\u00f6gkatolikus lelk\u00e9sz, Iuliu\u00a0Hossu, aki a Gyulafeh\u00e9rv\u00e1ri Nyilatkozatot a n\u00e9p el\u0151tt felolvasta, 1948 ut\u00e1n b\u00f6rt\u00f6nbe, majd k\u00e9nyszerlakhelyre ker\u00fclt.<\/p>\n<p>A Nemzeti \u00dcnnepr\u0151l \u00e9s annak megtart\u00e1s\u00e1r\u00f3l nem k\u00e9rdezhetem magyar- vagy szerbajk\u00fa (fele)bar\u00e1taimat. Mert \u2013\u00a0t\u00f6rt\u00e9nemi szempontb\u00f3l \u00e9rtelmezve a val\u00f3t \u2013 ehhez nekem semmif\u00e9le erk\u00f6lcsi alapom, sem indokom nem lehet. Ebb\u0151l pedig az k\u00f6vetkezik, hogy\u00a0nek\u00fcnk csak r\u00e9szleges, csonka \u00fcnnep\u00fcnk van. S\u0151t: s\u00e9rt\u0151.<\/p>\n<p>Idevett\u00fck magunkhoz a szerbeket, akiknek a fegyveresei 1918 ut\u00e1n mindj\u00e1rt olyan felfordul\u00e1st okoztak, hogy a\u00a0b\u00e1ns\u00e1gi rom\u00e1ns\u00e1gnak igen nagy er\u0151fesz\u00edt\u00e9s\u00e9be ker\u00fclt, hogy \u00e9letbe l\u00e9ptethesse a nemzetk\u00f6zi szinteken folytatott\u00a0t\u00e1rgyal\u00e1sok rendelkez\u00e9seit&#8230;<\/p>\n<p>\u00c9s mit kezdjek akkor magammal, ha folyton elvetem ezt a rosszul \u00e9rtelmezett hazafis\u00e1got? El\u00e9gedjek meg\u00a0azzal, hogy j\u00f3 \u00e9s igazi hazafinak \u00e9rzem magam, mihelyt \u00e1tl\u00e9pem a nyugati orsz\u00e1ghat\u00e1rt? \u00c9rtelmezzem \u00fagy, hogy akkor\u00a0vagyok igazi rom\u00e1n, ha besszar\u00e1biai di\u00e1kjaimmal besz\u00e9lgetek? Hogyan \u00e9rezzem, hogyan \u00e9ljem \u00e1t a maga teljess\u00e9g\u00e9ben rom\u00e1n mivoltomat, ha a magyar, a\u00a0n\u00e9met, egy angol vagy egy francia \u00fagy n\u00e9z r\u00e1m, mint kih\u00fclt levesbe hullott, hossz\u00fa, rusnya, vastag hajsz\u00e1lra?<\/p>\n<p>\u00c9n m\u00e9g most is azt rem\u00e9lem, hogy politikusaink tal\u00e1lnak egy olyan sz\u00e9p tavaszi napot, amikor majd mindannyian\u00a0egym\u00e1sra tal\u00e1lunk. Mert \u2013 egyel\u0151re \u2013 a Nemzet \u00dcnnep\u00e9t csak azok tartj\u00e1k, akik etnikailag is rom\u00e1nnak vallj\u00e1k\u00a0magukat.<\/p>\n<p>Furcsa, hogy Eur\u00f3pa egyik legj\u00e1mborabb n\u00e9p\u00e9nek \u00e9pp egy ilyen nap jutott.<\/p>\n<p>Forr\u00e1s:\u00a0<a href=\"http:\/\/www.banatulazi.ro\/1-decembrie-nu-e-o-zi-nationala\/\">www.banatulazi.ro\/1-decembrie-nu-e-o-zi-nationala\/<br \/>\n<\/a><br \/>\n<em>Marcel Tolcea<\/p>\n<p><img loading=\"lazy\" decoding=\"async\" src=\"http:\/\/archivum.eloszekelyfold.ro\/wp-content\/uploads\/2021\/12\/marcel-tolcea.jpg\" width=\"150\" height=\"110\" alt=\"\"><\/p>\n<p>(A szerz\u0151 Temesv\u00e1ron \u00e9l\u0151 egyetemi tan\u00e1r, eszmet\u00f6rt\u00e9n\u00e9sz, publicista.)<\/p>\n<p>Ford\u00edtotta: Sim\u00f3 M\u00e1rton<\/p>\n<p>\u00c9l\u0151 Sz\u00e9kelyf\u00f6ld Munkacsoport<\/em><br \/>\n\u00a0<\/div>\n<\/p><\/div>\n","protected":false},"excerpt":{"rendered":"<p>Mint minden \u00e9vben december 1-\u00e9n, most is fesz\u00e9lyezettnek \u00e9s s\u00e9rt\u0151d\u00f6ttnek \u00e9rzem magam. Egyszer\u0171en nem vagyok k\u00e9pes arra, hogy \u00f6rvendezzek a Saj\u00e1t Nemzeti \u00dcnnepemnek. Ett\u0151l a bennem \u00e9l\u0151 szorong\u00e1st\u00f3l csak abban a pillanatban\u00a0mentes\u00fcln\u00e9k, amikor azt \u00e9rezn\u00e9m, hogy ez a nap egyform\u00e1n minden rom\u00e1n \u00e1llapolg\u00e1r\u00e9. Kiakadok a telev\u00edzi\u00f3ban l\u00e1tottakt\u00f3l, a r\u00e1di\u00f3ban is k\u00f6zvet\u00edtett katonai d\u00edszszeml\u00e9t\u0151l \u00e9s nemzett\u00e1rsaim [&hellip;]<\/p>\n","protected":false},"author":1,"featured_media":28232,"comment_status":"open","ping_status":"open","sticky":false,"template":"","format":"standard","meta":{"footnotes":""},"categories":[],"tags":[],"class_list":["post-28231","post","type-post","status-publish","format-standard","has-post-thumbnail","hentry"],"_links":{"self":[{"href":"https:\/\/archivum.eloszekelyfold.ro\/index.php\/wp-json\/wp\/v2\/posts\/28231","targetHints":{"allow":["GET"]}}],"collection":[{"href":"https:\/\/archivum.eloszekelyfold.ro\/index.php\/wp-json\/wp\/v2\/posts"}],"about":[{"href":"https:\/\/archivum.eloszekelyfold.ro\/index.php\/wp-json\/wp\/v2\/types\/post"}],"author":[{"embeddable":true,"href":"https:\/\/archivum.eloszekelyfold.ro\/index.php\/wp-json\/wp\/v2\/users\/1"}],"replies":[{"embeddable":true,"href":"https:\/\/archivum.eloszekelyfold.ro\/index.php\/wp-json\/wp\/v2\/comments?post=28231"}],"version-history":[{"count":0,"href":"https:\/\/archivum.eloszekelyfold.ro\/index.php\/wp-json\/wp\/v2\/posts\/28231\/revisions"}],"wp:featuredmedia":[{"embeddable":true,"href":"https:\/\/archivum.eloszekelyfold.ro\/index.php\/wp-json\/wp\/v2\/media\/28232"}],"wp:attachment":[{"href":"https:\/\/archivum.eloszekelyfold.ro\/index.php\/wp-json\/wp\/v2\/media?parent=28231"}],"wp:term":[{"taxonomy":"category","embeddable":true,"href":"https:\/\/archivum.eloszekelyfold.ro\/index.php\/wp-json\/wp\/v2\/categories?post=28231"},{"taxonomy":"post_tag","embeddable":true,"href":"https:\/\/archivum.eloszekelyfold.ro\/index.php\/wp-json\/wp\/v2\/tags?post=28231"}],"curies":[{"name":"wp","href":"https:\/\/api.w.org\/{rel}","templated":true}]}}