{"id":28229,"date":"2021-12-13T01:57:02","date_gmt":"2021-12-13T01:57:02","guid":{"rendered":"http:\/\/archivum.eloszekelyfold.ro\/2021\/12\/13\/a-romanok-nemzeti-unnepe-es-annak-meltosaga\/"},"modified":"2021-12-13T01:57:02","modified_gmt":"2021-12-13T01:57:02","slug":"a-romanok-nemzeti-unnepe-es-annak-meltosaga","status":"publish","type":"post","link":"https:\/\/archivum.eloszekelyfold.ro\/index.php\/2021\/12\/13\/a-romanok-nemzeti-unnepe-es-annak-meltosaga\/","title":{"rendered":"A rom\u00e1nok nemzeti \u00fcnnepe \u00e9s annak m\u00e9lt\u00f3s\u00e1ga"},"content":{"rendered":"<p><\/p>\n<div style=\"color:#666666; font-family:inherit; font-size:14px;font-style: normal;text-align:left;line-height:24px;\">\n<div style=\"float:left\"><img decoding=\"async\" src=\"http:\/\/archivum.eloszekelyfold.ro\/wp-content\/uploads\/2021\/12\/643_150_m_zaszlo.jpg\" alt=\"A rom\u00e1nok nemzeti \u00fcnnepe \u00e9s annak m\u00e9lt\u00f3s\u00e1ga\" style=\"padding-right:14px; padding-bottom:6px; padding-top:6px;\" width=\"320px\"><\/div>\n<div>\u00d6ssze\u00e1ll\u00edt\u00e1sunkban igyeksz\u00fcnk a mai nap folyam\u00e1n k\u00f6vetni azokat a k\u00f6zponti h\u00edr\u00fcgyn\u00f6ks\u00e9gi \u00e9s region\u00e1lis sajt\u00f3jelent\u00e9seket, civil v\u00e9lem\u00e9nyeket, amelyek a k\u00fcl\u00f6nb\u00f6z\u0151 helysz\u00edneken lezajlott \u00fcnneps\u00e9gekr\u0151l \u00e9s er\u0151demonstr\u00e1ci\u00f3kr\u00f3l sz\u00f3lnak. <\/p>\n<p>Ma m\u00e1r nem Kolozsv\u00e1r vagy Marosv\u00e1s\u00e1rhely sz\u00e1m\u00edt frontv\u00e1rosnak, hanem a Brass\u00f3hoz k\u00f6zel fekv\u0151 Sepsiszentgy\u00f6rgy, ahol az ut\u00f3bbi \u00e9vekben bizonyos k\u00f6r\u00f6kben feler\u0151s\u00f6d\u00f6tt a nemzeti \u00e9rz\u00e9si, s vannak olyan \u00e9rdekcsoportok, amelyek felvonulnak ilyenkor. \u00e9s a helyi magyarok ellen igyekeznek &#8222;\u00fcnnepelni&#8221;.<\/p>\n<div><strong>Sepsiszentgy\u00f6rgy<\/strong><\/p>\n<p>Rom\u00e1nia nemzeti \u00fcnnepe alkalm\u00e1b\u00f3l 150 m\u00e9ter hossz\u00fa trikol\u00f3rt visznek v\u00e9gig Sepsiszentgy\u00f6rgy belv\u00e1ros\u00e1n december elsej\u00e9n, a Rom\u00e1nia nemzeti \u00fcnnepe alkalm\u00e1b\u00f3l szervezett felvonul\u00e1son.<\/p><\/div>\n<div>\u00a0<\/div>\n<div>Az \u00f6tletgazda egy sepsiszentgy\u00f6rgyi k\u00f6z\u00e9piskol\u00e1s di\u00e1k, Cosmin, akinek nem ez az els\u0151 ilyen jelleg\u0171 kezdem\u00e9nyez\u00e9se. &#8222;Ez ugyanaz a z\u00e1szl\u00f3, amelyet janu\u00e1r 24-\u00e9n vonultattunk fel Sepsiszentgy\u00f6rgy\u00f6n, amikor a rom\u00e1n fejedelems\u00e9gek egyes\u00fcl\u00e9s\u00e9nek napj\u00e1t \u00fcnnepelt\u00fck (&#8230;) az \u00e9n \u00f6tletem volt \u00e9s a nemzeti \u00fcnnep alkalm\u00e1b\u00f3l rendezett \u00fcnneps\u00e9gek szervez\u0151i elfogadt\u00e1k ezt&#8221; \u2014 nyilatkozta a di\u00e1k az AGERPRES h\u00edr\u00fcgyn\u00f6ks\u00e9gnek.<\/div>\n<div>\u00a0<\/div>\n<div>A lobog\u00f3t Chi\u0219in\u0103uban gy\u00e1rtott\u00e1k, \u00e9s t\u00f6bb \u00fcnnepen, valamint egyes\u00fcl\u00e9sp\u00e1rti rendezv\u00e9nyen haszn\u00e1lt\u00e1k m\u00e1r Rom\u00e1ni\u00e1ban \u00e9s Moldova K\u00f6zt\u00e1rsas\u00e1gban.<\/div>\n<div>\u00a0<\/div>\n<div>Az &#8222;egyes\u00fcl\u00e9s menet\u00e9nek&#8221; r\u00e9sztvev\u0151i Sepsiszentgy\u00f6rgy\u00f6n december 1-j\u00e9n 13.00 \u00f3rakor indulnak el, \u00e1tvonulnak a v\u00e1ros f\u0151ter\u00e9n a Mihai Viteazul t\u00e9rig, ahol az \u00fcnnepi programot szervezik. Folkl\u00f3rm\u0171sorra, n\u00e9pt\u00e1ncra \u00e9s vall\u00e1si, valamint katonai cerem\u00f3ni\u00e1ra is sor ker\u00fcl.<\/p>\n<p><strong>FRISS\u00cdTVE!<\/strong><\/p>\n<p>Beliczay L\u00e1szl\u00f3 fot\u00f3i Sepsiszentgy\u00f6rgy belv\u00e1ros\u00e1ban k\u00e9sz\u00fcltek.<br \/>\n\u00a0<\/div>\n<div style=\"text-align: center;\"><img loading=\"lazy\" decoding=\"async\" src=\"http:\/\/archivum.eloszekelyfold.ro\/wp-content\/uploads\/2021\/12\/szentgy1.jpg\" width=\"450\" height=\"308\" alt=\"\"><\/div>\n<p><strong><\/p>\n<div style=\"text-align: center;\"><img loading=\"lazy\" decoding=\"async\" src=\"http:\/\/archivum.eloszekelyfold.ro\/wp-content\/uploads\/2021\/12\/szentgy2.jpg\" width=\"450\" height=\"299\" alt=\"\"><\/div>\n<div style=\"text-align: center;\">\n<img loading=\"lazy\" decoding=\"async\" src=\"http:\/\/archivum.eloszekelyfold.ro\/wp-content\/uploads\/2021\/12\/szentgy3.jpg\" width=\"450\" height=\"319\" alt=\"\"><\/div>\n<div style=\"text-align: center;\">\n<img loading=\"lazy\" decoding=\"async\" src=\"http:\/\/archivum.eloszekelyfold.ro\/wp-content\/uploads\/2021\/12\/szentgy4.jpg\" width=\"450\" height=\"299\" alt=\"\"><\/div>\n<p>\n<\/strong>A Magyar Nemzet tud\u00f3s\u00edt\u00e1s\u00e1t \u00e9s a helysz\u00ednen k\u00e9sz\u00fclt fot\u00f3riportot<strong> <a href=\"http:\/\/mno.hu\/kulfold\/oriasi-roman-zaszlot-setaltatnak-sepsiszentgyorgyon-1374262\"><span style=\"color: rgb(0, 0, 255);\">ITT<\/span><\/a>\u00a0<\/strong>itt tal\u00e1lja.<strong><\/p>\n<p>Gyulafeh\u00e9rv\u00e1r<\/strong><\/p>\n<p>Mintegy 200 szem\u00e9ly r\u00e9szv\u00e9tel\u00e9vel koszor\u00fazt\u00e1k meg cs\u00fct\u00f6rt\u00f6k\u00f6n Gyulafeh\u00e9rv\u00e1ron, a nemzeti \u00fcnnep nyit\u00f3momentumak\u00e9nt \u00a0I. I. C. Br\u0103tianu \u00e9s Iuliu Maniu szobrait.\u00a0A szobrok talapzat\u00e1ra elhelyezt\u00e9k az eml\u00e9kez\u00e9s vir\u00e1gait az eln\u00f6ki hivatal, a korm\u00e1ny, a k\u00f6zponti \u00e9s helyi\u00a0k\u00f6zigazgat\u00e1si hivatalok k\u00e9pvisel\u0151i.\u00a0<\/p><\/div>\n<div>\u00a0<\/div>\n<div>A nap folyam\u00e1n megkoszor\u00fazz\u00e1k Nagyrom\u00e1nia els\u0151 kir\u00e1ly\u00e1nak, Ferdin\u00e1ndnak a szobr\u00e1t, \u00e9s az egyes\u00fcl\u00e9s megval\u00f3s\u00edt\u00f3inak\u00a0eml\u00e9km\u0171veit, amelyek annak az \u00e9p\u00fcletnek a szomsz\u00e9ds\u00e1g\u00e1ban vannak, amelyben 98 \u00e9vvel ezel\u0151tt az 1.228 k\u00fcld\u00f6tt\u00a0megszavazta Erd\u00e9ly egyes\u00edt\u00e9s\u00e9t Rom\u00e1ni\u00e1val. Ugyanebben a teremben Gyulafeh\u00e9rv\u00e1r polg\u00e1rmestere hagyom\u00e1nyos m\u00f3don\u00a0fogadja a m\u00e1sik k\u00e9t rom\u00e1n provincia k\u00e9pvisel\u0151it.\u00a0<br \/>\n\u00a0<\/div>\n<div style=\"text-align: center;\"><img loading=\"lazy\" decoding=\"async\" src=\"http:\/\/archivum.eloszekelyfold.ro\/wp-content\/uploads\/2021\/12\/steag-fasii.jpg\" width=\"450\" height=\"338\" alt=\"\"><\/div>\n<div style=\"text-align: center;\"><em>\u00a0Trikol\u00f3r a v\u00e1rfalakon (Fot\u00f3: Alba24.ro)<\/em><br \/>\n\u00a0<\/div>\n<div>A gyulafeh\u00e9rv\u00e1ri program gazdag kultur\u00e1lis m\u0171sorral folytat\u00f3dik.\u00a0<\/p>\n<p><strong>FRISS\u00cdTVE!<\/strong><\/div>\n<div>\u00a0<\/div>\n<div>Mihai Co\u015fer, a gyulafeh\u00e9rv\u00e1ri polg\u00e1rmesteri hivatal sz\u00f3viv\u0151je szerint az idei \u00fcnneps\u00e9gek megszervez\u00e9s\u00e9re 400.000\u00a0lej \u00e1llt rendelkez\u00e9sre &#8211; \u00e1ll az Agerpres 13:32 \u00f3rakor kiadott\u00a0<a href=\"http:\/\/www.agerpres.ro\/agerpres\/abonati\/stiri?fluxId=261#4736174\"><strong><span style=\"color: rgb(0, 0, 255);\">jelent\u00e9s\u00e9ben<\/span><\/strong><\/a>.<\/p>\n<p><strong>Bukarest<\/strong><\/p>\n<div>A hadsereg, a bel\u00fcgy \u00e9s a titkosszolg\u00e1latok t\u00f6bb mint 3.000 katon\u00e1ja vonul f\u00f6l a december 1-jei bukaresti katonai par\u00e1d\u00e9n, mintegy 300 haditechnikai eszk\u00f6z \u00e9s 50 rep\u00fcl\u0151g\u00e9p k\u00eds\u00e9ret\u00e9ben, k\u00f6zt\u00fck a l\u00e9gier\u0151 \u00e1ltal nemr\u00e9g v\u00e1s\u00e1rolt F-16-os vad\u00e1szg\u00e9pek.\u00a0<br \/>\n\u00a0<\/div>\n<div style=\"text-align: center;\"><img loading=\"lazy\" decoding=\"async\" src=\"http:\/\/archivum.eloszekelyfold.ro\/wp-content\/uploads\/2021\/12\/buk1.jpg\" width=\"450\" height=\"288\" alt=\"\"><\/div>\n<div style=\"text-align: center;\">\n\u00a0<img loading=\"lazy\" decoding=\"async\" src=\"http:\/\/archivum.eloszekelyfold.ro\/wp-content\/uploads\/2021\/12\/buk4.jpg\" width=\"450\" height=\"288\" style=\"text-align: center;\" alt=\"\"><br \/>\n\u00a0<\/div>\n<div style=\"text-align: center;\"><img loading=\"lazy\" decoding=\"async\" src=\"http:\/\/archivum.eloszekelyfold.ro\/wp-content\/uploads\/2021\/12\/buk2.jpg\" width=\"450\" height=\"288\" alt=\"\"><\/p>\n<p><img loading=\"lazy\" decoding=\"async\" src=\"http:\/\/archivum.eloszekelyfold.ro\/wp-content\/uploads\/2021\/12\/buk3.jpg\" width=\"450\" height=\"288\" alt=\"\"><\/div>\n<div style=\"text-align: left;\">\nAz idei nemzeti \u00fcnnep alkalm\u00e1b\u00f3l tisztelegtek az els\u0151 vil\u00e1gh\u00e1bor\u00faban elesett rom\u00e1n h\u0151s\u00f6k eml\u00e9ke el\u0151tt is. Felvonult a C\u0103lug\u0103reni 2-es gyalogezred, majd a k\u00fclf\u00f6ldi hadsz\u00edntereken megsebes\u00fclt katon\u00e1k k\u00fcl\u00f6n\u00edtm\u00e9nye. \u0150ket k\u00f6vette a Neagoe Basarab gyalogezred, majd a t\u00f6bbi katonai fegyvernem k\u00e9pvisel\u0151i, valamint a katonai akad\u00e9mi\u00e1k di\u00e1kjai.\u00a0<\/div>\n<div>\u00a0<\/div>\n<div style=\"text-align: left;\">A haditechnika felvonul\u00e1sa a leveg\u0151ben kezd\u0151d\u00f6tt. El\u0151bb a hadsereg Puma, a bel\u00fcgy MI-8, MI-17 \u00e9s Eurocopter helikopterei, majd a l\u00e9gier\u0151 Spartan \u00e9s Hercules sz\u00e1ll\u00edt\u00f3 rep\u00fcl\u0151g\u00e9pei k\u00f6vetkeztek, a sort az F-16-os vad\u00e1szg\u00e9pek z\u00e1rt\u00e1k.\u00a0<\/div>\n<div style=\"text-align: center;\">\n<img loading=\"lazy\" decoding=\"async\" src=\"http:\/\/archivum.eloszekelyfold.ro\/wp-content\/uploads\/2021\/12\/buk8.jpg\" width=\"300\" height=\"401\" alt=\"\"><\/div>\n<div>\u00a0<\/div>\n<div>A Diadal\u00edv alatt elvonulnak a hadsereg p\u00e1nc\u00e9los j\u00e1rm\u0171vei, tankjai \u00e9s a Hawk f\u00f6ld-leveg\u0151 rak\u00e9takil\u00f6v\u0151 egys\u00e9gei.\u00a0<\/div>\n<div>\u00a0<\/div>\n<div>Felvonultak a motoros rend\u0151r\u00f6k \u00e9s a lovas csend\u0151rs\u00e9g k\u00e9pvisel\u0151i is.\u00a0<\/div>\n<div>\u00a0<\/div>\n<div>El\u0151sz\u00f6r vonulnak fel December 1-j\u00e9n N\u00e9metorsz\u00e1g, Nagy Britannia, Olaszorsz\u00e1g \u00e9s Szlov\u00e1kia katonai egys\u00e9gei, azok mellett a NATO katon\u00e1k mellett, akik a kor\u00e1bbi \u00e9vekben is r\u00e9szt vettek az \u00fcnneps\u00e9gen. A Diadal\u00edv alatt elvonulnak a Moldovai K\u00f6zt\u00e1ras\u00e1g, Lengyelorsz\u00e1g, Szlov\u00e1kia, Spanyolorsz\u00e1g \u00e9s az Egyes\u00fclt \u00c1llamok hadsereg\u00e9nek k\u00e9pvisel\u0151i is &#8211; \u00edrta az <a href=\"http:\/\/www.agerpres.ro\/agerpres\/abonati\/stiri?fluxId=261#4736113\"><span style=\"color: rgb(0, 0, 255);\"><span style=\"background-color: rgb(255, 255, 255);\"><strong>Agerpres<\/strong><\/span><\/span><\/a>\u00a012:37-kor.<\/p>\n<div><strong>Nincs kialakult protokollja \u00e9s kult\u00far\u00e1ja a k\u00f6zponti rendezv\u00e9nynek<\/strong><\/div>\n<div>\u00a0<\/div>\n<div style=\"text-align: left;\">Mivel a k\u00f6zelm\u00faltban ker\u00fclt sor a bukaresti diadal\u00edv fel\u00faj\u00edt\u00e1s\u00e1ra, az id\u00e9n felvonul\u00f3 3000 katona \u00e1tmenetelt ugyan alatta, de a tov\u00e1bbiakban &#8211; hogy elker\u00fclje a Szoci\u00e1ldemokrata P\u00e1rt (PSD) \u00e9s a Liber\u00e1lis Demokrata Sz\u00f6vets\u00e9g (ALDE) sz\u00e9kh\u00e1zait &#8211; m\u00e1r nem haladt tov\u00e1bb a Kiseleff sug\u00e1r\u00faton a korm\u00e1nyhivatal \u00e9p\u00fclet\u00e9ig. Ezen p\u00e1rtok vezet\u0151it Iohannis eln\u00f6k &#8211; aki egymaga helyezett el ott egyetlen koszor\u00fat &#8211; m\u00e9g a hivatalos \u00e1llami trib\u00fcn k\u00f6zel\u00e9be sem engedte, arra val\u00f3 hivatkoz\u00e1ssal, hogy egy megtisztulni v\u00e1gy\u00f3 orsz\u00e1g els\u0151 emberek\u00e9nt nem akar a PSD eln\u00f6k\u00e9vel, Liviu Dragne\u00e1val \u00e9s a PSD kor\u00e1bbi minisztereln\u00f6k\u00e9vel, Victor Pont\u00e1val, vagy a v\u00e9l\u00fck sz\u00f6vets\u00e9ges liber\u00e1lis-demokrata t\u00f6m\u00f6r\u00fcl\u00e9s vezet\u0151j\u00e9vel, szen\u00e1tusi h\u00e1zeln\u00f6kkel, Calin Popescu-Tariceanuval, olyan politikusokkal egyazon d\u00edszemelv\u00e9nyen \u00e9s k\u00f6z\u00f6s t\u00e1rsas\u00e1gban \u00fcnnepelni, akik ellen joger\u0151s b\u00edr\u00f3s\u00e1gi \u00edt\u00e9let van \u00e9rv\u00e9nyben, illetve most is b\u0171nv\u00e1di elj\u00e1r\u00e1s folyik.\u00a0<\/div>\n<div style=\"text-align: center;\">\u00a0<\/div>\n<div style=\"text-align: center;\"><img loading=\"lazy\" decoding=\"async\" src=\"http:\/\/archivum.eloszekelyfold.ro\/wp-content\/uploads\/2021\/12\/buk5.jpg\" width=\"450\" height=\"288\" alt=\"\"><\/div>\n<div>\nA PSD \u00e9s az ALDE vezet\u0151i sz\u00e9kh\u00e1zaik k\u00f6zel\u00e9ben, a polg\u00e1rok k\u00f6z\u00e9 elvegy\u0171lten vehettek r\u00e9szt a megeml\u00e9kez\u00e9sen \u00e9s k\u00f6vethett\u00e9k a par\u00e1d\u00e9t.\u00a0<\/div>\n<div style=\"text-align: center;\">\n<img loading=\"lazy\" decoding=\"async\" src=\"http:\/\/archivum.eloszekelyfold.ro\/wp-content\/uploads\/2021\/12\/buk6.jpg\" width=\"450\" height=\"288\" alt=\"\"><\/div>\n<div style=\"text-align: center;\"><em>A k\u00f6zponti \u00fcnneps\u00e9gek fot\u00f3it a www.digi24.ro port\u00e1l\u00e1r\u00f3l vett\u00fck.<\/em><\/div>\n<div>\nMindezt heves politikai vita el\u0151zte meg a m\u00falt h\u00e9ten, amikor Klaus Iohannis nem volt hajland\u00f3 a p\u00e1rtvezet\u0151knek hivatalos megh\u00edv\u00f3t k\u00fcldeni, kategorikusan kijelentv\u00e9n, hogy nem szeretn\u00e9 kamp\u00e1nyrendezv\u00e9nny\u00e9 z\u00fclleszteni ezt az esem\u00e9nyt.<\/div>\n<div>\u00a0<\/div>\n<div>Egy\u00e9bk\u00e9nt a diadal\u00edv k\u00f6zvetlen k\u00f6rnyezet\u00e9ben igen er\u0151s biztons\u00e1gi ellen\u0151rz\u00e9s folyt, ahov\u00e1 a gyerekkocsival, karon\u00fcl\u0151 kisgyerekekkel \u00e9rkez\u0151 csal\u00e1dokat is csak f\u00e9mdetektoros kapukon \u00e1t \u00e9s testi motoz\u00e1s ut\u00e1n engedtek be. (Forr\u00e1s: www.dcnews.ro, transindex.ro)\u00a0<\/div>\n<p>\n<strong>Sz\u00e9kelyudvarhely<\/strong><\/p>\n<p>A v\u00e1rosban l\u00e9tezik 1. Decembrie 1918. utca. A rom\u00e1n nemzeti \u00fcnnephez kapcsol\u00f3d\u00f3 megeml\u00e9kez\u00e9seket hossz\u00fa ideje ennek k\u00f6zel\u00e9ben, a Kuvar-tet\u0151n lev\u0151 eml\u00e9km\u0171n\u00e9l szervezik, g\u00f6r\u00f6gkeleti egyh\u00e1zi szertart\u00e1ssal \u00e9s a kerekerd\u0151i alakulat r\u00e9szv\u00e9tel\u00e9vel. <\/p>\n<div style=\"text-align: center;\"><img loading=\"lazy\" decoding=\"async\" src=\"http:\/\/archivum.eloszekelyfold.ro\/wp-content\/uploads\/2021\/12\/1918-december-1-utca-utcanevtablaja-szekelyudvarhelyen.jpg\" width=\"450\" height=\"300\" alt=\"\"><\/div>\n<p>\nAz idei megeml\u00e9kez\u00e9st jelenl\u00e9t\u00e9vel tisztelte meg a Sz\u00e9kely Anyav\u00e1ros polg\u00e1rmestere. G\u00e1lfi \u00c1rp\u00e1d r\u00f6vid besz\u00e9d\u00e9ben a b\u00e9k\u00e9r\u0151l, az egyet\u00e9rt\u00e9s\u0151l, a toleranci\u00e1r\u00f3l sz\u00f3lt, amelyet annak idej\u00e9n Szent Istv\u00e1n kir\u00e1lyunk hirdetett Esztergomban, illetve a jeles g\u00f6r\u00f6gkatolikus p\u00fcsp\u00f6k, Iuliu Hossu is, aki r\u00e9szt vett a nagyvonal\u00fa \u00e9s tisztess\u00e9ges, a kor h\u00e1bor\u00fas \u00e9s gy\u0171l\u00f6lett\u0151l \u00e1titatott szellemis\u00e9ge ellen\u00e9re is hum\u00e1nus Gyulafeh\u00e9rv\u00e1ri Ki\u00e1ltv\u00e1ny megfogalmaz\u00e1s\u00e1ban, amelyet maga olvasott fel az egyes\u00fclni v\u00e1gy\u00f3 rom\u00e1n t\u00f6megek el\u0151tt 98 \u00e9vvel ezel\u0151tt, s amelyet k\u00e9s\u0151bb a gyakorl\u00f3 politikusok Nagyrom\u00e1nia fenn\u00e1ll\u00e1sa idej\u00e9t\u0151l kezdve a mai napig, a honi magyar \u00e9s m\u00e1s nemzetis\u00e9gekre vonatkoz\u00f3an igencsak szelekt\u00edven kezelnek. <\/p>\n<p>E hossz\u00fa id\u0151szak sor\u00e1n &#8211; b\u00e1r jelenleg Klaus Iohannis szem\u00e9ly\u00e9ben n\u00e9met sz\u00e1rmaz\u00e1s\u00fa eln\u00f6ke van ugyan Rom\u00e1ni\u00e1nak &#8211; 700 ezerr\u0151l 30 ezer f\u0151re apadt az orsz\u00e1gban \u00e9l\u0151 n\u00e9metek l\u00e9leksz\u00e1ma, a magyarok\u00e9 pedig \u00f3vatos becsl\u00e9sek szerint is mintegy 400 ezerrel cs\u00f6kkent. <\/p>\n<p>A d\u00e9li \u00f3r\u00e1kban tartott esem\u00e9ny a besz\u00e9deket k\u00f6vet\u0151en ortodox egyh\u00e1zi szertart\u00e1ssal, koszor\u00faz\u00e1ssal folytat\u00f3dott, majd a programot a katonai egys\u00e9g jelenlev\u0151 tagjainak felvonul\u00e1sa z\u00e1rta. \u00a0<\/p>\n<p><strong>V\u00e1s\u00e1rl\u00e1si kedvezm\u00e9nyek, prom\u00f3ci\u00f3s term\u00e9kek a nagy\u00e1ruh\u00e1zakban<\/strong><\/p>\n<p>A hazai \u00e9s multinacion\u00e1lis c\u00e9gek igen \u00fcgyesen haszn\u00e1lj\u00e1k ki azt a lehet\u0151s\u00e9get, hogy lesz\u00e1m\u00edtva n\u00e9h\u00e1ny tev\u00e9kenys\u00e9gi ter\u00fcletet (p\u00e9ld\u00e1ul a bankszektort) Rom\u00e1ni\u00e1ban a lakoss\u00e1g t\u00falnyom\u00f3 t\u00f6bbs\u00e9ge n\u00e9gynapos hossz\u00fa h\u00e9tv\u00e9g\u00e9t \u00e9lvezhet. Mivel h\u00f3 v\u00e9g\u00e9n a novemberi fizet\u00e9seket m\u00e1r \u00e1tutalt\u00e1k, ez az \u00fcnnep j\u00f3 alkalom arra, hogy a majdhogynem megsz\u00e1ml\u00e1lhatatlan fekete p\u00e9ntekek sorozata ut\u00e1n, m\u00e9g a kar\u00e1csonyi v\u00e1s\u00e1rl\u00e1si l\u00e1z el\u0151tt az emberek megvehessenek bizonyos &#8211; hasznos vagy haszontalan &#8211; t\u00e1rgyakat. Csak most!? \u00daton-\u00fatf\u00e9len l\u00e1tni a csalogat\u00f3 rekl\u00e1mokat, amelyek vonzz\u00e1k a vev\u0151ket. <\/p>\n<p>A modern kor kapitalizmusa egyhang\u00falag, k\u00f6zfelki\u00e1lt\u00e1ssal akarja a potenci\u00e1lis fogyaszt\u00f3k egyes\u00fcl\u00e9s\u00e9t, s az er\u0151k \u00f6sszevon\u00e1s\u00e1val kasz\u00e1l a nemzeti szint\u0171 piros-s\u00e1rga-k\u00e9k felbuzdul\u00e1s oldalvizein.<\/p>\n<div style=\"text-align: center;\"><img loading=\"lazy\" decoding=\"async\" src=\"http:\/\/archivum.eloszekelyfold.ro\/wp-content\/uploads\/2021\/12\/promocio.jpg\" width=\"450\" height=\"242\" alt=\"\"><\/div>\n<p>\n\u00cdr\u00e1sunk folyamatosan friss\u00fcl!<\/p>\n<p><em>A c\u00edmk\u00e9p Alex Micsik\/ Agerpres felv\u00e9tele<\/em><\/p>\n<p><em>\u00c9l\u0151 Sz\u00e9kelyf\u00f6ld Munkacsoport<\/em><\/div>\n<\/div>\n<div>\u00a0<\/div>\n<\/p><\/div>\n","protected":false},"excerpt":{"rendered":"<p>\u00d6ssze\u00e1ll\u00edt\u00e1sunkban igyeksz\u00fcnk a mai nap folyam\u00e1n k\u00f6vetni azokat a k\u00f6zponti h\u00edr\u00fcgyn\u00f6ks\u00e9gi \u00e9s region\u00e1lis sajt\u00f3jelent\u00e9seket, civil v\u00e9lem\u00e9nyeket, amelyek a k\u00fcl\u00f6nb\u00f6z\u0151 helysz\u00edneken lezajlott \u00fcnneps\u00e9gekr\u0151l \u00e9s er\u0151demonstr\u00e1ci\u00f3kr\u00f3l sz\u00f3lnak. Ma m\u00e1r nem Kolozsv\u00e1r vagy Marosv\u00e1s\u00e1rhely sz\u00e1m\u00edt frontv\u00e1rosnak, hanem a Brass\u00f3hoz k\u00f6zel fekv\u0151 Sepsiszentgy\u00f6rgy, ahol az ut\u00f3bbi \u00e9vekben bizonyos k\u00f6r\u00f6kben feler\u0151s\u00f6d\u00f6tt a nemzeti \u00e9rz\u00e9si, s vannak olyan \u00e9rdekcsoportok, amelyek felvonulnak [&hellip;]<\/p>\n","protected":false},"author":1,"featured_media":28230,"comment_status":"open","ping_status":"open","sticky":false,"template":"","format":"standard","meta":{"footnotes":""},"categories":[],"tags":[],"class_list":["post-28229","post","type-post","status-publish","format-standard","has-post-thumbnail","hentry"],"_links":{"self":[{"href":"https:\/\/archivum.eloszekelyfold.ro\/index.php\/wp-json\/wp\/v2\/posts\/28229","targetHints":{"allow":["GET"]}}],"collection":[{"href":"https:\/\/archivum.eloszekelyfold.ro\/index.php\/wp-json\/wp\/v2\/posts"}],"about":[{"href":"https:\/\/archivum.eloszekelyfold.ro\/index.php\/wp-json\/wp\/v2\/types\/post"}],"author":[{"embeddable":true,"href":"https:\/\/archivum.eloszekelyfold.ro\/index.php\/wp-json\/wp\/v2\/users\/1"}],"replies":[{"embeddable":true,"href":"https:\/\/archivum.eloszekelyfold.ro\/index.php\/wp-json\/wp\/v2\/comments?post=28229"}],"version-history":[{"count":0,"href":"https:\/\/archivum.eloszekelyfold.ro\/index.php\/wp-json\/wp\/v2\/posts\/28229\/revisions"}],"wp:featuredmedia":[{"embeddable":true,"href":"https:\/\/archivum.eloszekelyfold.ro\/index.php\/wp-json\/wp\/v2\/media\/28230"}],"wp:attachment":[{"href":"https:\/\/archivum.eloszekelyfold.ro\/index.php\/wp-json\/wp\/v2\/media?parent=28229"}],"wp:term":[{"taxonomy":"category","embeddable":true,"href":"https:\/\/archivum.eloszekelyfold.ro\/index.php\/wp-json\/wp\/v2\/categories?post=28229"},{"taxonomy":"post_tag","embeddable":true,"href":"https:\/\/archivum.eloszekelyfold.ro\/index.php\/wp-json\/wp\/v2\/tags?post=28229"}],"curies":[{"name":"wp","href":"https:\/\/api.w.org\/{rel}","templated":true}]}}